{"id":353714,"date":"2024-08-23T09:07:03","date_gmt":"2024-08-23T07:07:03","guid":{"rendered":"https:\/\/www.intoscana.it\/it\/?p=353714"},"modified":"2024-08-23T09:07:03","modified_gmt":"2024-08-23T07:07:03","slug":"musica-antica-e-barocca-sulle-colline-metallifere-con-il-festival-delle-viole","status":"publish","type":"post","link":"https:\/\/www.intoscana.it\/it\/musica-antica-e-barocca-sulle-colline-metallifere-con-il-festival-delle-viole\/","title":{"rendered":"Musica antica e barocca sulle Colline Metallifere con il &#8220;Festival delle Viole&#8221;"},"content":{"rendered":"<p><strong>Da sabato 24 agosto a domenica 1\u00b0 settembre<\/strong> tanti <strong>concerti di musica barocca<\/strong> in antiche chiese <strong>sulle Colline Metallifere<\/strong> in Provincia di Grosseto, \u00e8\u00a0questo, in sintesi, il programma del <strong>Festival delle Viole di Gerfalco<\/strong> arrivato alla XIV edizione con la direzione artistica di<strong> Alessandro Pierini.<\/strong><\/p>\n<p>La rassegna \u00e8 organizzata dal <strong>Comune di Montieri<\/strong> con il sostegno del <strong>Parco Nazionale delle Colline Metallifere<\/strong> geoparco Unesco, della <strong>Regione Toscana,<\/strong> della <strong>Fondazione Kurt Redel Stiftung<\/strong> e con il supporto tecnico di<strong> Music Pool.<\/strong><\/p>\n<p>Si tratta del <strong>primo festival italiano dedicato alla viola da gamba,<\/strong> un antico e nobile strumento molto in voga tra il XV e il XVII secolo, che ogni anno riunisce a <strong>Gerfalco, piccolo paese di origine medievale<\/strong> con appena circa 120 residenti, musicisti e affermati concertisti di valore internazionale come il violista <strong>Vittorio Ghielmi<\/strong> docente al Mozarteum di Salisburgo e <strong>Paolo Biordi<\/strong> docente di viola da gamba al Conservatorio di Firenze.<\/p>\n<p><em>\u201cVogliamo rafforzare l\u2019idea di portare grandi eventi nei piccoli borghi \u2013 <\/em><strong>spiega il direttore artistico Alessandro Pierini &#8211;<\/strong><em>, per offrire un contributo alla loro rinascita. Infatti, come la viola da gamba che fu \u201cabbandonata\u201d in favore di altri strumenti sul finire del XVIII secolo, oggi tanti paesi di montagna sembrano svanire in un destino analogo. L\u2019estetica del barocco, e il suo stretto legame con gli affetti e la natura, non \u00e8 una ricostruzione storica fine a s\u00e9 stessa, ma un messaggio vivo da un tempo lontano che affonda le sue radici nella nostra cultura\u201d.<\/em><\/p>\n<p><em>\u201cIl nostro orgoglio pi\u00f9 grande \u2013 <\/em><strong>afferma il sindaco di Montieri Nicola Verruzzi &#8211;<\/strong><em> \u00e8 quello di aver contribuito a far raggiungere una consistenza ed una notoriet\u00e0 nazionale ed internazionale ad un luogo, Gerfalco, rifuggendo per\u00f2 la convenzionalit\u00e0 ma perseverando nell&#8217;idea che la cultura, in un connubio ideale con la natura ed il paesaggio, potesse rappresentare un veicolo di crescita ed evoluzione ma anche di visione. Ormai lo possiamo dire forti anche dei risultati e della crescita di questi anni, il Festival delle Viole \u00e8 un appuntamento importante nel panorama toscano e nazionale e per questa edizione abbiamo invitato il Presidente della Regione, Giani, e il Ministro della Cultura, Sangiuliano\u201d.<\/em><\/p>\n<p><em>\u201cUno degli obiettivi del Parco Nazionale delle Colline Metallifere \u2013<\/em><strong> dichiara la presidente Fabiola Favilli <\/strong><em>&#8211; \u00e8 quello di valorizzare tutto il territorio, ma sostenere anche gli aspetti peculiari e culturali di alto profilo come il Festival delle Viole. Un evento che da anni costituisce un appuntamento non solo capace di riunire ogni anno nel Comune di Montieri tra i pi\u00f9 grandi interpreti assoluti della specialit\u00e0 ed allievi da molte parti del mondo, ma nello stesso tempo capace di dare valore e visibilit\u00e0 ad un\u2019area considerata marginale e che vuole, in questo modo, mantenere e valorizzare la sua identit\u00e0 e unicit\u00e0\u201d.<\/em><\/p>\n<div class=\"titleimg\">\n<figure id=\"post-353699 media-353699\" class=\"align-none\"><img decoding=\"async\" src=\"https:\/\/www.intoscana.it\/wp-content\/uploads\/concerto-2023-a-gerfalco-chiesa-di-San-Biagio.jpg\" alt=\"\" \/><\/figure>\n<div class=\"titleimg\"><em>Concerto 2023 a Gerfalco chiesa di San Biagio<\/em><\/div>\n<\/div>\n<h3>Il programma dei concerti<\/h3>\n<p>Il programma del festival prende il via <strong>sabato 24 agosto<\/strong> nella <strong>chiesa di San Biagio a Gerfalco<\/strong> alle ore 19 con il concerto \u201c<strong><em>Fantasia. L\u2019arte del contrappunto in Inghilterra tra i regni di Giacomo I e Carlo I<\/em><\/strong>\u201d con Roberto Gini: viola da gamba soprano, tenore, bassa; Patxi Montero: viola da gamba, soprano, tenore, bassa e Marco Angilella viola da gamba bassa. Saranno eseguiti brani di autori come: Christopher Simpson (1602\/6 \u2013 1669), William White (1571 \u2013 ca. 1634): Thomas Lupo (1571 \u2013 1627): John Coperario (ca. 1570 \u2013 1626): Orlando Gibbons (1583 1625): Tobias Hume (ca. 1579 \u2013 1645).<\/p>\n<p>Si prosegue <strong>domenica 25 agosto<\/strong> nella<strong> Pieve di San Michele e Paolo a Montieri,<\/strong> sempre alle 19, con il concerto <strong><em>\u201cLe Viole de Caract\u00e8re. Le Kannel d\u2019Amour\u201d.<\/em> <\/strong>Saranno eseguite musiche di M. Marais, J.S. Bach, T. Hume, H. Kapsberger con i solisti Andr\u00e9 Lislevand: viola da gamba e Anna-Liisa Eller che suona il kannel, strumento estone a pizzico molto simile al salterio, assolutamente popolare. Le capacit\u00e0 sonore di questi due strumenti si mostrano essere infinite, essendo complementari seppur diversi: insieme presentano un viaggio tra il repertorio rinascimentale e barocco, deviando tra accenni e riferimenti popolari di svariate origini.<\/p>\n<p><strong>Sabato 31 agosto<\/strong> si torna a <strong>Gerfalco nella Chiesa di San Biagio<\/strong> alle 19 con il concerto degli allievi del corso di viola da gamba a cura del maestro <strong>Paolo Biordi.<\/strong><\/p>\n<p><strong>Domenica 1 settembre<\/strong> concerto di chiusura dal titolo <strong><em>\u201cSoir\u00e9e Forqueray Antoine\u201d<\/em> <\/strong>sempre nella Chiesa di San Biagio con Vittorio Ghielmi viola da gamba, Florian Birsak clavicembalo, R\u00e9ka Nagy viola da gamba e Maylis Moreau viola da gamba; un evento organizzato in collaborazione con Accademia Chigiana di Siena.<\/p>\n<h3>I seminari<\/h3>\n<p>Tra gli altri eventi in programma <strong>marted\u00ec 27 agosto<\/strong> ore 19 appuntamento al<strong> Centro Visite di Gerfalco della Riserva Naturale delle Cornate e Fosini<\/strong> con il seminario <strong><em>\u201cIl Lirone\u201d<\/em> <\/strong>a cura del maestro Paolo Biordi e con la partecipazione del soprano Simonida Miletic.<\/p>\n<p><strong>Venerd\u00ec 30 agosto<\/strong> alle ore 18 nella <strong>Chiesa di San Giacomo a Montieri<\/strong> previsto il seminario <strong><em>\u201cLa Nostra Terra e i Pianeti Extrasolari\u201d<\/em> <\/strong>a cura della Prof.Dr. Paola Caselli direttrice del Centro studi astrochimica Istituto Max Planck, Germania.<\/p>\n<p>Durante la durata del festival sono attivi i <strong>corsi di viola da gamba, docente Paolo Biordi, <\/strong>per iscriversi: festivaldelleviole@gmail.com.<\/p>\n<p><strong>Tutti gli eventi sono ad ingresso libero fino ad esaurimento dei posti.<\/strong><\/p>\n<figure id=\"post-353702 media-353702\" class=\"align-none\"><img decoding=\"async\" src=\"https:\/\/www.intoscana.it\/wp-content\/uploads\/Vittorio-Ghielmi-photo-Z.Hanakova.jpg\" alt=\"\" \/><\/figure>\n<div class=\"titleimg\"><em>Vittorio Ghielmi, foto di Z. Hanakova<\/em><\/div>\n","protected":false},"excerpt":{"rendered":"<p>Prende il via sabato 24 agosto il primo festival italiano dedicato alla viola da gamba. Fino al 1 settembre a Gerfalco e Montieri concerti ed eventi dedicati a questo antico strumento con musicisti di fama internazionale, tutti a ingresso libero<\/p>\n","protected":false},"author":525,"featured_media":353697,"comment_status":"open","ping_status":"open","sticky":false,"template":"","format":"standard","meta":{"_acf_changed":false,"footnotes":""},"categories":[14],"tags":[216,228,277,151],"class_list":["post-353714","post","type-post","status-publish","format-standard","has-post-thumbnail","hentry","category-musica","tag-concerti","tag-festival","tag-musica-classica","tag-regione-toscana"],"acf":[],"yoast_head":"<!-- This site is optimized with the Yoast SEO Premium plugin v24.2 (Yoast SEO v25.6) - https:\/\/yoast.com\/wordpress\/plugins\/seo\/ -->\n<title>Musica antica e barocca sulle Colline Metallifere con il &quot;Festival delle Viole&quot; - intoscana<\/title>\n<meta name=\"robots\" content=\"index, follow, max-snippet:-1, max-image-preview:large, max-video-preview:-1\" \/>\n<link rel=\"canonical\" href=\"https:\/\/www.intoscana.it\/it\/musica-antica-e-barocca-sulle-colline-metallifere-con-il-festival-delle-viole\/\" \/>\n<meta property=\"og:locale\" content=\"it_IT\" \/>\n<meta property=\"og:type\" content=\"article\" \/>\n<meta property=\"og:title\" content=\"Musica antica e barocca sulle Colline Metallifere con il &quot;Festival delle Viole&quot;\" \/>\n<meta property=\"og:description\" content=\"Prende il via sabato 24 agosto il primo festival italiano dedicato alla viola da gamba. Fino al 1 settembre a Gerfalco e Montieri concerti ed eventi dedicati a questo antico strumento con musicisti di fama internazionale, tutti a ingresso libero\" \/>\n<meta property=\"og:url\" content=\"https:\/\/www.intoscana.it\/it\/musica-antica-e-barocca-sulle-colline-metallifere-con-il-festival-delle-viole\/\" \/>\n<meta property=\"og:site_name\" content=\"intoscana\" \/>\n<meta property=\"article:publisher\" content=\"https:\/\/www.facebook.com\/intoscana.it\" \/>\n<meta property=\"article:published_time\" content=\"2024-08-23T07:07:03+00:00\" \/>\n<meta property=\"og:image\" content=\"https:\/\/www.intoscana.it\/wp-content\/uploads\/Alessandro-Pierini-alla-Viola-1.jpeg\" \/>\n\t<meta property=\"og:image:width\" content=\"1920\" \/>\n\t<meta property=\"og:image:height\" content=\"1080\" \/>\n\t<meta property=\"og:image:type\" content=\"image\/jpeg\" \/>\n<meta name=\"author\" content=\"Redazione\" \/>\n<meta name=\"twitter:card\" content=\"summary_large_image\" \/>\n<meta name=\"twitter:creator\" content=\"@intoscana\" \/>\n<meta name=\"twitter:site\" content=\"@intoscana\" \/>\n<meta name=\"twitter:label1\" content=\"Written by\" \/>\n\t<meta name=\"twitter:data1\" content=\"Redazione\" \/>\n\t<meta name=\"twitter:label2\" content=\"Est. reading time\" \/>\n\t<meta name=\"twitter:data2\" content=\"6 minuti\" \/>\n<script type=\"application\/ld+json\" class=\"yoast-schema-graph\">{\"@context\":\"https:\/\/schema.org\",\"@graph\":[{\"@type\":\"WebPage\",\"@id\":\"https:\/\/www.intoscana.it\/it\/musica-antica-e-barocca-sulle-colline-metallifere-con-il-festival-delle-viole\/\",\"url\":\"https:\/\/www.intoscana.it\/it\/musica-antica-e-barocca-sulle-colline-metallifere-con-il-festival-delle-viole\/\",\"name\":\"Musica antica e barocca sulle Colline Metallifere con il \\\"Festival delle Viole\\\" - intoscana\",\"isPartOf\":{\"@id\":\"https:\/\/www.intoscana.it\/it\/#website\"},\"primaryImageOfPage\":{\"@id\":\"https:\/\/www.intoscana.it\/it\/musica-antica-e-barocca-sulle-colline-metallifere-con-il-festival-delle-viole\/#primaryimage\"},\"image\":{\"@id\":\"https:\/\/www.intoscana.it\/it\/musica-antica-e-barocca-sulle-colline-metallifere-con-il-festival-delle-viole\/#primaryimage\"},\"thumbnailUrl\":\"https:\/\/www.intoscana.it\/wp-content\/uploads\/Alessandro-Pierini-alla-Viola-1.jpeg\",\"datePublished\":\"2024-08-23T07:07:03+00:00\",\"author\":{\"@id\":\"https:\/\/www.intoscana.it\/it\/#\/schema\/person\/9223810753230f20bd670fdd322661f8\"},\"breadcrumb\":{\"@id\":\"https:\/\/www.intoscana.it\/it\/musica-antica-e-barocca-sulle-colline-metallifere-con-il-festival-delle-viole\/#breadcrumb\"},\"inLanguage\":\"it-IT\",\"potentialAction\":[{\"@type\":\"ReadAction\",\"target\":[\"https:\/\/www.intoscana.it\/it\/musica-antica-e-barocca-sulle-colline-metallifere-con-il-festival-delle-viole\/\"]}]},{\"@type\":\"ImageObject\",\"inLanguage\":\"it-IT\",\"@id\":\"https:\/\/www.intoscana.it\/it\/musica-antica-e-barocca-sulle-colline-metallifere-con-il-festival-delle-viole\/#primaryimage\",\"url\":\"https:\/\/www.intoscana.it\/wp-content\/uploads\/Alessandro-Pierini-alla-Viola-1.jpeg\",\"contentUrl\":\"https:\/\/www.intoscana.it\/wp-content\/uploads\/Alessandro-Pierini-alla-Viola-1.jpeg\",\"width\":1920,\"height\":1080},{\"@type\":\"BreadcrumbList\",\"@id\":\"https:\/\/www.intoscana.it\/it\/musica-antica-e-barocca-sulle-colline-metallifere-con-il-festival-delle-viole\/#breadcrumb\",\"itemListElement\":[{\"@type\":\"ListItem\",\"position\":1,\"name\":\"Home\",\"item\":\"https:\/\/www.intoscana.it\/it\/\"},{\"@type\":\"ListItem\",\"position\":2,\"name\":\"Musica antica e barocca sulle Colline Metallifere con il &#8220;Festival delle Viole&#8221;\"}]},{\"@type\":\"WebSite\",\"@id\":\"https:\/\/www.intoscana.it\/it\/#website\",\"url\":\"https:\/\/www.intoscana.it\/it\/\",\"name\":\"intoscana\",\"description\":\"\",\"potentialAction\":[{\"@type\":\"SearchAction\",\"target\":{\"@type\":\"EntryPoint\",\"urlTemplate\":\"https:\/\/www.intoscana.it\/it\/?s={search_term_string}\"},\"query-input\":{\"@type\":\"PropertyValueSpecification\",\"valueRequired\":true,\"valueName\":\"search_term_string\"}}],\"inLanguage\":\"it-IT\"},{\"@type\":\"Person\",\"@id\":\"https:\/\/www.intoscana.it\/it\/#\/schema\/person\/9223810753230f20bd670fdd322661f8\",\"name\":\"Redazione\",\"url\":\"https:\/\/www.intoscana.it\/it\/author\/redazione\/\"}]}<\/script>\n<!-- \/ Yoast SEO Premium plugin. -->","yoast_head_json":{"title":"Musica antica e barocca sulle Colline Metallifere con il \"Festival delle Viole\" - intoscana","robots":{"index":"index","follow":"follow","max-snippet":"max-snippet:-1","max-image-preview":"max-image-preview:large","max-video-preview":"max-video-preview:-1"},"canonical":"https:\/\/www.intoscana.it\/it\/musica-antica-e-barocca-sulle-colline-metallifere-con-il-festival-delle-viole\/","og_locale":"it_IT","og_type":"article","og_title":"Musica antica e barocca sulle Colline Metallifere con il \"Festival delle Viole\"","og_description":"Prende il via sabato 24 agosto il primo festival italiano dedicato alla viola da gamba. Fino al 1 settembre a Gerfalco e Montieri concerti ed eventi dedicati a questo antico strumento con musicisti di fama internazionale, tutti a ingresso libero","og_url":"https:\/\/www.intoscana.it\/it\/musica-antica-e-barocca-sulle-colline-metallifere-con-il-festival-delle-viole\/","og_site_name":"intoscana","article_publisher":"https:\/\/www.facebook.com\/intoscana.it","article_published_time":"2024-08-23T07:07:03+00:00","og_image":[{"width":1920,"height":1080,"url":"https:\/\/www.intoscana.it\/wp-content\/uploads\/Alessandro-Pierini-alla-Viola-1.jpeg","type":"image\/jpeg"}],"author":"Redazione","twitter_card":"summary_large_image","twitter_creator":"@intoscana","twitter_site":"@intoscana","twitter_misc":{"Written by":"Redazione","Est. reading time":"6 minuti"},"schema":{"@context":"https:\/\/schema.org","@graph":[{"@type":"WebPage","@id":"https:\/\/www.intoscana.it\/it\/musica-antica-e-barocca-sulle-colline-metallifere-con-il-festival-delle-viole\/","url":"https:\/\/www.intoscana.it\/it\/musica-antica-e-barocca-sulle-colline-metallifere-con-il-festival-delle-viole\/","name":"Musica antica e barocca sulle Colline Metallifere con il \"Festival delle Viole\" - intoscana","isPartOf":{"@id":"https:\/\/www.intoscana.it\/it\/#website"},"primaryImageOfPage":{"@id":"https:\/\/www.intoscana.it\/it\/musica-antica-e-barocca-sulle-colline-metallifere-con-il-festival-delle-viole\/#primaryimage"},"image":{"@id":"https:\/\/www.intoscana.it\/it\/musica-antica-e-barocca-sulle-colline-metallifere-con-il-festival-delle-viole\/#primaryimage"},"thumbnailUrl":"https:\/\/www.intoscana.it\/wp-content\/uploads\/Alessandro-Pierini-alla-Viola-1.jpeg","datePublished":"2024-08-23T07:07:03+00:00","author":{"@id":"https:\/\/www.intoscana.it\/it\/#\/schema\/person\/9223810753230f20bd670fdd322661f8"},"breadcrumb":{"@id":"https:\/\/www.intoscana.it\/it\/musica-antica-e-barocca-sulle-colline-metallifere-con-il-festival-delle-viole\/#breadcrumb"},"inLanguage":"it-IT","potentialAction":[{"@type":"ReadAction","target":["https:\/\/www.intoscana.it\/it\/musica-antica-e-barocca-sulle-colline-metallifere-con-il-festival-delle-viole\/"]}]},{"@type":"ImageObject","inLanguage":"it-IT","@id":"https:\/\/www.intoscana.it\/it\/musica-antica-e-barocca-sulle-colline-metallifere-con-il-festival-delle-viole\/#primaryimage","url":"https:\/\/www.intoscana.it\/wp-content\/uploads\/Alessandro-Pierini-alla-Viola-1.jpeg","contentUrl":"https:\/\/www.intoscana.it\/wp-content\/uploads\/Alessandro-Pierini-alla-Viola-1.jpeg","width":1920,"height":1080},{"@type":"BreadcrumbList","@id":"https:\/\/www.intoscana.it\/it\/musica-antica-e-barocca-sulle-colline-metallifere-con-il-festival-delle-viole\/#breadcrumb","itemListElement":[{"@type":"ListItem","position":1,"name":"Home","item":"https:\/\/www.intoscana.it\/it\/"},{"@type":"ListItem","position":2,"name":"Musica antica e barocca sulle Colline Metallifere con il &#8220;Festival delle Viole&#8221;"}]},{"@type":"WebSite","@id":"https:\/\/www.intoscana.it\/it\/#website","url":"https:\/\/www.intoscana.it\/it\/","name":"intoscana","description":"","potentialAction":[{"@type":"SearchAction","target":{"@type":"EntryPoint","urlTemplate":"https:\/\/www.intoscana.it\/it\/?s={search_term_string}"},"query-input":{"@type":"PropertyValueSpecification","valueRequired":true,"valueName":"search_term_string"}}],"inLanguage":"it-IT"},{"@type":"Person","@id":"https:\/\/www.intoscana.it\/it\/#\/schema\/person\/9223810753230f20bd670fdd322661f8","name":"Redazione","url":"https:\/\/www.intoscana.it\/it\/author\/redazione\/"}]}},"_links":{"self":[{"href":"https:\/\/www.intoscana.it\/it\/wp-json\/wp\/v2\/posts\/353714","targetHints":{"allow":["GET"]}}],"collection":[{"href":"https:\/\/www.intoscana.it\/it\/wp-json\/wp\/v2\/posts"}],"about":[{"href":"https:\/\/www.intoscana.it\/it\/wp-json\/wp\/v2\/types\/post"}],"author":[{"embeddable":true,"href":"https:\/\/www.intoscana.it\/it\/wp-json\/wp\/v2\/users\/525"}],"replies":[{"embeddable":true,"href":"https:\/\/www.intoscana.it\/it\/wp-json\/wp\/v2\/comments?post=353714"}],"version-history":[{"count":8,"href":"https:\/\/www.intoscana.it\/it\/wp-json\/wp\/v2\/posts\/353714\/revisions"}],"predecessor-version":[{"id":353722,"href":"https:\/\/www.intoscana.it\/it\/wp-json\/wp\/v2\/posts\/353714\/revisions\/353722"}],"wp:featuredmedia":[{"embeddable":true,"href":"https:\/\/www.intoscana.it\/it\/wp-json\/wp\/v2\/media\/353697"}],"wp:attachment":[{"href":"https:\/\/www.intoscana.it\/it\/wp-json\/wp\/v2\/media?parent=353714"}],"wp:term":[{"taxonomy":"category","embeddable":true,"href":"https:\/\/www.intoscana.it\/it\/wp-json\/wp\/v2\/categories?post=353714"},{"taxonomy":"post_tag","embeddable":true,"href":"https:\/\/www.intoscana.it\/it\/wp-json\/wp\/v2\/tags?post=353714"}],"curies":[{"name":"wp","href":"https:\/\/api.w.org\/{rel}","templated":true}]}}