{"id":353858,"date":"2024-08-24T09:28:25","date_gmt":"2024-08-24T07:28:25","guid":{"rendered":"https:\/\/www.intoscana.it\/it\/?p=353858"},"modified":"2024-08-24T09:32:41","modified_gmt":"2024-08-24T07:32:41","slug":"il-31-agosto-e-il-1-settembre-vicopisano-per-due-giorni-torna-nel-medioevo","status":"publish","type":"post","link":"https:\/\/www.intoscana.it\/it\/il-31-agosto-e-il-1-settembre-vicopisano-per-due-giorni-torna-nel-medioevo\/","title":{"rendered":"Il 31 agosto e il 1\u00b0 settembre Vicopisano per due giorni torna nel Medioevo"},"content":{"rendered":"<p><strong>Sabato 31 agosto e domenica 1\u00b0 settembre Vicopisano,<\/strong> borgo <a href=\"https:\/\/www.intoscana.it\/it\/vicopisano-borgo-bandiera-arancione\/\" target=\"_blank\" rel=\"noopener\"><strong>Bandiera Arancione del Touring Club Italiano<\/strong><\/a>, torna nell\u2019Et\u00e0 di Mezzo grazie alla XXVII edizione della <strong>Festa Medievale<\/strong>.<\/p>\n<p><strong>Madonne e messeri, arcieri, cavalieri, nobili e dame<\/strong>\u00a0aspettano tutti i visitatori per ammirare le bellezze di quando<strong> il borgo toscano era il Gioiello de\u2019 Pisani<\/strong> nel Medioevo e riluceva come e pi\u00f9 di oggi.<\/p>\n<p><strong>Spettacoli itineranti,<\/strong> per tutte le et\u00e0, affolleranno le strade di <a href=\"https:\/\/www.intoscana.it\/it\/comunita-e-memoria-storia-vicopisano\/\" target=\"_blank\" rel=\"noopener\"><strong>Vicopisano<\/strong><\/a>, con la direzione artistica di<strong> Antitesi Teatro Circo e di Martina Favilla.<\/strong><\/p>\n<p>Al calar della sera, poi, <strong>si accenderanno le fiaccole e le candele<\/strong> e in tutto il borgo e nei chiassi la magia aumenta.<\/p>\n<p>Si potranno incontrare <strong>maghi, cartomanti, acrobati, sbandieratori, giochi di bandiere, cortei storici, accampamenti, duelli, falconieri, cavalieri, funamboli, artisti abili con il fuoco, giocolieri<\/strong> e tanti altri numerosi personaggi.\u00a0<div class=\"focuson\"><a href=\"https:\/\/www.intoscana.it\/it\/feste-medievali-rievocazioni-storiche-settembre-toscana\/\"><img decoding=\"async\" class=\"lazy\" src=\"https:\/\/www.intoscana.it\/wp-content\/uploads\/andrea-picchioni_5.jpg\" style=\"\">\n                <div class=\"cat\">Settembre Medievale in Toscana<\/div>\n                <h4>Tutte le feste e le rievocazioni storiche<\/h4><\/a>\n              <\/div><\/p>\n<p>La sontuosa <strong>cena medievale, allestita in Piazza del Pretorio, \u00e8 sold out<\/strong> da tempo, ma i visitatori potranno gustare, a ogni angolo, <strong>nelle taverne squisite pietanze dell\u2019epoca e vino rubro,<\/strong> girare per il mercato medievale, giochi medievali e tanto altro ancora\u2026 non dimenticando, prima di tutto, di f<strong>are il cambio moneta dai gabellieri e dalle gabelliere<\/strong>, prendendo il grosso pisano, perch\u00e9<strong> sar\u00e0 Medioevo in ogni dettaglio.<\/strong><\/p>\n<p>L&#8217;accoglienza avr\u00e0 un garbo e un incanto tutti medievali, con <strong>romanticismo della luce soffusa, di fiamme e fiammelle,<\/strong> di un\u2019atmosfera intrisa di profumi e meraviglie che faranno sentire davvero<strong> in un\u2019altra epoca.<\/strong><\/p>\n<figure id=\"post-353789 media-353789\" class=\"align-none\"><img decoding=\"async\" src=\"https:\/\/www.intoscana.it\/wp-content\/uploads\/Festa-Med-7.jpg\" alt=\"\" \/><\/figure>\n<div class=\"titleimg\">Festa Medievale di Vicopisano<\/div>\n<p><em>&#8220;Quest&#8217;anno \u00a0&#8211; <\/em><strong>dice il presidente dell&#8217;associazione Festa Medievale<\/strong><em> &#8211; ci saranno ancora pi\u00f9 spettacoli e attrazioni, sia per gli adulti che per i pi\u00f9 piccoli. Cerchiamo, infatti, di arricchire ogni nuova edizione della manifestazione per i cittadini e per i visitatori e i turisti che, ormai, arrivano anche dall&#8217;Australia, dalla Nuova Zelanda, dagli Stati Uniti e da altri Paesi, europei e non. Il biglietto d&#8217;ingresso \u00e8 rimasto lo stesso, 6 euro, e include tutti gli eventi all&#8217;interno della Festa, mentre i bambini fino a 11 anni non pagano. Gran parte del ricavato della Festa, come ogni anno, sar\u00e0 devoluto in opere di solidariet\u00e0, per iniziative di promozione turistica e alla nostra scuola, torner\u00e0 insomma alla comunit\u00e0. Ci tengo a sottolineare la bellezza del pomeriggio della domenica, come detto dedicato in particolare a bambini e ragazzi, non mancate, ci saranno speciali sorprese e potrete cimentarvi in fantastiche sfide, bellissimi giochi a tema e avventure.&#8221;<\/em><\/p>\n<p><strong>Per avere informazioni<\/strong> \u00e8 possibile seguire le pagine Facebook e Instagram della Festa, i siti <a href=\"http:\/\/www.festamedievalevicopisano.it\" target=\"_blank\" rel=\"noopener\"><strong>www.festamedievalevicopisano.it<\/strong><\/a>, <a href=\"http:\/\/www.vicopisanoturismo.it\" target=\"_blank\" rel=\"noopener\"><strong>www.vicopisanoturismo.it<\/strong><\/a> e <a href=\"http:\/\/www.comune.vicopisano.pi.it\" target=\"_blank\" rel=\"noopener\"><strong>www.comune.vicopisano.pi.it<\/strong><\/a> e telefonare ai numeri<strong> 348\/5110315 e 050\/796581.<\/strong><\/p>\n<figure id=\"post-353791 media-353791\" class=\"align-none\"><img decoding=\"async\" src=\"https:\/\/www.intoscana.it\/wp-content\/uploads\/Festa-Med-9.jpg\" alt=\"\" \/><\/figure>\n<div class=\"titleimg\">Festa Medievale di Vicopisano<\/div>\n","protected":false},"excerpt":{"rendered":"<p>Madonne e messeri, arcieri, cavalieri, nobili e dame aspettano tutti i visitatori per ammirare le bellezze di quando il borgo toscano era il &#8220;gioiello de\u2019 Pisani&#8221; nel Medioevo e riluceva come e pi\u00f9 di oggi<\/p>\n","protected":false},"author":525,"featured_media":353788,"comment_status":"open","ping_status":"open","sticky":false,"template":"","format":"standard","meta":{"_acf_changed":false,"footnotes":""},"categories":[493],"tags":[228,6495,4721],"class_list":["post-353858","post","type-post","status-publish","format-standard","has-post-thumbnail","hentry","category-cultura","tag-festival","tag-folklore","tag-vicopisano"],"acf":[],"yoast_head":"<!-- This site is optimized with the Yoast SEO Premium plugin v24.2 (Yoast SEO v25.6) - https:\/\/yoast.com\/wordpress\/plugins\/seo\/ -->\n<title>Il 31 agosto e il 1\u00b0 settembre Vicopisano per due giorni torna nel Medioevo - intoscana<\/title>\n<meta name=\"description\" content=\"Madonne e messeri, arcieri, cavalieri, nobili e dame\u00a0aspettano tutti i visitatori per ammirare le bellezze del borgo toscano\" \/>\n<meta name=\"robots\" content=\"index, follow, max-snippet:-1, max-image-preview:large, max-video-preview:-1\" \/>\n<link rel=\"canonical\" href=\"https:\/\/www.intoscana.it\/it\/il-31-agosto-e-il-1-settembre-vicopisano-per-due-giorni-torna-nel-medioevo\/\" \/>\n<meta property=\"og:locale\" content=\"it_IT\" \/>\n<meta property=\"og:type\" content=\"article\" \/>\n<meta property=\"og:title\" content=\"Il 31 agosto e il 1\u00b0 settembre Vicopisano per due giorni torna nel Medioevo\" \/>\n<meta property=\"og:description\" content=\"Madonne e messeri, arcieri, cavalieri, nobili e dame\u00a0aspettano tutti i visitatori per ammirare le bellezze del borgo toscano\" \/>\n<meta property=\"og:url\" content=\"https:\/\/www.intoscana.it\/it\/il-31-agosto-e-il-1-settembre-vicopisano-per-due-giorni-torna-nel-medioevo\/\" \/>\n<meta property=\"og:site_name\" content=\"intoscana\" \/>\n<meta property=\"article:publisher\" content=\"https:\/\/www.facebook.com\/intoscana.it\" \/>\n<meta property=\"article:published_time\" content=\"2024-08-24T07:28:25+00:00\" \/>\n<meta property=\"article:modified_time\" content=\"2024-08-24T07:32:41+00:00\" \/>\n<meta property=\"og:image\" content=\"https:\/\/www.intoscana.it\/wp-content\/uploads\/Festa-Med-6.jpg\" \/>\n\t<meta property=\"og:image:width\" content=\"1500\" \/>\n\t<meta property=\"og:image:height\" content=\"881\" \/>\n\t<meta property=\"og:image:type\" content=\"image\/jpeg\" \/>\n<meta name=\"author\" content=\"Redazione\" \/>\n<meta name=\"twitter:card\" content=\"summary_large_image\" \/>\n<meta name=\"twitter:creator\" content=\"@intoscana\" \/>\n<meta name=\"twitter:site\" content=\"@intoscana\" \/>\n<meta name=\"twitter:label1\" content=\"Written by\" \/>\n\t<meta name=\"twitter:data1\" content=\"Redazione\" \/>\n\t<meta name=\"twitter:label2\" content=\"Est. reading time\" \/>\n\t<meta name=\"twitter:data2\" content=\"3 minuti\" \/>\n<script type=\"application\/ld+json\" class=\"yoast-schema-graph\">{\"@context\":\"https:\/\/schema.org\",\"@graph\":[{\"@type\":\"WebPage\",\"@id\":\"https:\/\/www.intoscana.it\/it\/il-31-agosto-e-il-1-settembre-vicopisano-per-due-giorni-torna-nel-medioevo\/\",\"url\":\"https:\/\/www.intoscana.it\/it\/il-31-agosto-e-il-1-settembre-vicopisano-per-due-giorni-torna-nel-medioevo\/\",\"name\":\"Il 31 agosto e il 1\u00b0 settembre Vicopisano per due giorni torna nel Medioevo - intoscana\",\"isPartOf\":{\"@id\":\"https:\/\/www.intoscana.it\/it\/#website\"},\"primaryImageOfPage\":{\"@id\":\"https:\/\/www.intoscana.it\/it\/il-31-agosto-e-il-1-settembre-vicopisano-per-due-giorni-torna-nel-medioevo\/#primaryimage\"},\"image\":{\"@id\":\"https:\/\/www.intoscana.it\/it\/il-31-agosto-e-il-1-settembre-vicopisano-per-due-giorni-torna-nel-medioevo\/#primaryimage\"},\"thumbnailUrl\":\"https:\/\/www.intoscana.it\/wp-content\/uploads\/Festa-Med-6.jpg\",\"datePublished\":\"2024-08-24T07:28:25+00:00\",\"dateModified\":\"2024-08-24T07:32:41+00:00\",\"author\":{\"@id\":\"https:\/\/www.intoscana.it\/it\/#\/schema\/person\/9223810753230f20bd670fdd322661f8\"},\"description\":\"Madonne e messeri, arcieri, cavalieri, nobili e dame\u00a0aspettano tutti i visitatori per ammirare le bellezze del borgo toscano\",\"breadcrumb\":{\"@id\":\"https:\/\/www.intoscana.it\/it\/il-31-agosto-e-il-1-settembre-vicopisano-per-due-giorni-torna-nel-medioevo\/#breadcrumb\"},\"inLanguage\":\"it-IT\",\"potentialAction\":[{\"@type\":\"ReadAction\",\"target\":[\"https:\/\/www.intoscana.it\/it\/il-31-agosto-e-il-1-settembre-vicopisano-per-due-giorni-torna-nel-medioevo\/\"]}]},{\"@type\":\"ImageObject\",\"inLanguage\":\"it-IT\",\"@id\":\"https:\/\/www.intoscana.it\/it\/il-31-agosto-e-il-1-settembre-vicopisano-per-due-giorni-torna-nel-medioevo\/#primaryimage\",\"url\":\"https:\/\/www.intoscana.it\/wp-content\/uploads\/Festa-Med-6.jpg\",\"contentUrl\":\"https:\/\/www.intoscana.it\/wp-content\/uploads\/Festa-Med-6.jpg\",\"width\":1500,\"height\":881,\"caption\":\"Festa Medievale di Vicopisano\"},{\"@type\":\"BreadcrumbList\",\"@id\":\"https:\/\/www.intoscana.it\/it\/il-31-agosto-e-il-1-settembre-vicopisano-per-due-giorni-torna-nel-medioevo\/#breadcrumb\",\"itemListElement\":[{\"@type\":\"ListItem\",\"position\":1,\"name\":\"Home\",\"item\":\"https:\/\/www.intoscana.it\/it\/\"},{\"@type\":\"ListItem\",\"position\":2,\"name\":\"Il 31 agosto e il 1\u00b0 settembre Vicopisano per due giorni torna nel Medioevo\"}]},{\"@type\":\"WebSite\",\"@id\":\"https:\/\/www.intoscana.it\/it\/#website\",\"url\":\"https:\/\/www.intoscana.it\/it\/\",\"name\":\"intoscana\",\"description\":\"\",\"potentialAction\":[{\"@type\":\"SearchAction\",\"target\":{\"@type\":\"EntryPoint\",\"urlTemplate\":\"https:\/\/www.intoscana.it\/it\/?s={search_term_string}\"},\"query-input\":{\"@type\":\"PropertyValueSpecification\",\"valueRequired\":true,\"valueName\":\"search_term_string\"}}],\"inLanguage\":\"it-IT\"},{\"@type\":\"Person\",\"@id\":\"https:\/\/www.intoscana.it\/it\/#\/schema\/person\/9223810753230f20bd670fdd322661f8\",\"name\":\"Redazione\",\"url\":\"https:\/\/www.intoscana.it\/it\/author\/redazione\/\"}]}<\/script>\n<!-- \/ Yoast SEO Premium plugin. -->","yoast_head_json":{"title":"Il 31 agosto e il 1\u00b0 settembre Vicopisano per due giorni torna nel Medioevo - intoscana","description":"Madonne e messeri, arcieri, cavalieri, nobili e dame\u00a0aspettano tutti i visitatori per ammirare le bellezze del borgo toscano","robots":{"index":"index","follow":"follow","max-snippet":"max-snippet:-1","max-image-preview":"max-image-preview:large","max-video-preview":"max-video-preview:-1"},"canonical":"https:\/\/www.intoscana.it\/it\/il-31-agosto-e-il-1-settembre-vicopisano-per-due-giorni-torna-nel-medioevo\/","og_locale":"it_IT","og_type":"article","og_title":"Il 31 agosto e il 1\u00b0 settembre Vicopisano per due giorni torna nel Medioevo","og_description":"Madonne e messeri, arcieri, cavalieri, nobili e dame\u00a0aspettano tutti i visitatori per ammirare le bellezze del borgo toscano","og_url":"https:\/\/www.intoscana.it\/it\/il-31-agosto-e-il-1-settembre-vicopisano-per-due-giorni-torna-nel-medioevo\/","og_site_name":"intoscana","article_publisher":"https:\/\/www.facebook.com\/intoscana.it","article_published_time":"2024-08-24T07:28:25+00:00","article_modified_time":"2024-08-24T07:32:41+00:00","og_image":[{"width":1500,"height":881,"url":"https:\/\/www.intoscana.it\/wp-content\/uploads\/Festa-Med-6.jpg","type":"image\/jpeg"}],"author":"Redazione","twitter_card":"summary_large_image","twitter_creator":"@intoscana","twitter_site":"@intoscana","twitter_misc":{"Written by":"Redazione","Est. reading time":"3 minuti"},"schema":{"@context":"https:\/\/schema.org","@graph":[{"@type":"WebPage","@id":"https:\/\/www.intoscana.it\/it\/il-31-agosto-e-il-1-settembre-vicopisano-per-due-giorni-torna-nel-medioevo\/","url":"https:\/\/www.intoscana.it\/it\/il-31-agosto-e-il-1-settembre-vicopisano-per-due-giorni-torna-nel-medioevo\/","name":"Il 31 agosto e il 1\u00b0 settembre Vicopisano per due giorni torna nel Medioevo - intoscana","isPartOf":{"@id":"https:\/\/www.intoscana.it\/it\/#website"},"primaryImageOfPage":{"@id":"https:\/\/www.intoscana.it\/it\/il-31-agosto-e-il-1-settembre-vicopisano-per-due-giorni-torna-nel-medioevo\/#primaryimage"},"image":{"@id":"https:\/\/www.intoscana.it\/it\/il-31-agosto-e-il-1-settembre-vicopisano-per-due-giorni-torna-nel-medioevo\/#primaryimage"},"thumbnailUrl":"https:\/\/www.intoscana.it\/wp-content\/uploads\/Festa-Med-6.jpg","datePublished":"2024-08-24T07:28:25+00:00","dateModified":"2024-08-24T07:32:41+00:00","author":{"@id":"https:\/\/www.intoscana.it\/it\/#\/schema\/person\/9223810753230f20bd670fdd322661f8"},"description":"Madonne e messeri, arcieri, cavalieri, nobili e dame\u00a0aspettano tutti i visitatori per ammirare le bellezze del borgo toscano","breadcrumb":{"@id":"https:\/\/www.intoscana.it\/it\/il-31-agosto-e-il-1-settembre-vicopisano-per-due-giorni-torna-nel-medioevo\/#breadcrumb"},"inLanguage":"it-IT","potentialAction":[{"@type":"ReadAction","target":["https:\/\/www.intoscana.it\/it\/il-31-agosto-e-il-1-settembre-vicopisano-per-due-giorni-torna-nel-medioevo\/"]}]},{"@type":"ImageObject","inLanguage":"it-IT","@id":"https:\/\/www.intoscana.it\/it\/il-31-agosto-e-il-1-settembre-vicopisano-per-due-giorni-torna-nel-medioevo\/#primaryimage","url":"https:\/\/www.intoscana.it\/wp-content\/uploads\/Festa-Med-6.jpg","contentUrl":"https:\/\/www.intoscana.it\/wp-content\/uploads\/Festa-Med-6.jpg","width":1500,"height":881,"caption":"Festa Medievale di Vicopisano"},{"@type":"BreadcrumbList","@id":"https:\/\/www.intoscana.it\/it\/il-31-agosto-e-il-1-settembre-vicopisano-per-due-giorni-torna-nel-medioevo\/#breadcrumb","itemListElement":[{"@type":"ListItem","position":1,"name":"Home","item":"https:\/\/www.intoscana.it\/it\/"},{"@type":"ListItem","position":2,"name":"Il 31 agosto e il 1\u00b0 settembre Vicopisano per due giorni torna nel Medioevo"}]},{"@type":"WebSite","@id":"https:\/\/www.intoscana.it\/it\/#website","url":"https:\/\/www.intoscana.it\/it\/","name":"intoscana","description":"","potentialAction":[{"@type":"SearchAction","target":{"@type":"EntryPoint","urlTemplate":"https:\/\/www.intoscana.it\/it\/?s={search_term_string}"},"query-input":{"@type":"PropertyValueSpecification","valueRequired":true,"valueName":"search_term_string"}}],"inLanguage":"it-IT"},{"@type":"Person","@id":"https:\/\/www.intoscana.it\/it\/#\/schema\/person\/9223810753230f20bd670fdd322661f8","name":"Redazione","url":"https:\/\/www.intoscana.it\/it\/author\/redazione\/"}]}},"_links":{"self":[{"href":"https:\/\/www.intoscana.it\/it\/wp-json\/wp\/v2\/posts\/353858","targetHints":{"allow":["GET"]}}],"collection":[{"href":"https:\/\/www.intoscana.it\/it\/wp-json\/wp\/v2\/posts"}],"about":[{"href":"https:\/\/www.intoscana.it\/it\/wp-json\/wp\/v2\/types\/post"}],"author":[{"embeddable":true,"href":"https:\/\/www.intoscana.it\/it\/wp-json\/wp\/v2\/users\/525"}],"replies":[{"embeddable":true,"href":"https:\/\/www.intoscana.it\/it\/wp-json\/wp\/v2\/comments?post=353858"}],"version-history":[{"count":10,"href":"https:\/\/www.intoscana.it\/it\/wp-json\/wp\/v2\/posts\/353858\/revisions"}],"predecessor-version":[{"id":353876,"href":"https:\/\/www.intoscana.it\/it\/wp-json\/wp\/v2\/posts\/353858\/revisions\/353876"}],"wp:featuredmedia":[{"embeddable":true,"href":"https:\/\/www.intoscana.it\/it\/wp-json\/wp\/v2\/media\/353788"}],"wp:attachment":[{"href":"https:\/\/www.intoscana.it\/it\/wp-json\/wp\/v2\/media?parent=353858"}],"wp:term":[{"taxonomy":"category","embeddable":true,"href":"https:\/\/www.intoscana.it\/it\/wp-json\/wp\/v2\/categories?post=353858"},{"taxonomy":"post_tag","embeddable":true,"href":"https:\/\/www.intoscana.it\/it\/wp-json\/wp\/v2\/tags?post=353858"}],"curies":[{"name":"wp","href":"https:\/\/api.w.org\/{rel}","templated":true}]}}