{"id":353884,"date":"2024-08-24T10:12:54","date_gmt":"2024-08-24T08:12:54","guid":{"rendered":"https:\/\/www.intoscana.it\/it\/?p=353884"},"modified":"2024-08-29T10:23:06","modified_gmt":"2024-08-29T08:23:06","slug":"tour-delle-donne-della-toscana-il-31-agosto-la-tappa-dedicata-a-michela-fanini","status":"publish","type":"post","link":"https:\/\/www.intoscana.it\/it\/tour-delle-donne-della-toscana-il-31-agosto-la-tappa-dedicata-a-michela-fanini\/","title":{"rendered":"Tour delle Donne della Toscana: il 31 agosto la tappa dedicata a Michela Fanini"},"content":{"rendered":"<p>Il <strong>Giro della Toscana Internazionale Femminile<\/strong> \u00e8 una gara ciclistica che si svolge<strong> dall\u201929 agosto al 1 settembre,<\/strong> comprende quattro tappe in quattro giorni all\u2019insegna dello sport.<\/p>\n<p>All&#8217;interno del tour c&#8217;\u00e8 una tappa dedicata alla memoria di <strong>Michela Fanini la giovane ciclista lucchese,<\/strong> vincitrice del <strong>Giro d&#8217;Italia<\/strong> del 1994, scomparsa prematuramente in un incidente stradale il <strong>26 ottobre 1994 a soli 21 anni.<\/strong><\/p>\n<p>Si tratta della seconda, che si svolge sulle strade della sua citt\u00e0 natale <strong>da Segromigno Piano a Segromigno Piano,<\/strong> lunga 117 chilometri, in programma per <strong>sabato 31 agosto.<\/strong><\/p>\n<p>Il giorno si aprir\u00e0 con l\u2019evento <strong>Lo Sport per la Vita,<\/strong> una corsa non competitiva che inizia alle 9. Sar\u00e0 disponibile <strong>una maglietta commemorativa<\/strong> in ricordo di <strong>Michela Fanini, a 30 anni dalla sua scomparsa. <\/strong><\/p>\n<p>Seguir\u00e0 <strong>una messa per lei e la madre Giulietta<\/strong> (presso la chiesa di Segromigno Piano alle 10), e infine la visita dell\u2019intero gruppo alla tomba di famiglia appena prima della partenza ufficiale.<\/p>\n<p>Momenti di grande emozione in omaggio a un\u2019atleta, Michela, che in pochi anni della sua carriera eccezionale ha contribuito a <strong>far conoscere un settore, il ciclismo femminile,<\/strong> ancora poco noto.<\/p>\n<h3>La tappa del 31 agosto<\/h3>\n<p>La tappa, insidiosa verso la fine,<strong> partir\u00e0 da piazza Michela Fanini alle 13<\/strong> e arriver\u00e0 <strong>intorno alle 16.<\/strong><\/p>\n<p>Il percorso, prevalentemente pianeggiante, attraverser\u00e0 alcune delle strade principali dei comuni della Piana lucchese come <strong>Capannori e Porcari.<\/strong><\/p>\n<p>La sorpresa, che <strong>potrebbe cambiare le sorti della classifica generale<\/strong>, arriver\u00e0 alla fine quando, a pochi chilometri dal traguardo, la strada si incliner\u00e0 in salita fino a Valgiano (a poco pi\u00f9 di 6mila metri dal traguardo).<\/p>\n<p><strong>Un duro strappo seguito da una discesa tecnica<\/strong> che metter\u00e0 alla prova le aspiranti Granduchesse di Toscana.<\/p>\n<p><em>\u201cUn bell\u2019evento dedicato alle donne \u2013 <\/em><strong>ha sottolineato Giordano Del Chiaro, sindaco di Capannori <\/strong><em>\u2013 che da molti anni promuove i valori dello sport e del territorio di Capannori\u201d.<\/em><\/p>\n<p><em>\u201cLa comunit\u00e0 che sono onorato di rappresentare \u2013 <\/em><strong>ha aggiunto il sindaco di Porcari, Leonardo Fornaciari<\/strong><em> \u2013 accoglie con gioia il passaggio della gara, un\u2019occasione unica per promuovere la bellezza del nostro territorio, spesso sottovalutata\u201d.<\/em><\/p>\n<p><em>\u201c\u00c8 un onore per me e per la mia organizzazione \u2013 <\/em><strong>ha concluso il patron Brunello Fanini <\/strong><em>\u2013 dedicare un\u2019intera giornata al territorio tanto amato da Michela e Giulietta; sar\u00e0 un\u2019esperienza emotiva come mai prima d\u2019ora\u201d.<\/em><\/p>\n","protected":false},"excerpt":{"rendered":"<p>Sabato 31 agosto una giornata dedicata alla memoria di Michela Fanini la giovane ciclista lucchese, vincitrice del Giro d&#8217;Italia del 1994, scomparsa prematuramente in un incidente stradale il 26 ottobre 1994 a soli 21 anni<\/p>\n","protected":false},"author":525,"featured_media":353885,"comment_status":"open","ping_status":"open","sticky":false,"template":"","format":"standard","meta":{"_acf_changed":false,"footnotes":""},"categories":[494],"tags":[391,411,151,159],"class_list":["post-353884","post","type-post","status-publish","format-standard","has-post-thumbnail","hentry","category-attualita","tag-ciclismo","tag-donne","tag-regione-toscana","tag-sport"],"acf":[],"yoast_head":"<!-- This site is optimized with the Yoast SEO Premium plugin v24.2 (Yoast SEO v25.6) - https:\/\/yoast.com\/wordpress\/plugins\/seo\/ -->\n<title>Tour delle Donne della Toscana: il 31 agosto la tappa dedicata a Michela Fanini - intoscana<\/title>\n<meta name=\"description\" content=\"Sabato 31 agosto una giornata dedicata alla memoria di Michela Fanini la giovane ciclista lucchese, vincitrice del Giro d&#039;Italia del 1994\" \/>\n<meta name=\"robots\" content=\"index, follow, max-snippet:-1, max-image-preview:large, max-video-preview:-1\" \/>\n<link rel=\"canonical\" href=\"https:\/\/www.intoscana.it\/it\/tour-delle-donne-della-toscana-il-31-agosto-la-tappa-dedicata-a-michela-fanini\/\" \/>\n<meta property=\"og:locale\" content=\"it_IT\" \/>\n<meta property=\"og:type\" content=\"article\" \/>\n<meta property=\"og:title\" content=\"Tour delle Donne della Toscana: il 31 agosto la tappa dedicata a Michela Fanini\" \/>\n<meta property=\"og:description\" content=\"Sabato 31 agosto una giornata dedicata alla memoria di Michela Fanini la giovane ciclista lucchese, vincitrice del Giro d&#039;Italia del 1994\" \/>\n<meta property=\"og:url\" content=\"https:\/\/www.intoscana.it\/it\/tour-delle-donne-della-toscana-il-31-agosto-la-tappa-dedicata-a-michela-fanini\/\" \/>\n<meta property=\"og:site_name\" content=\"intoscana\" \/>\n<meta property=\"article:publisher\" content=\"https:\/\/www.facebook.com\/intoscana.it\" \/>\n<meta property=\"article:published_time\" content=\"2024-08-24T08:12:54+00:00\" \/>\n<meta property=\"article:modified_time\" content=\"2024-08-29T08:23:06+00:00\" \/>\n<meta property=\"og:image\" content=\"https:\/\/www.intoscana.it\/wp-content\/uploads\/Michela-Fanini.jpeg\" \/>\n\t<meta property=\"og:image:width\" content=\"800\" \/>\n\t<meta property=\"og:image:height\" content=\"484\" \/>\n\t<meta property=\"og:image:type\" content=\"image\/jpeg\" \/>\n<meta name=\"author\" content=\"Redazione\" \/>\n<meta name=\"twitter:card\" content=\"summary_large_image\" \/>\n<meta name=\"twitter:creator\" content=\"@intoscana\" \/>\n<meta name=\"twitter:site\" content=\"@intoscana\" \/>\n<meta name=\"twitter:label1\" content=\"Written by\" \/>\n\t<meta name=\"twitter:data1\" content=\"Redazione\" \/>\n\t<meta name=\"twitter:label2\" content=\"Est. reading time\" \/>\n\t<meta name=\"twitter:data2\" content=\"3 minuti\" \/>\n<script type=\"application\/ld+json\" class=\"yoast-schema-graph\">{\"@context\":\"https:\/\/schema.org\",\"@graph\":[{\"@type\":\"WebPage\",\"@id\":\"https:\/\/www.intoscana.it\/it\/tour-delle-donne-della-toscana-il-31-agosto-la-tappa-dedicata-a-michela-fanini\/\",\"url\":\"https:\/\/www.intoscana.it\/it\/tour-delle-donne-della-toscana-il-31-agosto-la-tappa-dedicata-a-michela-fanini\/\",\"name\":\"Tour delle Donne della Toscana: il 31 agosto la tappa dedicata a Michela Fanini - intoscana\",\"isPartOf\":{\"@id\":\"https:\/\/www.intoscana.it\/it\/#website\"},\"primaryImageOfPage\":{\"@id\":\"https:\/\/www.intoscana.it\/it\/tour-delle-donne-della-toscana-il-31-agosto-la-tappa-dedicata-a-michela-fanini\/#primaryimage\"},\"image\":{\"@id\":\"https:\/\/www.intoscana.it\/it\/tour-delle-donne-della-toscana-il-31-agosto-la-tappa-dedicata-a-michela-fanini\/#primaryimage\"},\"thumbnailUrl\":\"https:\/\/www.intoscana.it\/wp-content\/uploads\/Michela-Fanini.jpeg\",\"datePublished\":\"2024-08-24T08:12:54+00:00\",\"dateModified\":\"2024-08-29T08:23:06+00:00\",\"author\":{\"@id\":\"https:\/\/www.intoscana.it\/it\/#\/schema\/person\/9223810753230f20bd670fdd322661f8\"},\"description\":\"Sabato 31 agosto una giornata dedicata alla memoria di Michela Fanini la giovane ciclista lucchese, vincitrice del Giro d'Italia del 1994\",\"breadcrumb\":{\"@id\":\"https:\/\/www.intoscana.it\/it\/tour-delle-donne-della-toscana-il-31-agosto-la-tappa-dedicata-a-michela-fanini\/#breadcrumb\"},\"inLanguage\":\"it-IT\",\"potentialAction\":[{\"@type\":\"ReadAction\",\"target\":[\"https:\/\/www.intoscana.it\/it\/tour-delle-donne-della-toscana-il-31-agosto-la-tappa-dedicata-a-michela-fanini\/\"]}]},{\"@type\":\"ImageObject\",\"inLanguage\":\"it-IT\",\"@id\":\"https:\/\/www.intoscana.it\/it\/tour-delle-donne-della-toscana-il-31-agosto-la-tappa-dedicata-a-michela-fanini\/#primaryimage\",\"url\":\"https:\/\/www.intoscana.it\/wp-content\/uploads\/Michela-Fanini.jpeg\",\"contentUrl\":\"https:\/\/www.intoscana.it\/wp-content\/uploads\/Michela-Fanini.jpeg\",\"width\":800,\"height\":484},{\"@type\":\"BreadcrumbList\",\"@id\":\"https:\/\/www.intoscana.it\/it\/tour-delle-donne-della-toscana-il-31-agosto-la-tappa-dedicata-a-michela-fanini\/#breadcrumb\",\"itemListElement\":[{\"@type\":\"ListItem\",\"position\":1,\"name\":\"Home\",\"item\":\"https:\/\/www.intoscana.it\/it\/\"},{\"@type\":\"ListItem\",\"position\":2,\"name\":\"Tour delle Donne della Toscana: il 31 agosto la tappa dedicata a Michela Fanini\"}]},{\"@type\":\"WebSite\",\"@id\":\"https:\/\/www.intoscana.it\/it\/#website\",\"url\":\"https:\/\/www.intoscana.it\/it\/\",\"name\":\"intoscana\",\"description\":\"\",\"potentialAction\":[{\"@type\":\"SearchAction\",\"target\":{\"@type\":\"EntryPoint\",\"urlTemplate\":\"https:\/\/www.intoscana.it\/it\/?s={search_term_string}\"},\"query-input\":{\"@type\":\"PropertyValueSpecification\",\"valueRequired\":true,\"valueName\":\"search_term_string\"}}],\"inLanguage\":\"it-IT\"},{\"@type\":\"Person\",\"@id\":\"https:\/\/www.intoscana.it\/it\/#\/schema\/person\/9223810753230f20bd670fdd322661f8\",\"name\":\"Redazione\",\"url\":\"https:\/\/www.intoscana.it\/it\/author\/redazione\/\"}]}<\/script>\n<!-- \/ Yoast SEO Premium plugin. -->","yoast_head_json":{"title":"Tour delle Donne della Toscana: il 31 agosto la tappa dedicata a Michela Fanini - intoscana","description":"Sabato 31 agosto una giornata dedicata alla memoria di Michela Fanini la giovane ciclista lucchese, vincitrice del Giro d'Italia del 1994","robots":{"index":"index","follow":"follow","max-snippet":"max-snippet:-1","max-image-preview":"max-image-preview:large","max-video-preview":"max-video-preview:-1"},"canonical":"https:\/\/www.intoscana.it\/it\/tour-delle-donne-della-toscana-il-31-agosto-la-tappa-dedicata-a-michela-fanini\/","og_locale":"it_IT","og_type":"article","og_title":"Tour delle Donne della Toscana: il 31 agosto la tappa dedicata a Michela Fanini","og_description":"Sabato 31 agosto una giornata dedicata alla memoria di Michela Fanini la giovane ciclista lucchese, vincitrice del Giro d'Italia del 1994","og_url":"https:\/\/www.intoscana.it\/it\/tour-delle-donne-della-toscana-il-31-agosto-la-tappa-dedicata-a-michela-fanini\/","og_site_name":"intoscana","article_publisher":"https:\/\/www.facebook.com\/intoscana.it","article_published_time":"2024-08-24T08:12:54+00:00","article_modified_time":"2024-08-29T08:23:06+00:00","og_image":[{"width":800,"height":484,"url":"https:\/\/www.intoscana.it\/wp-content\/uploads\/Michela-Fanini.jpeg","type":"image\/jpeg"}],"author":"Redazione","twitter_card":"summary_large_image","twitter_creator":"@intoscana","twitter_site":"@intoscana","twitter_misc":{"Written by":"Redazione","Est. reading time":"3 minuti"},"schema":{"@context":"https:\/\/schema.org","@graph":[{"@type":"WebPage","@id":"https:\/\/www.intoscana.it\/it\/tour-delle-donne-della-toscana-il-31-agosto-la-tappa-dedicata-a-michela-fanini\/","url":"https:\/\/www.intoscana.it\/it\/tour-delle-donne-della-toscana-il-31-agosto-la-tappa-dedicata-a-michela-fanini\/","name":"Tour delle Donne della Toscana: il 31 agosto la tappa dedicata a Michela Fanini - intoscana","isPartOf":{"@id":"https:\/\/www.intoscana.it\/it\/#website"},"primaryImageOfPage":{"@id":"https:\/\/www.intoscana.it\/it\/tour-delle-donne-della-toscana-il-31-agosto-la-tappa-dedicata-a-michela-fanini\/#primaryimage"},"image":{"@id":"https:\/\/www.intoscana.it\/it\/tour-delle-donne-della-toscana-il-31-agosto-la-tappa-dedicata-a-michela-fanini\/#primaryimage"},"thumbnailUrl":"https:\/\/www.intoscana.it\/wp-content\/uploads\/Michela-Fanini.jpeg","datePublished":"2024-08-24T08:12:54+00:00","dateModified":"2024-08-29T08:23:06+00:00","author":{"@id":"https:\/\/www.intoscana.it\/it\/#\/schema\/person\/9223810753230f20bd670fdd322661f8"},"description":"Sabato 31 agosto una giornata dedicata alla memoria di Michela Fanini la giovane ciclista lucchese, vincitrice del Giro d'Italia del 1994","breadcrumb":{"@id":"https:\/\/www.intoscana.it\/it\/tour-delle-donne-della-toscana-il-31-agosto-la-tappa-dedicata-a-michela-fanini\/#breadcrumb"},"inLanguage":"it-IT","potentialAction":[{"@type":"ReadAction","target":["https:\/\/www.intoscana.it\/it\/tour-delle-donne-della-toscana-il-31-agosto-la-tappa-dedicata-a-michela-fanini\/"]}]},{"@type":"ImageObject","inLanguage":"it-IT","@id":"https:\/\/www.intoscana.it\/it\/tour-delle-donne-della-toscana-il-31-agosto-la-tappa-dedicata-a-michela-fanini\/#primaryimage","url":"https:\/\/www.intoscana.it\/wp-content\/uploads\/Michela-Fanini.jpeg","contentUrl":"https:\/\/www.intoscana.it\/wp-content\/uploads\/Michela-Fanini.jpeg","width":800,"height":484},{"@type":"BreadcrumbList","@id":"https:\/\/www.intoscana.it\/it\/tour-delle-donne-della-toscana-il-31-agosto-la-tappa-dedicata-a-michela-fanini\/#breadcrumb","itemListElement":[{"@type":"ListItem","position":1,"name":"Home","item":"https:\/\/www.intoscana.it\/it\/"},{"@type":"ListItem","position":2,"name":"Tour delle Donne della Toscana: il 31 agosto la tappa dedicata a Michela Fanini"}]},{"@type":"WebSite","@id":"https:\/\/www.intoscana.it\/it\/#website","url":"https:\/\/www.intoscana.it\/it\/","name":"intoscana","description":"","potentialAction":[{"@type":"SearchAction","target":{"@type":"EntryPoint","urlTemplate":"https:\/\/www.intoscana.it\/it\/?s={search_term_string}"},"query-input":{"@type":"PropertyValueSpecification","valueRequired":true,"valueName":"search_term_string"}}],"inLanguage":"it-IT"},{"@type":"Person","@id":"https:\/\/www.intoscana.it\/it\/#\/schema\/person\/9223810753230f20bd670fdd322661f8","name":"Redazione","url":"https:\/\/www.intoscana.it\/it\/author\/redazione\/"}]}},"_links":{"self":[{"href":"https:\/\/www.intoscana.it\/it\/wp-json\/wp\/v2\/posts\/353884","targetHints":{"allow":["GET"]}}],"collection":[{"href":"https:\/\/www.intoscana.it\/it\/wp-json\/wp\/v2\/posts"}],"about":[{"href":"https:\/\/www.intoscana.it\/it\/wp-json\/wp\/v2\/types\/post"}],"author":[{"embeddable":true,"href":"https:\/\/www.intoscana.it\/it\/wp-json\/wp\/v2\/users\/525"}],"replies":[{"embeddable":true,"href":"https:\/\/www.intoscana.it\/it\/wp-json\/wp\/v2\/comments?post=353884"}],"version-history":[{"count":7,"href":"https:\/\/www.intoscana.it\/it\/wp-json\/wp\/v2\/posts\/353884\/revisions"}],"predecessor-version":[{"id":354128,"href":"https:\/\/www.intoscana.it\/it\/wp-json\/wp\/v2\/posts\/353884\/revisions\/354128"}],"wp:featuredmedia":[{"embeddable":true,"href":"https:\/\/www.intoscana.it\/it\/wp-json\/wp\/v2\/media\/353885"}],"wp:attachment":[{"href":"https:\/\/www.intoscana.it\/it\/wp-json\/wp\/v2\/media?parent=353884"}],"wp:term":[{"taxonomy":"category","embeddable":true,"href":"https:\/\/www.intoscana.it\/it\/wp-json\/wp\/v2\/categories?post=353884"},{"taxonomy":"post_tag","embeddable":true,"href":"https:\/\/www.intoscana.it\/it\/wp-json\/wp\/v2\/tags?post=353884"}],"curies":[{"name":"wp","href":"https:\/\/api.w.org\/{rel}","templated":true}]}}