{"id":354023,"date":"2024-08-28T10:03:30","date_gmt":"2024-08-28T08:03:30","guid":{"rendered":"https:\/\/www.intoscana.it\/it\/?p=354023"},"modified":"2024-09-02T10:16:00","modified_gmt":"2024-09-02T08:16:00","slug":"continua-la-morsa-del-caldo-a-firenze-e-ancora-allerta-rossa","status":"publish","type":"post","link":"https:\/\/www.intoscana.it\/it\/continua-la-morsa-del-caldo-a-firenze-e-ancora-allerta-rossa\/","title":{"rendered":"Continua la morsa del caldo: a Firenze \u00e8 ancora allerta rossa"},"content":{"rendered":"<p>Finita la breve tregua, torna l&#8217;<strong>afa<\/strong> in citt\u00e0 e quindi le allerte alla popolazione per i possibili problemi alla salute, soprattutto dei pi\u00f9 fragili. La morsa del <strong>caldo<\/strong> si fa sentire soprattutto a <mark>Firenze, che si conferma una delle citt\u00e0 pi\u00f9 calde d&#8217;Italia. Per mercoled\u00ec 28 \u00e8 di nuovo codice arancione, mentro gioved\u00ec 29 il codice si sposta al rosso.<\/mark><\/p>\n<p>La colpa \u00e8 dell&#8217;anticicolone subtropicale che si \u00e8 posizionato sul Mediterraneo occidentale e che porta con s\u00e9 temperature davvaro alte per la fine di agosto. L&#8217;allerta emerge dal bollettino elaborato dal dipartimento di epidemiologia della Regione Lazio nell&#8217;ambito del sistema operativo nazionale di previsione e prevenzione degli effetti del caldo coordinato dal <strong>Ministero della Salute<\/strong>.<\/p>\n<p>Sul sito del Ministero della Salute sono pubblicate alcune indicazioni per ridurre le conseguenze nocive delle ondate di calore: <mark>limitare l\u2019esposizione alle alte temperature, facilitare il raffreddamento del corpo ed evitare la disidratazione, ridurre i rischi nelle persone pi\u00f9 fragili, in particolare persone molto anziane, con problemi di salute, che assumono farmaci, neonati e bambini molto piccoli.<\/mark><\/p>\n<p><a href=\"https:\/\/www.salute.gov.it\/portale\/caldo\/dettaglioContenutiCaldo.jsp?lingua=italiano&amp;id=5234&amp;area=emergenzaCaldo&amp;menu=vuoto\" target=\"_blank\" rel=\"noopener\">Qui<\/a> il decalogo ministeriale.<\/p>\n<p>Le <strong>previsioni<\/strong> per i prossimi giorni non sono poi molto incoraggianti. Soprattutto <mark>nel fine settimana sono previste ancora temperature molto alte, al di sopra della media del periodo, con picchi fino a 38 gradi.<\/mark> Per vedere scendere gi\u00f9 la colonnina di mercurio si dovr\u00e0 aspettare almeno fino al 2 o 3 settembre, quando sono attesi venti pi\u00f9 freschi e anche quelche <strong>pioggia<\/strong>.<\/p>\n","protected":false},"excerpt":{"rendered":"<p>Il capoluogo toscano si conferma una delle citt\u00e0 pi\u00f9 calde d&#8217;Italia: per mercoled\u00ec 28 \u00e8 codice arancione, mentro gioved\u00ec 29 \u00e8 addirittura rosso<\/p>\n","protected":false},"author":525,"featured_media":71713,"comment_status":"open","ping_status":"open","sticky":false,"template":"","format":"standard","meta":{"_acf_changed":false,"footnotes":""},"categories":[494],"tags":[6520],"class_list":["post-354023","post","type-post","status-publish","format-standard","has-post-thumbnail","hentry","category-attualita","tag-caldo"],"acf":[],"yoast_head":"<!-- This site is optimized with the Yoast SEO Premium plugin v24.2 (Yoast SEO v25.6) - https:\/\/yoast.com\/wordpress\/plugins\/seo\/ -->\n<title>Continua la morsa del caldo: a Firenze \u00e8 ancora allerta rossa - intoscana<\/title>\n<meta name=\"description\" content=\"Il capoluogo toscano si conferma una delle citt\u00e0 pi\u00f9 calde d&#039;Italia: per mercoled\u00ec 28 \u00e8 codice arancione, mentro gioved\u00ec 29 \u00e8 addirittura rosso\" \/>\n<meta name=\"robots\" content=\"index, follow, max-snippet:-1, max-image-preview:large, max-video-preview:-1\" \/>\n<link rel=\"canonical\" href=\"https:\/\/www.intoscana.it\/it\/continua-la-morsa-del-caldo-a-firenze-e-ancora-allerta-rossa\/\" \/>\n<meta property=\"og:locale\" content=\"it_IT\" \/>\n<meta property=\"og:type\" content=\"article\" \/>\n<meta property=\"og:title\" content=\"Continua la morsa del caldo: a Firenze \u00e8 ancora allerta rossa\" \/>\n<meta property=\"og:description\" content=\"Il capoluogo toscano si conferma una delle citt\u00e0 pi\u00f9 calde d&#039;Italia: per mercoled\u00ec 28 \u00e8 codice arancione, mentro gioved\u00ec 29 \u00e8 addirittura rosso\" \/>\n<meta property=\"og:url\" content=\"https:\/\/www.intoscana.it\/it\/continua-la-morsa-del-caldo-a-firenze-e-ancora-allerta-rossa\/\" \/>\n<meta property=\"og:site_name\" content=\"intoscana\" \/>\n<meta property=\"article:publisher\" content=\"https:\/\/www.facebook.com\/intoscana.it\" \/>\n<meta property=\"article:published_time\" content=\"2024-08-28T08:03:30+00:00\" \/>\n<meta property=\"article:modified_time\" content=\"2024-09-02T08:16:00+00:00\" \/>\n<meta property=\"og:image\" content=\"https:\/\/www.intoscana.it\/wp-content\/uploads\/cf737d5a5661e1318b7aed6cd12819ce1-kW9G-U43100122386358CVG-593x443Corriere-Web-Sezioni-1.jpg\" \/>\n\t<meta property=\"og:image:width\" content=\"593\" \/>\n\t<meta property=\"og:image:height\" content=\"443\" \/>\n\t<meta property=\"og:image:type\" content=\"image\/jpeg\" \/>\n<meta name=\"author\" content=\"Redazione\" \/>\n<meta name=\"twitter:card\" content=\"summary_large_image\" \/>\n<meta name=\"twitter:creator\" content=\"@intoscana\" \/>\n<meta name=\"twitter:site\" content=\"@intoscana\" \/>\n<meta name=\"twitter:label1\" content=\"Written by\" \/>\n\t<meta name=\"twitter:data1\" content=\"Redazione\" \/>\n\t<meta name=\"twitter:label2\" content=\"Est. reading time\" \/>\n\t<meta name=\"twitter:data2\" content=\"2 minuti\" \/>\n<script type=\"application\/ld+json\" class=\"yoast-schema-graph\">{\"@context\":\"https:\/\/schema.org\",\"@graph\":[{\"@type\":\"WebPage\",\"@id\":\"https:\/\/www.intoscana.it\/it\/continua-la-morsa-del-caldo-a-firenze-e-ancora-allerta-rossa\/\",\"url\":\"https:\/\/www.intoscana.it\/it\/continua-la-morsa-del-caldo-a-firenze-e-ancora-allerta-rossa\/\",\"name\":\"Continua la morsa del caldo: a Firenze \u00e8 ancora allerta rossa - intoscana\",\"isPartOf\":{\"@id\":\"https:\/\/www.intoscana.it\/it\/#website\"},\"primaryImageOfPage\":{\"@id\":\"https:\/\/www.intoscana.it\/it\/continua-la-morsa-del-caldo-a-firenze-e-ancora-allerta-rossa\/#primaryimage\"},\"image\":{\"@id\":\"https:\/\/www.intoscana.it\/it\/continua-la-morsa-del-caldo-a-firenze-e-ancora-allerta-rossa\/#primaryimage\"},\"thumbnailUrl\":\"https:\/\/www.intoscana.it\/wp-content\/uploads\/cf737d5a5661e1318b7aed6cd12819ce1-kW9G-U43100122386358CVG-593x443Corriere-Web-Sezioni-1.jpg\",\"datePublished\":\"2024-08-28T08:03:30+00:00\",\"dateModified\":\"2024-09-02T08:16:00+00:00\",\"author\":{\"@id\":\"https:\/\/www.intoscana.it\/it\/#\/schema\/person\/9223810753230f20bd670fdd322661f8\"},\"description\":\"Il capoluogo toscano si conferma una delle citt\u00e0 pi\u00f9 calde d'Italia: per mercoled\u00ec 28 \u00e8 codice arancione, mentro gioved\u00ec 29 \u00e8 addirittura rosso\",\"breadcrumb\":{\"@id\":\"https:\/\/www.intoscana.it\/it\/continua-la-morsa-del-caldo-a-firenze-e-ancora-allerta-rossa\/#breadcrumb\"},\"inLanguage\":\"it-IT\",\"potentialAction\":[{\"@type\":\"ReadAction\",\"target\":[\"https:\/\/www.intoscana.it\/it\/continua-la-morsa-del-caldo-a-firenze-e-ancora-allerta-rossa\/\"]}]},{\"@type\":\"ImageObject\",\"inLanguage\":\"it-IT\",\"@id\":\"https:\/\/www.intoscana.it\/it\/continua-la-morsa-del-caldo-a-firenze-e-ancora-allerta-rossa\/#primaryimage\",\"url\":\"https:\/\/www.intoscana.it\/wp-content\/uploads\/cf737d5a5661e1318b7aed6cd12819ce1-kW9G-U43100122386358CVG-593x443Corriere-Web-Sezioni-1.jpg\",\"contentUrl\":\"https:\/\/www.intoscana.it\/wp-content\/uploads\/cf737d5a5661e1318b7aed6cd12819ce1-kW9G-U43100122386358CVG-593x443Corriere-Web-Sezioni-1.jpg\",\"width\":593,\"height\":443},{\"@type\":\"BreadcrumbList\",\"@id\":\"https:\/\/www.intoscana.it\/it\/continua-la-morsa-del-caldo-a-firenze-e-ancora-allerta-rossa\/#breadcrumb\",\"itemListElement\":[{\"@type\":\"ListItem\",\"position\":1,\"name\":\"Home\",\"item\":\"https:\/\/www.intoscana.it\/it\/\"},{\"@type\":\"ListItem\",\"position\":2,\"name\":\"Continua la morsa del caldo: a Firenze \u00e8 ancora allerta rossa\"}]},{\"@type\":\"WebSite\",\"@id\":\"https:\/\/www.intoscana.it\/it\/#website\",\"url\":\"https:\/\/www.intoscana.it\/it\/\",\"name\":\"intoscana\",\"description\":\"\",\"potentialAction\":[{\"@type\":\"SearchAction\",\"target\":{\"@type\":\"EntryPoint\",\"urlTemplate\":\"https:\/\/www.intoscana.it\/it\/?s={search_term_string}\"},\"query-input\":{\"@type\":\"PropertyValueSpecification\",\"valueRequired\":true,\"valueName\":\"search_term_string\"}}],\"inLanguage\":\"it-IT\"},{\"@type\":\"Person\",\"@id\":\"https:\/\/www.intoscana.it\/it\/#\/schema\/person\/9223810753230f20bd670fdd322661f8\",\"name\":\"Redazione\",\"url\":\"https:\/\/www.intoscana.it\/it\/author\/redazione\/\"}]}<\/script>\n<!-- \/ Yoast SEO Premium plugin. -->","yoast_head_json":{"title":"Continua la morsa del caldo: a Firenze \u00e8 ancora allerta rossa - intoscana","description":"Il capoluogo toscano si conferma una delle citt\u00e0 pi\u00f9 calde d'Italia: per mercoled\u00ec 28 \u00e8 codice arancione, mentro gioved\u00ec 29 \u00e8 addirittura rosso","robots":{"index":"index","follow":"follow","max-snippet":"max-snippet:-1","max-image-preview":"max-image-preview:large","max-video-preview":"max-video-preview:-1"},"canonical":"https:\/\/www.intoscana.it\/it\/continua-la-morsa-del-caldo-a-firenze-e-ancora-allerta-rossa\/","og_locale":"it_IT","og_type":"article","og_title":"Continua la morsa del caldo: a Firenze \u00e8 ancora allerta rossa","og_description":"Il capoluogo toscano si conferma una delle citt\u00e0 pi\u00f9 calde d'Italia: per mercoled\u00ec 28 \u00e8 codice arancione, mentro gioved\u00ec 29 \u00e8 addirittura rosso","og_url":"https:\/\/www.intoscana.it\/it\/continua-la-morsa-del-caldo-a-firenze-e-ancora-allerta-rossa\/","og_site_name":"intoscana","article_publisher":"https:\/\/www.facebook.com\/intoscana.it","article_published_time":"2024-08-28T08:03:30+00:00","article_modified_time":"2024-09-02T08:16:00+00:00","og_image":[{"width":593,"height":443,"url":"https:\/\/www.intoscana.it\/wp-content\/uploads\/cf737d5a5661e1318b7aed6cd12819ce1-kW9G-U43100122386358CVG-593x443Corriere-Web-Sezioni-1.jpg","type":"image\/jpeg"}],"author":"Redazione","twitter_card":"summary_large_image","twitter_creator":"@intoscana","twitter_site":"@intoscana","twitter_misc":{"Written by":"Redazione","Est. reading time":"2 minuti"},"schema":{"@context":"https:\/\/schema.org","@graph":[{"@type":"WebPage","@id":"https:\/\/www.intoscana.it\/it\/continua-la-morsa-del-caldo-a-firenze-e-ancora-allerta-rossa\/","url":"https:\/\/www.intoscana.it\/it\/continua-la-morsa-del-caldo-a-firenze-e-ancora-allerta-rossa\/","name":"Continua la morsa del caldo: a Firenze \u00e8 ancora allerta rossa - intoscana","isPartOf":{"@id":"https:\/\/www.intoscana.it\/it\/#website"},"primaryImageOfPage":{"@id":"https:\/\/www.intoscana.it\/it\/continua-la-morsa-del-caldo-a-firenze-e-ancora-allerta-rossa\/#primaryimage"},"image":{"@id":"https:\/\/www.intoscana.it\/it\/continua-la-morsa-del-caldo-a-firenze-e-ancora-allerta-rossa\/#primaryimage"},"thumbnailUrl":"https:\/\/www.intoscana.it\/wp-content\/uploads\/cf737d5a5661e1318b7aed6cd12819ce1-kW9G-U43100122386358CVG-593x443Corriere-Web-Sezioni-1.jpg","datePublished":"2024-08-28T08:03:30+00:00","dateModified":"2024-09-02T08:16:00+00:00","author":{"@id":"https:\/\/www.intoscana.it\/it\/#\/schema\/person\/9223810753230f20bd670fdd322661f8"},"description":"Il capoluogo toscano si conferma una delle citt\u00e0 pi\u00f9 calde d'Italia: per mercoled\u00ec 28 \u00e8 codice arancione, mentro gioved\u00ec 29 \u00e8 addirittura rosso","breadcrumb":{"@id":"https:\/\/www.intoscana.it\/it\/continua-la-morsa-del-caldo-a-firenze-e-ancora-allerta-rossa\/#breadcrumb"},"inLanguage":"it-IT","potentialAction":[{"@type":"ReadAction","target":["https:\/\/www.intoscana.it\/it\/continua-la-morsa-del-caldo-a-firenze-e-ancora-allerta-rossa\/"]}]},{"@type":"ImageObject","inLanguage":"it-IT","@id":"https:\/\/www.intoscana.it\/it\/continua-la-morsa-del-caldo-a-firenze-e-ancora-allerta-rossa\/#primaryimage","url":"https:\/\/www.intoscana.it\/wp-content\/uploads\/cf737d5a5661e1318b7aed6cd12819ce1-kW9G-U43100122386358CVG-593x443Corriere-Web-Sezioni-1.jpg","contentUrl":"https:\/\/www.intoscana.it\/wp-content\/uploads\/cf737d5a5661e1318b7aed6cd12819ce1-kW9G-U43100122386358CVG-593x443Corriere-Web-Sezioni-1.jpg","width":593,"height":443},{"@type":"BreadcrumbList","@id":"https:\/\/www.intoscana.it\/it\/continua-la-morsa-del-caldo-a-firenze-e-ancora-allerta-rossa\/#breadcrumb","itemListElement":[{"@type":"ListItem","position":1,"name":"Home","item":"https:\/\/www.intoscana.it\/it\/"},{"@type":"ListItem","position":2,"name":"Continua la morsa del caldo: a Firenze \u00e8 ancora allerta rossa"}]},{"@type":"WebSite","@id":"https:\/\/www.intoscana.it\/it\/#website","url":"https:\/\/www.intoscana.it\/it\/","name":"intoscana","description":"","potentialAction":[{"@type":"SearchAction","target":{"@type":"EntryPoint","urlTemplate":"https:\/\/www.intoscana.it\/it\/?s={search_term_string}"},"query-input":{"@type":"PropertyValueSpecification","valueRequired":true,"valueName":"search_term_string"}}],"inLanguage":"it-IT"},{"@type":"Person","@id":"https:\/\/www.intoscana.it\/it\/#\/schema\/person\/9223810753230f20bd670fdd322661f8","name":"Redazione","url":"https:\/\/www.intoscana.it\/it\/author\/redazione\/"}]}},"_links":{"self":[{"href":"https:\/\/www.intoscana.it\/it\/wp-json\/wp\/v2\/posts\/354023","targetHints":{"allow":["GET"]}}],"collection":[{"href":"https:\/\/www.intoscana.it\/it\/wp-json\/wp\/v2\/posts"}],"about":[{"href":"https:\/\/www.intoscana.it\/it\/wp-json\/wp\/v2\/types\/post"}],"author":[{"embeddable":true,"href":"https:\/\/www.intoscana.it\/it\/wp-json\/wp\/v2\/users\/525"}],"replies":[{"embeddable":true,"href":"https:\/\/www.intoscana.it\/it\/wp-json\/wp\/v2\/comments?post=354023"}],"version-history":[{"count":8,"href":"https:\/\/www.intoscana.it\/it\/wp-json\/wp\/v2\/posts\/354023\/revisions"}],"predecessor-version":[{"id":354362,"href":"https:\/\/www.intoscana.it\/it\/wp-json\/wp\/v2\/posts\/354023\/revisions\/354362"}],"wp:featuredmedia":[{"embeddable":true,"href":"https:\/\/www.intoscana.it\/it\/wp-json\/wp\/v2\/media\/71713"}],"wp:attachment":[{"href":"https:\/\/www.intoscana.it\/it\/wp-json\/wp\/v2\/media?parent=354023"}],"wp:term":[{"taxonomy":"category","embeddable":true,"href":"https:\/\/www.intoscana.it\/it\/wp-json\/wp\/v2\/categories?post=354023"},{"taxonomy":"post_tag","embeddable":true,"href":"https:\/\/www.intoscana.it\/it\/wp-json\/wp\/v2\/tags?post=354023"}],"curies":[{"name":"wp","href":"https:\/\/api.w.org\/{rel}","templated":true}]}}