{"id":354278,"date":"2024-08-30T17:23:14","date_gmt":"2024-08-30T15:23:14","guid":{"rendered":"https:\/\/www.intoscana.it\/it\/?p=354278"},"modified":"2024-08-30T17:23:14","modified_gmt":"2024-08-30T15:23:14","slug":"estar-cambio-al-vertice-il-nuovo-direttore-e-daniele-testi-tutti-i-numeri-dellente","status":"publish","type":"post","link":"https:\/\/www.intoscana.it\/it\/estar-cambio-al-vertice-il-nuovo-direttore-e-daniele-testi-tutti-i-numeri-dellente\/","title":{"rendered":"Estar, cambio al vertice: il nuovo direttore \u00e8 Daniele Testi. Tutti i numeri dell&#8217;ente"},"content":{"rendered":"<div class=\"rt-page__content rt-page-content--left\">\n<div class=\"rt-page__content-text\">\n<p>Cambio alla guida di <strong>Estar<\/strong>, la centrale acquisti ed ente di supporto tecnico della sanit\u00e0 pubblica regionale. <mark>Massimo Braganti sar\u00e0 in pensione dal 1 settembre e da subito arriver\u00e0 al suo posto Daniele Testi, gi\u00e0 direttore amministrativo da sette anni e numero due dell\u2019ente.<\/mark><\/p>\n<p>Il presidente della Toscana <strong>Eugenio Giani<\/strong> ha annunciato la proposta nel corso di una conferenza stampa in cui sono stati sottolineati importanza e numeri dell\u2019ente toscano, che conta oltre <mark>novecento dipendenti e si occupa di acquisti di beni e servizi per tutte le aziende sanitarie della regione, istruisce e realizzate concorsi selezioni, elabora ogni mesi 60 mila cedolini e stipendi di tutto il personale del servizio sanitario e gestisce apparecchiature e utenze informatiche.<\/mark><\/p>\n<p>\u201cQuella di <strong>Daniele Testi<\/strong> mi \u00e8 sembrata la scelta giusta per valorizzare il ruolo dell\u2019ente \u2013 sottolinea il presidente Giani -, lui che prima degli ultimi sette anni da direttore amministrativo di Estar ha guidato uno dei tre Estav, ovvero gli enti di supporto tecnico amministrativo di area vasta che esistevano prima di accentrare tutte le funzioni su un\u2019unica struttura regionale\u201d. \u201cTesti \u2013 prosegue Giani &#8211; ha anche guidato l\u2019Asl di Grosseto, fino alla riforma che ha ridotto a tre in Toscana le aziende sanitarie. Dunque <mark>una grande esperienza e conoscenza della sanit\u00e0 regionale per ben operare nel contenimento ed organizzazione della spesa, che \u00e8 il principale dei compiti ed obiettivi che mi aspetto da Estar, ma anche nella formazione del personale e nell\u2019istruttoria dei concorsi, che sono altre importanti competenze affidate all\u2019ente\u201d.<\/mark><\/p>\n<\/div>\n<\/div>\n<h3 class=\"rt-btn-wrapper rt-btn-wrapper--right-align\"><em>I numeri dell&#8217;ente<\/em><\/h3>\n<div class=\"rt-page__content rt-page-content--left\">\n<div class=\"rt-page__content-text\">\n<p>Solo l\u2019anno scorso, nel 2023, sono state realizzate trecento procedure di acquisti di beni e servizi, per un valore di sette miliardi di euro. Sono stati istruiti e realizzati oltre centosessanta concorsi e selezioni, consegnati beni sanitari per un miliardo e 600 milioni, gestite 230 mila apparecchiature sanitarie e 110 mila utenze informatiche.<\/p>\n<p>\u201cEstar \u00e8 un ente che consente di lavorare su economie di scala e dunque di grande aiuto nel rendere pi\u00f9 efficiente la gestione della macchina sanitaria\u201d commentano il presidente della Toscana <strong>Eugenio Giani<\/strong> e l\u2019assessore al diritto alla salute, <strong>Simone Bezzini<\/strong>. \u201cI numeri che fotografano l\u2019attivit\u00e0 ordinaria &#8211; proseguono &#8211; raccontano una realt\u00e0 che non \u00e8 solo quella di una centrale acquisti ma qualcosa forse di unico a livello nazionale. La maggioranza dei modelli organizzativi degli altri servizi sanitari regionali non gestiscono infatti, come Estar, anche le tecnologie sanitarie e informatiche, i concorsi e le selezioni, gli stipendi di tutti i dipendenti del servizio sanitario regionale, la formazione, la farmaceutica e la logistica, con cinque magazzini dislocati in altrettante province\u201d.<\/p>\n<p>L&#8217;ente regionale ha anche ricevuto <mark>il riconoscimento da Bocconi come una delle migliori strutture intermedie a livello nazionale. Estar \u00e8 stata premiata anche nel Forum Compraverde Green di Roma, per le procedure di gara che tengono conto dell\u2019impatto ambientale delle forniture<\/mark> ma valorizzano anche la tutela dei lavoratori delle ditte fornitrice di servizi alle aziende sanitarie toscane. Nel settore della farmaceutica e della logistica la Toscana, inoltre,\u00a0 \u00e8 stata tra le prime ad attivare la convenzione con l\u2019istituto farmaceutico militare di Firenze per la collaborazione nella produzione di alcuni farmaci.<\/p>\n<p>&nbsp;<\/p>\n<\/div>\n<\/div>\n<div class=\"rt-btn-wrapper rt-btn-wrapper--right-align\"><\/div>\n","protected":false},"excerpt":{"rendered":"<p>L&#8217;annuncio del presidente Giani che fa il punto sull&#8217;attivit\u00e0 della centrale acquisti ed ente di supporto tecnico della sanit\u00e0 pubblica regionale<\/p>\n","protected":false},"author":525,"featured_media":354280,"comment_status":"open","ping_status":"open","sticky":false,"template":"","format":"standard","meta":{"_acf_changed":false,"footnotes":""},"categories":[494],"tags":[158,349,4883],"class_list":["post-354278","post","type-post","status-publish","format-standard","has-post-thumbnail","hentry","category-attualita","tag-eugenio-giani","tag-sanita","tag-simone-bezzini"],"acf":[],"yoast_head":"<!-- This site is optimized with the Yoast SEO Premium plugin v24.2 (Yoast SEO v25.6) - https:\/\/yoast.com\/wordpress\/plugins\/seo\/ -->\n<title>Estar, cambio al vertice: il nuovo direttore \u00e8 Daniele Testi. Tutti i numeri dell&#039;ente - intoscana<\/title>\n<meta name=\"description\" content=\"L&#039;annuncio del presidente Giani che fa il punto sull&#039;attivit\u00e0 della centrale acquisti ed ente di supporto tecnico della sanit\u00e0 pubblica regionale\" \/>\n<meta name=\"robots\" content=\"index, follow, max-snippet:-1, max-image-preview:large, max-video-preview:-1\" \/>\n<link rel=\"canonical\" href=\"https:\/\/www.intoscana.it\/it\/estar-cambio-al-vertice-il-nuovo-direttore-e-daniele-testi-tutti-i-numeri-dellente\/\" \/>\n<meta property=\"og:locale\" content=\"it_IT\" \/>\n<meta property=\"og:type\" content=\"article\" \/>\n<meta property=\"og:title\" content=\"Estar, cambio al vertice: il nuovo direttore \u00e8 Daniele Testi. Tutti i numeri dell&#039;ente\" \/>\n<meta property=\"og:description\" content=\"L&#039;annuncio del presidente Giani che fa il punto sull&#039;attivit\u00e0 della centrale acquisti ed ente di supporto tecnico della sanit\u00e0 pubblica regionale\" \/>\n<meta property=\"og:url\" content=\"https:\/\/www.intoscana.it\/it\/estar-cambio-al-vertice-il-nuovo-direttore-e-daniele-testi-tutti-i-numeri-dellente\/\" \/>\n<meta property=\"og:site_name\" content=\"intoscana\" \/>\n<meta property=\"article:publisher\" content=\"https:\/\/www.facebook.com\/intoscana.it\" \/>\n<meta property=\"article:published_time\" content=\"2024-08-30T15:23:14+00:00\" \/>\n<meta property=\"og:image\" content=\"https:\/\/www.intoscana.it\/wp-content\/uploads\/Braganti-a-sinistra-e-il-nuovo-direttore-Testi-e1725031171804.jpeg\" \/>\n\t<meta property=\"og:image:width\" content=\"1222\" \/>\n\t<meta property=\"og:image:height\" content=\"920\" \/>\n\t<meta property=\"og:image:type\" content=\"image\/jpeg\" \/>\n<meta name=\"author\" content=\"Redazione\" \/>\n<meta name=\"twitter:card\" content=\"summary_large_image\" \/>\n<meta name=\"twitter:creator\" content=\"@intoscana\" \/>\n<meta name=\"twitter:site\" content=\"@intoscana\" \/>\n<meta name=\"twitter:label1\" content=\"Written by\" \/>\n\t<meta name=\"twitter:data1\" content=\"Redazione\" \/>\n\t<meta name=\"twitter:label2\" content=\"Est. reading time\" \/>\n\t<meta name=\"twitter:data2\" content=\"3 minuti\" \/>\n<script type=\"application\/ld+json\" class=\"yoast-schema-graph\">{\"@context\":\"https:\/\/schema.org\",\"@graph\":[{\"@type\":\"WebPage\",\"@id\":\"https:\/\/www.intoscana.it\/it\/estar-cambio-al-vertice-il-nuovo-direttore-e-daniele-testi-tutti-i-numeri-dellente\/\",\"url\":\"https:\/\/www.intoscana.it\/it\/estar-cambio-al-vertice-il-nuovo-direttore-e-daniele-testi-tutti-i-numeri-dellente\/\",\"name\":\"Estar, cambio al vertice: il nuovo direttore \u00e8 Daniele Testi. Tutti i numeri dell'ente - intoscana\",\"isPartOf\":{\"@id\":\"https:\/\/www.intoscana.it\/it\/#website\"},\"primaryImageOfPage\":{\"@id\":\"https:\/\/www.intoscana.it\/it\/estar-cambio-al-vertice-il-nuovo-direttore-e-daniele-testi-tutti-i-numeri-dellente\/#primaryimage\"},\"image\":{\"@id\":\"https:\/\/www.intoscana.it\/it\/estar-cambio-al-vertice-il-nuovo-direttore-e-daniele-testi-tutti-i-numeri-dellente\/#primaryimage\"},\"thumbnailUrl\":\"https:\/\/www.intoscana.it\/wp-content\/uploads\/Braganti-a-sinistra-e-il-nuovo-direttore-Testi-e1725031171804.jpeg\",\"datePublished\":\"2024-08-30T15:23:14+00:00\",\"author\":{\"@id\":\"https:\/\/www.intoscana.it\/it\/#\/schema\/person\/9223810753230f20bd670fdd322661f8\"},\"description\":\"L'annuncio del presidente Giani che fa il punto sull'attivit\u00e0 della centrale acquisti ed ente di supporto tecnico della sanit\u00e0 pubblica regionale\",\"breadcrumb\":{\"@id\":\"https:\/\/www.intoscana.it\/it\/estar-cambio-al-vertice-il-nuovo-direttore-e-daniele-testi-tutti-i-numeri-dellente\/#breadcrumb\"},\"inLanguage\":\"it-IT\",\"potentialAction\":[{\"@type\":\"ReadAction\",\"target\":[\"https:\/\/www.intoscana.it\/it\/estar-cambio-al-vertice-il-nuovo-direttore-e-daniele-testi-tutti-i-numeri-dellente\/\"]}]},{\"@type\":\"ImageObject\",\"inLanguage\":\"it-IT\",\"@id\":\"https:\/\/www.intoscana.it\/it\/estar-cambio-al-vertice-il-nuovo-direttore-e-daniele-testi-tutti-i-numeri-dellente\/#primaryimage\",\"url\":\"https:\/\/www.intoscana.it\/wp-content\/uploads\/Braganti-a-sinistra-e-il-nuovo-direttore-Testi-e1725031171804.jpeg\",\"contentUrl\":\"https:\/\/www.intoscana.it\/wp-content\/uploads\/Braganti-a-sinistra-e-il-nuovo-direttore-Testi-e1725031171804.jpeg\",\"width\":1222,\"height\":920},{\"@type\":\"BreadcrumbList\",\"@id\":\"https:\/\/www.intoscana.it\/it\/estar-cambio-al-vertice-il-nuovo-direttore-e-daniele-testi-tutti-i-numeri-dellente\/#breadcrumb\",\"itemListElement\":[{\"@type\":\"ListItem\",\"position\":1,\"name\":\"Home\",\"item\":\"https:\/\/www.intoscana.it\/it\/\"},{\"@type\":\"ListItem\",\"position\":2,\"name\":\"Estar, cambio al vertice: il nuovo direttore \u00e8 Daniele Testi. Tutti i numeri dell&#8217;ente\"}]},{\"@type\":\"WebSite\",\"@id\":\"https:\/\/www.intoscana.it\/it\/#website\",\"url\":\"https:\/\/www.intoscana.it\/it\/\",\"name\":\"intoscana\",\"description\":\"\",\"potentialAction\":[{\"@type\":\"SearchAction\",\"target\":{\"@type\":\"EntryPoint\",\"urlTemplate\":\"https:\/\/www.intoscana.it\/it\/?s={search_term_string}\"},\"query-input\":{\"@type\":\"PropertyValueSpecification\",\"valueRequired\":true,\"valueName\":\"search_term_string\"}}],\"inLanguage\":\"it-IT\"},{\"@type\":\"Person\",\"@id\":\"https:\/\/www.intoscana.it\/it\/#\/schema\/person\/9223810753230f20bd670fdd322661f8\",\"name\":\"Redazione\",\"url\":\"https:\/\/www.intoscana.it\/it\/author\/redazione\/\"}]}<\/script>\n<!-- \/ Yoast SEO Premium plugin. -->","yoast_head_json":{"title":"Estar, cambio al vertice: il nuovo direttore \u00e8 Daniele Testi. Tutti i numeri dell'ente - intoscana","description":"L'annuncio del presidente Giani che fa il punto sull'attivit\u00e0 della centrale acquisti ed ente di supporto tecnico della sanit\u00e0 pubblica regionale","robots":{"index":"index","follow":"follow","max-snippet":"max-snippet:-1","max-image-preview":"max-image-preview:large","max-video-preview":"max-video-preview:-1"},"canonical":"https:\/\/www.intoscana.it\/it\/estar-cambio-al-vertice-il-nuovo-direttore-e-daniele-testi-tutti-i-numeri-dellente\/","og_locale":"it_IT","og_type":"article","og_title":"Estar, cambio al vertice: il nuovo direttore \u00e8 Daniele Testi. Tutti i numeri dell'ente","og_description":"L'annuncio del presidente Giani che fa il punto sull'attivit\u00e0 della centrale acquisti ed ente di supporto tecnico della sanit\u00e0 pubblica regionale","og_url":"https:\/\/www.intoscana.it\/it\/estar-cambio-al-vertice-il-nuovo-direttore-e-daniele-testi-tutti-i-numeri-dellente\/","og_site_name":"intoscana","article_publisher":"https:\/\/www.facebook.com\/intoscana.it","article_published_time":"2024-08-30T15:23:14+00:00","og_image":[{"width":1222,"height":920,"url":"https:\/\/www.intoscana.it\/wp-content\/uploads\/Braganti-a-sinistra-e-il-nuovo-direttore-Testi-e1725031171804.jpeg","type":"image\/jpeg"}],"author":"Redazione","twitter_card":"summary_large_image","twitter_creator":"@intoscana","twitter_site":"@intoscana","twitter_misc":{"Written by":"Redazione","Est. reading time":"3 minuti"},"schema":{"@context":"https:\/\/schema.org","@graph":[{"@type":"WebPage","@id":"https:\/\/www.intoscana.it\/it\/estar-cambio-al-vertice-il-nuovo-direttore-e-daniele-testi-tutti-i-numeri-dellente\/","url":"https:\/\/www.intoscana.it\/it\/estar-cambio-al-vertice-il-nuovo-direttore-e-daniele-testi-tutti-i-numeri-dellente\/","name":"Estar, cambio al vertice: il nuovo direttore \u00e8 Daniele Testi. Tutti i numeri dell'ente - intoscana","isPartOf":{"@id":"https:\/\/www.intoscana.it\/it\/#website"},"primaryImageOfPage":{"@id":"https:\/\/www.intoscana.it\/it\/estar-cambio-al-vertice-il-nuovo-direttore-e-daniele-testi-tutti-i-numeri-dellente\/#primaryimage"},"image":{"@id":"https:\/\/www.intoscana.it\/it\/estar-cambio-al-vertice-il-nuovo-direttore-e-daniele-testi-tutti-i-numeri-dellente\/#primaryimage"},"thumbnailUrl":"https:\/\/www.intoscana.it\/wp-content\/uploads\/Braganti-a-sinistra-e-il-nuovo-direttore-Testi-e1725031171804.jpeg","datePublished":"2024-08-30T15:23:14+00:00","author":{"@id":"https:\/\/www.intoscana.it\/it\/#\/schema\/person\/9223810753230f20bd670fdd322661f8"},"description":"L'annuncio del presidente Giani che fa il punto sull'attivit\u00e0 della centrale acquisti ed ente di supporto tecnico della sanit\u00e0 pubblica regionale","breadcrumb":{"@id":"https:\/\/www.intoscana.it\/it\/estar-cambio-al-vertice-il-nuovo-direttore-e-daniele-testi-tutti-i-numeri-dellente\/#breadcrumb"},"inLanguage":"it-IT","potentialAction":[{"@type":"ReadAction","target":["https:\/\/www.intoscana.it\/it\/estar-cambio-al-vertice-il-nuovo-direttore-e-daniele-testi-tutti-i-numeri-dellente\/"]}]},{"@type":"ImageObject","inLanguage":"it-IT","@id":"https:\/\/www.intoscana.it\/it\/estar-cambio-al-vertice-il-nuovo-direttore-e-daniele-testi-tutti-i-numeri-dellente\/#primaryimage","url":"https:\/\/www.intoscana.it\/wp-content\/uploads\/Braganti-a-sinistra-e-il-nuovo-direttore-Testi-e1725031171804.jpeg","contentUrl":"https:\/\/www.intoscana.it\/wp-content\/uploads\/Braganti-a-sinistra-e-il-nuovo-direttore-Testi-e1725031171804.jpeg","width":1222,"height":920},{"@type":"BreadcrumbList","@id":"https:\/\/www.intoscana.it\/it\/estar-cambio-al-vertice-il-nuovo-direttore-e-daniele-testi-tutti-i-numeri-dellente\/#breadcrumb","itemListElement":[{"@type":"ListItem","position":1,"name":"Home","item":"https:\/\/www.intoscana.it\/it\/"},{"@type":"ListItem","position":2,"name":"Estar, cambio al vertice: il nuovo direttore \u00e8 Daniele Testi. Tutti i numeri dell&#8217;ente"}]},{"@type":"WebSite","@id":"https:\/\/www.intoscana.it\/it\/#website","url":"https:\/\/www.intoscana.it\/it\/","name":"intoscana","description":"","potentialAction":[{"@type":"SearchAction","target":{"@type":"EntryPoint","urlTemplate":"https:\/\/www.intoscana.it\/it\/?s={search_term_string}"},"query-input":{"@type":"PropertyValueSpecification","valueRequired":true,"valueName":"search_term_string"}}],"inLanguage":"it-IT"},{"@type":"Person","@id":"https:\/\/www.intoscana.it\/it\/#\/schema\/person\/9223810753230f20bd670fdd322661f8","name":"Redazione","url":"https:\/\/www.intoscana.it\/it\/author\/redazione\/"}]}},"_links":{"self":[{"href":"https:\/\/www.intoscana.it\/it\/wp-json\/wp\/v2\/posts\/354278","targetHints":{"allow":["GET"]}}],"collection":[{"href":"https:\/\/www.intoscana.it\/it\/wp-json\/wp\/v2\/posts"}],"about":[{"href":"https:\/\/www.intoscana.it\/it\/wp-json\/wp\/v2\/types\/post"}],"author":[{"embeddable":true,"href":"https:\/\/www.intoscana.it\/it\/wp-json\/wp\/v2\/users\/525"}],"replies":[{"embeddable":true,"href":"https:\/\/www.intoscana.it\/it\/wp-json\/wp\/v2\/comments?post=354278"}],"version-history":[{"count":4,"href":"https:\/\/www.intoscana.it\/it\/wp-json\/wp\/v2\/posts\/354278\/revisions"}],"predecessor-version":[{"id":354282,"href":"https:\/\/www.intoscana.it\/it\/wp-json\/wp\/v2\/posts\/354278\/revisions\/354282"}],"wp:featuredmedia":[{"embeddable":true,"href":"https:\/\/www.intoscana.it\/it\/wp-json\/wp\/v2\/media\/354280"}],"wp:attachment":[{"href":"https:\/\/www.intoscana.it\/it\/wp-json\/wp\/v2\/media?parent=354278"}],"wp:term":[{"taxonomy":"category","embeddable":true,"href":"https:\/\/www.intoscana.it\/it\/wp-json\/wp\/v2\/categories?post=354278"},{"taxonomy":"post_tag","embeddable":true,"href":"https:\/\/www.intoscana.it\/it\/wp-json\/wp\/v2\/tags?post=354278"}],"curies":[{"name":"wp","href":"https:\/\/api.w.org\/{rel}","templated":true}]}}