{"id":354380,"date":"2024-09-02T12:12:19","date_gmt":"2024-09-02T10:12:19","guid":{"rendered":"https:\/\/www.intoscana.it\/it\/?p=354380"},"modified":"2024-09-02T12:12:19","modified_gmt":"2024-09-02T10:12:19","slug":"lospedale-meyer-partecipa-a-uno-studio-su-un-nuovo-farmaco-per-il-diabete","status":"publish","type":"post","link":"https:\/\/www.intoscana.it\/it\/lospedale-meyer-partecipa-a-uno-studio-su-un-nuovo-farmaco-per-il-diabete\/","title":{"rendered":"L&#8217;ospedale Meyer partecipa a uno studio su un nuovo farmaco per il diabete"},"content":{"rendered":"<p>La <strong>Diabetologia dell&#8217;Aou Meyer Irccs di Firenze<\/strong> partecipa a uno studio internazionale su un nuovo farmaco per conservare la funzione beta internazionale: \u00e8 la ricerca <strong><em>Fabulinus,<\/em><\/strong> e quello del pediatrico fiorentino \u00e8<strong> l&#8217;unico centro italiano attivo coinvolto.<\/strong><\/p>\n<p>Lo studio, si spiega dal Meyer,<strong> prevede l&#8217;arruolamento di pazienti dai 12 ai 35 anni con diabete di tipo 1<\/strong> entro i novanta giorni dall&#8217;inizio del trattamento con l&#8217;insulina per valutare l&#8217;efficacia dell&#8217;impiego di un nuovo anticorpo monoclonale (rispetto al placebo) nella conservazione della funzione delle beta cellule pancreatiche in adulti e adolescenti con diabete di tipo 1 di nuova diagnosi.<\/p>\n<p>La possibilit\u00e0 di preservare la funzionalit\u00e0 di queste<strong> cellule compromesse dalla patologia<\/strong> &#8211; <em>&#8220;\u00e8 una delle sfide della diabetologia e proprio in questa ottica si inserisce lo studio internazionale. Al momento \u00e8 aperta soltanto la coorte dei pazienti di et\u00e0 maggiore o uguale a diciotto anni, ma presto potranno essere arruolati pazienti di et\u00e0 progressivamente inferiore. Lo studio prevede lo screening e la somministrazione del farmaco o del placebo in modalit\u00e0 randomizzata e il monitoraggio nel tempo della funzionalit\u00e0 beta cellulare&#8221;.<\/em><\/p>\n<p>Grazie alla collaborazione dei centri di diabetologia degli adulti della Toscana e dell&#8217;Emilia Romagna, il Meyer ha avuto la possibilit\u00e0 di ricevere giovani adulti da sottoporre a screening.<\/p>\n<p><em>&#8220;Dall&#8217;ultimo rilevamento effettuato e comunicato sulla newsletter Global di luglio &#8211; <\/em><strong>evidenzia l&#8217;Aou Meyer<\/strong><em> -, l&#8217;ospedale pediatrico fiorentino \u00e8 al terzo gradino sul podio europeo con cinque pazienti screenati e un paziente in trattamento: a oggi i pazienti screenati sono sei di cui due in trattamento&#8221;.<\/em><\/p>\n<p><strong>Per i pazienti con diabete di tipo 1 in terapia insulinica,<\/strong> la ricerca di anticorpi monoclonali sempre pi\u00f9 specifici ha l&#8217;obiettivo di preservare una secrezione beta cellulare residua &#8220;che sappiamo essere insieme all&#8217;insulina un determinante importante per mantenere un buon controllo metabolico e proteggere dallo sviluppo delle complicanze&#8221;.<\/p>\n","protected":false},"excerpt":{"rendered":"<p>Lo studio prevede l&#8217;arruolamento di pazienti dai 12 ai 35 anni con diabete di tipo 1 entro i novanta giorni dall&#8217;inizio del trattamento con l&#8217;insulina, il Meyer \u00e8 l&#8217;unico centro in Italia a partecipare alla sperimentazione<\/p>\n","protected":false},"author":525,"featured_media":185588,"comment_status":"open","ping_status":"open","sticky":false,"template":"","format":"standard","meta":{"_acf_changed":false,"footnotes":""},"categories":[494],"tags":[4911,408,5785,134,349],"class_list":["post-354380","post","type-post","status-publish","format-standard","has-post-thumbnail","hentry","category-attualita","tag-diabete","tag-meyer","tag-ospedale-meyer","tag-salute","tag-sanita"],"acf":[],"yoast_head":"<!-- This site is optimized with the Yoast SEO Premium plugin v24.2 (Yoast SEO v25.6) - https:\/\/yoast.com\/wordpress\/plugins\/seo\/ -->\n<title>L&#039;ospedale Meyer partecipa a uno studio su un nuovo farmaco per il diabete - intoscana<\/title>\n<meta name=\"description\" content=\"Lo studio prevede l&#039;arruolamento di pazienti dai 12 ai 35 anni con diabete di tipo 1 entro i novanta giorni dall&#039;inizio dell&#039;insulina\" \/>\n<meta name=\"robots\" content=\"index, follow, max-snippet:-1, max-image-preview:large, max-video-preview:-1\" \/>\n<link rel=\"canonical\" href=\"https:\/\/www.intoscana.it\/it\/lospedale-meyer-partecipa-a-uno-studio-su-un-nuovo-farmaco-per-il-diabete\/\" \/>\n<meta property=\"og:locale\" content=\"it_IT\" \/>\n<meta property=\"og:type\" content=\"article\" \/>\n<meta property=\"og:title\" content=\"L&#039;ospedale Meyer partecipa a uno studio su un nuovo farmaco per il diabete\" \/>\n<meta property=\"og:description\" content=\"Lo studio prevede l&#039;arruolamento di pazienti dai 12 ai 35 anni con diabete di tipo 1 entro i novanta giorni dall&#039;inizio dell&#039;insulina\" \/>\n<meta property=\"og:url\" content=\"https:\/\/www.intoscana.it\/it\/lospedale-meyer-partecipa-a-uno-studio-su-un-nuovo-farmaco-per-il-diabete\/\" \/>\n<meta property=\"og:site_name\" content=\"intoscana\" \/>\n<meta property=\"article:publisher\" content=\"https:\/\/www.facebook.com\/intoscana.it\" \/>\n<meta property=\"article:published_time\" content=\"2024-09-02T10:12:19+00:00\" \/>\n<meta property=\"og:image\" content=\"https:\/\/www.intoscana.it\/wp-content\/uploads\/meyer-2-1.jpg\" \/>\n\t<meta property=\"og:image:width\" content=\"1800\" \/>\n\t<meta property=\"og:image:height\" content=\"1200\" \/>\n\t<meta property=\"og:image:type\" content=\"image\/jpeg\" \/>\n<meta name=\"author\" content=\"Redazione\" \/>\n<meta name=\"twitter:card\" content=\"summary_large_image\" \/>\n<meta name=\"twitter:creator\" content=\"@intoscana\" \/>\n<meta name=\"twitter:site\" content=\"@intoscana\" \/>\n<meta name=\"twitter:label1\" content=\"Written by\" \/>\n\t<meta name=\"twitter:data1\" content=\"Redazione\" \/>\n\t<meta name=\"twitter:label2\" content=\"Est. reading time\" \/>\n\t<meta name=\"twitter:data2\" content=\"2 minuti\" \/>\n<script type=\"application\/ld+json\" class=\"yoast-schema-graph\">{\"@context\":\"https:\/\/schema.org\",\"@graph\":[{\"@type\":\"WebPage\",\"@id\":\"https:\/\/www.intoscana.it\/it\/lospedale-meyer-partecipa-a-uno-studio-su-un-nuovo-farmaco-per-il-diabete\/\",\"url\":\"https:\/\/www.intoscana.it\/it\/lospedale-meyer-partecipa-a-uno-studio-su-un-nuovo-farmaco-per-il-diabete\/\",\"name\":\"L'ospedale Meyer partecipa a uno studio su un nuovo farmaco per il diabete - intoscana\",\"isPartOf\":{\"@id\":\"https:\/\/www.intoscana.it\/it\/#website\"},\"primaryImageOfPage\":{\"@id\":\"https:\/\/www.intoscana.it\/it\/lospedale-meyer-partecipa-a-uno-studio-su-un-nuovo-farmaco-per-il-diabete\/#primaryimage\"},\"image\":{\"@id\":\"https:\/\/www.intoscana.it\/it\/lospedale-meyer-partecipa-a-uno-studio-su-un-nuovo-farmaco-per-il-diabete\/#primaryimage\"},\"thumbnailUrl\":\"https:\/\/www.intoscana.it\/wp-content\/uploads\/meyer-2-1.jpg\",\"datePublished\":\"2024-09-02T10:12:19+00:00\",\"author\":{\"@id\":\"https:\/\/www.intoscana.it\/it\/#\/schema\/person\/9223810753230f20bd670fdd322661f8\"},\"description\":\"Lo studio prevede l'arruolamento di pazienti dai 12 ai 35 anni con diabete di tipo 1 entro i novanta giorni dall'inizio dell'insulina\",\"breadcrumb\":{\"@id\":\"https:\/\/www.intoscana.it\/it\/lospedale-meyer-partecipa-a-uno-studio-su-un-nuovo-farmaco-per-il-diabete\/#breadcrumb\"},\"inLanguage\":\"it-IT\",\"potentialAction\":[{\"@type\":\"ReadAction\",\"target\":[\"https:\/\/www.intoscana.it\/it\/lospedale-meyer-partecipa-a-uno-studio-su-un-nuovo-farmaco-per-il-diabete\/\"]}]},{\"@type\":\"ImageObject\",\"inLanguage\":\"it-IT\",\"@id\":\"https:\/\/www.intoscana.it\/it\/lospedale-meyer-partecipa-a-uno-studio-su-un-nuovo-farmaco-per-il-diabete\/#primaryimage\",\"url\":\"https:\/\/www.intoscana.it\/wp-content\/uploads\/meyer-2-1.jpg\",\"contentUrl\":\"https:\/\/www.intoscana.it\/wp-content\/uploads\/meyer-2-1.jpg\",\"width\":1800,\"height\":1200},{\"@type\":\"BreadcrumbList\",\"@id\":\"https:\/\/www.intoscana.it\/it\/lospedale-meyer-partecipa-a-uno-studio-su-un-nuovo-farmaco-per-il-diabete\/#breadcrumb\",\"itemListElement\":[{\"@type\":\"ListItem\",\"position\":1,\"name\":\"Home\",\"item\":\"https:\/\/www.intoscana.it\/it\/\"},{\"@type\":\"ListItem\",\"position\":2,\"name\":\"L&#8217;ospedale Meyer partecipa a uno studio su un nuovo farmaco per il diabete\"}]},{\"@type\":\"WebSite\",\"@id\":\"https:\/\/www.intoscana.it\/it\/#website\",\"url\":\"https:\/\/www.intoscana.it\/it\/\",\"name\":\"intoscana\",\"description\":\"\",\"potentialAction\":[{\"@type\":\"SearchAction\",\"target\":{\"@type\":\"EntryPoint\",\"urlTemplate\":\"https:\/\/www.intoscana.it\/it\/?s={search_term_string}\"},\"query-input\":{\"@type\":\"PropertyValueSpecification\",\"valueRequired\":true,\"valueName\":\"search_term_string\"}}],\"inLanguage\":\"it-IT\"},{\"@type\":\"Person\",\"@id\":\"https:\/\/www.intoscana.it\/it\/#\/schema\/person\/9223810753230f20bd670fdd322661f8\",\"name\":\"Redazione\",\"url\":\"https:\/\/www.intoscana.it\/it\/author\/redazione\/\"}]}<\/script>\n<!-- \/ Yoast SEO Premium plugin. -->","yoast_head_json":{"title":"L'ospedale Meyer partecipa a uno studio su un nuovo farmaco per il diabete - intoscana","description":"Lo studio prevede l'arruolamento di pazienti dai 12 ai 35 anni con diabete di tipo 1 entro i novanta giorni dall'inizio dell'insulina","robots":{"index":"index","follow":"follow","max-snippet":"max-snippet:-1","max-image-preview":"max-image-preview:large","max-video-preview":"max-video-preview:-1"},"canonical":"https:\/\/www.intoscana.it\/it\/lospedale-meyer-partecipa-a-uno-studio-su-un-nuovo-farmaco-per-il-diabete\/","og_locale":"it_IT","og_type":"article","og_title":"L'ospedale Meyer partecipa a uno studio su un nuovo farmaco per il diabete","og_description":"Lo studio prevede l'arruolamento di pazienti dai 12 ai 35 anni con diabete di tipo 1 entro i novanta giorni dall'inizio dell'insulina","og_url":"https:\/\/www.intoscana.it\/it\/lospedale-meyer-partecipa-a-uno-studio-su-un-nuovo-farmaco-per-il-diabete\/","og_site_name":"intoscana","article_publisher":"https:\/\/www.facebook.com\/intoscana.it","article_published_time":"2024-09-02T10:12:19+00:00","og_image":[{"width":1800,"height":1200,"url":"https:\/\/www.intoscana.it\/wp-content\/uploads\/meyer-2-1.jpg","type":"image\/jpeg"}],"author":"Redazione","twitter_card":"summary_large_image","twitter_creator":"@intoscana","twitter_site":"@intoscana","twitter_misc":{"Written by":"Redazione","Est. reading time":"2 minuti"},"schema":{"@context":"https:\/\/schema.org","@graph":[{"@type":"WebPage","@id":"https:\/\/www.intoscana.it\/it\/lospedale-meyer-partecipa-a-uno-studio-su-un-nuovo-farmaco-per-il-diabete\/","url":"https:\/\/www.intoscana.it\/it\/lospedale-meyer-partecipa-a-uno-studio-su-un-nuovo-farmaco-per-il-diabete\/","name":"L'ospedale Meyer partecipa a uno studio su un nuovo farmaco per il diabete - intoscana","isPartOf":{"@id":"https:\/\/www.intoscana.it\/it\/#website"},"primaryImageOfPage":{"@id":"https:\/\/www.intoscana.it\/it\/lospedale-meyer-partecipa-a-uno-studio-su-un-nuovo-farmaco-per-il-diabete\/#primaryimage"},"image":{"@id":"https:\/\/www.intoscana.it\/it\/lospedale-meyer-partecipa-a-uno-studio-su-un-nuovo-farmaco-per-il-diabete\/#primaryimage"},"thumbnailUrl":"https:\/\/www.intoscana.it\/wp-content\/uploads\/meyer-2-1.jpg","datePublished":"2024-09-02T10:12:19+00:00","author":{"@id":"https:\/\/www.intoscana.it\/it\/#\/schema\/person\/9223810753230f20bd670fdd322661f8"},"description":"Lo studio prevede l'arruolamento di pazienti dai 12 ai 35 anni con diabete di tipo 1 entro i novanta giorni dall'inizio dell'insulina","breadcrumb":{"@id":"https:\/\/www.intoscana.it\/it\/lospedale-meyer-partecipa-a-uno-studio-su-un-nuovo-farmaco-per-il-diabete\/#breadcrumb"},"inLanguage":"it-IT","potentialAction":[{"@type":"ReadAction","target":["https:\/\/www.intoscana.it\/it\/lospedale-meyer-partecipa-a-uno-studio-su-un-nuovo-farmaco-per-il-diabete\/"]}]},{"@type":"ImageObject","inLanguage":"it-IT","@id":"https:\/\/www.intoscana.it\/it\/lospedale-meyer-partecipa-a-uno-studio-su-un-nuovo-farmaco-per-il-diabete\/#primaryimage","url":"https:\/\/www.intoscana.it\/wp-content\/uploads\/meyer-2-1.jpg","contentUrl":"https:\/\/www.intoscana.it\/wp-content\/uploads\/meyer-2-1.jpg","width":1800,"height":1200},{"@type":"BreadcrumbList","@id":"https:\/\/www.intoscana.it\/it\/lospedale-meyer-partecipa-a-uno-studio-su-un-nuovo-farmaco-per-il-diabete\/#breadcrumb","itemListElement":[{"@type":"ListItem","position":1,"name":"Home","item":"https:\/\/www.intoscana.it\/it\/"},{"@type":"ListItem","position":2,"name":"L&#8217;ospedale Meyer partecipa a uno studio su un nuovo farmaco per il diabete"}]},{"@type":"WebSite","@id":"https:\/\/www.intoscana.it\/it\/#website","url":"https:\/\/www.intoscana.it\/it\/","name":"intoscana","description":"","potentialAction":[{"@type":"SearchAction","target":{"@type":"EntryPoint","urlTemplate":"https:\/\/www.intoscana.it\/it\/?s={search_term_string}"},"query-input":{"@type":"PropertyValueSpecification","valueRequired":true,"valueName":"search_term_string"}}],"inLanguage":"it-IT"},{"@type":"Person","@id":"https:\/\/www.intoscana.it\/it\/#\/schema\/person\/9223810753230f20bd670fdd322661f8","name":"Redazione","url":"https:\/\/www.intoscana.it\/it\/author\/redazione\/"}]}},"_links":{"self":[{"href":"https:\/\/www.intoscana.it\/it\/wp-json\/wp\/v2\/posts\/354380","targetHints":{"allow":["GET"]}}],"collection":[{"href":"https:\/\/www.intoscana.it\/it\/wp-json\/wp\/v2\/posts"}],"about":[{"href":"https:\/\/www.intoscana.it\/it\/wp-json\/wp\/v2\/types\/post"}],"author":[{"embeddable":true,"href":"https:\/\/www.intoscana.it\/it\/wp-json\/wp\/v2\/users\/525"}],"replies":[{"embeddable":true,"href":"https:\/\/www.intoscana.it\/it\/wp-json\/wp\/v2\/comments?post=354380"}],"version-history":[{"count":8,"href":"https:\/\/www.intoscana.it\/it\/wp-json\/wp\/v2\/posts\/354380\/revisions"}],"predecessor-version":[{"id":354400,"href":"https:\/\/www.intoscana.it\/it\/wp-json\/wp\/v2\/posts\/354380\/revisions\/354400"}],"wp:featuredmedia":[{"embeddable":true,"href":"https:\/\/www.intoscana.it\/it\/wp-json\/wp\/v2\/media\/185588"}],"wp:attachment":[{"href":"https:\/\/www.intoscana.it\/it\/wp-json\/wp\/v2\/media?parent=354380"}],"wp:term":[{"taxonomy":"category","embeddable":true,"href":"https:\/\/www.intoscana.it\/it\/wp-json\/wp\/v2\/categories?post=354380"},{"taxonomy":"post_tag","embeddable":true,"href":"https:\/\/www.intoscana.it\/it\/wp-json\/wp\/v2\/tags?post=354380"}],"curies":[{"name":"wp","href":"https:\/\/api.w.org\/{rel}","templated":true}]}}