{"id":354457,"date":"2024-09-02T14:45:53","date_gmt":"2024-09-02T12:45:53","guid":{"rendered":"https:\/\/www.intoscana.it\/it\/?p=354457"},"modified":"2024-09-02T14:45:53","modified_gmt":"2024-09-02T12:45:53","slug":"regione-dal-10-settembre-al-via-le-domande-per-la-mobilita-volontaria-nel-comparto-sanita","status":"publish","type":"post","link":"https:\/\/www.intoscana.it\/it\/regione-dal-10-settembre-al-via-le-domande-per-la-mobilita-volontaria-nel-comparto-sanita\/","title":{"rendered":"Regione: dal 10 settembre al via le domande per la mobilit\u00e0 volontaria nel comparto sanit\u00e0"},"content":{"rendered":"<p>Si apre il 10 settembre la possibilit\u00e0 di <strong>presentare le domande di mobilit\u00e0 volontaria,<\/strong> per spostarsi da un\u2019azienda all\u2019altra, dei dipendenti del comparto del <strong>sistema sanitario della Toscana.<\/strong><\/p>\n<p>L\u2019avviso sar\u00e0 pubblicato sul sito di <strong><a href=\"https:\/\/www.estar.toscana.it\" target=\"_blank\" rel=\"noopener\">Estar, l\u2019ente tecnico di supporto alla Regione<\/a>,<\/strong> nella sezione <strong><em>\u201cConcorsi e Selezioni \u2013 Altri Avvisi\u201d<\/em><\/strong> e i dipendenti in cerca di trasferimento avranno trenta giorni per presentare richiesta e indicare l\u2019azienda dove andare e, nel caso delle aziende territoriali, la zona desiderata.<\/p>\n<p>La graduatoria , come annunciato dal <strong>presidente Eugenio Giani e l\u2019assessore al diritto alla salute Simone Bezzini,<\/strong> sar\u00e0 redatta tenendo conto di alcuni criteri frutto di un costruttivo percorso di concertazione tra Regione Toscana e organizzazioni sindacali. Sar\u00e0 tenuta di conto l\u2019anzianit\u00e0 di servizio, la situazione personale o familiare (ovvero la presenza, ad esempio, di figli e di quale et\u00e0, altri conviventi e disabilit\u00e0) e avr\u00e0 un peso la distanza tra il luogo di lavoro e il luogo di residenza.<\/p>\n<p>Tutti i dettagli saranno specificati nell\u2019avviso. <em>\u201cSi tratta di un\u2019opportunit\u00e0 per chi risiede lontano dal presidio in cui lavora \u2013 <\/em><strong>commentano Giani e Bezzini <\/strong><em>\u2013. Il nostro obiettivo \u00e8 semplificare e migliorare la qualit\u00e0 della vita delle lavoratrici e i lavoratori del nostro sistema sanitario, contribuendo a ridurre le pressioni emotive ed economiche\u201d.<\/em><\/p>\n<p><em>\u201cCon le organizzazioni sindacali, che ringraziamo ancora una volta <\/em><strong>\u2013 aggiungono &#8211;<\/strong><em>, c\u2019\u00e8 stato un confronto positivo che ci ha portato ad individuare i criteri che definiranno la graduatoria di questo avviso molto atteso dai dipendenti del comparto del sistema sanitario. Siamo soddisfatti per il passaggio che si concretizzer\u00e0 nei prossimi giorni\u201d.<\/em><\/p>\n","protected":false},"excerpt":{"rendered":"<p>I dipendenti in cerca di trasferimento avranno trenta giorni per presentare richiesta e indicare l\u2019azienda dove andare e, nel caso delle aziende territoriali, la zona desiderata<\/p>\n","protected":false},"author":525,"featured_media":235442,"comment_status":"open","ping_status":"open","sticky":false,"template":"","format":"standard","meta":{"_acf_changed":false,"footnotes":""},"categories":[494],"tags":[158,151,4883],"class_list":["post-354457","post","type-post","status-publish","format-standard","has-post-thumbnail","hentry","category-attualita","tag-eugenio-giani","tag-regione-toscana","tag-simone-bezzini"],"acf":[],"yoast_head":"<!-- This site is optimized with the Yoast SEO Premium plugin v24.2 (Yoast SEO v25.6) - https:\/\/yoast.com\/wordpress\/plugins\/seo\/ -->\n<title>Regione: dal 10 settembre al via le domande per la mobilit\u00e0 volontaria nel comparto sanit\u00e0 - intoscana<\/title>\n<meta name=\"description\" content=\"I dipendenti in cerca di trasferimento avranno trenta giorni per presentare richiesta e indicare l\u2019azienda dove andare e la zona desiderata\" \/>\n<meta name=\"robots\" content=\"index, follow, max-snippet:-1, max-image-preview:large, max-video-preview:-1\" \/>\n<link rel=\"canonical\" href=\"https:\/\/www.intoscana.it\/it\/regione-dal-10-settembre-al-via-le-domande-per-la-mobilita-volontaria-nel-comparto-sanita\/\" \/>\n<meta property=\"og:locale\" content=\"it_IT\" \/>\n<meta property=\"og:type\" content=\"article\" \/>\n<meta property=\"og:title\" content=\"Regione: dal 10 settembre al via le domande per la mobilit\u00e0 volontaria nel comparto sanit\u00e0\" \/>\n<meta property=\"og:description\" content=\"I dipendenti in cerca di trasferimento avranno trenta giorni per presentare richiesta e indicare l\u2019azienda dove andare e la zona desiderata\" \/>\n<meta property=\"og:url\" content=\"https:\/\/www.intoscana.it\/it\/regione-dal-10-settembre-al-via-le-domande-per-la-mobilita-volontaria-nel-comparto-sanita\/\" \/>\n<meta property=\"og:site_name\" content=\"intoscana\" \/>\n<meta property=\"article:publisher\" content=\"https:\/\/www.facebook.com\/intoscana.it\" \/>\n<meta property=\"article:published_time\" content=\"2024-09-02T12:45:53+00:00\" \/>\n<meta property=\"og:image\" content=\"https:\/\/www.intoscana.it\/wp-content\/uploads\/Computer-scaled.jpg\" \/>\n\t<meta property=\"og:image:width\" content=\"2048\" \/>\n\t<meta property=\"og:image:height\" content=\"1367\" \/>\n\t<meta property=\"og:image:type\" content=\"image\/jpeg\" \/>\n<meta name=\"author\" content=\"Redazione\" \/>\n<meta name=\"twitter:card\" content=\"summary_large_image\" \/>\n<meta name=\"twitter:creator\" content=\"@intoscana\" \/>\n<meta name=\"twitter:site\" content=\"@intoscana\" \/>\n<meta name=\"twitter:label1\" content=\"Written by\" \/>\n\t<meta name=\"twitter:data1\" content=\"Redazione\" \/>\n\t<meta name=\"twitter:label2\" content=\"Est. reading time\" \/>\n\t<meta name=\"twitter:data2\" content=\"2 minuti\" \/>\n<script type=\"application\/ld+json\" class=\"yoast-schema-graph\">{\"@context\":\"https:\/\/schema.org\",\"@graph\":[{\"@type\":\"WebPage\",\"@id\":\"https:\/\/www.intoscana.it\/it\/regione-dal-10-settembre-al-via-le-domande-per-la-mobilita-volontaria-nel-comparto-sanita\/\",\"url\":\"https:\/\/www.intoscana.it\/it\/regione-dal-10-settembre-al-via-le-domande-per-la-mobilita-volontaria-nel-comparto-sanita\/\",\"name\":\"Regione: dal 10 settembre al via le domande per la mobilit\u00e0 volontaria nel comparto sanit\u00e0 - intoscana\",\"isPartOf\":{\"@id\":\"https:\/\/www.intoscana.it\/it\/#website\"},\"primaryImageOfPage\":{\"@id\":\"https:\/\/www.intoscana.it\/it\/regione-dal-10-settembre-al-via-le-domande-per-la-mobilita-volontaria-nel-comparto-sanita\/#primaryimage\"},\"image\":{\"@id\":\"https:\/\/www.intoscana.it\/it\/regione-dal-10-settembre-al-via-le-domande-per-la-mobilita-volontaria-nel-comparto-sanita\/#primaryimage\"},\"thumbnailUrl\":\"https:\/\/www.intoscana.it\/wp-content\/uploads\/Computer-scaled.jpg\",\"datePublished\":\"2024-09-02T12:45:53+00:00\",\"author\":{\"@id\":\"https:\/\/www.intoscana.it\/it\/#\/schema\/person\/9223810753230f20bd670fdd322661f8\"},\"description\":\"I dipendenti in cerca di trasferimento avranno trenta giorni per presentare richiesta e indicare l\u2019azienda dove andare e la zona desiderata\",\"breadcrumb\":{\"@id\":\"https:\/\/www.intoscana.it\/it\/regione-dal-10-settembre-al-via-le-domande-per-la-mobilita-volontaria-nel-comparto-sanita\/#breadcrumb\"},\"inLanguage\":\"it-IT\",\"potentialAction\":[{\"@type\":\"ReadAction\",\"target\":[\"https:\/\/www.intoscana.it\/it\/regione-dal-10-settembre-al-via-le-domande-per-la-mobilita-volontaria-nel-comparto-sanita\/\"]}]},{\"@type\":\"ImageObject\",\"inLanguage\":\"it-IT\",\"@id\":\"https:\/\/www.intoscana.it\/it\/regione-dal-10-settembre-al-via-le-domande-per-la-mobilita-volontaria-nel-comparto-sanita\/#primaryimage\",\"url\":\"https:\/\/www.intoscana.it\/wp-content\/uploads\/Computer-scaled.jpg\",\"contentUrl\":\"https:\/\/www.intoscana.it\/wp-content\/uploads\/Computer-scaled.jpg\",\"width\":2048,\"height\":1367},{\"@type\":\"BreadcrumbList\",\"@id\":\"https:\/\/www.intoscana.it\/it\/regione-dal-10-settembre-al-via-le-domande-per-la-mobilita-volontaria-nel-comparto-sanita\/#breadcrumb\",\"itemListElement\":[{\"@type\":\"ListItem\",\"position\":1,\"name\":\"Home\",\"item\":\"https:\/\/www.intoscana.it\/it\/\"},{\"@type\":\"ListItem\",\"position\":2,\"name\":\"Regione: dal 10 settembre al via le domande per la mobilit\u00e0 volontaria nel comparto sanit\u00e0\"}]},{\"@type\":\"WebSite\",\"@id\":\"https:\/\/www.intoscana.it\/it\/#website\",\"url\":\"https:\/\/www.intoscana.it\/it\/\",\"name\":\"intoscana\",\"description\":\"\",\"potentialAction\":[{\"@type\":\"SearchAction\",\"target\":{\"@type\":\"EntryPoint\",\"urlTemplate\":\"https:\/\/www.intoscana.it\/it\/?s={search_term_string}\"},\"query-input\":{\"@type\":\"PropertyValueSpecification\",\"valueRequired\":true,\"valueName\":\"search_term_string\"}}],\"inLanguage\":\"it-IT\"},{\"@type\":\"Person\",\"@id\":\"https:\/\/www.intoscana.it\/it\/#\/schema\/person\/9223810753230f20bd670fdd322661f8\",\"name\":\"Redazione\",\"url\":\"https:\/\/www.intoscana.it\/it\/author\/redazione\/\"}]}<\/script>\n<!-- \/ Yoast SEO Premium plugin. -->","yoast_head_json":{"title":"Regione: dal 10 settembre al via le domande per la mobilit\u00e0 volontaria nel comparto sanit\u00e0 - intoscana","description":"I dipendenti in cerca di trasferimento avranno trenta giorni per presentare richiesta e indicare l\u2019azienda dove andare e la zona desiderata","robots":{"index":"index","follow":"follow","max-snippet":"max-snippet:-1","max-image-preview":"max-image-preview:large","max-video-preview":"max-video-preview:-1"},"canonical":"https:\/\/www.intoscana.it\/it\/regione-dal-10-settembre-al-via-le-domande-per-la-mobilita-volontaria-nel-comparto-sanita\/","og_locale":"it_IT","og_type":"article","og_title":"Regione: dal 10 settembre al via le domande per la mobilit\u00e0 volontaria nel comparto sanit\u00e0","og_description":"I dipendenti in cerca di trasferimento avranno trenta giorni per presentare richiesta e indicare l\u2019azienda dove andare e la zona desiderata","og_url":"https:\/\/www.intoscana.it\/it\/regione-dal-10-settembre-al-via-le-domande-per-la-mobilita-volontaria-nel-comparto-sanita\/","og_site_name":"intoscana","article_publisher":"https:\/\/www.facebook.com\/intoscana.it","article_published_time":"2024-09-02T12:45:53+00:00","og_image":[{"width":2048,"height":1367,"url":"https:\/\/www.intoscana.it\/wp-content\/uploads\/Computer-scaled.jpg","type":"image\/jpeg"}],"author":"Redazione","twitter_card":"summary_large_image","twitter_creator":"@intoscana","twitter_site":"@intoscana","twitter_misc":{"Written by":"Redazione","Est. reading time":"2 minuti"},"schema":{"@context":"https:\/\/schema.org","@graph":[{"@type":"WebPage","@id":"https:\/\/www.intoscana.it\/it\/regione-dal-10-settembre-al-via-le-domande-per-la-mobilita-volontaria-nel-comparto-sanita\/","url":"https:\/\/www.intoscana.it\/it\/regione-dal-10-settembre-al-via-le-domande-per-la-mobilita-volontaria-nel-comparto-sanita\/","name":"Regione: dal 10 settembre al via le domande per la mobilit\u00e0 volontaria nel comparto sanit\u00e0 - intoscana","isPartOf":{"@id":"https:\/\/www.intoscana.it\/it\/#website"},"primaryImageOfPage":{"@id":"https:\/\/www.intoscana.it\/it\/regione-dal-10-settembre-al-via-le-domande-per-la-mobilita-volontaria-nel-comparto-sanita\/#primaryimage"},"image":{"@id":"https:\/\/www.intoscana.it\/it\/regione-dal-10-settembre-al-via-le-domande-per-la-mobilita-volontaria-nel-comparto-sanita\/#primaryimage"},"thumbnailUrl":"https:\/\/www.intoscana.it\/wp-content\/uploads\/Computer-scaled.jpg","datePublished":"2024-09-02T12:45:53+00:00","author":{"@id":"https:\/\/www.intoscana.it\/it\/#\/schema\/person\/9223810753230f20bd670fdd322661f8"},"description":"I dipendenti in cerca di trasferimento avranno trenta giorni per presentare richiesta e indicare l\u2019azienda dove andare e la zona desiderata","breadcrumb":{"@id":"https:\/\/www.intoscana.it\/it\/regione-dal-10-settembre-al-via-le-domande-per-la-mobilita-volontaria-nel-comparto-sanita\/#breadcrumb"},"inLanguage":"it-IT","potentialAction":[{"@type":"ReadAction","target":["https:\/\/www.intoscana.it\/it\/regione-dal-10-settembre-al-via-le-domande-per-la-mobilita-volontaria-nel-comparto-sanita\/"]}]},{"@type":"ImageObject","inLanguage":"it-IT","@id":"https:\/\/www.intoscana.it\/it\/regione-dal-10-settembre-al-via-le-domande-per-la-mobilita-volontaria-nel-comparto-sanita\/#primaryimage","url":"https:\/\/www.intoscana.it\/wp-content\/uploads\/Computer-scaled.jpg","contentUrl":"https:\/\/www.intoscana.it\/wp-content\/uploads\/Computer-scaled.jpg","width":2048,"height":1367},{"@type":"BreadcrumbList","@id":"https:\/\/www.intoscana.it\/it\/regione-dal-10-settembre-al-via-le-domande-per-la-mobilita-volontaria-nel-comparto-sanita\/#breadcrumb","itemListElement":[{"@type":"ListItem","position":1,"name":"Home","item":"https:\/\/www.intoscana.it\/it\/"},{"@type":"ListItem","position":2,"name":"Regione: dal 10 settembre al via le domande per la mobilit\u00e0 volontaria nel comparto sanit\u00e0"}]},{"@type":"WebSite","@id":"https:\/\/www.intoscana.it\/it\/#website","url":"https:\/\/www.intoscana.it\/it\/","name":"intoscana","description":"","potentialAction":[{"@type":"SearchAction","target":{"@type":"EntryPoint","urlTemplate":"https:\/\/www.intoscana.it\/it\/?s={search_term_string}"},"query-input":{"@type":"PropertyValueSpecification","valueRequired":true,"valueName":"search_term_string"}}],"inLanguage":"it-IT"},{"@type":"Person","@id":"https:\/\/www.intoscana.it\/it\/#\/schema\/person\/9223810753230f20bd670fdd322661f8","name":"Redazione","url":"https:\/\/www.intoscana.it\/it\/author\/redazione\/"}]}},"_links":{"self":[{"href":"https:\/\/www.intoscana.it\/it\/wp-json\/wp\/v2\/posts\/354457","targetHints":{"allow":["GET"]}}],"collection":[{"href":"https:\/\/www.intoscana.it\/it\/wp-json\/wp\/v2\/posts"}],"about":[{"href":"https:\/\/www.intoscana.it\/it\/wp-json\/wp\/v2\/types\/post"}],"author":[{"embeddable":true,"href":"https:\/\/www.intoscana.it\/it\/wp-json\/wp\/v2\/users\/525"}],"replies":[{"embeddable":true,"href":"https:\/\/www.intoscana.it\/it\/wp-json\/wp\/v2\/comments?post=354457"}],"version-history":[{"count":6,"href":"https:\/\/www.intoscana.it\/it\/wp-json\/wp\/v2\/posts\/354457\/revisions"}],"predecessor-version":[{"id":354486,"href":"https:\/\/www.intoscana.it\/it\/wp-json\/wp\/v2\/posts\/354457\/revisions\/354486"}],"wp:featuredmedia":[{"embeddable":true,"href":"https:\/\/www.intoscana.it\/it\/wp-json\/wp\/v2\/media\/235442"}],"wp:attachment":[{"href":"https:\/\/www.intoscana.it\/it\/wp-json\/wp\/v2\/media?parent=354457"}],"wp:term":[{"taxonomy":"category","embeddable":true,"href":"https:\/\/www.intoscana.it\/it\/wp-json\/wp\/v2\/categories?post=354457"},{"taxonomy":"post_tag","embeddable":true,"href":"https:\/\/www.intoscana.it\/it\/wp-json\/wp\/v2\/tags?post=354457"}],"curies":[{"name":"wp","href":"https:\/\/api.w.org\/{rel}","templated":true}]}}