{"id":354500,"date":"2024-09-02T15:34:55","date_gmt":"2024-09-02T13:34:55","guid":{"rendered":"https:\/\/www.intoscana.it\/it\/?p=354500"},"modified":"2024-09-02T16:15:21","modified_gmt":"2024-09-02T14:15:21","slug":"tantissimi-eventi-a-firenze-per-la-10esima-edizione-del-festival-delle-associazioni-culturali","status":"publish","type":"post","link":"https:\/\/www.intoscana.it\/it\/tantissimi-eventi-a-firenze-per-la-10esima-edizione-del-festival-delle-associazioni-culturali\/","title":{"rendered":"Tantissimi eventi a Firenze per la 10esima edizione del Festival delle Associazioni Culturali"},"content":{"rendered":"<p><strong>Dal 4 al 29 settembre e dal 3 al 26 ottobre<\/strong> torna il <strong>Festival delle Associazioni Culturali Fiorentine.\u00a0<\/strong><\/p>\n<p>In calendario quasi<strong> quaranta appuntamenti a settembre,<\/strong> a cui si aggiungono quelli del <strong><em>&#8220;dopo festival&#8221;<\/em> <\/strong>che continuer\u00e0 ad animare la citt\u00e0 <strong>anche in ottobre.\u00a0<\/strong><\/p>\n<p>In programma: <strong>concerti, spettacoli, incontri, tour tematici in giro per la citt\u00e0, visite a mostre e case museo.<\/strong><\/p>\n<p><em>&#8220;La nostra Settimana delle Associazioni Culturali da qualche anno si \u00e8 trasformata in un grande festival, che anche quest\u2019anno coinvolge numerose associazioni, toccando tante sedi dentro e fuori la citt\u00e0 di Firenze \u2013 <\/em>spiega <strong>Antonia Ida Fontana, presidente del <a href=\"https:\/\/www.associazioniculturalifirenze.org\" target=\"_blank\" rel=\"noopener\">Centro Associazioni Culturali Fiorentine<\/a><\/strong> e organizzatrice della manifestazione <em>\u2013 Oltre a un cartellone particolarmente ricco, che si estender\u00e0 anche al mese di ottobre, abbiamo quindi voluto celebrare il nostro decimo anniversario con un logo dedicato e con un appuntamento dedicato al ruolo delle associazioni culturali come investimento per il futuro&#8221;.<\/em><\/p>\n<p><em>&#8220;L\u2019eccezionale vitalit\u00e0 di Firenze si manifesta, oltre che in grandi eventi e celebri istituzioni culturali, in una miriade di associazioni impegnate ad approfondire singoli aspetti del presente e del passato artistico, storico, musicale, letterario della nostra citt\u00e0 &#8211;<\/em><strong> commenta la sindaca di Firenze Sara Funaro<\/strong><em> -. Realt\u00e0 forse dimensionalmente pi\u00f9 piccole, ma certo non meno importanti per permettere ai nostri concittadini (oltre che ai turisti) di coltivare la loro passione per la cultura. Eventi come il Festival delle Associazioni culturali, arrivato alla decima edizione e coordinato dalla presidente Antonia Ida Fontana, sono la riprova di questa vitalit\u00e0, ma anche di quanto fare rete sia sempre la strategia migliore. Ecco perch\u00e9 riteniamo che questa iniziativa, in grado di proporre un panorama vasto di ci\u00f2 che Firenze offre, abbia uno straordinario valore. Rappresenta infatti un\u2019occasione di conoscenza e, al tempo stesso, un momento d\u2019incontro. Un\u2019opportunit\u00e0 che consigliamo a tutti i fiorentini (e non solo) di sfruttare. Per scoprire la citt\u00e0 da nuovi punti di vista. E per stupirsi, ancora una volta, della loro eccezionale variet\u00e0&#8221;.<\/em><\/p>\n<p>Si partir\u00e0 <strong>mercoled\u00ec 4 settembre<\/strong> (ore 16:15) nella Sala grande del Teatro della Pergola di Firenze con lo spettacolo teatrale <strong><em>\u201cVita meravigliosa\u201d<\/em>,<\/strong> in sinergia con Il Foyer &#8211; Amici della Lirica di Firenze e in collaborazione con Fondazione <strong>Teatro della Toscana.<\/strong> Un omaggio alla <strong>poetessa Patrizia Cavalli<\/strong> che vedr\u00e0 protagonista <strong>Iaia Forte,<\/strong> accompagnata dalle musiche dal vivo di Diana Tejera.<\/p>\n<p>A seguire il <strong>Concerto lirico con Laura Verrecchia,<\/strong> mezzosoprano, ed Elisabetta Sepe al pianoforte, <strong><em>&#8220;De Espa\u00f1a vengo&#8221;<\/em><\/strong> che, prendendo lo spunto da una celebre aria di Pablo Luna presenta un excursus di brani vocali legati alla Spagna. Musiche di Rossini, Verdi, Bizet, De Falla e Barbieri (prenotazione obbligatoria: prenotazione.festivalfirenze@gmail.com).<\/p>\n<p>La chiusura sar\u00e0 invece <strong>domenica 29<\/strong> (ore 11:30) nel Giardino della catena del Parco delle Cascine con un appuntamento nel segno della musica e dell\u2019ambiente a cura di Associazione Musicale Fiorentina APS e Firenze Greenway. In programma il <strong>Concerto del Complesso Bandistico dell\u2019Associazione Musicale Fiorentina<\/strong> diretta dal Maestro Alessandro Giusti e la possibilit\u00e0 di misurare la propria impronta ambientale. Ingresso libero.<\/p>\n<p>Il Festival rientra nell<strong>&#8216;Estate Fiorentina<\/strong> e gode del contributo della<strong> Fondazione CRFirenze e del Cesvot.<\/strong> Sponsor tecnico \u00e8 invece <strong>Unicoop Firenze.<\/strong><\/p>\n<p>&nbsp;<\/p>\n","protected":false},"excerpt":{"rendered":"<p>Dal 4 al 29 settembre oltre 40 eventi in tutta la citt\u00e0 tra concerti, spettacoli, incontri, tour tematici in giro per la citt\u00e0, visite a mostre e case museo. Il festival prosegue anche ad ottobre con altre 14 iniziative<\/p>\n","protected":false},"author":525,"featured_media":37573,"comment_status":"open","ping_status":"open","sticky":false,"template":"","format":"standard","meta":{"_acf_changed":false,"footnotes":""},"categories":[493],"tags":[228,202],"class_list":["post-354500","post","type-post","status-publish","format-standard","has-post-thumbnail","hentry","category-cultura","tag-festival","tag-firenze"],"acf":[],"yoast_head":"<!-- This site is optimized with the Yoast SEO Premium plugin v24.2 (Yoast SEO v25.6) - https:\/\/yoast.com\/wordpress\/plugins\/seo\/ -->\n<title>Tantissimi eventi a Firenze per la 10esima edizione del Festival delle Associazioni Culturali - intoscana<\/title>\n<meta name=\"description\" content=\"Dal 4 al 29 settembre oltre 40 eventi in tutta la citt\u00e0 tra concerti, spettacoli, incontri, tour tematici in giro per la citt\u00e0, mostre\" \/>\n<meta name=\"robots\" content=\"index, follow, max-snippet:-1, max-image-preview:large, max-video-preview:-1\" \/>\n<link rel=\"canonical\" href=\"https:\/\/www.intoscana.it\/it\/tantissimi-eventi-a-firenze-per-la-10esima-edizione-del-festival-delle-associazioni-culturali\/\" \/>\n<meta property=\"og:locale\" content=\"it_IT\" \/>\n<meta property=\"og:type\" content=\"article\" \/>\n<meta property=\"og:title\" content=\"Tantissimi eventi a Firenze per la 10esima edizione del Festival delle Associazioni Culturali\" \/>\n<meta property=\"og:description\" content=\"Dal 4 al 29 settembre oltre 40 eventi in tutta la citt\u00e0 tra concerti, spettacoli, incontri, tour tematici in giro per la citt\u00e0, mostre\" \/>\n<meta property=\"og:url\" content=\"https:\/\/www.intoscana.it\/it\/tantissimi-eventi-a-firenze-per-la-10esima-edizione-del-festival-delle-associazioni-culturali\/\" \/>\n<meta property=\"og:site_name\" content=\"intoscana\" \/>\n<meta property=\"article:publisher\" content=\"https:\/\/www.facebook.com\/intoscana.it\" \/>\n<meta property=\"article:published_time\" content=\"2024-09-02T13:34:55+00:00\" \/>\n<meta property=\"article:modified_time\" content=\"2024-09-02T14:15:21+00:00\" \/>\n<meta property=\"og:image\" content=\"https:\/\/www.intoscana.it\/wp-content\/uploads\/MG_4579_2_piugiallo.jpg\" \/>\n\t<meta property=\"og:image:width\" content=\"1000\" \/>\n\t<meta property=\"og:image:height\" content=\"667\" \/>\n\t<meta property=\"og:image:type\" content=\"image\/jpeg\" \/>\n<meta name=\"author\" content=\"Redazione\" \/>\n<meta name=\"twitter:card\" content=\"summary_large_image\" \/>\n<meta name=\"twitter:creator\" content=\"@intoscana\" \/>\n<meta name=\"twitter:site\" content=\"@intoscana\" \/>\n<meta name=\"twitter:label1\" content=\"Written by\" \/>\n\t<meta name=\"twitter:data1\" content=\"Redazione\" \/>\n\t<meta name=\"twitter:label2\" content=\"Est. reading time\" \/>\n\t<meta name=\"twitter:data2\" content=\"3 minuti\" \/>\n<script type=\"application\/ld+json\" class=\"yoast-schema-graph\">{\"@context\":\"https:\/\/schema.org\",\"@graph\":[{\"@type\":\"WebPage\",\"@id\":\"https:\/\/www.intoscana.it\/it\/tantissimi-eventi-a-firenze-per-la-10esima-edizione-del-festival-delle-associazioni-culturali\/\",\"url\":\"https:\/\/www.intoscana.it\/it\/tantissimi-eventi-a-firenze-per-la-10esima-edizione-del-festival-delle-associazioni-culturali\/\",\"name\":\"Tantissimi eventi a Firenze per la 10esima edizione del Festival delle Associazioni Culturali - intoscana\",\"isPartOf\":{\"@id\":\"https:\/\/www.intoscana.it\/it\/#website\"},\"primaryImageOfPage\":{\"@id\":\"https:\/\/www.intoscana.it\/it\/tantissimi-eventi-a-firenze-per-la-10esima-edizione-del-festival-delle-associazioni-culturali\/#primaryimage\"},\"image\":{\"@id\":\"https:\/\/www.intoscana.it\/it\/tantissimi-eventi-a-firenze-per-la-10esima-edizione-del-festival-delle-associazioni-culturali\/#primaryimage\"},\"thumbnailUrl\":\"https:\/\/www.intoscana.it\/wp-content\/uploads\/MG_4579_2_piugiallo.jpg\",\"datePublished\":\"2024-09-02T13:34:55+00:00\",\"dateModified\":\"2024-09-02T14:15:21+00:00\",\"author\":{\"@id\":\"https:\/\/www.intoscana.it\/it\/#\/schema\/person\/9223810753230f20bd670fdd322661f8\"},\"description\":\"Dal 4 al 29 settembre oltre 40 eventi in tutta la citt\u00e0 tra concerti, spettacoli, incontri, tour tematici in giro per la citt\u00e0, mostre\",\"breadcrumb\":{\"@id\":\"https:\/\/www.intoscana.it\/it\/tantissimi-eventi-a-firenze-per-la-10esima-edizione-del-festival-delle-associazioni-culturali\/#breadcrumb\"},\"inLanguage\":\"it-IT\",\"potentialAction\":[{\"@type\":\"ReadAction\",\"target\":[\"https:\/\/www.intoscana.it\/it\/tantissimi-eventi-a-firenze-per-la-10esima-edizione-del-festival-delle-associazioni-culturali\/\"]}]},{\"@type\":\"ImageObject\",\"inLanguage\":\"it-IT\",\"@id\":\"https:\/\/www.intoscana.it\/it\/tantissimi-eventi-a-firenze-per-la-10esima-edizione-del-festival-delle-associazioni-culturali\/#primaryimage\",\"url\":\"https:\/\/www.intoscana.it\/wp-content\/uploads\/MG_4579_2_piugiallo.jpg\",\"contentUrl\":\"https:\/\/www.intoscana.it\/wp-content\/uploads\/MG_4579_2_piugiallo.jpg\",\"width\":1000,\"height\":667},{\"@type\":\"BreadcrumbList\",\"@id\":\"https:\/\/www.intoscana.it\/it\/tantissimi-eventi-a-firenze-per-la-10esima-edizione-del-festival-delle-associazioni-culturali\/#breadcrumb\",\"itemListElement\":[{\"@type\":\"ListItem\",\"position\":1,\"name\":\"Home\",\"item\":\"https:\/\/www.intoscana.it\/it\/\"},{\"@type\":\"ListItem\",\"position\":2,\"name\":\"Tantissimi eventi a Firenze per la 10esima edizione del Festival delle Associazioni Culturali\"}]},{\"@type\":\"WebSite\",\"@id\":\"https:\/\/www.intoscana.it\/it\/#website\",\"url\":\"https:\/\/www.intoscana.it\/it\/\",\"name\":\"intoscana\",\"description\":\"\",\"potentialAction\":[{\"@type\":\"SearchAction\",\"target\":{\"@type\":\"EntryPoint\",\"urlTemplate\":\"https:\/\/www.intoscana.it\/it\/?s={search_term_string}\"},\"query-input\":{\"@type\":\"PropertyValueSpecification\",\"valueRequired\":true,\"valueName\":\"search_term_string\"}}],\"inLanguage\":\"it-IT\"},{\"@type\":\"Person\",\"@id\":\"https:\/\/www.intoscana.it\/it\/#\/schema\/person\/9223810753230f20bd670fdd322661f8\",\"name\":\"Redazione\",\"url\":\"https:\/\/www.intoscana.it\/it\/author\/redazione\/\"}]}<\/script>\n<!-- \/ Yoast SEO Premium plugin. -->","yoast_head_json":{"title":"Tantissimi eventi a Firenze per la 10esima edizione del Festival delle Associazioni Culturali - intoscana","description":"Dal 4 al 29 settembre oltre 40 eventi in tutta la citt\u00e0 tra concerti, spettacoli, incontri, tour tematici in giro per la citt\u00e0, mostre","robots":{"index":"index","follow":"follow","max-snippet":"max-snippet:-1","max-image-preview":"max-image-preview:large","max-video-preview":"max-video-preview:-1"},"canonical":"https:\/\/www.intoscana.it\/it\/tantissimi-eventi-a-firenze-per-la-10esima-edizione-del-festival-delle-associazioni-culturali\/","og_locale":"it_IT","og_type":"article","og_title":"Tantissimi eventi a Firenze per la 10esima edizione del Festival delle Associazioni Culturali","og_description":"Dal 4 al 29 settembre oltre 40 eventi in tutta la citt\u00e0 tra concerti, spettacoli, incontri, tour tematici in giro per la citt\u00e0, mostre","og_url":"https:\/\/www.intoscana.it\/it\/tantissimi-eventi-a-firenze-per-la-10esima-edizione-del-festival-delle-associazioni-culturali\/","og_site_name":"intoscana","article_publisher":"https:\/\/www.facebook.com\/intoscana.it","article_published_time":"2024-09-02T13:34:55+00:00","article_modified_time":"2024-09-02T14:15:21+00:00","og_image":[{"width":1000,"height":667,"url":"https:\/\/www.intoscana.it\/wp-content\/uploads\/MG_4579_2_piugiallo.jpg","type":"image\/jpeg"}],"author":"Redazione","twitter_card":"summary_large_image","twitter_creator":"@intoscana","twitter_site":"@intoscana","twitter_misc":{"Written by":"Redazione","Est. reading time":"3 minuti"},"schema":{"@context":"https:\/\/schema.org","@graph":[{"@type":"WebPage","@id":"https:\/\/www.intoscana.it\/it\/tantissimi-eventi-a-firenze-per-la-10esima-edizione-del-festival-delle-associazioni-culturali\/","url":"https:\/\/www.intoscana.it\/it\/tantissimi-eventi-a-firenze-per-la-10esima-edizione-del-festival-delle-associazioni-culturali\/","name":"Tantissimi eventi a Firenze per la 10esima edizione del Festival delle Associazioni Culturali - intoscana","isPartOf":{"@id":"https:\/\/www.intoscana.it\/it\/#website"},"primaryImageOfPage":{"@id":"https:\/\/www.intoscana.it\/it\/tantissimi-eventi-a-firenze-per-la-10esima-edizione-del-festival-delle-associazioni-culturali\/#primaryimage"},"image":{"@id":"https:\/\/www.intoscana.it\/it\/tantissimi-eventi-a-firenze-per-la-10esima-edizione-del-festival-delle-associazioni-culturali\/#primaryimage"},"thumbnailUrl":"https:\/\/www.intoscana.it\/wp-content\/uploads\/MG_4579_2_piugiallo.jpg","datePublished":"2024-09-02T13:34:55+00:00","dateModified":"2024-09-02T14:15:21+00:00","author":{"@id":"https:\/\/www.intoscana.it\/it\/#\/schema\/person\/9223810753230f20bd670fdd322661f8"},"description":"Dal 4 al 29 settembre oltre 40 eventi in tutta la citt\u00e0 tra concerti, spettacoli, incontri, tour tematici in giro per la citt\u00e0, mostre","breadcrumb":{"@id":"https:\/\/www.intoscana.it\/it\/tantissimi-eventi-a-firenze-per-la-10esima-edizione-del-festival-delle-associazioni-culturali\/#breadcrumb"},"inLanguage":"it-IT","potentialAction":[{"@type":"ReadAction","target":["https:\/\/www.intoscana.it\/it\/tantissimi-eventi-a-firenze-per-la-10esima-edizione-del-festival-delle-associazioni-culturali\/"]}]},{"@type":"ImageObject","inLanguage":"it-IT","@id":"https:\/\/www.intoscana.it\/it\/tantissimi-eventi-a-firenze-per-la-10esima-edizione-del-festival-delle-associazioni-culturali\/#primaryimage","url":"https:\/\/www.intoscana.it\/wp-content\/uploads\/MG_4579_2_piugiallo.jpg","contentUrl":"https:\/\/www.intoscana.it\/wp-content\/uploads\/MG_4579_2_piugiallo.jpg","width":1000,"height":667},{"@type":"BreadcrumbList","@id":"https:\/\/www.intoscana.it\/it\/tantissimi-eventi-a-firenze-per-la-10esima-edizione-del-festival-delle-associazioni-culturali\/#breadcrumb","itemListElement":[{"@type":"ListItem","position":1,"name":"Home","item":"https:\/\/www.intoscana.it\/it\/"},{"@type":"ListItem","position":2,"name":"Tantissimi eventi a Firenze per la 10esima edizione del Festival delle Associazioni Culturali"}]},{"@type":"WebSite","@id":"https:\/\/www.intoscana.it\/it\/#website","url":"https:\/\/www.intoscana.it\/it\/","name":"intoscana","description":"","potentialAction":[{"@type":"SearchAction","target":{"@type":"EntryPoint","urlTemplate":"https:\/\/www.intoscana.it\/it\/?s={search_term_string}"},"query-input":{"@type":"PropertyValueSpecification","valueRequired":true,"valueName":"search_term_string"}}],"inLanguage":"it-IT"},{"@type":"Person","@id":"https:\/\/www.intoscana.it\/it\/#\/schema\/person\/9223810753230f20bd670fdd322661f8","name":"Redazione","url":"https:\/\/www.intoscana.it\/it\/author\/redazione\/"}]}},"_links":{"self":[{"href":"https:\/\/www.intoscana.it\/it\/wp-json\/wp\/v2\/posts\/354500","targetHints":{"allow":["GET"]}}],"collection":[{"href":"https:\/\/www.intoscana.it\/it\/wp-json\/wp\/v2\/posts"}],"about":[{"href":"https:\/\/www.intoscana.it\/it\/wp-json\/wp\/v2\/types\/post"}],"author":[{"embeddable":true,"href":"https:\/\/www.intoscana.it\/it\/wp-json\/wp\/v2\/users\/525"}],"replies":[{"embeddable":true,"href":"https:\/\/www.intoscana.it\/it\/wp-json\/wp\/v2\/comments?post=354500"}],"version-history":[{"count":7,"href":"https:\/\/www.intoscana.it\/it\/wp-json\/wp\/v2\/posts\/354500\/revisions"}],"predecessor-version":[{"id":354509,"href":"https:\/\/www.intoscana.it\/it\/wp-json\/wp\/v2\/posts\/354500\/revisions\/354509"}],"wp:featuredmedia":[{"embeddable":true,"href":"https:\/\/www.intoscana.it\/it\/wp-json\/wp\/v2\/media\/37573"}],"wp:attachment":[{"href":"https:\/\/www.intoscana.it\/it\/wp-json\/wp\/v2\/media?parent=354500"}],"wp:term":[{"taxonomy":"category","embeddable":true,"href":"https:\/\/www.intoscana.it\/it\/wp-json\/wp\/v2\/categories?post=354500"},{"taxonomy":"post_tag","embeddable":true,"href":"https:\/\/www.intoscana.it\/it\/wp-json\/wp\/v2\/tags?post=354500"}],"curies":[{"name":"wp","href":"https:\/\/api.w.org\/{rel}","templated":true}]}}