{"id":354661,"date":"2024-09-03T16:07:28","date_gmt":"2024-09-03T14:07:28","guid":{"rendered":"https:\/\/www.intoscana.it\/it\/?p=354661"},"modified":"2024-09-05T11:33:43","modified_gmt":"2024-09-05T09:33:43","slug":"nel-profondo-blu-dei-joycut-psichedelia-suburbana-per-riflettere-sullambiente","status":"publish","type":"post","link":"https:\/\/www.intoscana.it\/it\/nel-profondo-blu-dei-joycut-psichedelia-suburbana-per-riflettere-sullambiente\/","title":{"rendered":"Nel profondo blu dei JoyCut: psichedelia suburbana per riflettere sull&#8217;ambiente"},"content":{"rendered":"<p>All&#8217;interno del <a href=\"https:\/\/www.intoscana.it\/it\/cristina-dona-interpreta-nick-cave-per-musica-e-cultura-festival-a-firenze\/\" target=\"_blank\" rel=\"noopener\"><strong><em>\u201cMusica e cultura festival\u201d<\/em><\/strong><\/a> a cura di <a href=\"https:\/\/nuovieventimusicali.it\" target=\"_blank\" rel=\"noopener\"><strong>NEM_Nuovi Eventi Musicali<\/strong><\/a> arrivano in concerto <strong>mercoled\u00ec 11 settembre al Forte Belvedere<\/strong> dopo quasi 10 anni di assenza da Firenze i <strong>JoyCut<\/strong> che saranno eccezionalmente accompagnati dal <strong>Nuovo<\/strong> <strong>Balletto della Toscana.\u00a0<\/strong><\/p>\n<p>La band fondata nel 2003 a Bologna da <strong>Pasquale Pezzillo e Ga\u00ebl Califano<\/strong> ha da subito conquistato una <strong>visibilit\u00e0 internazionale<\/strong> attraversando <strong>Europa, Stati Uniti ed Asia.<\/strong><\/p>\n<p>La loro musica \u00e8 un mix di <strong>percussioni industriali, tamburi tribali, respiri orchestrali, esplorazioni avanguardiste, elettronica pura, scorci di oriente e psichedelia suburbana, post punk cibernetico<\/strong> a salvaguardia dell\u2019ambiente.<\/p>\n<p>Non \u00e8 un caso se nel 2018 <strong>Robert Smith dei Cure<\/strong> li ha chiamati a partecipare al <strong>Meltdown Festival di Londra<\/strong>, esperienza che \u00e8 poi diventata anche un documentario dal titolo <strong><em>\u201cJOYCUT | Robert Smith\u2019s Meltdown [OneStepCloserToTheMoon]&#8221;.<\/em><\/strong><\/p>\n<p>I <strong>JoyCut<\/strong> presenteranno, per la prima volta a Firenze, il loro ultimo disco<strong><em> TheBluWave<\/em> <\/strong>uscito nel 2022, opera di disapprovazione sistemica e denuncia ecologica, per dare voce, attraverso il suono, all\u2019<strong>urlo della natura violata.<\/strong><\/p>\n<p>&#8220;Ci abbiamo messo quasi nove anni per scrivere, rielaborare e finalizzare<strong><em> TheBluWave<\/em><\/strong> quindi per noi la dimensione del tempo \u00e8 lunare e allo stesso tempo intrisa di significato &#8211; <strong>ci ha raccontato Pasquale Pezzillo<\/strong> &#8211; Ponderiamo ogni aspetto perch\u00e9 riflette il tracciato della nostra esistenza. Non riusciamo a produrre con estrema celerit\u00e0, il processo di riflessione ha bisogno di tempo per essere credibile ai nostri occhi. Negli ultimi anni abbiamo presentato <strong><em>TheBlueWave<\/em><\/strong> in giro, siamo stati anche <strong>al <a href=\"https:\/\/www.museibologna.it\/mambo\/\" target=\"_blank\" rel=\"noopener\">museo MAMbo<\/a> con un&#8217;installazione olofonica dell&#8217;album<\/strong>. Per noi la musica strumentale \u00e8 un ponte inequivocabile di apertura nei confronti di altri linguaggi. Nella nostra condizione <strong>scrivere, esprimerci, esplorare i suoni \u00e8 la prima cosa che facciamo ogni giorno<\/strong>. Abbiamo del materiale su cui stiamo lavorando, la nostra intenzione \u00e8 di liberarlo quanto prima&#8221;. <p><span class=\"citazione\">Per noi la musica \u00e8 un ponte inequivocabile di apertura nei confronti di altri linguaggi. Scrivere, esprimerci, esplorare i suoni \u00e8 la prima cosa che facciamo ogni giorno<\/span><\/p><\/p>\n<p><strong>Il vostro disco si intitola <em>TheBlueWave,<\/em> come mai il colore blu affascina cos\u00ec tanto gli artisti e i musicisti, dai New Order a Pablo Picasso, da Miles Davis a Matisse, da Nick Drake a Raymond Queneau?<\/strong><\/p>\n<p>Il blu \u00e8 interessante come colore se si studia la sua storia perch\u00e9 <strong>\u00e8 un colore che emerge pi\u00f9 in l\u00e0 rispetto agli altri,<\/strong> legati a dimensioni clericali dal Cristianesimo in poi come il bianco, il nero, il rosso. Il blu \u00e8 un colore nuovo, che viene riportato in Europa recentemente, quindi<strong> \u00e8 un colore che attrae per la sua fluida profondit\u00e0<\/strong>. Da un lato<strong> attinge al nero, alle profondit\u00e0, all&#8217;abisso,<\/strong> alla riflessione interiore, dall&#8217;altro invece <strong>eleva verso l&#8217;alto, le stelle, il cielo, le costellazioni, le galassie.<\/strong> Sicuramente \u00e8 un colore sognante che \u00e8 stato travisato negli anni pi\u00f9 recenti. Per la sua dimensione di pace, di serenit\u00e0 \u00e8 stato scelto dall&#8217;ONU, da compartimenti politici per instillare una certa sensazione. Ma restando all&#8217;arte l&#8217;aspetto pi\u00f9 importante, che <strong>Kandinskij ha sottolineato<\/strong>, \u00e8 il passaggio eterno che l&#8217;artista va cercando quando si tuffa nell&#8217;Inferno per comprendere il senso della realt\u00e0 e della vita, e invece la speranza quando trova un appiglio per comprendere un pezzettino dell&#8217;universo. Il blu \u00e8 anche il colore della terra definita<strong> &#8220;<a href=\"https:\/\/it.wikipedia.org\/wiki\/Pale_Blue_Dot\" target=\"_blank\" rel=\"noopener\">The Pale Blue Dot<\/a>&#8220;<\/strong>. Da bambino ho anche scoperto che <strong>il mare \u00e8 blu perch\u00e9 riflette il cielo,<\/strong> altrimenti l&#8217;acqua sarebbe trasparente. Per me e anche <strong>per la band il blu \u00e8 stato sempre un colore definitivo, pronto ad accoglierci.\u00a0<\/strong><\/p>\n<p><iframe loading=\"lazy\" title=\"YouTube video player\" src=\"https:\/\/www.youtube.com\/embed\/Y2D_Eal6Cbg?si=Tf-oiFOihpjEtlfk\" width=\"800\" height=\"450\" frameborder=\"0\" allowfullscreen=\"allowfullscreen\"><\/iframe><\/p>\n<p><strong>Robert Smith vi ha chiamati per il <a href=\"https:\/\/www.southbankcentre.co.uk\" target=\"_blank\" rel=\"noopener\" class=\"broken_link\">Meltdown Festival di Londra<\/a>, cosa ci puoi raccontare di questa esperienza?<\/strong><\/p>\n<p>Per noi \u00e8 stata<strong> una &#8220;carezza cosmica&#8221;,<\/strong> l&#8217;abbiamo definita cos\u00ec. Abbiamo ricevuto una lettera direttamente da lui. Il<strong> Meltdown<\/strong> \u00e8 uno dei festival pi\u00f9 importanti in assoluto perch\u00e9 la direzione artistica \u00e8 a cura degli artisti pi\u00f9 importanti, vere leggende dell&#8217;industria musicale e la line up \u00e8 diversa da tutte le altre. <strong>Robert Smith non ha chiamato artisti che erano in tour,<\/strong> in promozione, non ha usato le classiche logiche di mercato per cui in ogni festival d&#8217;Europa<strong> come in un grande supermercato<\/strong> si trovano sempre gli stessi artisti, imposti dalle agenzie. <strong>Smith ha scelto gli artisti che amava, per rigenerare la sua ispirazione.<\/strong> Quando abbiamo ricevuto questa mail, dal nostro idolo, colui per cui io ho cominciato a suonare, puoi immaginare <strong>il tremore, lo stupore, la meraviglia e la gioia.<\/strong> Eravamo in una fase in cui suonavamo molto, il nostro show era rodato, ma abbiamo deciso di stravolgere tutto, suonare qualcosa che non avevamo mai fatto prima&#8230;quello che sarebbe poi diventato <strong><em>TheBluWave.<\/em><\/strong><\/p>\n<p><strong>Un anno fa succedeva qualcosa di incredibile, un concerto che voi avete realizzato insieme all&#8217;Orchestra del Teatro Comunale di Bologna. Credo sia un evento che ha cambiato la vostra vita e anche il vostro approccio alla composizione della musica, \u00e8 cos\u00ec?<\/strong><\/p>\n<p>Per noi \u00e8 stato un evento centrale, sicuramente significativo, <strong>mi piace definirlo un &#8220;cuneo&#8221; fondante all&#8217;interno della nostra linea del tempo.<\/strong> Ha cambiato senza dubbio un certo tipo di prospettiva nell&#8217;offerta del suono. L&#8217;incontro con l&#8217;Orchestra \u00e8 un incontro che deve dare spazio a un alveare molto delicato, analogico al 100%. <strong>Bisogna immagine che 24 violini hanno bisogno di stare insieme per tenere un &#8220;do&#8221;<\/strong> invece un sintetizzatore con un dito ha una potenza espressiva fuori dall&#8217;ordinario, la partita dunque \u00e8 impari. Bisogna lasciare spazio all&#8217;Orchestra che si fonda su equilibri delicatissimi. L&#8217;incontro con questa dimensione sonora \u00e8 stata un&#8217;esperienza che ha aperto una dimensione di dinamica all&#8217;interno della band che prima era pi\u00f9 nascosta. <strong>Lavorando con il maestro Corvino alle partiture, alle trascrizioni<\/strong> abbiamo anche scoperto quanto di orchestrale fosse gi\u00e0 insito all&#8217;interno delle nostre composizioni. <strong>Il lavoro dunque non \u00e8 stato di stravolgimento, quanto di incontro<\/strong>.<\/p>\n<p><strong>A Firenze mancate dal 2013, sono ormai dieci anni, cosa ci farete sentire?<\/strong><\/p>\n<p>Intanto siamo molto contenti di aver ricevuto questo invito, noi non imponiamo mai la nostra presenza. Dove veniamo chiamati andiamo sempre con grande felicit\u00e0 leggerezza e speranza. <strong>Tornare in una citt\u00e0 italiana cos\u00ec importante dopo dieci anni \u00e8 importante per noi<\/strong>. L&#8217;ultima volta eravamo in concerto al Tender, lo ricordo perch\u00e9 ci fu un bel pubblico, quella venue funzionava tanto, <strong>ci fu un impatto molto bello e pensammo che ci saremmo \u00a0dovuti assolutamente tornare<\/strong>. Torniamo dieci anni dopo, il percorso \u00e8 stato intenso, nel frattempo siamo molto maturati. \u00c8 bellissimo creare questa sinestesia con il <strong>Nuovo Balletto della Toscana,<\/strong> sar\u00e0 interessante emozionarci. Ho sempre immaginato che la nostra musica potesse essere orchestrale e danzabile. Inoltre <strong>i temi che noi trattiamo sono a volte cruenti e feroci,<\/strong> quando ci sono i visual sull&#8217;allevamento intensivo qualcuno si alza e va via. Spero che il Balletto riesca ad interpretare anche <strong>questa nostra urgenza sull&#8217;ambiente<\/strong>, e riesca a comunicarla in maniera ancora pi\u00f9 forte insieme alla musica.<\/p>\n<p><strong>JoyCut, mercoled\u00ec 11 settembre, Forte Belvedere, Firenze.<\/strong><br \/>\n<strong>Ingresso gratuito con prenotazione, posti limitati.<br \/>\nInformazioni: info@nuovieventimusicali.it, 3336106876.<\/strong><\/p>\n<figure id=\"post-354590 media-354590\" class=\"align-none\"><img decoding=\"async\" src=\"https:\/\/www.intoscana.it\/wp-content\/uploads\/JC_02_DeathInVenice_COLOR_HORIZONTAL_LOW_.jpg\" alt=\"\" \/><\/figure>\n<div class=\"titleimg\">JoyCut<\/div>\n","protected":false},"excerpt":{"rendered":"<p>Mercoled\u00ec 11 settembre la band italiana che ha &#8220;stregato&#8221; Robert Smith dei Cure in concerto al Forte Belvedere di Firenze. Ingresso gratuito su prenotazione<\/p>\n","protected":false},"author":518,"featured_media":354589,"comment_status":"open","ping_status":"open","sticky":false,"template":"","format":"standard","meta":{"_acf_changed":false,"footnotes":""},"categories":[14],"tags":[216,4474,202,3138],"class_list":["post-354661","post","type-post","status-publish","format-standard","has-post-thumbnail","hentry","category-musica","tag-concerti","tag-eventi","tag-firenze","tag-interviste-agli-artisti"],"acf":[],"yoast_head":"<!-- This site is optimized with the Yoast SEO Premium plugin v24.2 (Yoast SEO v25.6) - https:\/\/yoast.com\/wordpress\/plugins\/seo\/ -->\n<title>Nel profondo blu dei JoyCut: psichedelia suburbana per riflettere sull&#039;ambiente - intoscana<\/title>\n<meta name=\"description\" content=\"Mercoled\u00ec 11 settembre in concerto la band italiana che ha &quot;stregato&quot; Robert Smith dei Cure in concerto al piazzale Michelangelo di Firenze\" \/>\n<meta name=\"robots\" content=\"index, follow, max-snippet:-1, max-image-preview:large, max-video-preview:-1\" \/>\n<link rel=\"canonical\" href=\"https:\/\/www.intoscana.it\/it\/nel-profondo-blu-dei-joycut-psichedelia-suburbana-per-riflettere-sullambiente\/\" \/>\n<meta property=\"og:locale\" content=\"it_IT\" \/>\n<meta property=\"og:type\" content=\"article\" \/>\n<meta property=\"og:title\" content=\"Nel profondo blu dei JoyCut: psichedelia suburbana per riflettere sull&#039;ambiente\" \/>\n<meta property=\"og:description\" content=\"Mercoled\u00ec 11 settembre in concerto la band italiana che ha &quot;stregato&quot; Robert Smith dei Cure in concerto al piazzale Michelangelo di Firenze\" \/>\n<meta property=\"og:url\" content=\"https:\/\/www.intoscana.it\/it\/nel-profondo-blu-dei-joycut-psichedelia-suburbana-per-riflettere-sullambiente\/\" \/>\n<meta property=\"og:site_name\" content=\"intoscana\" \/>\n<meta property=\"article:publisher\" content=\"https:\/\/www.facebook.com\/intoscana.it\" \/>\n<meta property=\"article:published_time\" content=\"2024-09-03T14:07:28+00:00\" \/>\n<meta property=\"article:modified_time\" content=\"2024-09-05T09:33:43+00:00\" \/>\n<meta property=\"og:image\" content=\"https:\/\/www.intoscana.it\/wp-content\/uploads\/Joycut-e1725372588632.jpeg\" \/>\n\t<meta property=\"og:image:width\" content=\"1121\" \/>\n\t<meta property=\"og:image:height\" content=\"585\" \/>\n\t<meta property=\"og:image:type\" content=\"image\/jpeg\" \/>\n<meta name=\"author\" content=\"Costanza Baldini\" \/>\n<meta name=\"twitter:card\" content=\"summary_large_image\" \/>\n<meta name=\"twitter:creator\" content=\"@intoscana\" \/>\n<meta name=\"twitter:site\" content=\"@intoscana\" \/>\n<meta name=\"twitter:label1\" content=\"Written by\" \/>\n\t<meta name=\"twitter:data1\" content=\"Costanza Baldini\" \/>\n\t<meta name=\"twitter:label2\" content=\"Est. reading time\" \/>\n\t<meta name=\"twitter:data2\" content=\"7 minuti\" \/>\n<script type=\"application\/ld+json\" class=\"yoast-schema-graph\">{\"@context\":\"https:\/\/schema.org\",\"@graph\":[{\"@type\":\"WebPage\",\"@id\":\"https:\/\/www.intoscana.it\/it\/nel-profondo-blu-dei-joycut-psichedelia-suburbana-per-riflettere-sullambiente\/\",\"url\":\"https:\/\/www.intoscana.it\/it\/nel-profondo-blu-dei-joycut-psichedelia-suburbana-per-riflettere-sullambiente\/\",\"name\":\"Nel profondo blu dei JoyCut: psichedelia suburbana per riflettere sull'ambiente - intoscana\",\"isPartOf\":{\"@id\":\"https:\/\/www.intoscana.it\/it\/#website\"},\"primaryImageOfPage\":{\"@id\":\"https:\/\/www.intoscana.it\/it\/nel-profondo-blu-dei-joycut-psichedelia-suburbana-per-riflettere-sullambiente\/#primaryimage\"},\"image\":{\"@id\":\"https:\/\/www.intoscana.it\/it\/nel-profondo-blu-dei-joycut-psichedelia-suburbana-per-riflettere-sullambiente\/#primaryimage\"},\"thumbnailUrl\":\"https:\/\/www.intoscana.it\/wp-content\/uploads\/Joycut-e1725372588632.jpeg\",\"datePublished\":\"2024-09-03T14:07:28+00:00\",\"dateModified\":\"2024-09-05T09:33:43+00:00\",\"author\":{\"@id\":\"https:\/\/www.intoscana.it\/it\/#\/schema\/person\/d469f35f09739bdf00bf5dd3f0647a82\"},\"description\":\"Mercoled\u00ec 11 settembre in concerto la band italiana che ha \\\"stregato\\\" Robert Smith dei Cure in concerto al piazzale Michelangelo di Firenze\",\"breadcrumb\":{\"@id\":\"https:\/\/www.intoscana.it\/it\/nel-profondo-blu-dei-joycut-psichedelia-suburbana-per-riflettere-sullambiente\/#breadcrumb\"},\"inLanguage\":\"it-IT\",\"potentialAction\":[{\"@type\":\"ReadAction\",\"target\":[\"https:\/\/www.intoscana.it\/it\/nel-profondo-blu-dei-joycut-psichedelia-suburbana-per-riflettere-sullambiente\/\"]}]},{\"@type\":\"ImageObject\",\"inLanguage\":\"it-IT\",\"@id\":\"https:\/\/www.intoscana.it\/it\/nel-profondo-blu-dei-joycut-psichedelia-suburbana-per-riflettere-sullambiente\/#primaryimage\",\"url\":\"https:\/\/www.intoscana.it\/wp-content\/uploads\/Joycut-e1725372588632.jpeg\",\"contentUrl\":\"https:\/\/www.intoscana.it\/wp-content\/uploads\/Joycut-e1725372588632.jpeg\",\"width\":1121,\"height\":585,\"caption\":\"JoyCut\"},{\"@type\":\"BreadcrumbList\",\"@id\":\"https:\/\/www.intoscana.it\/it\/nel-profondo-blu-dei-joycut-psichedelia-suburbana-per-riflettere-sullambiente\/#breadcrumb\",\"itemListElement\":[{\"@type\":\"ListItem\",\"position\":1,\"name\":\"Home\",\"item\":\"https:\/\/www.intoscana.it\/it\/\"},{\"@type\":\"ListItem\",\"position\":2,\"name\":\"Nel profondo blu dei JoyCut: psichedelia suburbana per riflettere sull&#8217;ambiente\"}]},{\"@type\":\"WebSite\",\"@id\":\"https:\/\/www.intoscana.it\/it\/#website\",\"url\":\"https:\/\/www.intoscana.it\/it\/\",\"name\":\"intoscana\",\"description\":\"\",\"potentialAction\":[{\"@type\":\"SearchAction\",\"target\":{\"@type\":\"EntryPoint\",\"urlTemplate\":\"https:\/\/www.intoscana.it\/it\/?s={search_term_string}\"},\"query-input\":{\"@type\":\"PropertyValueSpecification\",\"valueRequired\":true,\"valueName\":\"search_term_string\"}}],\"inLanguage\":\"it-IT\"},{\"@type\":\"Person\",\"@id\":\"https:\/\/www.intoscana.it\/it\/#\/schema\/person\/d469f35f09739bdf00bf5dd3f0647a82\",\"name\":\"Costanza Baldini\",\"url\":\"https:\/\/www.intoscana.it\/it\/author\/costanza-baldini\/\"}]}<\/script>\n<!-- \/ Yoast SEO Premium plugin. -->","yoast_head_json":{"title":"Nel profondo blu dei JoyCut: psichedelia suburbana per riflettere sull'ambiente - intoscana","description":"Mercoled\u00ec 11 settembre in concerto la band italiana che ha \"stregato\" Robert Smith dei Cure in concerto al piazzale Michelangelo di Firenze","robots":{"index":"index","follow":"follow","max-snippet":"max-snippet:-1","max-image-preview":"max-image-preview:large","max-video-preview":"max-video-preview:-1"},"canonical":"https:\/\/www.intoscana.it\/it\/nel-profondo-blu-dei-joycut-psichedelia-suburbana-per-riflettere-sullambiente\/","og_locale":"it_IT","og_type":"article","og_title":"Nel profondo blu dei JoyCut: psichedelia suburbana per riflettere sull'ambiente","og_description":"Mercoled\u00ec 11 settembre in concerto la band italiana che ha \"stregato\" Robert Smith dei Cure in concerto al piazzale Michelangelo di Firenze","og_url":"https:\/\/www.intoscana.it\/it\/nel-profondo-blu-dei-joycut-psichedelia-suburbana-per-riflettere-sullambiente\/","og_site_name":"intoscana","article_publisher":"https:\/\/www.facebook.com\/intoscana.it","article_published_time":"2024-09-03T14:07:28+00:00","article_modified_time":"2024-09-05T09:33:43+00:00","og_image":[{"width":1121,"height":585,"url":"https:\/\/www.intoscana.it\/wp-content\/uploads\/Joycut-e1725372588632.jpeg","type":"image\/jpeg"}],"author":"Costanza Baldini","twitter_card":"summary_large_image","twitter_creator":"@intoscana","twitter_site":"@intoscana","twitter_misc":{"Written by":"Costanza Baldini","Est. reading time":"7 minuti"},"schema":{"@context":"https:\/\/schema.org","@graph":[{"@type":"WebPage","@id":"https:\/\/www.intoscana.it\/it\/nel-profondo-blu-dei-joycut-psichedelia-suburbana-per-riflettere-sullambiente\/","url":"https:\/\/www.intoscana.it\/it\/nel-profondo-blu-dei-joycut-psichedelia-suburbana-per-riflettere-sullambiente\/","name":"Nel profondo blu dei JoyCut: psichedelia suburbana per riflettere sull'ambiente - intoscana","isPartOf":{"@id":"https:\/\/www.intoscana.it\/it\/#website"},"primaryImageOfPage":{"@id":"https:\/\/www.intoscana.it\/it\/nel-profondo-blu-dei-joycut-psichedelia-suburbana-per-riflettere-sullambiente\/#primaryimage"},"image":{"@id":"https:\/\/www.intoscana.it\/it\/nel-profondo-blu-dei-joycut-psichedelia-suburbana-per-riflettere-sullambiente\/#primaryimage"},"thumbnailUrl":"https:\/\/www.intoscana.it\/wp-content\/uploads\/Joycut-e1725372588632.jpeg","datePublished":"2024-09-03T14:07:28+00:00","dateModified":"2024-09-05T09:33:43+00:00","author":{"@id":"https:\/\/www.intoscana.it\/it\/#\/schema\/person\/d469f35f09739bdf00bf5dd3f0647a82"},"description":"Mercoled\u00ec 11 settembre in concerto la band italiana che ha \"stregato\" Robert Smith dei Cure in concerto al piazzale Michelangelo di Firenze","breadcrumb":{"@id":"https:\/\/www.intoscana.it\/it\/nel-profondo-blu-dei-joycut-psichedelia-suburbana-per-riflettere-sullambiente\/#breadcrumb"},"inLanguage":"it-IT","potentialAction":[{"@type":"ReadAction","target":["https:\/\/www.intoscana.it\/it\/nel-profondo-blu-dei-joycut-psichedelia-suburbana-per-riflettere-sullambiente\/"]}]},{"@type":"ImageObject","inLanguage":"it-IT","@id":"https:\/\/www.intoscana.it\/it\/nel-profondo-blu-dei-joycut-psichedelia-suburbana-per-riflettere-sullambiente\/#primaryimage","url":"https:\/\/www.intoscana.it\/wp-content\/uploads\/Joycut-e1725372588632.jpeg","contentUrl":"https:\/\/www.intoscana.it\/wp-content\/uploads\/Joycut-e1725372588632.jpeg","width":1121,"height":585,"caption":"JoyCut"},{"@type":"BreadcrumbList","@id":"https:\/\/www.intoscana.it\/it\/nel-profondo-blu-dei-joycut-psichedelia-suburbana-per-riflettere-sullambiente\/#breadcrumb","itemListElement":[{"@type":"ListItem","position":1,"name":"Home","item":"https:\/\/www.intoscana.it\/it\/"},{"@type":"ListItem","position":2,"name":"Nel profondo blu dei JoyCut: psichedelia suburbana per riflettere sull&#8217;ambiente"}]},{"@type":"WebSite","@id":"https:\/\/www.intoscana.it\/it\/#website","url":"https:\/\/www.intoscana.it\/it\/","name":"intoscana","description":"","potentialAction":[{"@type":"SearchAction","target":{"@type":"EntryPoint","urlTemplate":"https:\/\/www.intoscana.it\/it\/?s={search_term_string}"},"query-input":{"@type":"PropertyValueSpecification","valueRequired":true,"valueName":"search_term_string"}}],"inLanguage":"it-IT"},{"@type":"Person","@id":"https:\/\/www.intoscana.it\/it\/#\/schema\/person\/d469f35f09739bdf00bf5dd3f0647a82","name":"Costanza Baldini","url":"https:\/\/www.intoscana.it\/it\/author\/costanza-baldini\/"}]}},"_links":{"self":[{"href":"https:\/\/www.intoscana.it\/it\/wp-json\/wp\/v2\/posts\/354661","targetHints":{"allow":["GET"]}}],"collection":[{"href":"https:\/\/www.intoscana.it\/it\/wp-json\/wp\/v2\/posts"}],"about":[{"href":"https:\/\/www.intoscana.it\/it\/wp-json\/wp\/v2\/types\/post"}],"author":[{"embeddable":true,"href":"https:\/\/www.intoscana.it\/it\/wp-json\/wp\/v2\/users\/518"}],"replies":[{"embeddable":true,"href":"https:\/\/www.intoscana.it\/it\/wp-json\/wp\/v2\/comments?post=354661"}],"version-history":[{"count":29,"href":"https:\/\/www.intoscana.it\/it\/wp-json\/wp\/v2\/posts\/354661\/revisions"}],"predecessor-version":[{"id":354943,"href":"https:\/\/www.intoscana.it\/it\/wp-json\/wp\/v2\/posts\/354661\/revisions\/354943"}],"wp:featuredmedia":[{"embeddable":true,"href":"https:\/\/www.intoscana.it\/it\/wp-json\/wp\/v2\/media\/354589"}],"wp:attachment":[{"href":"https:\/\/www.intoscana.it\/it\/wp-json\/wp\/v2\/media?parent=354661"}],"wp:term":[{"taxonomy":"category","embeddable":true,"href":"https:\/\/www.intoscana.it\/it\/wp-json\/wp\/v2\/categories?post=354661"},{"taxonomy":"post_tag","embeddable":true,"href":"https:\/\/www.intoscana.it\/it\/wp-json\/wp\/v2\/tags?post=354661"}],"curies":[{"name":"wp","href":"https:\/\/api.w.org\/{rel}","templated":true}]}}