{"id":354764,"date":"2024-09-04T10:31:57","date_gmt":"2024-09-04T08:31:57","guid":{"rendered":"https:\/\/www.intoscana.it\/it\/?p=354764"},"modified":"2024-09-04T10:44:32","modified_gmt":"2024-09-04T08:44:32","slug":"minucciano-contributo-nuovi-residenti","status":"publish","type":"post","link":"https:\/\/www.intoscana.it\/it\/minucciano-contributo-nuovi-residenti\/","title":{"rendered":"Minucciano a caccia di nuovi residenti: 1200 euro all\u2019anno per ripopolare il borgo in Garfagnana"},"content":{"rendered":"<p>Un contributo di <strong>1200 euro all\u2019anno, per sei anni,<\/strong> per pagare l\u2019affitto o l\u2019acquisto di una casa a<strong> Minucciano<\/strong>. A stanziarlo \u00e8 il piccolo Comune della Garfagnana, 1800 abitanti immersi nel cuore del Parco Naturale delle Alpi Apuane, che cerca cos\u00ec di combattere lo spopolamento e attrarre nuovi residenti.<\/p>\n<p><mark>Il bando rester\u00e0 aperto fino al 7 ottobre: potr\u00e0 fare domanda chiunque voglia trasferirsi a Minucciano (o ci sia gi\u00e0 venuto a vivere nel corso del 2024), <\/mark>nel caso le richieste superino le risorse stanziate in bilancio dal Comune verr\u00e0 effettuata una classifica che previleger\u00e0 i<strong> giovani under 45 e le famiglie con figli piccoli.<br \/>\n<\/strong><br \/>\nL\u2019idea della giunta comunale guidata dal sindaco Nicola Poli \u00e8 infatti quella di riportare sul territorio<strong> nuclei familiari giovani<\/strong>, anche per ripopolare le scuole locali.<em> &#8220;Il nostro primo desiderio \u00e8 interrompere l\u2019emorragia demografica con queste misure, poi se riusciremo anche ad aumentare il numero dei residenti \u00e8 positivo<\/em> \u2013 ha spiegato il primo cittadino Poli <em>\u2013 l\u2019effetto indiretto spero sar\u00e0 anche quello di portare nuovi ragazzi a dare linfa alle nostre scuole.&#8221;<\/em><\/p>\n<p>Di sicuro non manca la bellezza in questo comune incastrato tra la Garfagnana e la Lunigiana, dove sono state anche rinvenute alcune delle <strong>antichissime statue stele<\/strong> poi musealizzate a Pontremoli. Chi approfitter\u00e0 dell&#8217;incentivo comunale per diventare un abitante di Minucciano potr\u00e0 vivere luoghi meravigliosi come il<strong> Lago di Gramolazzo, il borgo di Gorfigliano e la Val Serenaia<\/strong>, che ogni anno in estate attraggono turisti da tutto il mondo.<\/p>\n<figure id=\"post-37060 media-37060\" class=\"align-none\">\n<p><figure style=\"width: 1439px\" class=\"wp-caption alignnone\"><img loading=\"lazy\" decoding=\"async\" src=\"https:\/\/www.intoscana.it\/wp-content\/uploads\/lago-gramolazzo.jpg\" alt=\"\" width=\"1439\" height=\"702\" \/><figcaption class=\"wp-caption-text\">Il lago di Gramolazzo<\/figcaption><\/figure><\/figure>\n<h3>La rinascita dei borghi con incentivi ad hoc, da Vergemoli a Radicondoli<\/h3>\n<div>\n<p>Quello di Minucciano \u00e8 solo l\u2019ultimo esempio di come i borghi toscani negli ultimi anni stiano cercando di attrarre nuovi residenti con incentivi ad hoc.<br \/>\nUna ricetta di successo gi\u00e0 sperimentata ad esempio sempre in Garfagnana a<strong> Fabbriche di Vergemoli,<\/strong> che nel 2020 con il <strong>progetto \u201cCase a 1 euro\u201d<\/strong> ha regalato abitazioni abbandonate o da ristrutturare a chi si trasferiva qui: in 4 anni ha guadagnato cos\u00ec 36 nuovi abitanti e <a href=\"https:\/\/www.intoscana.it\/it\/vergemoli-borgo-case-1-euro\/\" target=\"_blank\" rel=\"noopener\">ha festeggiato lo scorso settembre il primo bambino<\/a> nato qui dopo dieci anni.<\/p>\n<p>O ancora <strong>WivoaRadincoli, il progetto lanciato dal Comune di Radicondoli,<\/strong> in provincia di Siena, che dal 2020 ha investito 360mila euro in contributi dedicati a chi acquista la prima casa o la prende in affitto, riuscendo cos\u00ec ad invertire la discesa demografica con al momento circa 60 residenti in pi\u00f9.<\/p>\n<p>Anche la <strong>Regione Toscana<\/strong> \u00e8 andata in questa direzione con il bando<strong> \u201cResidenzialit\u00e0 in montagna 2024&#8243;<\/strong> lanciato questa estate con l&#8217;obiettivo di incentivare chi vuole andare a vivere nelle aree montane toscane, offrendo ben<a href=\"https:\/\/www.intoscana.it\/it\/un-bando-dalla-regione-per-aiutare-chi-decide-di-andare-a-vivere-nelle-aree-montane-della-toscana\/\" target=\"_blank\" rel=\"noopener\"> 30mila euro per comprare una casa<\/a> e trasferisi in un piccolo comune montano sotto i 5mila abitanti.<br \/>\nIniziative importanti per garantire un futuro ai borghi delle aree interne della Toscana.<\/p>\n<\/div>\n","protected":false},"excerpt":{"rendered":"<p>Il Comune ha lanciato il bando che stanzia il contributo per sei anni per chi si trasferisce qui, previlegiando i giovani e le famiglie: una ricetta contro lo spopolamento simile a quelle attuate a Vergemoli e Radicondoli<\/p>\n","protected":false},"author":502,"featured_media":354765,"comment_status":"open","ping_status":"open","sticky":false,"template":"","format":"standard","meta":{"_acf_changed":false,"footnotes":""},"categories":[4],"tags":[3830,4437],"class_list":["post-354764","post","type-post","status-publish","format-standard","has-post-thumbnail","hentry","category-storie","tag-borghi","tag-garfagnana"],"acf":[],"yoast_head":"<!-- This site is optimized with the Yoast SEO Premium plugin v24.2 (Yoast SEO v25.6) - https:\/\/yoast.com\/wordpress\/plugins\/seo\/ -->\n<title>Minucciano a caccia di nuovi residenti: 1200 euro all\u2019anno per ripopolare il borgo in Garfagnana - intoscana<\/title>\n<meta name=\"robots\" content=\"index, follow, max-snippet:-1, max-image-preview:large, max-video-preview:-1\" \/>\n<link rel=\"canonical\" href=\"https:\/\/www.intoscana.it\/it\/minucciano-contributo-nuovi-residenti\/\" \/>\n<meta property=\"og:locale\" content=\"it_IT\" \/>\n<meta property=\"og:type\" content=\"article\" \/>\n<meta property=\"og:title\" content=\"Minucciano a caccia di nuovi residenti: 1200 euro all\u2019anno per ripopolare il borgo in Garfagnana\" \/>\n<meta property=\"og:description\" content=\"Il Comune ha lanciato il bando che stanzia il contributo per sei anni per chi si trasferisce qui, previlegiando i giovani e le famiglie: una ricetta contro lo spopolamento simile a quelle attuate a Vergemoli e Radicondoli\" \/>\n<meta property=\"og:url\" content=\"https:\/\/www.intoscana.it\/it\/minucciano-contributo-nuovi-residenti\/\" \/>\n<meta property=\"og:site_name\" content=\"intoscana\" \/>\n<meta property=\"article:publisher\" content=\"https:\/\/www.facebook.com\/intoscana.it\" \/>\n<meta property=\"article:published_time\" content=\"2024-09-04T08:31:57+00:00\" \/>\n<meta property=\"article:modified_time\" content=\"2024-09-04T08:44:32+00:00\" \/>\n<meta property=\"og:image\" content=\"https:\/\/www.intoscana.it\/wp-content\/uploads\/41797minucciano-panorama-2013.jpeg\" \/>\n\t<meta property=\"og:image:width\" content=\"772\" \/>\n\t<meta property=\"og:image:height\" content=\"720\" \/>\n\t<meta property=\"og:image:type\" content=\"image\/jpeg\" \/>\n<meta name=\"author\" content=\"Ilaria Giannini\" \/>\n<meta name=\"twitter:card\" content=\"summary_large_image\" \/>\n<meta name=\"twitter:creator\" content=\"@i.giannini@fst.it\" \/>\n<meta name=\"twitter:site\" content=\"@intoscana\" \/>\n<meta name=\"twitter:label1\" content=\"Written by\" \/>\n\t<meta name=\"twitter:data1\" content=\"Ilaria Giannini\" \/>\n\t<meta name=\"twitter:label2\" content=\"Est. reading time\" \/>\n\t<meta name=\"twitter:data2\" content=\"3 minuti\" \/>\n<script type=\"application\/ld+json\" class=\"yoast-schema-graph\">{\"@context\":\"https:\/\/schema.org\",\"@graph\":[{\"@type\":\"WebPage\",\"@id\":\"https:\/\/www.intoscana.it\/it\/minucciano-contributo-nuovi-residenti\/\",\"url\":\"https:\/\/www.intoscana.it\/it\/minucciano-contributo-nuovi-residenti\/\",\"name\":\"Minucciano a caccia di nuovi residenti: 1200 euro all\u2019anno per ripopolare il borgo in Garfagnana - intoscana\",\"isPartOf\":{\"@id\":\"https:\/\/www.intoscana.it\/it\/#website\"},\"primaryImageOfPage\":{\"@id\":\"https:\/\/www.intoscana.it\/it\/minucciano-contributo-nuovi-residenti\/#primaryimage\"},\"image\":{\"@id\":\"https:\/\/www.intoscana.it\/it\/minucciano-contributo-nuovi-residenti\/#primaryimage\"},\"thumbnailUrl\":\"https:\/\/www.intoscana.it\/wp-content\/uploads\/41797minucciano-panorama-2013.jpeg\",\"datePublished\":\"2024-09-04T08:31:57+00:00\",\"dateModified\":\"2024-09-04T08:44:32+00:00\",\"author\":{\"@id\":\"https:\/\/www.intoscana.it\/it\/#\/schema\/person\/de95e1ed2c1c8c30a6922bbba3a90185\"},\"breadcrumb\":{\"@id\":\"https:\/\/www.intoscana.it\/it\/minucciano-contributo-nuovi-residenti\/#breadcrumb\"},\"inLanguage\":\"it-IT\",\"potentialAction\":[{\"@type\":\"ReadAction\",\"target\":[\"https:\/\/www.intoscana.it\/it\/minucciano-contributo-nuovi-residenti\/\"]}]},{\"@type\":\"ImageObject\",\"inLanguage\":\"it-IT\",\"@id\":\"https:\/\/www.intoscana.it\/it\/minucciano-contributo-nuovi-residenti\/#primaryimage\",\"url\":\"https:\/\/www.intoscana.it\/wp-content\/uploads\/41797minucciano-panorama-2013.jpeg\",\"contentUrl\":\"https:\/\/www.intoscana.it\/wp-content\/uploads\/41797minucciano-panorama-2013.jpeg\",\"width\":772,\"height\":720,\"caption\":\"Minucciano\"},{\"@type\":\"BreadcrumbList\",\"@id\":\"https:\/\/www.intoscana.it\/it\/minucciano-contributo-nuovi-residenti\/#breadcrumb\",\"itemListElement\":[{\"@type\":\"ListItem\",\"position\":1,\"name\":\"Home\",\"item\":\"https:\/\/www.intoscana.it\/it\/\"},{\"@type\":\"ListItem\",\"position\":2,\"name\":\"Minucciano a caccia di nuovi residenti: 1200 euro all\u2019anno per ripopolare il borgo in Garfagnana\"}]},{\"@type\":\"WebSite\",\"@id\":\"https:\/\/www.intoscana.it\/it\/#website\",\"url\":\"https:\/\/www.intoscana.it\/it\/\",\"name\":\"intoscana\",\"description\":\"\",\"potentialAction\":[{\"@type\":\"SearchAction\",\"target\":{\"@type\":\"EntryPoint\",\"urlTemplate\":\"https:\/\/www.intoscana.it\/it\/?s={search_term_string}\"},\"query-input\":{\"@type\":\"PropertyValueSpecification\",\"valueRequired\":true,\"valueName\":\"search_term_string\"}}],\"inLanguage\":\"it-IT\"},{\"@type\":\"Person\",\"@id\":\"https:\/\/www.intoscana.it\/it\/#\/schema\/person\/de95e1ed2c1c8c30a6922bbba3a90185\",\"name\":\"Ilaria Giannini\",\"sameAs\":[\"https:\/\/x.com\/i.giannini@fst.it\"],\"url\":\"https:\/\/www.intoscana.it\/it\/author\/ilaria-giannini\/\"}]}<\/script>\n<!-- \/ Yoast SEO Premium plugin. -->","yoast_head_json":{"title":"Minucciano a caccia di nuovi residenti: 1200 euro all\u2019anno per ripopolare il borgo in Garfagnana - intoscana","robots":{"index":"index","follow":"follow","max-snippet":"max-snippet:-1","max-image-preview":"max-image-preview:large","max-video-preview":"max-video-preview:-1"},"canonical":"https:\/\/www.intoscana.it\/it\/minucciano-contributo-nuovi-residenti\/","og_locale":"it_IT","og_type":"article","og_title":"Minucciano a caccia di nuovi residenti: 1200 euro all\u2019anno per ripopolare il borgo in Garfagnana","og_description":"Il Comune ha lanciato il bando che stanzia il contributo per sei anni per chi si trasferisce qui, previlegiando i giovani e le famiglie: una ricetta contro lo spopolamento simile a quelle attuate a Vergemoli e Radicondoli","og_url":"https:\/\/www.intoscana.it\/it\/minucciano-contributo-nuovi-residenti\/","og_site_name":"intoscana","article_publisher":"https:\/\/www.facebook.com\/intoscana.it","article_published_time":"2024-09-04T08:31:57+00:00","article_modified_time":"2024-09-04T08:44:32+00:00","og_image":[{"width":772,"height":720,"url":"https:\/\/www.intoscana.it\/wp-content\/uploads\/41797minucciano-panorama-2013.jpeg","type":"image\/jpeg"}],"author":"Ilaria Giannini","twitter_card":"summary_large_image","twitter_creator":"@i.giannini@fst.it","twitter_site":"@intoscana","twitter_misc":{"Written by":"Ilaria Giannini","Est. reading time":"3 minuti"},"schema":{"@context":"https:\/\/schema.org","@graph":[{"@type":"WebPage","@id":"https:\/\/www.intoscana.it\/it\/minucciano-contributo-nuovi-residenti\/","url":"https:\/\/www.intoscana.it\/it\/minucciano-contributo-nuovi-residenti\/","name":"Minucciano a caccia di nuovi residenti: 1200 euro all\u2019anno per ripopolare il borgo in Garfagnana - intoscana","isPartOf":{"@id":"https:\/\/www.intoscana.it\/it\/#website"},"primaryImageOfPage":{"@id":"https:\/\/www.intoscana.it\/it\/minucciano-contributo-nuovi-residenti\/#primaryimage"},"image":{"@id":"https:\/\/www.intoscana.it\/it\/minucciano-contributo-nuovi-residenti\/#primaryimage"},"thumbnailUrl":"https:\/\/www.intoscana.it\/wp-content\/uploads\/41797minucciano-panorama-2013.jpeg","datePublished":"2024-09-04T08:31:57+00:00","dateModified":"2024-09-04T08:44:32+00:00","author":{"@id":"https:\/\/www.intoscana.it\/it\/#\/schema\/person\/de95e1ed2c1c8c30a6922bbba3a90185"},"breadcrumb":{"@id":"https:\/\/www.intoscana.it\/it\/minucciano-contributo-nuovi-residenti\/#breadcrumb"},"inLanguage":"it-IT","potentialAction":[{"@type":"ReadAction","target":["https:\/\/www.intoscana.it\/it\/minucciano-contributo-nuovi-residenti\/"]}]},{"@type":"ImageObject","inLanguage":"it-IT","@id":"https:\/\/www.intoscana.it\/it\/minucciano-contributo-nuovi-residenti\/#primaryimage","url":"https:\/\/www.intoscana.it\/wp-content\/uploads\/41797minucciano-panorama-2013.jpeg","contentUrl":"https:\/\/www.intoscana.it\/wp-content\/uploads\/41797minucciano-panorama-2013.jpeg","width":772,"height":720,"caption":"Minucciano"},{"@type":"BreadcrumbList","@id":"https:\/\/www.intoscana.it\/it\/minucciano-contributo-nuovi-residenti\/#breadcrumb","itemListElement":[{"@type":"ListItem","position":1,"name":"Home","item":"https:\/\/www.intoscana.it\/it\/"},{"@type":"ListItem","position":2,"name":"Minucciano a caccia di nuovi residenti: 1200 euro all\u2019anno per ripopolare il borgo in Garfagnana"}]},{"@type":"WebSite","@id":"https:\/\/www.intoscana.it\/it\/#website","url":"https:\/\/www.intoscana.it\/it\/","name":"intoscana","description":"","potentialAction":[{"@type":"SearchAction","target":{"@type":"EntryPoint","urlTemplate":"https:\/\/www.intoscana.it\/it\/?s={search_term_string}"},"query-input":{"@type":"PropertyValueSpecification","valueRequired":true,"valueName":"search_term_string"}}],"inLanguage":"it-IT"},{"@type":"Person","@id":"https:\/\/www.intoscana.it\/it\/#\/schema\/person\/de95e1ed2c1c8c30a6922bbba3a90185","name":"Ilaria Giannini","sameAs":["https:\/\/x.com\/i.giannini@fst.it"],"url":"https:\/\/www.intoscana.it\/it\/author\/ilaria-giannini\/"}]}},"_links":{"self":[{"href":"https:\/\/www.intoscana.it\/it\/wp-json\/wp\/v2\/posts\/354764","targetHints":{"allow":["GET"]}}],"collection":[{"href":"https:\/\/www.intoscana.it\/it\/wp-json\/wp\/v2\/posts"}],"about":[{"href":"https:\/\/www.intoscana.it\/it\/wp-json\/wp\/v2\/types\/post"}],"author":[{"embeddable":true,"href":"https:\/\/www.intoscana.it\/it\/wp-json\/wp\/v2\/users\/502"}],"replies":[{"embeddable":true,"href":"https:\/\/www.intoscana.it\/it\/wp-json\/wp\/v2\/comments?post=354764"}],"version-history":[{"count":22,"href":"https:\/\/www.intoscana.it\/it\/wp-json\/wp\/v2\/posts\/354764\/revisions"}],"predecessor-version":[{"id":354792,"href":"https:\/\/www.intoscana.it\/it\/wp-json\/wp\/v2\/posts\/354764\/revisions\/354792"}],"wp:featuredmedia":[{"embeddable":true,"href":"https:\/\/www.intoscana.it\/it\/wp-json\/wp\/v2\/media\/354765"}],"wp:attachment":[{"href":"https:\/\/www.intoscana.it\/it\/wp-json\/wp\/v2\/media?parent=354764"}],"wp:term":[{"taxonomy":"category","embeddable":true,"href":"https:\/\/www.intoscana.it\/it\/wp-json\/wp\/v2\/categories?post=354764"},{"taxonomy":"post_tag","embeddable":true,"href":"https:\/\/www.intoscana.it\/it\/wp-json\/wp\/v2\/tags?post=354764"}],"curies":[{"name":"wp","href":"https:\/\/api.w.org\/{rel}","templated":true}]}}