{"id":354825,"date":"2024-09-04T14:47:40","date_gmt":"2024-09-04T12:47:40","guid":{"rendered":"https:\/\/www.intoscana.it\/it\/?p=354825"},"modified":"2024-09-04T15:43:33","modified_gmt":"2024-09-04T13:43:33","slug":"il-comune-di-carrara-premia-lorenzo-musetti-esempio-positivo-per-i-piu-giovani","status":"publish","type":"post","link":"https:\/\/www.intoscana.it\/it\/il-comune-di-carrara-premia-lorenzo-musetti-esempio-positivo-per-i-piu-giovani\/","title":{"rendered":"Il Comune di Carrara premia Lorenzo Musetti: &#8220;Esempio positivo per i pi\u00f9 giovani&#8221;"},"content":{"rendered":"<p>Il bronzo olimpico, <strong>Lorenzo Musetti<\/strong>, ha ricevuto l&#8217;alta benemerenza civica dell&#8217;amministrazione comunale di <strong>Carrara<\/strong>, comune di nascita del tennista azzurro. Musetti, numero 18 al mondo, sta disputando una stagione di livello mostrando il suo gioco migliore, gi\u00e0 vincitore della Coppa Davis nel 2023, in semifinale sull&#8217;erba di <strong>Wimbledon<\/strong> e poi vincitore a Parigi della <strong>medaglia di bronzo<\/strong> nel torneo individuale. Il <strong>Comune di Carrara<\/strong> ha voluto cos\u00ec omaggiare il tennista apuano conferendogli la <strong>benemerenza civica<\/strong> con la seguente motivazione: &#8220;<em>Grande protagonista della \u2018rinascita\u2019 del tennis italiano e giocatore dalle notevoli qualit\u00e0 tecniche e umane. Stabilmente fra i primi venti giocatori al mondo, vincitore della Coppa Davis 2023 e medaglia di bronzo ai Giochi Olimpici di Parigi 2024; con questi traguardi di assoluto prestigio ha reso famoso il nome della nostra citt\u00e0 nel mondo del tennis e dello sport in generale<\/em>\u201d.<\/p>\n<figure id=\"post-354826 media-354826\" class=\"align-none\"><img decoding=\"async\" src=\"https:\/\/www.intoscana.it\/wp-content\/uploads\/Musetti-Carrara-2.jpg\" alt=\"\" \/><\/figure>\n<div class=\"titleimg\">Il tennista Lorenzo Musetti premiato dal Comune di Carrara<\/div>\n<p>Per la sindaca di Carrara,<strong> Serena Arrighi<\/strong>: &#8220;<em>\u00c8 stato per me davvero un grande piacere portare simbolicamente il saluto di Carrara e di tutti i carrarini a un atleta che ci ha fatto e ci fa emozionare come pochi: Lorenzo Musetti. Quest\u2019ultima estate poi, tra la semifinale di Wimbledon e quello che \u00e8 successo a Parigi, \u00e8 stata davvero unica. La medaglia olimpica e prima ancora la vittoria della coppa Davis e i tanti successi sul circuito Atp sono grandi risultati sportivi che hanno portato prestigio alla nostra citt\u00e0, ma quello di cui tutti <strong>noi siamo ancora pi\u00f9 fieri<\/strong> sono il Lorenzo Musetti uomo, prima del campione. Nonostante la sua giovane et\u00e0 Lorenzo Musetti \u00e8 ormai da diversi anni sulla ribalta ed \u00e8 sempre stato un <strong>esempio positivo<\/strong> per tutti gli appassionati e, soprattutto, per i tantissimi bambini e ragazzi che anche grazie a lui si sono avvicinati al tennis<\/em>&#8220;.<\/p>\n<figure id=\"post-351307 media-351307\" class=\"align-none\"><img decoding=\"async\" src=\"https:\/\/www.intoscana.it\/wp-content\/uploads\/musetti-olimpiadi.jpg\" alt=\"\" \/><\/figure>\n<div class=\"titleimg\">\u00a9 Musetti\/Instagram<\/div>\n<p>Musetti ha ringraziato la citt\u00e0 e l&#8217;amministrazione per il riconoscimento (insieme alla riproduzione di una pallina da tennis in marmo), ricordando anche il suo staff e<strong> l&#8217;importanza della famiglia<\/strong> dietro i suoi successi. In questa stagione, il tennista azzurro \u00e8 diventato padre di Ludovico a marzo scorso. Purtroppo proprio a causa della fitta rete di impegni che lo portano a viaggiare in tutto il mondo per partecipare ai tornei, Musetti non tornava a Carrara da Pasqua: &#8220;<em>ne sentivo la mancanza<\/em>&#8221; ha ammesso l&#8217;azzurro. Alla fine della cerimonia, Lorenzo Musetti si \u00e8 dedicato a ricevere l&#8217;abbraccio della sua citt\u00e0, facendosi tanti selfie e <strong>firmando palline da tennis<\/strong> ai tifosi arrivati al palazzo comunale per la premiazione.<\/p>\n","protected":false},"excerpt":{"rendered":"<p>L&#8217;amministrazione comunale guidata da Serena Arrighi ha conferito l&#8217;alta benemerenza civica a Lorenzo Musetti, tra i protagonisti dei tanti successi del tennis italiano nel mondo<\/p>\n","protected":false},"author":507,"featured_media":354827,"comment_status":"open","ping_status":"open","sticky":false,"template":"","format":"standard","meta":{"_acf_changed":false,"footnotes":""},"categories":[4],"tags":[268,6714,159],"class_list":["post-354825","post","type-post","status-publish","format-standard","has-post-thumbnail","hentry","category-storie","tag-carrara","tag-lorenzo-musetti","tag-sport"],"acf":[],"yoast_head":"<!-- This site is optimized with the Yoast SEO Premium plugin v24.2 (Yoast SEO v25.6) - https:\/\/yoast.com\/wordpress\/plugins\/seo\/ -->\n<title>Il Comune di Carrara premia Lorenzo Musetti: &quot;Esempio positivo per i pi\u00f9 giovani&quot; - intoscana<\/title>\n<meta name=\"robots\" content=\"index, follow, max-snippet:-1, max-image-preview:large, max-video-preview:-1\" \/>\n<link rel=\"canonical\" href=\"https:\/\/www.intoscana.it\/it\/il-comune-di-carrara-premia-lorenzo-musetti-esempio-positivo-per-i-piu-giovani\/\" \/>\n<meta property=\"og:locale\" content=\"it_IT\" \/>\n<meta property=\"og:type\" content=\"article\" \/>\n<meta property=\"og:title\" content=\"Il Comune di Carrara premia Lorenzo Musetti: &quot;Esempio positivo per i pi\u00f9 giovani&quot;\" \/>\n<meta property=\"og:description\" content=\"L&#039;amministrazione comunale guidata da Serena Arrighi ha conferito l&#039;alta benemerenza civica a Lorenzo Musetti, tra i protagonisti dei tanti successi del tennis italiano nel mondo\" \/>\n<meta property=\"og:url\" content=\"https:\/\/www.intoscana.it\/it\/il-comune-di-carrara-premia-lorenzo-musetti-esempio-positivo-per-i-piu-giovani\/\" \/>\n<meta property=\"og:site_name\" content=\"intoscana\" \/>\n<meta property=\"article:publisher\" content=\"https:\/\/www.facebook.com\/intoscana.it\" \/>\n<meta property=\"article:published_time\" content=\"2024-09-04T12:47:40+00:00\" \/>\n<meta property=\"article:modified_time\" content=\"2024-09-04T13:43:33+00:00\" \/>\n<meta property=\"og:image\" content=\"https:\/\/www.intoscana.it\/wp-content\/uploads\/Musetti-Carrara-1.jpg\" \/>\n\t<meta property=\"og:image:width\" content=\"1600\" \/>\n\t<meta property=\"og:image:height\" content=\"1200\" \/>\n\t<meta property=\"og:image:type\" content=\"image\/jpeg\" \/>\n<meta name=\"author\" content=\"Chiara Bianchini\" \/>\n<meta name=\"twitter:card\" content=\"summary_large_image\" \/>\n<meta name=\"twitter:creator\" content=\"@intoscana\" \/>\n<meta name=\"twitter:site\" content=\"@intoscana\" \/>\n<meta name=\"twitter:label1\" content=\"Written by\" \/>\n\t<meta name=\"twitter:data1\" content=\"Chiara Bianchini\" \/>\n\t<meta name=\"twitter:label2\" content=\"Est. reading time\" \/>\n\t<meta name=\"twitter:data2\" content=\"3 minuti\" \/>\n<script type=\"application\/ld+json\" class=\"yoast-schema-graph\">{\"@context\":\"https:\/\/schema.org\",\"@graph\":[{\"@type\":\"WebPage\",\"@id\":\"https:\/\/www.intoscana.it\/it\/il-comune-di-carrara-premia-lorenzo-musetti-esempio-positivo-per-i-piu-giovani\/\",\"url\":\"https:\/\/www.intoscana.it\/it\/il-comune-di-carrara-premia-lorenzo-musetti-esempio-positivo-per-i-piu-giovani\/\",\"name\":\"Il Comune di Carrara premia Lorenzo Musetti: \\\"Esempio positivo per i pi\u00f9 giovani\\\" - intoscana\",\"isPartOf\":{\"@id\":\"https:\/\/www.intoscana.it\/it\/#website\"},\"primaryImageOfPage\":{\"@id\":\"https:\/\/www.intoscana.it\/it\/il-comune-di-carrara-premia-lorenzo-musetti-esempio-positivo-per-i-piu-giovani\/#primaryimage\"},\"image\":{\"@id\":\"https:\/\/www.intoscana.it\/it\/il-comune-di-carrara-premia-lorenzo-musetti-esempio-positivo-per-i-piu-giovani\/#primaryimage\"},\"thumbnailUrl\":\"https:\/\/www.intoscana.it\/wp-content\/uploads\/Musetti-Carrara-1.jpg\",\"datePublished\":\"2024-09-04T12:47:40+00:00\",\"dateModified\":\"2024-09-04T13:43:33+00:00\",\"author\":{\"@id\":\"https:\/\/www.intoscana.it\/it\/#\/schema\/person\/010af92117f50561886339ad5b873a41\"},\"breadcrumb\":{\"@id\":\"https:\/\/www.intoscana.it\/it\/il-comune-di-carrara-premia-lorenzo-musetti-esempio-positivo-per-i-piu-giovani\/#breadcrumb\"},\"inLanguage\":\"it-IT\",\"potentialAction\":[{\"@type\":\"ReadAction\",\"target\":[\"https:\/\/www.intoscana.it\/it\/il-comune-di-carrara-premia-lorenzo-musetti-esempio-positivo-per-i-piu-giovani\/\"]}]},{\"@type\":\"ImageObject\",\"inLanguage\":\"it-IT\",\"@id\":\"https:\/\/www.intoscana.it\/it\/il-comune-di-carrara-premia-lorenzo-musetti-esempio-positivo-per-i-piu-giovani\/#primaryimage\",\"url\":\"https:\/\/www.intoscana.it\/wp-content\/uploads\/Musetti-Carrara-1.jpg\",\"contentUrl\":\"https:\/\/www.intoscana.it\/wp-content\/uploads\/Musetti-Carrara-1.jpg\",\"width\":1600,\"height\":1200,\"caption\":\"Il tennista Lorenzo Musetti premiato dal Comune di Carrara\"},{\"@type\":\"BreadcrumbList\",\"@id\":\"https:\/\/www.intoscana.it\/it\/il-comune-di-carrara-premia-lorenzo-musetti-esempio-positivo-per-i-piu-giovani\/#breadcrumb\",\"itemListElement\":[{\"@type\":\"ListItem\",\"position\":1,\"name\":\"Home\",\"item\":\"https:\/\/www.intoscana.it\/it\/\"},{\"@type\":\"ListItem\",\"position\":2,\"name\":\"Il Comune di Carrara premia Lorenzo Musetti: &#8220;Esempio positivo per i pi\u00f9 giovani&#8221;\"}]},{\"@type\":\"WebSite\",\"@id\":\"https:\/\/www.intoscana.it\/it\/#website\",\"url\":\"https:\/\/www.intoscana.it\/it\/\",\"name\":\"intoscana\",\"description\":\"\",\"potentialAction\":[{\"@type\":\"SearchAction\",\"target\":{\"@type\":\"EntryPoint\",\"urlTemplate\":\"https:\/\/www.intoscana.it\/it\/?s={search_term_string}\"},\"query-input\":{\"@type\":\"PropertyValueSpecification\",\"valueRequired\":true,\"valueName\":\"search_term_string\"}}],\"inLanguage\":\"it-IT\"},{\"@type\":\"Person\",\"@id\":\"https:\/\/www.intoscana.it\/it\/#\/schema\/person\/010af92117f50561886339ad5b873a41\",\"name\":\"Chiara Bianchini\",\"sameAs\":[\"c.bianchini@fst.it\"],\"url\":\"https:\/\/www.intoscana.it\/it\/author\/chiara-bianchini\/\"}]}<\/script>\n<!-- \/ Yoast SEO Premium plugin. -->","yoast_head_json":{"title":"Il Comune di Carrara premia Lorenzo Musetti: \"Esempio positivo per i pi\u00f9 giovani\" - intoscana","robots":{"index":"index","follow":"follow","max-snippet":"max-snippet:-1","max-image-preview":"max-image-preview:large","max-video-preview":"max-video-preview:-1"},"canonical":"https:\/\/www.intoscana.it\/it\/il-comune-di-carrara-premia-lorenzo-musetti-esempio-positivo-per-i-piu-giovani\/","og_locale":"it_IT","og_type":"article","og_title":"Il Comune di Carrara premia Lorenzo Musetti: \"Esempio positivo per i pi\u00f9 giovani\"","og_description":"L'amministrazione comunale guidata da Serena Arrighi ha conferito l'alta benemerenza civica a Lorenzo Musetti, tra i protagonisti dei tanti successi del tennis italiano nel mondo","og_url":"https:\/\/www.intoscana.it\/it\/il-comune-di-carrara-premia-lorenzo-musetti-esempio-positivo-per-i-piu-giovani\/","og_site_name":"intoscana","article_publisher":"https:\/\/www.facebook.com\/intoscana.it","article_published_time":"2024-09-04T12:47:40+00:00","article_modified_time":"2024-09-04T13:43:33+00:00","og_image":[{"width":1600,"height":1200,"url":"https:\/\/www.intoscana.it\/wp-content\/uploads\/Musetti-Carrara-1.jpg","type":"image\/jpeg"}],"author":"Chiara Bianchini","twitter_card":"summary_large_image","twitter_creator":"@intoscana","twitter_site":"@intoscana","twitter_misc":{"Written by":"Chiara Bianchini","Est. reading time":"3 minuti"},"schema":{"@context":"https:\/\/schema.org","@graph":[{"@type":"WebPage","@id":"https:\/\/www.intoscana.it\/it\/il-comune-di-carrara-premia-lorenzo-musetti-esempio-positivo-per-i-piu-giovani\/","url":"https:\/\/www.intoscana.it\/it\/il-comune-di-carrara-premia-lorenzo-musetti-esempio-positivo-per-i-piu-giovani\/","name":"Il Comune di Carrara premia Lorenzo Musetti: \"Esempio positivo per i pi\u00f9 giovani\" - intoscana","isPartOf":{"@id":"https:\/\/www.intoscana.it\/it\/#website"},"primaryImageOfPage":{"@id":"https:\/\/www.intoscana.it\/it\/il-comune-di-carrara-premia-lorenzo-musetti-esempio-positivo-per-i-piu-giovani\/#primaryimage"},"image":{"@id":"https:\/\/www.intoscana.it\/it\/il-comune-di-carrara-premia-lorenzo-musetti-esempio-positivo-per-i-piu-giovani\/#primaryimage"},"thumbnailUrl":"https:\/\/www.intoscana.it\/wp-content\/uploads\/Musetti-Carrara-1.jpg","datePublished":"2024-09-04T12:47:40+00:00","dateModified":"2024-09-04T13:43:33+00:00","author":{"@id":"https:\/\/www.intoscana.it\/it\/#\/schema\/person\/010af92117f50561886339ad5b873a41"},"breadcrumb":{"@id":"https:\/\/www.intoscana.it\/it\/il-comune-di-carrara-premia-lorenzo-musetti-esempio-positivo-per-i-piu-giovani\/#breadcrumb"},"inLanguage":"it-IT","potentialAction":[{"@type":"ReadAction","target":["https:\/\/www.intoscana.it\/it\/il-comune-di-carrara-premia-lorenzo-musetti-esempio-positivo-per-i-piu-giovani\/"]}]},{"@type":"ImageObject","inLanguage":"it-IT","@id":"https:\/\/www.intoscana.it\/it\/il-comune-di-carrara-premia-lorenzo-musetti-esempio-positivo-per-i-piu-giovani\/#primaryimage","url":"https:\/\/www.intoscana.it\/wp-content\/uploads\/Musetti-Carrara-1.jpg","contentUrl":"https:\/\/www.intoscana.it\/wp-content\/uploads\/Musetti-Carrara-1.jpg","width":1600,"height":1200,"caption":"Il tennista Lorenzo Musetti premiato dal Comune di Carrara"},{"@type":"BreadcrumbList","@id":"https:\/\/www.intoscana.it\/it\/il-comune-di-carrara-premia-lorenzo-musetti-esempio-positivo-per-i-piu-giovani\/#breadcrumb","itemListElement":[{"@type":"ListItem","position":1,"name":"Home","item":"https:\/\/www.intoscana.it\/it\/"},{"@type":"ListItem","position":2,"name":"Il Comune di Carrara premia Lorenzo Musetti: &#8220;Esempio positivo per i pi\u00f9 giovani&#8221;"}]},{"@type":"WebSite","@id":"https:\/\/www.intoscana.it\/it\/#website","url":"https:\/\/www.intoscana.it\/it\/","name":"intoscana","description":"","potentialAction":[{"@type":"SearchAction","target":{"@type":"EntryPoint","urlTemplate":"https:\/\/www.intoscana.it\/it\/?s={search_term_string}"},"query-input":{"@type":"PropertyValueSpecification","valueRequired":true,"valueName":"search_term_string"}}],"inLanguage":"it-IT"},{"@type":"Person","@id":"https:\/\/www.intoscana.it\/it\/#\/schema\/person\/010af92117f50561886339ad5b873a41","name":"Chiara Bianchini","sameAs":["c.bianchini@fst.it"],"url":"https:\/\/www.intoscana.it\/it\/author\/chiara-bianchini\/"}]}},"_links":{"self":[{"href":"https:\/\/www.intoscana.it\/it\/wp-json\/wp\/v2\/posts\/354825","targetHints":{"allow":["GET"]}}],"collection":[{"href":"https:\/\/www.intoscana.it\/it\/wp-json\/wp\/v2\/posts"}],"about":[{"href":"https:\/\/www.intoscana.it\/it\/wp-json\/wp\/v2\/types\/post"}],"author":[{"embeddable":true,"href":"https:\/\/www.intoscana.it\/it\/wp-json\/wp\/v2\/users\/507"}],"replies":[{"embeddable":true,"href":"https:\/\/www.intoscana.it\/it\/wp-json\/wp\/v2\/comments?post=354825"}],"version-history":[{"count":2,"href":"https:\/\/www.intoscana.it\/it\/wp-json\/wp\/v2\/posts\/354825\/revisions"}],"predecessor-version":[{"id":354844,"href":"https:\/\/www.intoscana.it\/it\/wp-json\/wp\/v2\/posts\/354825\/revisions\/354844"}],"wp:featuredmedia":[{"embeddable":true,"href":"https:\/\/www.intoscana.it\/it\/wp-json\/wp\/v2\/media\/354827"}],"wp:attachment":[{"href":"https:\/\/www.intoscana.it\/it\/wp-json\/wp\/v2\/media?parent=354825"}],"wp:term":[{"taxonomy":"category","embeddable":true,"href":"https:\/\/www.intoscana.it\/it\/wp-json\/wp\/v2\/categories?post=354825"},{"taxonomy":"post_tag","embeddable":true,"href":"https:\/\/www.intoscana.it\/it\/wp-json\/wp\/v2\/tags?post=354825"}],"curies":[{"name":"wp","href":"https:\/\/api.w.org\/{rel}","templated":true}]}}