{"id":354950,"date":"2024-09-05T15:55:18","date_gmt":"2024-09-05T13:55:18","guid":{"rendered":"https:\/\/www.intoscana.it\/it\/?p=354950"},"modified":"2024-09-05T15:57:09","modified_gmt":"2024-09-05T13:57:09","slug":"allultravox-firenze-tre-giorni-dedicati-al-calcio-con-il-festival-totaal-voetbal","status":"publish","type":"post","link":"https:\/\/www.intoscana.it\/it\/allultravox-firenze-tre-giorni-dedicati-al-calcio-con-il-festival-totaal-voetbal\/","title":{"rendered":"All&#8217;Ultravox Firenze tre giorni dedicati al calcio con il festival \u201cTotaal Voetbal\u201d"},"content":{"rendered":"<p>Saranno <strong>tre giorni di eventi<\/strong> tra palco e campo, con incontri, presentazioni di libri, partite e tanta musica dal vivo per <strong>Totaal Voetbal<\/strong>, il festival dedicato al calcio e alle sue innumerevoli connessioni con altre culture torna per la sua seconda edizione, in programma da <strong>venerd\u00ec 6 a domenica 8 settembre<\/strong> all\u2019Ultravox Firenze, lo spazio estivo attiguo all\u2019anfiteatro, nel parco delle Cascine.<\/p>\n<h3>Il programma<\/h3>\n<p>Tra gli appuntamenti pi\u00f9 attesi <strong>Alessandro Gazzi<\/strong> (ex giocatore di Torino, Palermo e Bari) presenter\u00e0 il suo libro &#8216;<em>Un lavoro da mediano. Ansia, sudore e Serie A<\/em>&#8216;, mentre il fotografo <strong>Lorenzo Gasparin<\/strong>i esporr\u00e0 il suo reportage &#8216;<em>Maradona Tatuato&#8217;<\/em>, una raccolta di tatuaggi dedicati al mito del calcio mondiale.<br \/>\nAmpio spazio sar\u00e0 riservato all&#8217;editoria di settore, con un focus su come la letteratura racconta il mondo del pallone. Sul campo, i partecipanti potranno assistere e partecipare a un&#8217;esibizione di &#8216;<em>Calcio integrato per non vedenti<\/em>&#8216;, organizzata dall\u2019associazione Quarto Tempo.<\/p>\n<p>In programma <strong>l\u2019asta con i lavori dei fotografi Mascolo e Claudio Giovannini<\/strong> (fotografo Acf Fiorentina): il ricavato sar\u00e0 devoluto alle &#8216;<strong>Simpatiche Canaglie Florentia OdV&#8217;<\/strong> (un&#8217;associazione di bikers preparati per dare supporto e protezione a minori vittime di abusi, violenza, maltrattamenti e bullismo) che sar\u00e0 presente anche nel talk dedicato al legame tra sport e impegno sociale, in compagnia dell\u2019assessora allo sport e alle politiche giovanili, il presidente della commissione sport Fabio Giorgetti e una rappresentanza del carcere minorile di Firenze.<\/p>\n<figure id=\"post-354952 media-354952\" class=\"align-none\"><img decoding=\"async\" src=\"https:\/\/www.intoscana.it\/wp-content\/uploads\/Totaalvoetbal-2024-2.png\" alt=\"\" \/><\/figure>\n<div class=\"titleimg\">\u00a9 Totaal Voetbal<\/div>\n<p>&#8220;<em>Una tre giorni interessante che sta all&#8217;interno del programma dell&#8217;estate Fiorentina<\/em> &#8211; ha sottolineato l&#8217;assessora del Comune di Firenze <strong>Letizia Perini<\/strong> &#8211; <em>un&#8217;iniziativa che lancer\u00e0 un messaggio alla citt\u00e0: lo sport e le societ\u00e0 sportive svolgono un ruolo fondamentale per la formazione e l\u2019educazione di bambini e ragazzi. Come amministrazione siamo contenti di sostenere un\u2019iniziativa come il Festival del Calcio che partendo dalla passione per questo sport ha creato una serie di appuntamenti per lanciare messaggi legati a temi importanti come i diritti, l\u2019inclusione e la libert\u00e0&#8221;<\/em>.<\/p>\n<p>Tra un talk e l&#8217;altro, non ci sar\u00e0 tempo per annoiarsi: <strong>musica live<\/strong> con i Colorificio Mario, e dj set di Vasistas e Francisco Campos accompagneranno i visitatori nell&#8217;area market, dove saranno esposti oggetti vintage e da collezione legati al mondo del calcio.<br \/>\nLe aree giochi gestite da Cs Lebowski e Fair Play Lovers offriranno divertimento e intrattenimento, mentre un focus sull&#8217;incrocio tra moda e calcio vedr\u00e0 protagoniste Veronica Bon (direttrice marketing della Spal Calcio) e Naomi Accardi (Co-Founder di SystemaRosa).<\/p>\n<p>Per info e consultare il programma completo: <a href=\"https:\/\/www.instagram.com\/totaal_voetbal_\" target=\"_blank\" rel=\"noopener\">profilo Instagram Totaal Voetbal<\/a><\/p>\n","protected":false},"excerpt":{"rendered":"<div class=\"titlearticolo\">\n<p>Da venerd\u00ec 6 a domenica 8 settembre tantissimi eventi e incontri al Prato della Tinaia<\/p>\n<\/div>\n","protected":false},"author":525,"featured_media":354951,"comment_status":"open","ping_status":"open","sticky":false,"template":"","format":"standard","meta":{"_acf_changed":false,"footnotes":""},"categories":[494],"tags":[290,202,159],"class_list":["post-354950","post","type-post","status-publish","format-standard","has-post-thumbnail","hentry","category-attualita","tag-calcio","tag-firenze","tag-sport"],"acf":[],"yoast_head":"<!-- This site is optimized with the Yoast SEO Premium plugin v24.2 (Yoast SEO v25.6) - https:\/\/yoast.com\/wordpress\/plugins\/seo\/ -->\n<title>All&#039;Ultravox Firenze tre giorni dedicati al calcio con il festival \u201cTotaal Voetbal\u201d - intoscana<\/title>\n<meta name=\"robots\" content=\"index, follow, max-snippet:-1, max-image-preview:large, max-video-preview:-1\" \/>\n<link rel=\"canonical\" href=\"https:\/\/www.intoscana.it\/it\/allultravox-firenze-tre-giorni-dedicati-al-calcio-con-il-festival-totaal-voetbal\/\" \/>\n<meta property=\"og:locale\" content=\"it_IT\" \/>\n<meta property=\"og:type\" content=\"article\" \/>\n<meta property=\"og:title\" content=\"All&#039;Ultravox Firenze tre giorni dedicati al calcio con il festival \u201cTotaal Voetbal\u201d\" \/>\n<meta property=\"og:description\" content=\"Da venerd\u00ec 6 a domenica 8 settembre tantissimi eventi e incontri al Prato della Tinaia\" \/>\n<meta property=\"og:url\" content=\"https:\/\/www.intoscana.it\/it\/allultravox-firenze-tre-giorni-dedicati-al-calcio-con-il-festival-totaal-voetbal\/\" \/>\n<meta property=\"og:site_name\" content=\"intoscana\" \/>\n<meta property=\"article:publisher\" content=\"https:\/\/www.facebook.com\/intoscana.it\" \/>\n<meta property=\"article:published_time\" content=\"2024-09-05T13:55:18+00:00\" \/>\n<meta property=\"article:modified_time\" content=\"2024-09-05T13:57:09+00:00\" \/>\n<meta property=\"og:image\" content=\"https:\/\/www.intoscana.it\/wp-content\/uploads\/Totaalvoetbal-2024-1.jpg\" \/>\n\t<meta property=\"og:image:width\" content=\"1440\" \/>\n\t<meta property=\"og:image:height\" content=\"1440\" \/>\n\t<meta property=\"og:image:type\" content=\"image\/jpeg\" \/>\n<meta name=\"author\" content=\"Redazione\" \/>\n<meta name=\"twitter:card\" content=\"summary_large_image\" \/>\n<meta name=\"twitter:creator\" content=\"@intoscana\" \/>\n<meta name=\"twitter:site\" content=\"@intoscana\" \/>\n<meta name=\"twitter:label1\" content=\"Written by\" \/>\n\t<meta name=\"twitter:data1\" content=\"Redazione\" \/>\n\t<meta name=\"twitter:label2\" content=\"Est. reading time\" \/>\n\t<meta name=\"twitter:data2\" content=\"3 minuti\" \/>\n<script type=\"application\/ld+json\" class=\"yoast-schema-graph\">{\"@context\":\"https:\/\/schema.org\",\"@graph\":[{\"@type\":\"WebPage\",\"@id\":\"https:\/\/www.intoscana.it\/it\/allultravox-firenze-tre-giorni-dedicati-al-calcio-con-il-festival-totaal-voetbal\/\",\"url\":\"https:\/\/www.intoscana.it\/it\/allultravox-firenze-tre-giorni-dedicati-al-calcio-con-il-festival-totaal-voetbal\/\",\"name\":\"All'Ultravox Firenze tre giorni dedicati al calcio con il festival \u201cTotaal Voetbal\u201d - intoscana\",\"isPartOf\":{\"@id\":\"https:\/\/www.intoscana.it\/it\/#website\"},\"primaryImageOfPage\":{\"@id\":\"https:\/\/www.intoscana.it\/it\/allultravox-firenze-tre-giorni-dedicati-al-calcio-con-il-festival-totaal-voetbal\/#primaryimage\"},\"image\":{\"@id\":\"https:\/\/www.intoscana.it\/it\/allultravox-firenze-tre-giorni-dedicati-al-calcio-con-il-festival-totaal-voetbal\/#primaryimage\"},\"thumbnailUrl\":\"https:\/\/www.intoscana.it\/wp-content\/uploads\/Totaalvoetbal-2024-1.jpg\",\"datePublished\":\"2024-09-05T13:55:18+00:00\",\"dateModified\":\"2024-09-05T13:57:09+00:00\",\"author\":{\"@id\":\"https:\/\/www.intoscana.it\/it\/#\/schema\/person\/9223810753230f20bd670fdd322661f8\"},\"breadcrumb\":{\"@id\":\"https:\/\/www.intoscana.it\/it\/allultravox-firenze-tre-giorni-dedicati-al-calcio-con-il-festival-totaal-voetbal\/#breadcrumb\"},\"inLanguage\":\"it-IT\",\"potentialAction\":[{\"@type\":\"ReadAction\",\"target\":[\"https:\/\/www.intoscana.it\/it\/allultravox-firenze-tre-giorni-dedicati-al-calcio-con-il-festival-totaal-voetbal\/\"]}]},{\"@type\":\"ImageObject\",\"inLanguage\":\"it-IT\",\"@id\":\"https:\/\/www.intoscana.it\/it\/allultravox-firenze-tre-giorni-dedicati-al-calcio-con-il-festival-totaal-voetbal\/#primaryimage\",\"url\":\"https:\/\/www.intoscana.it\/wp-content\/uploads\/Totaalvoetbal-2024-1.jpg\",\"contentUrl\":\"https:\/\/www.intoscana.it\/wp-content\/uploads\/Totaalvoetbal-2024-1.jpg\",\"width\":1440,\"height\":1440},{\"@type\":\"BreadcrumbList\",\"@id\":\"https:\/\/www.intoscana.it\/it\/allultravox-firenze-tre-giorni-dedicati-al-calcio-con-il-festival-totaal-voetbal\/#breadcrumb\",\"itemListElement\":[{\"@type\":\"ListItem\",\"position\":1,\"name\":\"Home\",\"item\":\"https:\/\/www.intoscana.it\/it\/\"},{\"@type\":\"ListItem\",\"position\":2,\"name\":\"All&#8217;Ultravox Firenze tre giorni dedicati al calcio con il festival \u201cTotaal Voetbal\u201d\"}]},{\"@type\":\"WebSite\",\"@id\":\"https:\/\/www.intoscana.it\/it\/#website\",\"url\":\"https:\/\/www.intoscana.it\/it\/\",\"name\":\"intoscana\",\"description\":\"\",\"potentialAction\":[{\"@type\":\"SearchAction\",\"target\":{\"@type\":\"EntryPoint\",\"urlTemplate\":\"https:\/\/www.intoscana.it\/it\/?s={search_term_string}\"},\"query-input\":{\"@type\":\"PropertyValueSpecification\",\"valueRequired\":true,\"valueName\":\"search_term_string\"}}],\"inLanguage\":\"it-IT\"},{\"@type\":\"Person\",\"@id\":\"https:\/\/www.intoscana.it\/it\/#\/schema\/person\/9223810753230f20bd670fdd322661f8\",\"name\":\"Redazione\",\"url\":\"https:\/\/www.intoscana.it\/it\/author\/redazione\/\"}]}<\/script>\n<!-- \/ Yoast SEO Premium plugin. -->","yoast_head_json":{"title":"All'Ultravox Firenze tre giorni dedicati al calcio con il festival \u201cTotaal Voetbal\u201d - intoscana","robots":{"index":"index","follow":"follow","max-snippet":"max-snippet:-1","max-image-preview":"max-image-preview:large","max-video-preview":"max-video-preview:-1"},"canonical":"https:\/\/www.intoscana.it\/it\/allultravox-firenze-tre-giorni-dedicati-al-calcio-con-il-festival-totaal-voetbal\/","og_locale":"it_IT","og_type":"article","og_title":"All'Ultravox Firenze tre giorni dedicati al calcio con il festival \u201cTotaal Voetbal\u201d","og_description":"Da venerd\u00ec 6 a domenica 8 settembre tantissimi eventi e incontri al Prato della Tinaia","og_url":"https:\/\/www.intoscana.it\/it\/allultravox-firenze-tre-giorni-dedicati-al-calcio-con-il-festival-totaal-voetbal\/","og_site_name":"intoscana","article_publisher":"https:\/\/www.facebook.com\/intoscana.it","article_published_time":"2024-09-05T13:55:18+00:00","article_modified_time":"2024-09-05T13:57:09+00:00","og_image":[{"width":1440,"height":1440,"url":"https:\/\/www.intoscana.it\/wp-content\/uploads\/Totaalvoetbal-2024-1.jpg","type":"image\/jpeg"}],"author":"Redazione","twitter_card":"summary_large_image","twitter_creator":"@intoscana","twitter_site":"@intoscana","twitter_misc":{"Written by":"Redazione","Est. reading time":"3 minuti"},"schema":{"@context":"https:\/\/schema.org","@graph":[{"@type":"WebPage","@id":"https:\/\/www.intoscana.it\/it\/allultravox-firenze-tre-giorni-dedicati-al-calcio-con-il-festival-totaal-voetbal\/","url":"https:\/\/www.intoscana.it\/it\/allultravox-firenze-tre-giorni-dedicati-al-calcio-con-il-festival-totaal-voetbal\/","name":"All'Ultravox Firenze tre giorni dedicati al calcio con il festival \u201cTotaal Voetbal\u201d - intoscana","isPartOf":{"@id":"https:\/\/www.intoscana.it\/it\/#website"},"primaryImageOfPage":{"@id":"https:\/\/www.intoscana.it\/it\/allultravox-firenze-tre-giorni-dedicati-al-calcio-con-il-festival-totaal-voetbal\/#primaryimage"},"image":{"@id":"https:\/\/www.intoscana.it\/it\/allultravox-firenze-tre-giorni-dedicati-al-calcio-con-il-festival-totaal-voetbal\/#primaryimage"},"thumbnailUrl":"https:\/\/www.intoscana.it\/wp-content\/uploads\/Totaalvoetbal-2024-1.jpg","datePublished":"2024-09-05T13:55:18+00:00","dateModified":"2024-09-05T13:57:09+00:00","author":{"@id":"https:\/\/www.intoscana.it\/it\/#\/schema\/person\/9223810753230f20bd670fdd322661f8"},"breadcrumb":{"@id":"https:\/\/www.intoscana.it\/it\/allultravox-firenze-tre-giorni-dedicati-al-calcio-con-il-festival-totaal-voetbal\/#breadcrumb"},"inLanguage":"it-IT","potentialAction":[{"@type":"ReadAction","target":["https:\/\/www.intoscana.it\/it\/allultravox-firenze-tre-giorni-dedicati-al-calcio-con-il-festival-totaal-voetbal\/"]}]},{"@type":"ImageObject","inLanguage":"it-IT","@id":"https:\/\/www.intoscana.it\/it\/allultravox-firenze-tre-giorni-dedicati-al-calcio-con-il-festival-totaal-voetbal\/#primaryimage","url":"https:\/\/www.intoscana.it\/wp-content\/uploads\/Totaalvoetbal-2024-1.jpg","contentUrl":"https:\/\/www.intoscana.it\/wp-content\/uploads\/Totaalvoetbal-2024-1.jpg","width":1440,"height":1440},{"@type":"BreadcrumbList","@id":"https:\/\/www.intoscana.it\/it\/allultravox-firenze-tre-giorni-dedicati-al-calcio-con-il-festival-totaal-voetbal\/#breadcrumb","itemListElement":[{"@type":"ListItem","position":1,"name":"Home","item":"https:\/\/www.intoscana.it\/it\/"},{"@type":"ListItem","position":2,"name":"All&#8217;Ultravox Firenze tre giorni dedicati al calcio con il festival \u201cTotaal Voetbal\u201d"}]},{"@type":"WebSite","@id":"https:\/\/www.intoscana.it\/it\/#website","url":"https:\/\/www.intoscana.it\/it\/","name":"intoscana","description":"","potentialAction":[{"@type":"SearchAction","target":{"@type":"EntryPoint","urlTemplate":"https:\/\/www.intoscana.it\/it\/?s={search_term_string}"},"query-input":{"@type":"PropertyValueSpecification","valueRequired":true,"valueName":"search_term_string"}}],"inLanguage":"it-IT"},{"@type":"Person","@id":"https:\/\/www.intoscana.it\/it\/#\/schema\/person\/9223810753230f20bd670fdd322661f8","name":"Redazione","url":"https:\/\/www.intoscana.it\/it\/author\/redazione\/"}]}},"_links":{"self":[{"href":"https:\/\/www.intoscana.it\/it\/wp-json\/wp\/v2\/posts\/354950","targetHints":{"allow":["GET"]}}],"collection":[{"href":"https:\/\/www.intoscana.it\/it\/wp-json\/wp\/v2\/posts"}],"about":[{"href":"https:\/\/www.intoscana.it\/it\/wp-json\/wp\/v2\/types\/post"}],"author":[{"embeddable":true,"href":"https:\/\/www.intoscana.it\/it\/wp-json\/wp\/v2\/users\/525"}],"replies":[{"embeddable":true,"href":"https:\/\/www.intoscana.it\/it\/wp-json\/wp\/v2\/comments?post=354950"}],"version-history":[{"count":3,"href":"https:\/\/www.intoscana.it\/it\/wp-json\/wp\/v2\/posts\/354950\/revisions"}],"predecessor-version":[{"id":355028,"href":"https:\/\/www.intoscana.it\/it\/wp-json\/wp\/v2\/posts\/354950\/revisions\/355028"}],"wp:featuredmedia":[{"embeddable":true,"href":"https:\/\/www.intoscana.it\/it\/wp-json\/wp\/v2\/media\/354951"}],"wp:attachment":[{"href":"https:\/\/www.intoscana.it\/it\/wp-json\/wp\/v2\/media?parent=354950"}],"wp:term":[{"taxonomy":"category","embeddable":true,"href":"https:\/\/www.intoscana.it\/it\/wp-json\/wp\/v2\/categories?post=354950"},{"taxonomy":"post_tag","embeddable":true,"href":"https:\/\/www.intoscana.it\/it\/wp-json\/wp\/v2\/tags?post=354950"}],"curies":[{"name":"wp","href":"https:\/\/api.w.org\/{rel}","templated":true}]}}