{"id":355191,"date":"2024-09-07T11:04:25","date_gmt":"2024-09-07T09:04:25","guid":{"rendered":"https:\/\/www.intoscana.it\/it\/?p=355191"},"modified":"2024-09-07T11:04:25","modified_gmt":"2024-09-07T09:04:25","slug":"treni-lavori-notturni-sulla-linea-firenze-pisa-da-ottobre-a-dicembre","status":"publish","type":"post","link":"https:\/\/www.intoscana.it\/it\/treni-lavori-notturni-sulla-linea-firenze-pisa-da-ottobre-a-dicembre\/","title":{"rendered":"Treni, lavori notturni sulla linea Firenze-Pisa da ottobre a dicembre"},"content":{"rendered":"<div class=\"rt-page__content rt-page-content--left\">\n<div class=\"rt-page__content-text\">\n<p>Trenitalia e Rete Ferroviaria Italiana hanno comunicato che <mark> con rinnovo di binari sulla tratta Empoli-S. Romano, nella stazione di Empoli, e rinnovo dei deviatoi nella stazione di S. Romano da fine settembre a dicembre 2024.<\/p>\n<p>\u201cI lavori in programma \u2013 spiegano il presidente <strong>Eugenio Giani<\/strong> e l\u2019assessore regionale alla mobilit\u00e0 e trasporti <strong>Stefano Baccelli<\/strong> &#8211; determineranno [mark]gravi impatti sull\u2019esercizio ferroviario con una modifica significativa delle percorrenze che causeranno rallentamenti a partire da 8 minuti per ciascun treno delle linee Firenze Pisa, Tirrenica e Pontremolese, con qualche eccezione che potr\u00e0 arrivare fino a 14 minuti, per questo motivo la programmazione dei treni nelle zone interessate sar\u00e0 rimodulata.<\/mark> Come Regione monitoreremo attentamente l\u2019andamento dei lavori per ridurre il pi\u00f9 possibile il loro impatto sui passeggeri e sui loro tempi di percorrenza\u201d.<\/p>\n<h3><em>L&#8217;impatto sui pendolari<\/em><\/h3>\n<p>I lavori con un tale impatto sulla circolazione, come osserva l\u2019assessore, non derivanti da situazioni di urgenza o imprevedibilit\u00e0, dovevano essere <mark>effettuati in periodi estivi cos\u00ec da ridurre i disagi arrecati all\u2019utenza e che la comunicazione alla Regione, alle amministrazioni locali e agli stessi utenti avrebbe dovuto essere data con adeguato preavviso.<\/mark><\/p>\n<p>\u201cI nostri uffici hanno lavorato in queste settimane insieme con <strong>Autolinee Toscane<\/strong> per verificare e garantire le corrispondenze con i bus nelle principali stazioni di interscambio \u2013 aggiungono &#8211; ma tali rallentamenti coinvolgono migliaia di utenti e possono avere effetti rilevanti sui pendolari e sugli utilizzatori della linea. Ferma restando l\u2019esigenza di garantire le attivit\u00e0 di manutenzione previste, <mark>riteniamo indispensabile che la programmazione di interventi con tale impatto sia effettuata con congruo anticipo ed in modo coordinato tra RFI e Trenitalia, e che siano adeguatamente avvertite le popolazioni interessate&#8221;.<\/mark><\/p>\n<p>A questo proposito pochi giorni fa su richiesta dell\u2019assessore Baccelli si \u00e8 tenuta una riunione alla presenza degli amministratori locali durante la quale Rfi e Trenitalia hanno illustrato i programmi e le\u00a0sostituzioni previste e i sindaci hanno chiesto la garanzia che i gestori si adopereranno per\u00a0ridurre i <strong>disagi<\/strong> per gli utenti.<\/p>\n<h3><em>Gli interventi<\/em><\/h3>\n<p>I lavori, che comportano un investimento complessivo di oltre 19 milioni di euro, tra Empoli e San Romano interesseranno circa 20 chilometri di linea e <mark>inizieranno il 30 settembre, mentre la loro conclusione \u00e8 prevista per il 3 dicembre, mentre nella stazione di San Romanoverranno<br \/>\nsostituiti i deviatoi a partire dal 19 novembre e fino al 22 dicembre.<\/mark><\/p>\n<p>Le attivit\u00e0 di cantiere, per cercare di limitare al massimo i disagi, si svolgeranno dal luned\u00ec al venerd\u00ec nelle <strong>ore notturne<\/strong>.<\/p>\n<p>&nbsp;<\/p>\n<\/div>\n<\/div>\n<div class=\"rt-btn-wrapper rt-btn-wrapper--right-align\">\n<div class=\"a2a_kit a2a_kit_size_32 a2a_default_style\" data-a2a-title=\"La ferrovia Firenze Pisa interessata da lavori notturni di rinnovamento\"><\/div>\n<\/div>\n","protected":false},"excerpt":{"rendered":"<p>Si allungano i tempi di percorrenza. Giani e Baccelli: &#8220;Come Regione monitoreremo attentamente l\u2019andamento dei lavori per ridurre il pi\u00f9 possibile il loro impatto sui passeggeri&#8221;<\/p>\n","protected":false},"author":525,"featured_media":347187,"comment_status":"open","ping_status":"open","sticky":false,"template":"","format":"standard","meta":{"_acf_changed":false,"footnotes":""},"categories":[494],"tags":[158,1577,4818,183,5795],"class_list":["post-355191","post","type-post","status-publish","format-standard","has-post-thumbnail","hentry","category-attualita","tag-eugenio-giani","tag-muoversi-in-toscana","tag-stefano-baccelli","tag-treni","tag-treni-regionali"],"acf":[],"yoast_head":"<!-- This site is optimized with the Yoast SEO Premium plugin v24.2 (Yoast SEO v25.6) - https:\/\/yoast.com\/wordpress\/plugins\/seo\/ -->\n<title>Treni, lavori notturni sulla linea Firenze-Pisa da ottobre a dicembre - intoscana<\/title>\n<meta name=\"description\" content=\"Si allungano i tempi di percorrenza. Giani e Baccelli: &quot;Come Regione monitoreremo attentamente l\u2019andamento dei lavori per ridurre il pi\u00f9 possibile il loro impatto sui passeggeri&quot;\" \/>\n<meta name=\"robots\" content=\"index, follow, max-snippet:-1, max-image-preview:large, max-video-preview:-1\" \/>\n<link rel=\"canonical\" href=\"https:\/\/www.intoscana.it\/it\/treni-lavori-notturni-sulla-linea-firenze-pisa-da-ottobre-a-dicembre\/\" \/>\n<meta property=\"og:locale\" content=\"it_IT\" \/>\n<meta property=\"og:type\" content=\"article\" \/>\n<meta property=\"og:title\" content=\"Treni, lavori notturni sulla linea Firenze-Pisa da ottobre a dicembre\" \/>\n<meta property=\"og:description\" content=\"Si allungano i tempi di percorrenza. Giani e Baccelli: &quot;Come Regione monitoreremo attentamente l\u2019andamento dei lavori per ridurre il pi\u00f9 possibile il loro impatto sui passeggeri&quot;\" \/>\n<meta property=\"og:url\" content=\"https:\/\/www.intoscana.it\/it\/treni-lavori-notturni-sulla-linea-firenze-pisa-da-ottobre-a-dicembre\/\" \/>\n<meta property=\"og:site_name\" content=\"intoscana\" \/>\n<meta property=\"article:publisher\" content=\"https:\/\/www.facebook.com\/intoscana.it\" \/>\n<meta property=\"article:published_time\" content=\"2024-09-07T09:04:25+00:00\" \/>\n<meta property=\"og:image\" content=\"https:\/\/www.intoscana.it\/wp-content\/uploads\/rotaie-treni.jpg\" \/>\n\t<meta property=\"og:image:width\" content=\"990\" \/>\n\t<meta property=\"og:image:height\" content=\"792\" \/>\n\t<meta property=\"og:image:type\" content=\"image\/jpeg\" \/>\n<meta name=\"author\" content=\"Redazione\" \/>\n<meta name=\"twitter:card\" content=\"summary_large_image\" \/>\n<meta name=\"twitter:creator\" content=\"@intoscana\" \/>\n<meta name=\"twitter:site\" content=\"@intoscana\" \/>\n<meta name=\"twitter:label1\" content=\"Written by\" \/>\n\t<meta name=\"twitter:data1\" content=\"Redazione\" \/>\n\t<meta name=\"twitter:label2\" content=\"Est. reading time\" \/>\n\t<meta name=\"twitter:data2\" content=\"3 minuti\" \/>\n<script type=\"application\/ld+json\" class=\"yoast-schema-graph\">{\"@context\":\"https:\/\/schema.org\",\"@graph\":[{\"@type\":\"WebPage\",\"@id\":\"https:\/\/www.intoscana.it\/it\/treni-lavori-notturni-sulla-linea-firenze-pisa-da-ottobre-a-dicembre\/\",\"url\":\"https:\/\/www.intoscana.it\/it\/treni-lavori-notturni-sulla-linea-firenze-pisa-da-ottobre-a-dicembre\/\",\"name\":\"Treni, lavori notturni sulla linea Firenze-Pisa da ottobre a dicembre - intoscana\",\"isPartOf\":{\"@id\":\"https:\/\/www.intoscana.it\/it\/#website\"},\"primaryImageOfPage\":{\"@id\":\"https:\/\/www.intoscana.it\/it\/treni-lavori-notturni-sulla-linea-firenze-pisa-da-ottobre-a-dicembre\/#primaryimage\"},\"image\":{\"@id\":\"https:\/\/www.intoscana.it\/it\/treni-lavori-notturni-sulla-linea-firenze-pisa-da-ottobre-a-dicembre\/#primaryimage\"},\"thumbnailUrl\":\"https:\/\/www.intoscana.it\/wp-content\/uploads\/rotaie-treni.jpg\",\"datePublished\":\"2024-09-07T09:04:25+00:00\",\"author\":{\"@id\":\"https:\/\/www.intoscana.it\/it\/#\/schema\/person\/9223810753230f20bd670fdd322661f8\"},\"description\":\"Si allungano i tempi di percorrenza. Giani e Baccelli: \\\"Come Regione monitoreremo attentamente l\u2019andamento dei lavori per ridurre il pi\u00f9 possibile il loro impatto sui passeggeri\\\"\",\"breadcrumb\":{\"@id\":\"https:\/\/www.intoscana.it\/it\/treni-lavori-notturni-sulla-linea-firenze-pisa-da-ottobre-a-dicembre\/#breadcrumb\"},\"inLanguage\":\"it-IT\",\"potentialAction\":[{\"@type\":\"ReadAction\",\"target\":[\"https:\/\/www.intoscana.it\/it\/treni-lavori-notturni-sulla-linea-firenze-pisa-da-ottobre-a-dicembre\/\"]}]},{\"@type\":\"ImageObject\",\"inLanguage\":\"it-IT\",\"@id\":\"https:\/\/www.intoscana.it\/it\/treni-lavori-notturni-sulla-linea-firenze-pisa-da-ottobre-a-dicembre\/#primaryimage\",\"url\":\"https:\/\/www.intoscana.it\/wp-content\/uploads\/rotaie-treni.jpg\",\"contentUrl\":\"https:\/\/www.intoscana.it\/wp-content\/uploads\/rotaie-treni.jpg\",\"width\":990,\"height\":792},{\"@type\":\"BreadcrumbList\",\"@id\":\"https:\/\/www.intoscana.it\/it\/treni-lavori-notturni-sulla-linea-firenze-pisa-da-ottobre-a-dicembre\/#breadcrumb\",\"itemListElement\":[{\"@type\":\"ListItem\",\"position\":1,\"name\":\"Home\",\"item\":\"https:\/\/www.intoscana.it\/it\/\"},{\"@type\":\"ListItem\",\"position\":2,\"name\":\"Treni, lavori notturni sulla linea Firenze-Pisa da ottobre a dicembre\"}]},{\"@type\":\"WebSite\",\"@id\":\"https:\/\/www.intoscana.it\/it\/#website\",\"url\":\"https:\/\/www.intoscana.it\/it\/\",\"name\":\"intoscana\",\"description\":\"\",\"potentialAction\":[{\"@type\":\"SearchAction\",\"target\":{\"@type\":\"EntryPoint\",\"urlTemplate\":\"https:\/\/www.intoscana.it\/it\/?s={search_term_string}\"},\"query-input\":{\"@type\":\"PropertyValueSpecification\",\"valueRequired\":true,\"valueName\":\"search_term_string\"}}],\"inLanguage\":\"it-IT\"},{\"@type\":\"Person\",\"@id\":\"https:\/\/www.intoscana.it\/it\/#\/schema\/person\/9223810753230f20bd670fdd322661f8\",\"name\":\"Redazione\",\"url\":\"https:\/\/www.intoscana.it\/it\/author\/redazione\/\"}]}<\/script>\n<!-- \/ Yoast SEO Premium plugin. -->","yoast_head_json":{"title":"Treni, lavori notturni sulla linea Firenze-Pisa da ottobre a dicembre - intoscana","description":"Si allungano i tempi di percorrenza. Giani e Baccelli: \"Come Regione monitoreremo attentamente l\u2019andamento dei lavori per ridurre il pi\u00f9 possibile il loro impatto sui passeggeri\"","robots":{"index":"index","follow":"follow","max-snippet":"max-snippet:-1","max-image-preview":"max-image-preview:large","max-video-preview":"max-video-preview:-1"},"canonical":"https:\/\/www.intoscana.it\/it\/treni-lavori-notturni-sulla-linea-firenze-pisa-da-ottobre-a-dicembre\/","og_locale":"it_IT","og_type":"article","og_title":"Treni, lavori notturni sulla linea Firenze-Pisa da ottobre a dicembre","og_description":"Si allungano i tempi di percorrenza. Giani e Baccelli: \"Come Regione monitoreremo attentamente l\u2019andamento dei lavori per ridurre il pi\u00f9 possibile il loro impatto sui passeggeri\"","og_url":"https:\/\/www.intoscana.it\/it\/treni-lavori-notturni-sulla-linea-firenze-pisa-da-ottobre-a-dicembre\/","og_site_name":"intoscana","article_publisher":"https:\/\/www.facebook.com\/intoscana.it","article_published_time":"2024-09-07T09:04:25+00:00","og_image":[{"width":990,"height":792,"url":"https:\/\/www.intoscana.it\/wp-content\/uploads\/rotaie-treni.jpg","type":"image\/jpeg"}],"author":"Redazione","twitter_card":"summary_large_image","twitter_creator":"@intoscana","twitter_site":"@intoscana","twitter_misc":{"Written by":"Redazione","Est. reading time":"3 minuti"},"schema":{"@context":"https:\/\/schema.org","@graph":[{"@type":"WebPage","@id":"https:\/\/www.intoscana.it\/it\/treni-lavori-notturni-sulla-linea-firenze-pisa-da-ottobre-a-dicembre\/","url":"https:\/\/www.intoscana.it\/it\/treni-lavori-notturni-sulla-linea-firenze-pisa-da-ottobre-a-dicembre\/","name":"Treni, lavori notturni sulla linea Firenze-Pisa da ottobre a dicembre - intoscana","isPartOf":{"@id":"https:\/\/www.intoscana.it\/it\/#website"},"primaryImageOfPage":{"@id":"https:\/\/www.intoscana.it\/it\/treni-lavori-notturni-sulla-linea-firenze-pisa-da-ottobre-a-dicembre\/#primaryimage"},"image":{"@id":"https:\/\/www.intoscana.it\/it\/treni-lavori-notturni-sulla-linea-firenze-pisa-da-ottobre-a-dicembre\/#primaryimage"},"thumbnailUrl":"https:\/\/www.intoscana.it\/wp-content\/uploads\/rotaie-treni.jpg","datePublished":"2024-09-07T09:04:25+00:00","author":{"@id":"https:\/\/www.intoscana.it\/it\/#\/schema\/person\/9223810753230f20bd670fdd322661f8"},"description":"Si allungano i tempi di percorrenza. Giani e Baccelli: \"Come Regione monitoreremo attentamente l\u2019andamento dei lavori per ridurre il pi\u00f9 possibile il loro impatto sui passeggeri\"","breadcrumb":{"@id":"https:\/\/www.intoscana.it\/it\/treni-lavori-notturni-sulla-linea-firenze-pisa-da-ottobre-a-dicembre\/#breadcrumb"},"inLanguage":"it-IT","potentialAction":[{"@type":"ReadAction","target":["https:\/\/www.intoscana.it\/it\/treni-lavori-notturni-sulla-linea-firenze-pisa-da-ottobre-a-dicembre\/"]}]},{"@type":"ImageObject","inLanguage":"it-IT","@id":"https:\/\/www.intoscana.it\/it\/treni-lavori-notturni-sulla-linea-firenze-pisa-da-ottobre-a-dicembre\/#primaryimage","url":"https:\/\/www.intoscana.it\/wp-content\/uploads\/rotaie-treni.jpg","contentUrl":"https:\/\/www.intoscana.it\/wp-content\/uploads\/rotaie-treni.jpg","width":990,"height":792},{"@type":"BreadcrumbList","@id":"https:\/\/www.intoscana.it\/it\/treni-lavori-notturni-sulla-linea-firenze-pisa-da-ottobre-a-dicembre\/#breadcrumb","itemListElement":[{"@type":"ListItem","position":1,"name":"Home","item":"https:\/\/www.intoscana.it\/it\/"},{"@type":"ListItem","position":2,"name":"Treni, lavori notturni sulla linea Firenze-Pisa da ottobre a dicembre"}]},{"@type":"WebSite","@id":"https:\/\/www.intoscana.it\/it\/#website","url":"https:\/\/www.intoscana.it\/it\/","name":"intoscana","description":"","potentialAction":[{"@type":"SearchAction","target":{"@type":"EntryPoint","urlTemplate":"https:\/\/www.intoscana.it\/it\/?s={search_term_string}"},"query-input":{"@type":"PropertyValueSpecification","valueRequired":true,"valueName":"search_term_string"}}],"inLanguage":"it-IT"},{"@type":"Person","@id":"https:\/\/www.intoscana.it\/it\/#\/schema\/person\/9223810753230f20bd670fdd322661f8","name":"Redazione","url":"https:\/\/www.intoscana.it\/it\/author\/redazione\/"}]}},"_links":{"self":[{"href":"https:\/\/www.intoscana.it\/it\/wp-json\/wp\/v2\/posts\/355191","targetHints":{"allow":["GET"]}}],"collection":[{"href":"https:\/\/www.intoscana.it\/it\/wp-json\/wp\/v2\/posts"}],"about":[{"href":"https:\/\/www.intoscana.it\/it\/wp-json\/wp\/v2\/types\/post"}],"author":[{"embeddable":true,"href":"https:\/\/www.intoscana.it\/it\/wp-json\/wp\/v2\/users\/525"}],"replies":[{"embeddable":true,"href":"https:\/\/www.intoscana.it\/it\/wp-json\/wp\/v2\/comments?post=355191"}],"version-history":[{"count":6,"href":"https:\/\/www.intoscana.it\/it\/wp-json\/wp\/v2\/posts\/355191\/revisions"}],"predecessor-version":[{"id":355209,"href":"https:\/\/www.intoscana.it\/it\/wp-json\/wp\/v2\/posts\/355191\/revisions\/355209"}],"wp:featuredmedia":[{"embeddable":true,"href":"https:\/\/www.intoscana.it\/it\/wp-json\/wp\/v2\/media\/347187"}],"wp:attachment":[{"href":"https:\/\/www.intoscana.it\/it\/wp-json\/wp\/v2\/media?parent=355191"}],"wp:term":[{"taxonomy":"category","embeddable":true,"href":"https:\/\/www.intoscana.it\/it\/wp-json\/wp\/v2\/categories?post=355191"},{"taxonomy":"post_tag","embeddable":true,"href":"https:\/\/www.intoscana.it\/it\/wp-json\/wp\/v2\/tags?post=355191"}],"curies":[{"name":"wp","href":"https:\/\/api.w.org\/{rel}","templated":true}]}}