{"id":355259,"date":"2024-09-09T09:47:57","date_gmt":"2024-09-09T07:47:57","guid":{"rendered":"https:\/\/www.intoscana.it\/it\/?p=355259"},"modified":"2024-09-09T09:47:57","modified_gmt":"2024-09-09T07:47:57","slug":"e-fu-sera-e-fu-mattina-a-firenze-la-natura-negli-scatti-spettacolari-di-valter-bernardeschi","status":"publish","type":"post","link":"https:\/\/www.intoscana.it\/it\/e-fu-sera-e-fu-mattina-a-firenze-la-natura-negli-scatti-spettacolari-di-valter-bernardeschi\/","title":{"rendered":"&#8220;E fu sera e fu mattina&#8221;: a Firenze la natura negli scatti spettacolari di Valter Bernardeschi"},"content":{"rendered":"<p>Fino al 7 gennaio 2025 <strong>Palazzo Medici Riccardi a Firenze<\/strong> ospita <strong><em>&#8220;E fu sera e fu mattina: La natura negli scatti di Valter Bernardeschi&#8221;, <\/em><\/strong>una mostra fotografica che esplora la bellezza e la fragilit\u00e0 della natura attraverso l&#8217;obiettivo del fotografo <strong>Valter Bernardeschi.<\/strong><\/p>\n<p>Partendo dalle <strong>parole di Papa Francesco<\/strong> nella Lettera Enciclica<strong><em> \u201cLaudato Si\u2019\u201d<\/em><\/strong> Bernardeschi elabora <strong>una sua personalissima riflessione sul rapporto tra l&#8217;uomo e la natura,<\/strong> esplorando temi come<strong> la creazione, la trasformazione e la bellezza eterna<\/strong> del mondo naturale.<\/p>\n<p>Gli scatti del fotografo toscano, gi\u00e0 vincitore del<strong> Wildlife Photographer of the Year<\/strong> del <strong>Natural History Museum di Londra,<\/strong> catturano l&#8217;essenza della vita sulla Terra, invitando i visitatori a riflettere sul loro rapporto con l&#8217;ambiente e a riscoprire la meraviglia e il mistero che il nostro pianeta offre.<\/p>\n<figure id=\"post-355266 media-355266\" class=\"align-none\"><img decoding=\"async\" src=\"https:\/\/www.intoscana.it\/wp-content\/uploads\/3.-Essential-life-popolo-Nenets-Russia-2021_\u00a9Valter-Bernardeschi-scaled.jpeg\" alt=\"\" \/><\/figure>\n<div class=\"titleimg\">Essential life (popolo Nenets), Russia 2021_\u00a9Valter Bernardeschi<\/div>\n<h3>E fu sera e fu mattina: non solo una mostra fotografica<\/h3>\n<p><strong><em>&#8220;E fu sera e fu mattina&#8221;<\/em><\/strong> non \u00e8 solo una mostra fotografica, ma<strong> un vero e proprio viaggio visivo che attraversa i luoghi pi\u00f9 remoti e affascinanti del nostro pianeta<\/strong>. Le fotografie di<strong> Valter Bernardeschi<\/strong> sono <strong>testimonianze vibranti della vita naturale,<\/strong> catturate con una sensibilit\u00e0 rara e una tecnica impeccabile. Ogni immagine racconta una storia, svelando la maestosit\u00e0 e la vulnerabilit\u00e0 della natura in tutta la sua complessit\u00e0.<\/p>\n<p>Tra le opere esposte, spiccano immagini di <strong>paesaggi incontaminati,<\/strong> dove la luce gioca un ruolo fondamentale nel definire le forme e i colori, creando atmosfere sospese<strong> tra sogno e realt\u00e0. <\/strong><\/p>\n<p>I visitatori potranno ammirare l&#8217;imponenza di <strong>un orso grizzly intento a pescare salmone<\/strong> in un fiume del nord America, simbolo di forza e perseveranza, ma anche di un equilibrio naturale sempre pi\u00f9 minacciato.<\/p>\n<p>E ancora <strong>un&#8217;aquila dalla coda bianca che plana maestosamente<\/strong> su un mare cristallino, con il cielo e l&#8217;acqua che si fondono in un gioco di riflessi che esalta l&#8217;armonia del creato.<\/p>\n<p>Le immagini di Bernardeschi non si limitano a<strong> celebrare la bellezza estetica della natura,<\/strong> ma invitano a una riflessione profonda sul ruolo dell\u2019essere umano all&#8217;interno di questo ecosistema. La sua lente, capace di cogliere anche i dettagli pi\u00f9 minuti, rivela la complessit\u00e0 e la delicatezza delle interazioni tra gli esseri viventi e il loro ambiente.<\/p>\n<p>Ne \u00e8 un esempio il suggestivo scatto di <strong>una ragnatela illuminata dai raggi del sole,<\/strong> dove i fili trasparenti si trasformano in piccoli prismi che scompongono la luce in un arcobaleno di colori.<\/p>\n<figure id=\"post-355262 media-355262\" class=\"align-none\"><img decoding=\"async\" src=\"https:\/\/www.intoscana.it\/wp-content\/uploads\/7.Sokeye-Catch-Russia-2012_\u00a9Valter-Bernardeschi-scaled.jpeg\" alt=\"\" \/><\/figure>\n<div class=\"titleimg\">Sokeye Catch, Russia 2012_\u00a9Valter Bernardeschi<\/div>\n<h3>Valter Bernardeschi<\/h3>\n<p><strong>Valter Bernardeschi<\/strong> \u00e8 nato nel 1958 e vive a <strong>San Pietro Belvedere,<\/strong> una piccola cittadina nelle colline della Toscana. Ha iniziato a fotografare negli anni \u201870, dapprima il paesaggio della sua regione, poi la vita selvaggia degli animali. Affascinato dalla bellezza dell\u2019ambiente naturale, ha fotografato animali in circa 40 paesi del mondo.<\/p>\n<p>Attraverso la sua fotocamera vede e rivela la Natura in tutte le sue forme, come testimonianza dell\u2019arte suprema frutto della Creazione. Le sue fotografie sono state pubblicate sulle pi\u00f9 autorevoli riviste come <strong>National Geographic, Bell\u2019Europa, Oasis, BBC wildlife. <\/strong><\/p>\n<p>\u00c8 autore di libri e ha esposto in numerose mostre fotografiche, anche in collaborazione con enti e parchi dediti alla conservazione florofaunistica.<\/p>\n<p>Nel 2018 ha esposto presso il <strong>Museo di Storia Naturale dell\u2019Universit\u00e0 di Pisa \u2013 Certosa di Calci<\/strong> e l\u2019anno seguente presso il Museo Paleontologico di Montevarchi con la mostra personale Wildlife.<\/p>\n<p>Collabora da anni con <strong>l\u2019importante agenzia fotografica francese BiosPhoto e<\/strong>d \u00e8 stato vincitore anche di rinomati premi e riconoscimenti nazionali ed internazionali tra cui, nel 2013 e nel 2018, il Wildlife Photographer of the Year del Natural History Museum di Londra.<\/p>\n<figure id=\"post-355261 media-355261\" class=\"align-none\"><img decoding=\"async\" src=\"https:\/\/www.intoscana.it\/wp-content\/uploads\/8.Trappola-di-luce-Italia-2020_\u00a9Valter-Bernardeschi-scaled.jpeg\" alt=\"\" \/><\/figure>\n<div class=\"titleimg\">Trappola di luce, Italia 2020_\u00a9Valter Bernardeschi<\/div>\n","protected":false},"excerpt":{"rendered":"<p>Fino al 7 gennaio 2025 a Palazzo Medici Riccardi la potenza e la commovente bellezza della natura nelle fotografie del toscano Valter Bernardeschi<\/p>\n","protected":false},"author":525,"featured_media":355267,"comment_status":"open","ping_status":"open","sticky":false,"template":"","format":"standard","meta":{"_acf_changed":false,"footnotes":""},"categories":[493],"tags":[4474,202,242,222],"class_list":["post-355259","post","type-post","status-publish","format-standard","has-post-thumbnail","hentry","category-cultura","tag-eventi","tag-firenze","tag-fotografia","tag-mostre"],"acf":[],"yoast_head":"<!-- This site is optimized with the Yoast SEO Premium plugin v24.2 (Yoast SEO v25.6) - https:\/\/yoast.com\/wordpress\/plugins\/seo\/ -->\n<title>&quot;E fu sera e fu mattina&quot;: a Firenze la natura negli scatti spettacolari di Valter Bernardeschi - intoscana<\/title>\n<meta name=\"description\" content=\"Fino al 7 gennaio 2025 a Palazzo Medici Riccardi la potenza e la commovente bellezza della natura nelle fotografie di Valter Bernardeschi\" \/>\n<meta name=\"robots\" content=\"index, follow, max-snippet:-1, max-image-preview:large, max-video-preview:-1\" \/>\n<link rel=\"canonical\" href=\"https:\/\/www.intoscana.it\/it\/e-fu-sera-e-fu-mattina-a-firenze-la-natura-negli-scatti-spettacolari-di-valter-bernardeschi\/\" \/>\n<meta property=\"og:locale\" content=\"it_IT\" \/>\n<meta property=\"og:type\" content=\"article\" \/>\n<meta property=\"og:title\" content=\"&quot;E fu sera e fu mattina&quot;: a Firenze la natura negli scatti spettacolari di Valter Bernardeschi\" \/>\n<meta property=\"og:description\" content=\"Fino al 7 gennaio 2025 a Palazzo Medici Riccardi la potenza e la commovente bellezza della natura nelle fotografie di Valter Bernardeschi\" \/>\n<meta property=\"og:url\" content=\"https:\/\/www.intoscana.it\/it\/e-fu-sera-e-fu-mattina-a-firenze-la-natura-negli-scatti-spettacolari-di-valter-bernardeschi\/\" \/>\n<meta property=\"og:site_name\" content=\"intoscana\" \/>\n<meta property=\"article:publisher\" content=\"https:\/\/www.facebook.com\/intoscana.it\" \/>\n<meta property=\"article:published_time\" content=\"2024-09-09T07:47:57+00:00\" \/>\n<meta property=\"og:image\" content=\"https:\/\/www.intoscana.it\/wp-content\/uploads\/2.Davide-e-Golia-Tanzania-2010_\u00a9Valter-Bernardeschi-scaled.jpeg\" \/>\n\t<meta property=\"og:image:width\" content=\"2048\" \/>\n\t<meta property=\"og:image:height\" content=\"1365\" \/>\n\t<meta property=\"og:image:type\" content=\"image\/jpeg\" \/>\n<meta name=\"author\" content=\"Redazione\" \/>\n<meta name=\"twitter:card\" content=\"summary_large_image\" \/>\n<meta name=\"twitter:creator\" content=\"@intoscana\" \/>\n<meta name=\"twitter:site\" content=\"@intoscana\" \/>\n<meta name=\"twitter:label1\" content=\"Written by\" \/>\n\t<meta name=\"twitter:data1\" content=\"Redazione\" \/>\n\t<meta name=\"twitter:label2\" content=\"Est. reading time\" \/>\n\t<meta name=\"twitter:data2\" content=\"4 minuti\" \/>\n<script type=\"application\/ld+json\" class=\"yoast-schema-graph\">{\"@context\":\"https:\/\/schema.org\",\"@graph\":[{\"@type\":\"WebPage\",\"@id\":\"https:\/\/www.intoscana.it\/it\/e-fu-sera-e-fu-mattina-a-firenze-la-natura-negli-scatti-spettacolari-di-valter-bernardeschi\/\",\"url\":\"https:\/\/www.intoscana.it\/it\/e-fu-sera-e-fu-mattina-a-firenze-la-natura-negli-scatti-spettacolari-di-valter-bernardeschi\/\",\"name\":\"\\\"E fu sera e fu mattina\\\": a Firenze la natura negli scatti spettacolari di Valter Bernardeschi - intoscana\",\"isPartOf\":{\"@id\":\"https:\/\/www.intoscana.it\/it\/#website\"},\"primaryImageOfPage\":{\"@id\":\"https:\/\/www.intoscana.it\/it\/e-fu-sera-e-fu-mattina-a-firenze-la-natura-negli-scatti-spettacolari-di-valter-bernardeschi\/#primaryimage\"},\"image\":{\"@id\":\"https:\/\/www.intoscana.it\/it\/e-fu-sera-e-fu-mattina-a-firenze-la-natura-negli-scatti-spettacolari-di-valter-bernardeschi\/#primaryimage\"},\"thumbnailUrl\":\"https:\/\/www.intoscana.it\/wp-content\/uploads\/2.Davide-e-Golia-Tanzania-2010_\u00a9Valter-Bernardeschi-scaled.jpeg\",\"datePublished\":\"2024-09-09T07:47:57+00:00\",\"author\":{\"@id\":\"https:\/\/www.intoscana.it\/it\/#\/schema\/person\/9223810753230f20bd670fdd322661f8\"},\"description\":\"Fino al 7 gennaio 2025 a Palazzo Medici Riccardi la potenza e la commovente bellezza della natura nelle fotografie di Valter Bernardeschi\",\"breadcrumb\":{\"@id\":\"https:\/\/www.intoscana.it\/it\/e-fu-sera-e-fu-mattina-a-firenze-la-natura-negli-scatti-spettacolari-di-valter-bernardeschi\/#breadcrumb\"},\"inLanguage\":\"it-IT\",\"potentialAction\":[{\"@type\":\"ReadAction\",\"target\":[\"https:\/\/www.intoscana.it\/it\/e-fu-sera-e-fu-mattina-a-firenze-la-natura-negli-scatti-spettacolari-di-valter-bernardeschi\/\"]}]},{\"@type\":\"ImageObject\",\"inLanguage\":\"it-IT\",\"@id\":\"https:\/\/www.intoscana.it\/it\/e-fu-sera-e-fu-mattina-a-firenze-la-natura-negli-scatti-spettacolari-di-valter-bernardeschi\/#primaryimage\",\"url\":\"https:\/\/www.intoscana.it\/wp-content\/uploads\/2.Davide-e-Golia-Tanzania-2010_\u00a9Valter-Bernardeschi-scaled.jpeg\",\"contentUrl\":\"https:\/\/www.intoscana.it\/wp-content\/uploads\/2.Davide-e-Golia-Tanzania-2010_\u00a9Valter-Bernardeschi-scaled.jpeg\",\"width\":2048,\"height\":1365},{\"@type\":\"BreadcrumbList\",\"@id\":\"https:\/\/www.intoscana.it\/it\/e-fu-sera-e-fu-mattina-a-firenze-la-natura-negli-scatti-spettacolari-di-valter-bernardeschi\/#breadcrumb\",\"itemListElement\":[{\"@type\":\"ListItem\",\"position\":1,\"name\":\"Home\",\"item\":\"https:\/\/www.intoscana.it\/it\/\"},{\"@type\":\"ListItem\",\"position\":2,\"name\":\"&#8220;E fu sera e fu mattina&#8221;: a Firenze la natura negli scatti spettacolari di Valter Bernardeschi\"}]},{\"@type\":\"WebSite\",\"@id\":\"https:\/\/www.intoscana.it\/it\/#website\",\"url\":\"https:\/\/www.intoscana.it\/it\/\",\"name\":\"intoscana\",\"description\":\"\",\"potentialAction\":[{\"@type\":\"SearchAction\",\"target\":{\"@type\":\"EntryPoint\",\"urlTemplate\":\"https:\/\/www.intoscana.it\/it\/?s={search_term_string}\"},\"query-input\":{\"@type\":\"PropertyValueSpecification\",\"valueRequired\":true,\"valueName\":\"search_term_string\"}}],\"inLanguage\":\"it-IT\"},{\"@type\":\"Person\",\"@id\":\"https:\/\/www.intoscana.it\/it\/#\/schema\/person\/9223810753230f20bd670fdd322661f8\",\"name\":\"Redazione\",\"url\":\"https:\/\/www.intoscana.it\/it\/author\/redazione\/\"}]}<\/script>\n<!-- \/ Yoast SEO Premium plugin. -->","yoast_head_json":{"title":"\"E fu sera e fu mattina\": a Firenze la natura negli scatti spettacolari di Valter Bernardeschi - intoscana","description":"Fino al 7 gennaio 2025 a Palazzo Medici Riccardi la potenza e la commovente bellezza della natura nelle fotografie di Valter Bernardeschi","robots":{"index":"index","follow":"follow","max-snippet":"max-snippet:-1","max-image-preview":"max-image-preview:large","max-video-preview":"max-video-preview:-1"},"canonical":"https:\/\/www.intoscana.it\/it\/e-fu-sera-e-fu-mattina-a-firenze-la-natura-negli-scatti-spettacolari-di-valter-bernardeschi\/","og_locale":"it_IT","og_type":"article","og_title":"\"E fu sera e fu mattina\": a Firenze la natura negli scatti spettacolari di Valter Bernardeschi","og_description":"Fino al 7 gennaio 2025 a Palazzo Medici Riccardi la potenza e la commovente bellezza della natura nelle fotografie di Valter Bernardeschi","og_url":"https:\/\/www.intoscana.it\/it\/e-fu-sera-e-fu-mattina-a-firenze-la-natura-negli-scatti-spettacolari-di-valter-bernardeschi\/","og_site_name":"intoscana","article_publisher":"https:\/\/www.facebook.com\/intoscana.it","article_published_time":"2024-09-09T07:47:57+00:00","og_image":[{"width":2048,"height":1365,"url":"https:\/\/www.intoscana.it\/wp-content\/uploads\/2.Davide-e-Golia-Tanzania-2010_\u00a9Valter-Bernardeschi-scaled.jpeg","type":"image\/jpeg"}],"author":"Redazione","twitter_card":"summary_large_image","twitter_creator":"@intoscana","twitter_site":"@intoscana","twitter_misc":{"Written by":"Redazione","Est. reading time":"4 minuti"},"schema":{"@context":"https:\/\/schema.org","@graph":[{"@type":"WebPage","@id":"https:\/\/www.intoscana.it\/it\/e-fu-sera-e-fu-mattina-a-firenze-la-natura-negli-scatti-spettacolari-di-valter-bernardeschi\/","url":"https:\/\/www.intoscana.it\/it\/e-fu-sera-e-fu-mattina-a-firenze-la-natura-negli-scatti-spettacolari-di-valter-bernardeschi\/","name":"\"E fu sera e fu mattina\": a Firenze la natura negli scatti spettacolari di Valter Bernardeschi - intoscana","isPartOf":{"@id":"https:\/\/www.intoscana.it\/it\/#website"},"primaryImageOfPage":{"@id":"https:\/\/www.intoscana.it\/it\/e-fu-sera-e-fu-mattina-a-firenze-la-natura-negli-scatti-spettacolari-di-valter-bernardeschi\/#primaryimage"},"image":{"@id":"https:\/\/www.intoscana.it\/it\/e-fu-sera-e-fu-mattina-a-firenze-la-natura-negli-scatti-spettacolari-di-valter-bernardeschi\/#primaryimage"},"thumbnailUrl":"https:\/\/www.intoscana.it\/wp-content\/uploads\/2.Davide-e-Golia-Tanzania-2010_\u00a9Valter-Bernardeschi-scaled.jpeg","datePublished":"2024-09-09T07:47:57+00:00","author":{"@id":"https:\/\/www.intoscana.it\/it\/#\/schema\/person\/9223810753230f20bd670fdd322661f8"},"description":"Fino al 7 gennaio 2025 a Palazzo Medici Riccardi la potenza e la commovente bellezza della natura nelle fotografie di Valter Bernardeschi","breadcrumb":{"@id":"https:\/\/www.intoscana.it\/it\/e-fu-sera-e-fu-mattina-a-firenze-la-natura-negli-scatti-spettacolari-di-valter-bernardeschi\/#breadcrumb"},"inLanguage":"it-IT","potentialAction":[{"@type":"ReadAction","target":["https:\/\/www.intoscana.it\/it\/e-fu-sera-e-fu-mattina-a-firenze-la-natura-negli-scatti-spettacolari-di-valter-bernardeschi\/"]}]},{"@type":"ImageObject","inLanguage":"it-IT","@id":"https:\/\/www.intoscana.it\/it\/e-fu-sera-e-fu-mattina-a-firenze-la-natura-negli-scatti-spettacolari-di-valter-bernardeschi\/#primaryimage","url":"https:\/\/www.intoscana.it\/wp-content\/uploads\/2.Davide-e-Golia-Tanzania-2010_\u00a9Valter-Bernardeschi-scaled.jpeg","contentUrl":"https:\/\/www.intoscana.it\/wp-content\/uploads\/2.Davide-e-Golia-Tanzania-2010_\u00a9Valter-Bernardeschi-scaled.jpeg","width":2048,"height":1365},{"@type":"BreadcrumbList","@id":"https:\/\/www.intoscana.it\/it\/e-fu-sera-e-fu-mattina-a-firenze-la-natura-negli-scatti-spettacolari-di-valter-bernardeschi\/#breadcrumb","itemListElement":[{"@type":"ListItem","position":1,"name":"Home","item":"https:\/\/www.intoscana.it\/it\/"},{"@type":"ListItem","position":2,"name":"&#8220;E fu sera e fu mattina&#8221;: a Firenze la natura negli scatti spettacolari di Valter Bernardeschi"}]},{"@type":"WebSite","@id":"https:\/\/www.intoscana.it\/it\/#website","url":"https:\/\/www.intoscana.it\/it\/","name":"intoscana","description":"","potentialAction":[{"@type":"SearchAction","target":{"@type":"EntryPoint","urlTemplate":"https:\/\/www.intoscana.it\/it\/?s={search_term_string}"},"query-input":{"@type":"PropertyValueSpecification","valueRequired":true,"valueName":"search_term_string"}}],"inLanguage":"it-IT"},{"@type":"Person","@id":"https:\/\/www.intoscana.it\/it\/#\/schema\/person\/9223810753230f20bd670fdd322661f8","name":"Redazione","url":"https:\/\/www.intoscana.it\/it\/author\/redazione\/"}]}},"_links":{"self":[{"href":"https:\/\/www.intoscana.it\/it\/wp-json\/wp\/v2\/posts\/355259","targetHints":{"allow":["GET"]}}],"collection":[{"href":"https:\/\/www.intoscana.it\/it\/wp-json\/wp\/v2\/posts"}],"about":[{"href":"https:\/\/www.intoscana.it\/it\/wp-json\/wp\/v2\/types\/post"}],"author":[{"embeddable":true,"href":"https:\/\/www.intoscana.it\/it\/wp-json\/wp\/v2\/users\/525"}],"replies":[{"embeddable":true,"href":"https:\/\/www.intoscana.it\/it\/wp-json\/wp\/v2\/comments?post=355259"}],"version-history":[{"count":8,"href":"https:\/\/www.intoscana.it\/it\/wp-json\/wp\/v2\/posts\/355259\/revisions"}],"predecessor-version":[{"id":355284,"href":"https:\/\/www.intoscana.it\/it\/wp-json\/wp\/v2\/posts\/355259\/revisions\/355284"}],"wp:featuredmedia":[{"embeddable":true,"href":"https:\/\/www.intoscana.it\/it\/wp-json\/wp\/v2\/media\/355267"}],"wp:attachment":[{"href":"https:\/\/www.intoscana.it\/it\/wp-json\/wp\/v2\/media?parent=355259"}],"wp:term":[{"taxonomy":"category","embeddable":true,"href":"https:\/\/www.intoscana.it\/it\/wp-json\/wp\/v2\/categories?post=355259"},{"taxonomy":"post_tag","embeddable":true,"href":"https:\/\/www.intoscana.it\/it\/wp-json\/wp\/v2\/tags?post=355259"}],"curies":[{"name":"wp","href":"https:\/\/api.w.org\/{rel}","templated":true}]}}