{"id":355676,"date":"2024-09-10T16:39:55","date_gmt":"2024-09-10T14:39:55","guid":{"rendered":"https:\/\/www.intoscana.it\/it\/?p=355676"},"modified":"2024-09-11T15:55:41","modified_gmt":"2024-09-11T13:55:41","slug":"internet-festival-2024-dal-10-al-13-ottobre-torna-a-pisa-parola-chiave-generazione","status":"publish","type":"post","link":"https:\/\/www.intoscana.it\/it\/internet-festival-2024-dal-10-al-13-ottobre-torna-a-pisa-parola-chiave-generazione\/","title":{"rendered":"A Pisa tutto pronto per Internet Festival 2024: parola chiave &#8220;Generazione&#8221;"},"content":{"rendered":"<p>Tutto pronto per la <strong>14\/a edizione di Internet Festival,<\/strong> manifestazione che indaga il rapporto della nostra societ\u00e0 con il digitale,<strong> parola chiave<\/strong> dell&#8217;edizione 2024 <strong><em>#Generazione.<\/em><\/strong><\/p>\n<p>Generazione, intesa come la <strong>demarcazione temporale con cui mappiamo l\u2019evoluzione della societ\u00e0<\/strong>, identificando con nomi significativi i nati nell\u2019arco di questi ultimi tre quarti di secolo ma, nell&#8217;era dell<strong>&#8216;intelligenza artificiale<\/strong>, il progresso dei modelli e degli algoritmi ha permesso di evolvere ulteriormente il concetto di generazione, aprendo scenari inediti e complessi che riguardano profondamente l\u2019ingegno e la creativit\u00e0 umana.<\/p>\n<p><strong>Dal 10 al 13 ottobre Pisa<\/strong>\u00a0 ospiter\u00e0<strong> decine di ospiti internazionali,<\/strong> tra le personalit\u00e0 attese sotto la Torre pendente: il dirigente d\u2019azienda<strong> Franco Bernab\u00e8,<\/strong>\u00a0l\u2019esperta in interazioni uomo-macchina <strong>Alessandra Sciutti,<\/strong> con il <strong>\u201crobot bambino\u201d iCub<\/strong> che presso l\u2019Istituto Italiano di Tecnologia sta allenando a riconoscere le emozioni, il professore di Bioingegneria dell\u2019Universit\u00e0 di Pisa <strong>Enzo Pasquale Scilingo, padre di Abel<\/strong>, il \u201crobot adolescente\u201d, il neuroscienziato <strong>Gian Michele Ratto,<\/strong> a capo del laboratorio di Neurofisiologia dell\u2019Istituto Nanoscienze del CNR di Pisa, <strong>il filosofo Maurizio Ferraris,<\/strong> professore ordinario di filosofia teoretica presso l\u2019Universit\u00e0 di Torino e il neoallenatore del Pisa Calcio, <strong>Filippo Inzaghi.<\/strong><\/p>\n<p>Ma l\u2019esteso programma di <strong>IF2024<\/strong> prevede anche scrittori e scrittrici, come <strong>Giulia Blasi,<\/strong> autrice generazionale seguitissima sui social, e poi editor, dj e influencer da decine di migliaia di followers, tra cui <strong>Sofia Pasotto<\/strong>, nota per le istanze ecologiste, e il giovane booktoker e scrittore, <strong>Victor Diamandis.<\/strong><\/p>\n<figure id=\"post-305983 media-305983\" class=\"align-none\"><img decoding=\"async\" src=\"https:\/\/www.intoscana.it\/wp-content\/uploads\/IF_abel_06-2.jpg\" alt=\"\" \/><\/figure>\n<div class=\"titleimg\">Internet Festival<\/div>\n<p>Diversi i temi pronti per essere esplorati con la guida degli esperti: dalla capacit\u00e0 generativa dell\u2019<strong>intelligenza artificiale<\/strong> (cos\u00ec come di quella umana) a come rendere la robotica pensante ed emotiva, dalla <strong>(in)sostenibilit\u00e0 della rete<\/strong> (tra bilanci green e influencer), fino al possibile (e auspicabile) <strong>ruolo del digitale nel costruire un processo di pace globale<\/strong>, con uno sguardo attento sulla <strong>Cyberwar<\/strong> nel panel coordinato dalla giornalista <strong>Celia Guimaraes. <\/strong><\/p>\n<p>Sotto la lente <strong>il rapporto tra tech e diritto,<\/strong> nelle varie accezioni di <strong>governo dei dati, cybersecurity e copyright<\/strong>, approfondite nella sezione dedicata alla Cyber Law, a cura di <strong>Fernanda Faini,<\/strong> dedicata al ricordo della <strong>Professoressa Dianora Poletti.<\/strong><\/p>\n<p>Si andr\u00e0 al cinema per capire come nei film si parla del <strong>ruolo crescente delle donne nello sviluppo tecnologico<\/strong> e a teatro per una sessione di stand up comedy tra nuove e vecchie generazioni di comedians.<\/p>\n<p>Si legger\u00e0 moltissimo, grazie alla <strong>sinergia con le librerie pisane<\/strong> con, tra le altre, la presentazione della nuova collana I Tagli e della <strong>casa editrice indipendente Accento<\/strong> che porter\u00e0 al festival l\u2019ultima generazione di autrici e autori.<\/p>\n<p>Ci si lascer\u00e0 ispirare da un dialogo modello <strong>TEDx<\/strong> in tema <strong><em>\u201cGenere, Generare, Generazione\u201d<\/em><\/strong> insieme alla scrittrice ed esperta di media digitali <strong>Mafe de Baggis<\/strong> e alla giornalista e data humanizer <strong>Donata Columbro<\/strong>.<\/p>\n<p>Si baller\u00e0 al ritmo dei djset pi\u00f9 innovativi al <strong>Caracol e al Deposito Pontecorvo<\/strong>, come la performance Live di <strong>Gianpaolo Capobianco e la sua Flesh Orchestra<\/strong>, vincitore del bando SIAE e MIC-Per chi crea, dove ballando, muovendosi e interagendo con un software si generer\u00e0 la musica della serata.<\/p>\n<p>Si potranno sperimentare in prima persona <strong>soluzioni tecnologiche avanzate,<\/strong> grazie alle installazioni interattive al Centro Congressi Le Benedettine e alle centralissime Logge dei Banchi.<strong> Verr\u00e0 dall\u2019Africa un djset all\u2019insegna dell\u2019empowerment femminile<\/strong> per chiudere l\u2019edizione 2024 di IF in piazza XX Settembre.<\/p>\n<p><strong>Tanto spazio anche alla formazione:<\/strong> \u00e8 gi\u00e0 online, pi\u00f9 ricco che mai,<strong> il calendario dei T-Tour<\/strong>, le attivit\u00e0 rivolte alle scuole primarie e secondarie, mentre si rinnova la collaborazione con<strong> Istituto Modartech<\/strong>, scuola di alta formazione di Pontedera, per un workshop dedicato all\u2019intelligenza artificiale come strumento creativo nella grafica, per scoprire le nuove frontiere dell\u2019immaginazione.<\/p>\n<p>A ricordare che la potenza generativa ha solo un limite:<strong> l\u2019immaginazione, capacit\u00e0 ancora molto umana.<\/strong><\/p>\n<div class=\"titleimg\">\n<figure id=\"post-247708 media-247708\" class=\"align-none\"><img decoding=\"async\" src=\"https:\/\/www.intoscana.it\/wp-content\/uploads\/Internet-Festival_01_foto-Antonio-Viscido-1-2.jpg\" alt=\"\" \/><\/figure>\n<div class=\"titleimg\"><em>Internet Festival, foto Antonio Viscido<\/em><\/div>\n<\/div>\n","protected":false},"excerpt":{"rendered":"<p>Dal 10 al 13 ottobre tornala pi\u00f9 longeva manifestazione dedicata al rapporto della nostra societ\u00e0 con il digitale. Attesi, tra gli altri, Elia Bombardelli e Norma Cerletti, i robot umanoidi iCub e Abel, il neuroscienziato Gian Michele Ratto, l\u2019allenatore del Pisa Calcio Filippo Inzaghi, e poi scrittori, dj e influencer<\/p>\n","protected":false},"author":525,"featured_media":355678,"comment_status":"open","ping_status":"open","sticky":false,"template":"","format":"standard","meta":{"_acf_changed":false,"footnotes":""},"categories":[493],"tags":[4474,228,176,203,151],"class_list":["post-355676","post","type-post","status-publish","format-standard","has-post-thumbnail","hentry","category-cultura","tag-eventi","tag-festival","tag-internet-festival","tag-pisa","tag-regione-toscana"],"acf":[],"yoast_head":"<!-- This site is optimized with the Yoast SEO Premium plugin v24.2 (Yoast SEO v25.6) - https:\/\/yoast.com\/wordpress\/plugins\/seo\/ -->\n<title>A Pisa tutto pronto per Internet Festival 2024: parola chiave &quot;Generazione&quot; - intoscana<\/title>\n<meta name=\"robots\" content=\"index, follow, max-snippet:-1, max-image-preview:large, max-video-preview:-1\" \/>\n<link rel=\"canonical\" href=\"https:\/\/www.intoscana.it\/it\/internet-festival-2024-dal-10-al-13-ottobre-torna-a-pisa-parola-chiave-generazione\/\" \/>\n<meta property=\"og:locale\" content=\"it_IT\" \/>\n<meta property=\"og:type\" content=\"article\" \/>\n<meta property=\"og:title\" content=\"A Pisa tutto pronto per Internet Festival 2024: parola chiave &quot;Generazione&quot;\" \/>\n<meta property=\"og:description\" content=\"Dal 10 al 13 ottobre tornala pi\u00f9 longeva manifestazione dedicata al rapporto della nostra societ\u00e0 con il digitale. Attesi, tra gli altri, Elia Bombardelli e Norma Cerletti, i robot umanoidi iCub e Abel, il neuroscienziato Gian Michele Ratto, l\u2019allenatore del Pisa Calcio Filippo Inzaghi, e poi scrittori, dj e influencer\" \/>\n<meta property=\"og:url\" content=\"https:\/\/www.intoscana.it\/it\/internet-festival-2024-dal-10-al-13-ottobre-torna-a-pisa-parola-chiave-generazione\/\" \/>\n<meta property=\"og:site_name\" content=\"intoscana\" \/>\n<meta property=\"article:publisher\" content=\"https:\/\/www.facebook.com\/intoscana.it\" \/>\n<meta property=\"article:published_time\" content=\"2024-09-10T14:39:55+00:00\" \/>\n<meta property=\"article:modified_time\" content=\"2024-09-11T13:55:41+00:00\" \/>\n<meta property=\"og:image\" content=\"https:\/\/www.intoscana.it\/wp-content\/uploads\/Screenshot-2024-09-10-alle-16.32.20-e1727092109547.jpeg\" \/>\n\t<meta property=\"og:image:width\" content=\"1209\" \/>\n\t<meta property=\"og:image:height\" content=\"719\" \/>\n\t<meta property=\"og:image:type\" content=\"image\/jpeg\" \/>\n<meta name=\"author\" content=\"Redazione\" \/>\n<meta name=\"twitter:card\" content=\"summary_large_image\" \/>\n<meta name=\"twitter:creator\" content=\"@intoscana\" \/>\n<meta name=\"twitter:site\" content=\"@intoscana\" \/>\n<meta name=\"twitter:label1\" content=\"Written by\" \/>\n\t<meta name=\"twitter:data1\" content=\"Redazione\" \/>\n\t<meta name=\"twitter:label2\" content=\"Est. reading time\" \/>\n\t<meta name=\"twitter:data2\" content=\"4 minuti\" \/>\n<script type=\"application\/ld+json\" class=\"yoast-schema-graph\">{\"@context\":\"https:\/\/schema.org\",\"@graph\":[{\"@type\":\"WebPage\",\"@id\":\"https:\/\/www.intoscana.it\/it\/internet-festival-2024-dal-10-al-13-ottobre-torna-a-pisa-parola-chiave-generazione\/\",\"url\":\"https:\/\/www.intoscana.it\/it\/internet-festival-2024-dal-10-al-13-ottobre-torna-a-pisa-parola-chiave-generazione\/\",\"name\":\"A Pisa tutto pronto per Internet Festival 2024: parola chiave \\\"Generazione\\\" - intoscana\",\"isPartOf\":{\"@id\":\"https:\/\/www.intoscana.it\/it\/#website\"},\"primaryImageOfPage\":{\"@id\":\"https:\/\/www.intoscana.it\/it\/internet-festival-2024-dal-10-al-13-ottobre-torna-a-pisa-parola-chiave-generazione\/#primaryimage\"},\"image\":{\"@id\":\"https:\/\/www.intoscana.it\/it\/internet-festival-2024-dal-10-al-13-ottobre-torna-a-pisa-parola-chiave-generazione\/#primaryimage\"},\"thumbnailUrl\":\"https:\/\/www.intoscana.it\/wp-content\/uploads\/Screenshot-2024-09-10-alle-16.32.20-e1727092109547.jpeg\",\"datePublished\":\"2024-09-10T14:39:55+00:00\",\"dateModified\":\"2024-09-11T13:55:41+00:00\",\"author\":{\"@id\":\"https:\/\/www.intoscana.it\/it\/#\/schema\/person\/9223810753230f20bd670fdd322661f8\"},\"breadcrumb\":{\"@id\":\"https:\/\/www.intoscana.it\/it\/internet-festival-2024-dal-10-al-13-ottobre-torna-a-pisa-parola-chiave-generazione\/#breadcrumb\"},\"inLanguage\":\"it-IT\",\"potentialAction\":[{\"@type\":\"ReadAction\",\"target\":[\"https:\/\/www.intoscana.it\/it\/internet-festival-2024-dal-10-al-13-ottobre-torna-a-pisa-parola-chiave-generazione\/\"]}]},{\"@type\":\"ImageObject\",\"inLanguage\":\"it-IT\",\"@id\":\"https:\/\/www.intoscana.it\/it\/internet-festival-2024-dal-10-al-13-ottobre-torna-a-pisa-parola-chiave-generazione\/#primaryimage\",\"url\":\"https:\/\/www.intoscana.it\/wp-content\/uploads\/Screenshot-2024-09-10-alle-16.32.20-e1727092109547.jpeg\",\"contentUrl\":\"https:\/\/www.intoscana.it\/wp-content\/uploads\/Screenshot-2024-09-10-alle-16.32.20-e1727092109547.jpeg\",\"width\":1209,\"height\":719},{\"@type\":\"BreadcrumbList\",\"@id\":\"https:\/\/www.intoscana.it\/it\/internet-festival-2024-dal-10-al-13-ottobre-torna-a-pisa-parola-chiave-generazione\/#breadcrumb\",\"itemListElement\":[{\"@type\":\"ListItem\",\"position\":1,\"name\":\"Home\",\"item\":\"https:\/\/www.intoscana.it\/it\/\"},{\"@type\":\"ListItem\",\"position\":2,\"name\":\"A Pisa tutto pronto per Internet Festival 2024: parola chiave &#8220;Generazione&#8221;\"}]},{\"@type\":\"WebSite\",\"@id\":\"https:\/\/www.intoscana.it\/it\/#website\",\"url\":\"https:\/\/www.intoscana.it\/it\/\",\"name\":\"intoscana\",\"description\":\"\",\"potentialAction\":[{\"@type\":\"SearchAction\",\"target\":{\"@type\":\"EntryPoint\",\"urlTemplate\":\"https:\/\/www.intoscana.it\/it\/?s={search_term_string}\"},\"query-input\":{\"@type\":\"PropertyValueSpecification\",\"valueRequired\":true,\"valueName\":\"search_term_string\"}}],\"inLanguage\":\"it-IT\"},{\"@type\":\"Person\",\"@id\":\"https:\/\/www.intoscana.it\/it\/#\/schema\/person\/9223810753230f20bd670fdd322661f8\",\"name\":\"Redazione\",\"url\":\"https:\/\/www.intoscana.it\/it\/author\/redazione\/\"}]}<\/script>\n<!-- \/ Yoast SEO Premium plugin. -->","yoast_head_json":{"title":"A Pisa tutto pronto per Internet Festival 2024: parola chiave \"Generazione\" - intoscana","robots":{"index":"index","follow":"follow","max-snippet":"max-snippet:-1","max-image-preview":"max-image-preview:large","max-video-preview":"max-video-preview:-1"},"canonical":"https:\/\/www.intoscana.it\/it\/internet-festival-2024-dal-10-al-13-ottobre-torna-a-pisa-parola-chiave-generazione\/","og_locale":"it_IT","og_type":"article","og_title":"A Pisa tutto pronto per Internet Festival 2024: parola chiave \"Generazione\"","og_description":"Dal 10 al 13 ottobre tornala pi\u00f9 longeva manifestazione dedicata al rapporto della nostra societ\u00e0 con il digitale. Attesi, tra gli altri, Elia Bombardelli e Norma Cerletti, i robot umanoidi iCub e Abel, il neuroscienziato Gian Michele Ratto, l\u2019allenatore del Pisa Calcio Filippo Inzaghi, e poi scrittori, dj e influencer","og_url":"https:\/\/www.intoscana.it\/it\/internet-festival-2024-dal-10-al-13-ottobre-torna-a-pisa-parola-chiave-generazione\/","og_site_name":"intoscana","article_publisher":"https:\/\/www.facebook.com\/intoscana.it","article_published_time":"2024-09-10T14:39:55+00:00","article_modified_time":"2024-09-11T13:55:41+00:00","og_image":[{"width":1209,"height":719,"url":"https:\/\/www.intoscana.it\/wp-content\/uploads\/Screenshot-2024-09-10-alle-16.32.20-e1727092109547.jpeg","type":"image\/jpeg"}],"author":"Redazione","twitter_card":"summary_large_image","twitter_creator":"@intoscana","twitter_site":"@intoscana","twitter_misc":{"Written by":"Redazione","Est. reading time":"4 minuti"},"schema":{"@context":"https:\/\/schema.org","@graph":[{"@type":"WebPage","@id":"https:\/\/www.intoscana.it\/it\/internet-festival-2024-dal-10-al-13-ottobre-torna-a-pisa-parola-chiave-generazione\/","url":"https:\/\/www.intoscana.it\/it\/internet-festival-2024-dal-10-al-13-ottobre-torna-a-pisa-parola-chiave-generazione\/","name":"A Pisa tutto pronto per Internet Festival 2024: parola chiave \"Generazione\" - intoscana","isPartOf":{"@id":"https:\/\/www.intoscana.it\/it\/#website"},"primaryImageOfPage":{"@id":"https:\/\/www.intoscana.it\/it\/internet-festival-2024-dal-10-al-13-ottobre-torna-a-pisa-parola-chiave-generazione\/#primaryimage"},"image":{"@id":"https:\/\/www.intoscana.it\/it\/internet-festival-2024-dal-10-al-13-ottobre-torna-a-pisa-parola-chiave-generazione\/#primaryimage"},"thumbnailUrl":"https:\/\/www.intoscana.it\/wp-content\/uploads\/Screenshot-2024-09-10-alle-16.32.20-e1727092109547.jpeg","datePublished":"2024-09-10T14:39:55+00:00","dateModified":"2024-09-11T13:55:41+00:00","author":{"@id":"https:\/\/www.intoscana.it\/it\/#\/schema\/person\/9223810753230f20bd670fdd322661f8"},"breadcrumb":{"@id":"https:\/\/www.intoscana.it\/it\/internet-festival-2024-dal-10-al-13-ottobre-torna-a-pisa-parola-chiave-generazione\/#breadcrumb"},"inLanguage":"it-IT","potentialAction":[{"@type":"ReadAction","target":["https:\/\/www.intoscana.it\/it\/internet-festival-2024-dal-10-al-13-ottobre-torna-a-pisa-parola-chiave-generazione\/"]}]},{"@type":"ImageObject","inLanguage":"it-IT","@id":"https:\/\/www.intoscana.it\/it\/internet-festival-2024-dal-10-al-13-ottobre-torna-a-pisa-parola-chiave-generazione\/#primaryimage","url":"https:\/\/www.intoscana.it\/wp-content\/uploads\/Screenshot-2024-09-10-alle-16.32.20-e1727092109547.jpeg","contentUrl":"https:\/\/www.intoscana.it\/wp-content\/uploads\/Screenshot-2024-09-10-alle-16.32.20-e1727092109547.jpeg","width":1209,"height":719},{"@type":"BreadcrumbList","@id":"https:\/\/www.intoscana.it\/it\/internet-festival-2024-dal-10-al-13-ottobre-torna-a-pisa-parola-chiave-generazione\/#breadcrumb","itemListElement":[{"@type":"ListItem","position":1,"name":"Home","item":"https:\/\/www.intoscana.it\/it\/"},{"@type":"ListItem","position":2,"name":"A Pisa tutto pronto per Internet Festival 2024: parola chiave &#8220;Generazione&#8221;"}]},{"@type":"WebSite","@id":"https:\/\/www.intoscana.it\/it\/#website","url":"https:\/\/www.intoscana.it\/it\/","name":"intoscana","description":"","potentialAction":[{"@type":"SearchAction","target":{"@type":"EntryPoint","urlTemplate":"https:\/\/www.intoscana.it\/it\/?s={search_term_string}"},"query-input":{"@type":"PropertyValueSpecification","valueRequired":true,"valueName":"search_term_string"}}],"inLanguage":"it-IT"},{"@type":"Person","@id":"https:\/\/www.intoscana.it\/it\/#\/schema\/person\/9223810753230f20bd670fdd322661f8","name":"Redazione","url":"https:\/\/www.intoscana.it\/it\/author\/redazione\/"}]}},"_links":{"self":[{"href":"https:\/\/www.intoscana.it\/it\/wp-json\/wp\/v2\/posts\/355676","targetHints":{"allow":["GET"]}}],"collection":[{"href":"https:\/\/www.intoscana.it\/it\/wp-json\/wp\/v2\/posts"}],"about":[{"href":"https:\/\/www.intoscana.it\/it\/wp-json\/wp\/v2\/types\/post"}],"author":[{"embeddable":true,"href":"https:\/\/www.intoscana.it\/it\/wp-json\/wp\/v2\/users\/525"}],"replies":[{"embeddable":true,"href":"https:\/\/www.intoscana.it\/it\/wp-json\/wp\/v2\/comments?post=355676"}],"version-history":[{"count":8,"href":"https:\/\/www.intoscana.it\/it\/wp-json\/wp\/v2\/posts\/355676\/revisions"}],"predecessor-version":[{"id":355762,"href":"https:\/\/www.intoscana.it\/it\/wp-json\/wp\/v2\/posts\/355676\/revisions\/355762"}],"wp:featuredmedia":[{"embeddable":true,"href":"https:\/\/www.intoscana.it\/it\/wp-json\/wp\/v2\/media\/355678"}],"wp:attachment":[{"href":"https:\/\/www.intoscana.it\/it\/wp-json\/wp\/v2\/media?parent=355676"}],"wp:term":[{"taxonomy":"category","embeddable":true,"href":"https:\/\/www.intoscana.it\/it\/wp-json\/wp\/v2\/categories?post=355676"},{"taxonomy":"post_tag","embeddable":true,"href":"https:\/\/www.intoscana.it\/it\/wp-json\/wp\/v2\/tags?post=355676"}],"curies":[{"name":"wp","href":"https:\/\/api.w.org\/{rel}","templated":true}]}}