{"id":355812,"date":"2024-09-12T11:16:03","date_gmt":"2024-09-12T09:16:03","guid":{"rendered":"https:\/\/www.intoscana.it\/it\/?p=355812"},"modified":"2024-09-12T14:55:12","modified_gmt":"2024-09-12T12:55:12","slug":"danex-records-15-anni-di-dischi-a-firenze-punto-di-riferimento-per-i-collezionisti","status":"publish","type":"post","link":"https:\/\/www.intoscana.it\/it\/danex-records-15-anni-di-dischi-a-firenze-punto-di-riferimento-per-i-collezionisti\/","title":{"rendered":"Danex Records 15 anni di dischi a Firenze: punto di riferimento per collezionisti e dj"},"content":{"rendered":"<p>Su una parete il poster dei <strong>Dinosaur JR<\/strong> \u00e8 appeso accanto alla <strong>bandiera della Fiorentina<\/strong>, questo accostamento non stona nel negozio <a href=\"https:\/\/www.facebook.com\/danexrecords\/?locale=it_IT\" target=\"_blank\" rel=\"noopener\"><strong>Danex Records<\/strong><\/a> da anni punto di riferimento<strong> in via degli Artisti a Firenze<\/strong> per gli amanti della musica e del<strong> vinile in particolare.<\/strong><\/p>\n<p>Quest&#8217;anno <strong>Danex compie 15 anni,<\/strong> un traguardo da celebrare considerato quanto sia cambiata la fruizione della musica nell&#8217;ultimo decennio, che ha visto quasi scomparire il supporto fisico a beneficio delle <strong>piattaforme digitali.<\/strong><\/p>\n<p>Ma<strong> Danex sta benissimo<\/strong> e anzi, ha recentemente fondato anche <strong>un&#8217;etichetta di musica metal <\/strong>che sta dando <strong>ottimi risultati<\/strong>.<\/p>\n<p>Siamo andati ad intervistare il suo fondatore l&#8217;inossidabile <strong>Daniele &#8216;Danex&#8217; Nesi<\/strong> per capire qual \u00e8 il segreto della sua longevit\u00e0.<\/p>\n<p>&#8220;Ho sempre fatto questo lavoro &#8211; <strong>ci ha raccontato Daniele Nesi<\/strong> &#8211; ho cominciato molto, molto giovane come commesso in negozi di dischi. Finch\u00e8 non ho sentito il bisogno di sviluppare le mie idee e aprire un negozio per conto mio.<strong> Per me pi\u00f9 che un lavoro questa \u00e8 sempre stata una passione<\/strong>. Sono un collezionista e ho fatto il dj per tanti anni, questo \u00e8 il mio mondo. Il negozio per me era una necessit\u00e0 primaria e cos\u00ec ho aperto il <strong>13 settembre del 2009<\/strong>. L&#8217;ho sviluppato con quello che piace a me: le rarit\u00e0, il dj service, l&#8217;attenzione ai generi che prediligo.<p><span class=\"citazione\">Per me pi\u00f9 che un lavoro questa \u00e8 sempre stata la mia passione. Sono un collezionista e ho fatto il dj per tanti anni, questo \u00e8 il mio mondo<\/span><\/p><\/p>\n<p><strong>Chi sono i tuoi clienti? Cosa si viene a cercare nel tuo negozio?<\/strong><\/p>\n<p>Nell&#8217;arco di 15 anni la clientela \u00e8 cambiata molto perch\u00e9<strong> il dj com&#8217;era inteso 15-20 anni fa non esiste pi\u00f9.<\/strong> Io continuo ad avere uno zoccolo duro di appassionati dj e non che comprano vinili. Per\u00f2 <strong>il cliente tipo del negozio oggi \u00e8 molto di pi\u00f9 il collezionista<\/strong> che cerca dischi originali dagli anni &#8217;60-&#8217;70 fino ai giorni nostri. I generi musicali che tratto di pi\u00f9 in negozio, sia per passione mia che dei miei clienti sono:<strong> il metal in tutte le sue forme, il punk, l&#8217;hardcore e il grunge degli anni &#8217;90. Sono questi i generi che vendo di pi\u00f9 <\/strong>in stampe originali, che sono anche le pi\u00f9 difficili da trovare.<\/p>\n<figure id=\"post-355809 media-355809\" class=\"align-none\"><img decoding=\"async\" src=\"https:\/\/www.intoscana.it\/wp-content\/uploads\/IMG_5362-scaled.jpeg\" alt=\"\" \/><\/figure>\n<div class=\"titleimg\"><em>Danex Records<\/em><\/div>\n<p><strong>Il collezionista compra il vinile per una questione tecnica di sound migliore o pi\u00f9 per feticismo dell&#8217;oggetto? Tempo fa si parlava anche di un lieve calo del mercato del vinile, \u00e8 cos\u00ec?<\/strong><\/p>\n<p>Io non vedo flessioni, anzi negli ultimi anni <strong>vedo un avvicinamento degli adolescenti al vinile, sicuramente grazie alla cultura dei genitori che li indirizzano all&#8217;ascolto,<\/strong> non dimentichiamoci che<strong> il vinile \u00e8 cultura.<\/strong> Sicuramente c&#8217;\u00e8 anche tanta &#8220;<strong>moda&#8221;<\/strong>, i giovani si avvicinano a questi oggetti perch\u00e9 se ne parla, c&#8217;\u00e8 hype. <strong>C&#8217;\u00e8 chi si appassiona veramente e chi invece abbandona questa passione,<\/strong> ma \u00e8 sempre stato cos\u00ec. Il feticismo c&#8217;\u00e8 sicuramente, anchio sono un collezionista e da collezionista mi piace l&#8217;oggetto. <strong>Ho la fortuna di avere clienti che sono anche amici e quindi c&#8217;\u00e8 una sintonia totale,<\/strong> il segreto \u00e8 far trovare agli appassionati quello che cercano. Io sento un grande affetto da parte dei clienti che mi sostengono sempre.<p><span class=\"citazione\">ci vorrebbe una nuova generazione che avesse voglia di investire tempo per riportare in auge una situazione clubbing dall&#8217;elettronica alla musica dal vivo. C&#8217;\u00e8 bisogno di una forza giovane per salvare la scena fiorentina<\/span><\/p><\/p>\n<p><strong>Parlami della tua etichetta, una nuova avventura per Danex<\/strong><\/p>\n<p>Fondare l&#8217;etichetta per me \u00e8 stata un po&#8217; la chiusura di un cerchio. <strong>L&#8217;etichetta stampa esclusivamente metal estremo,<\/strong> che va dal thrash metal al death metal. Ho prodotto per adesso tre dischi e ho in lavorazione il quarto che uscir\u00e0 nel 2025. La prima esperienza \u00e8 stata pazzesca, il primo gruppo con cui ho lavorato sono stati i <strong>Miscreance<\/strong> formato da ragazzi tra <strong>Venezia, Torino e Firenze<\/strong>. Loro fanno un<strong> thrash-death-metal tecnico,<\/strong> sono bravissimi, il disco \u00e8 andato fortissimo, sold out subito. Ci ha contattati un&#8217;etichetta molto importante di metal che \u00e8 la<a href=\"https:\/\/www.season-of-mist.com\" target=\"_blank\" rel=\"noopener\"><strong> Season of Mist<\/strong><\/a> che ha comprato le licenze per stampare il disco e ha messo subito sotto contratto i ragazzi per dieci anni e tre dischi, quindi per noi <strong>\u00e8 stata quasi una favola e una grandissima soddisfazione.<\/strong> L&#8217;altra esperienza \u00e8 stata la ristampa del disco dei<strong> Merdiolence<\/strong> gruppo storico fiorentino death metal, che ha fatto solo un demo in cassetta nel 1993, noi <strong>l&#8217;abbiamo ristampato in vinile per il trentennale nel 2023,<\/strong> ed \u00e8 stato un successone.<\/p>\n<p><strong>Dal tuo punto di vista com&#8217;\u00e8 la situazione della musica live a Firenze?<\/strong><\/p>\n<p>Producendo band nuove mi rendo conto il grande bisogno che c&#8217;\u00e8 a Firenze di locali per poter suonare. Anche i Miscreance per esempio hanno suonato molto ma non a Firenze. Qui da qualche anno si dicono sempre le stesse cose e<a href=\"https:\/\/www.intoscana.it\/it\/lauditorium-flog-rischia-di-chiudere-per-sempre-parlano-i-gestori-del-tempio-del-rock-fiorentino\/\" target=\"_blank\" rel=\"noopener\"><strong> la mancanza della Flog si sente molto.<\/strong><\/a> Noi abbiamo fatto eventi molto belli al<strong> CPA che rimane comunque una location importante per il metal<\/strong> e non solo. Per\u00f2 ci vorrebbe una nuova generazione che avesse voglia di investire tempo per riportare in auge una situazione clubbing dall&#8217;elettronica alla musica dal vivo, <strong>c&#8217;\u00e8 bisogno di una forza giovane, questa \u00e8 l&#8217;unica cosa che pu\u00f2 salvare la scena fiorentina.<\/strong> La musica sta benissimo, viene comprata, viene fruita, c&#8217;\u00e8 cultura,<strong> i giovani conoscono tutto, dall&#8217;alternative al metal, dall&#8217;elettronica all&#8217;hip-hop, per\u00f2 manca la voglia di essere &#8220;sulla strada&#8221;.<\/strong><\/p>\n<p><strong>Sabato 14 settembre, dalle 16,<\/strong> si festeggeranno in negozio i 15 anni di <strong>Danex Records<\/strong>, con in esclusiva la t-shirt dedicata al compleanno<em> &#8220;<strong>Danex Vinyl Furies&#8221;.<\/strong><\/em><\/p>\n<figure id=\"post-355807 media-355807\" class=\"align-none\"><img decoding=\"async\" src=\"https:\/\/www.intoscana.it\/wp-content\/uploads\/IMG_5358-scaled.jpeg\" alt=\"\" \/><\/figure>\n<div class=\"titleimg\">Danex Records<\/div>\n","protected":false},"excerpt":{"rendered":"<p>Sabato 14 settembre si festeggiano a Firenze i primi 15 anni di Danex Records, uno spazio che non \u00e8 solo un negozio ma un punto di riferimento per dj e collezionisti e da qualche anno anche etichetta metal in rapida ascesa<\/p>\n","protected":false},"author":518,"featured_media":355805,"comment_status":"open","ping_status":"open","sticky":false,"template":"","format":"standard","meta":{"_acf_changed":false,"footnotes":""},"categories":[14],"tags":[202,3136,167],"class_list":["post-355812","post","type-post","status-publish","format-standard","has-post-thumbnail","hentry","category-musica","tag-firenze","tag-interviste","tag-musica"],"acf":[],"yoast_head":"<!-- This site is optimized with the Yoast SEO Premium plugin v24.2 (Yoast SEO v25.6) - https:\/\/yoast.com\/wordpress\/plugins\/seo\/ -->\n<title>Danex Records 15 anni di dischi a Firenze: punto di riferimento per collezionisti e dj - intoscana<\/title>\n<meta name=\"description\" content=\"Sabato 14 settembre si festeggiano a Firenze i 15 anni di Danex Records, uno spazio che non \u00e8 solo un negozio ma un punto di riferimento\" \/>\n<meta name=\"robots\" content=\"index, follow, max-snippet:-1, max-image-preview:large, max-video-preview:-1\" \/>\n<link rel=\"canonical\" href=\"https:\/\/www.intoscana.it\/it\/danex-records-15-anni-di-dischi-a-firenze-punto-di-riferimento-per-i-collezionisti\/\" \/>\n<meta property=\"og:locale\" content=\"it_IT\" \/>\n<meta property=\"og:type\" content=\"article\" \/>\n<meta property=\"og:title\" content=\"Danex Records 15 anni di dischi a Firenze: punto di riferimento per collezionisti e dj\" \/>\n<meta property=\"og:description\" content=\"Sabato 14 settembre si festeggiano a Firenze i 15 anni di Danex Records, uno spazio che non \u00e8 solo un negozio ma un punto di riferimento\" \/>\n<meta property=\"og:url\" content=\"https:\/\/www.intoscana.it\/it\/danex-records-15-anni-di-dischi-a-firenze-punto-di-riferimento-per-i-collezionisti\/\" \/>\n<meta property=\"og:site_name\" content=\"intoscana\" \/>\n<meta property=\"article:publisher\" content=\"https:\/\/www.facebook.com\/intoscana.it\" \/>\n<meta property=\"article:published_time\" content=\"2024-09-12T09:16:03+00:00\" \/>\n<meta property=\"article:modified_time\" content=\"2024-09-12T12:55:12+00:00\" \/>\n<meta property=\"og:image\" content=\"https:\/\/www.intoscana.it\/wp-content\/uploads\/IMG_5355-scaled.jpeg\" \/>\n\t<meta property=\"og:image:width\" content=\"2048\" \/>\n\t<meta property=\"og:image:height\" content=\"1536\" \/>\n\t<meta property=\"og:image:type\" content=\"image\/jpeg\" \/>\n<meta name=\"author\" content=\"Costanza Baldini\" \/>\n<meta name=\"twitter:card\" content=\"summary_large_image\" \/>\n<meta name=\"twitter:creator\" content=\"@intoscana\" \/>\n<meta name=\"twitter:site\" content=\"@intoscana\" \/>\n<meta name=\"twitter:label1\" content=\"Written by\" \/>\n\t<meta name=\"twitter:data1\" content=\"Costanza Baldini\" \/>\n\t<meta name=\"twitter:label2\" content=\"Est. reading time\" \/>\n\t<meta name=\"twitter:data2\" content=\"6 minuti\" \/>\n<script type=\"application\/ld+json\" class=\"yoast-schema-graph\">{\"@context\":\"https:\/\/schema.org\",\"@graph\":[{\"@type\":\"WebPage\",\"@id\":\"https:\/\/www.intoscana.it\/it\/danex-records-15-anni-di-dischi-a-firenze-punto-di-riferimento-per-i-collezionisti\/\",\"url\":\"https:\/\/www.intoscana.it\/it\/danex-records-15-anni-di-dischi-a-firenze-punto-di-riferimento-per-i-collezionisti\/\",\"name\":\"Danex Records 15 anni di dischi a Firenze: punto di riferimento per collezionisti e dj - intoscana\",\"isPartOf\":{\"@id\":\"https:\/\/www.intoscana.it\/it\/#website\"},\"primaryImageOfPage\":{\"@id\":\"https:\/\/www.intoscana.it\/it\/danex-records-15-anni-di-dischi-a-firenze-punto-di-riferimento-per-i-collezionisti\/#primaryimage\"},\"image\":{\"@id\":\"https:\/\/www.intoscana.it\/it\/danex-records-15-anni-di-dischi-a-firenze-punto-di-riferimento-per-i-collezionisti\/#primaryimage\"},\"thumbnailUrl\":\"https:\/\/www.intoscana.it\/wp-content\/uploads\/IMG_5355-scaled.jpeg\",\"datePublished\":\"2024-09-12T09:16:03+00:00\",\"dateModified\":\"2024-09-12T12:55:12+00:00\",\"author\":{\"@id\":\"https:\/\/www.intoscana.it\/it\/#\/schema\/person\/d469f35f09739bdf00bf5dd3f0647a82\"},\"description\":\"Sabato 14 settembre si festeggiano a Firenze i 15 anni di Danex Records, uno spazio che non \u00e8 solo un negozio ma un punto di riferimento\",\"breadcrumb\":{\"@id\":\"https:\/\/www.intoscana.it\/it\/danex-records-15-anni-di-dischi-a-firenze-punto-di-riferimento-per-i-collezionisti\/#breadcrumb\"},\"inLanguage\":\"it-IT\",\"potentialAction\":[{\"@type\":\"ReadAction\",\"target\":[\"https:\/\/www.intoscana.it\/it\/danex-records-15-anni-di-dischi-a-firenze-punto-di-riferimento-per-i-collezionisti\/\"]}]},{\"@type\":\"ImageObject\",\"inLanguage\":\"it-IT\",\"@id\":\"https:\/\/www.intoscana.it\/it\/danex-records-15-anni-di-dischi-a-firenze-punto-di-riferimento-per-i-collezionisti\/#primaryimage\",\"url\":\"https:\/\/www.intoscana.it\/wp-content\/uploads\/IMG_5355-scaled.jpeg\",\"contentUrl\":\"https:\/\/www.intoscana.it\/wp-content\/uploads\/IMG_5355-scaled.jpeg\",\"width\":2048,\"height\":1536},{\"@type\":\"BreadcrumbList\",\"@id\":\"https:\/\/www.intoscana.it\/it\/danex-records-15-anni-di-dischi-a-firenze-punto-di-riferimento-per-i-collezionisti\/#breadcrumb\",\"itemListElement\":[{\"@type\":\"ListItem\",\"position\":1,\"name\":\"Home\",\"item\":\"https:\/\/www.intoscana.it\/it\/\"},{\"@type\":\"ListItem\",\"position\":2,\"name\":\"Danex Records 15 anni di dischi a Firenze: punto di riferimento per collezionisti e dj\"}]},{\"@type\":\"WebSite\",\"@id\":\"https:\/\/www.intoscana.it\/it\/#website\",\"url\":\"https:\/\/www.intoscana.it\/it\/\",\"name\":\"intoscana\",\"description\":\"\",\"potentialAction\":[{\"@type\":\"SearchAction\",\"target\":{\"@type\":\"EntryPoint\",\"urlTemplate\":\"https:\/\/www.intoscana.it\/it\/?s={search_term_string}\"},\"query-input\":{\"@type\":\"PropertyValueSpecification\",\"valueRequired\":true,\"valueName\":\"search_term_string\"}}],\"inLanguage\":\"it-IT\"},{\"@type\":\"Person\",\"@id\":\"https:\/\/www.intoscana.it\/it\/#\/schema\/person\/d469f35f09739bdf00bf5dd3f0647a82\",\"name\":\"Costanza Baldini\",\"url\":\"https:\/\/www.intoscana.it\/it\/author\/costanza-baldini\/\"}]}<\/script>\n<!-- \/ Yoast SEO Premium plugin. -->","yoast_head_json":{"title":"Danex Records 15 anni di dischi a Firenze: punto di riferimento per collezionisti e dj - intoscana","description":"Sabato 14 settembre si festeggiano a Firenze i 15 anni di Danex Records, uno spazio che non \u00e8 solo un negozio ma un punto di riferimento","robots":{"index":"index","follow":"follow","max-snippet":"max-snippet:-1","max-image-preview":"max-image-preview:large","max-video-preview":"max-video-preview:-1"},"canonical":"https:\/\/www.intoscana.it\/it\/danex-records-15-anni-di-dischi-a-firenze-punto-di-riferimento-per-i-collezionisti\/","og_locale":"it_IT","og_type":"article","og_title":"Danex Records 15 anni di dischi a Firenze: punto di riferimento per collezionisti e dj","og_description":"Sabato 14 settembre si festeggiano a Firenze i 15 anni di Danex Records, uno spazio che non \u00e8 solo un negozio ma un punto di riferimento","og_url":"https:\/\/www.intoscana.it\/it\/danex-records-15-anni-di-dischi-a-firenze-punto-di-riferimento-per-i-collezionisti\/","og_site_name":"intoscana","article_publisher":"https:\/\/www.facebook.com\/intoscana.it","article_published_time":"2024-09-12T09:16:03+00:00","article_modified_time":"2024-09-12T12:55:12+00:00","og_image":[{"width":2048,"height":1536,"url":"https:\/\/www.intoscana.it\/wp-content\/uploads\/IMG_5355-scaled.jpeg","type":"image\/jpeg"}],"author":"Costanza Baldini","twitter_card":"summary_large_image","twitter_creator":"@intoscana","twitter_site":"@intoscana","twitter_misc":{"Written by":"Costanza Baldini","Est. reading time":"6 minuti"},"schema":{"@context":"https:\/\/schema.org","@graph":[{"@type":"WebPage","@id":"https:\/\/www.intoscana.it\/it\/danex-records-15-anni-di-dischi-a-firenze-punto-di-riferimento-per-i-collezionisti\/","url":"https:\/\/www.intoscana.it\/it\/danex-records-15-anni-di-dischi-a-firenze-punto-di-riferimento-per-i-collezionisti\/","name":"Danex Records 15 anni di dischi a Firenze: punto di riferimento per collezionisti e dj - intoscana","isPartOf":{"@id":"https:\/\/www.intoscana.it\/it\/#website"},"primaryImageOfPage":{"@id":"https:\/\/www.intoscana.it\/it\/danex-records-15-anni-di-dischi-a-firenze-punto-di-riferimento-per-i-collezionisti\/#primaryimage"},"image":{"@id":"https:\/\/www.intoscana.it\/it\/danex-records-15-anni-di-dischi-a-firenze-punto-di-riferimento-per-i-collezionisti\/#primaryimage"},"thumbnailUrl":"https:\/\/www.intoscana.it\/wp-content\/uploads\/IMG_5355-scaled.jpeg","datePublished":"2024-09-12T09:16:03+00:00","dateModified":"2024-09-12T12:55:12+00:00","author":{"@id":"https:\/\/www.intoscana.it\/it\/#\/schema\/person\/d469f35f09739bdf00bf5dd3f0647a82"},"description":"Sabato 14 settembre si festeggiano a Firenze i 15 anni di Danex Records, uno spazio che non \u00e8 solo un negozio ma un punto di riferimento","breadcrumb":{"@id":"https:\/\/www.intoscana.it\/it\/danex-records-15-anni-di-dischi-a-firenze-punto-di-riferimento-per-i-collezionisti\/#breadcrumb"},"inLanguage":"it-IT","potentialAction":[{"@type":"ReadAction","target":["https:\/\/www.intoscana.it\/it\/danex-records-15-anni-di-dischi-a-firenze-punto-di-riferimento-per-i-collezionisti\/"]}]},{"@type":"ImageObject","inLanguage":"it-IT","@id":"https:\/\/www.intoscana.it\/it\/danex-records-15-anni-di-dischi-a-firenze-punto-di-riferimento-per-i-collezionisti\/#primaryimage","url":"https:\/\/www.intoscana.it\/wp-content\/uploads\/IMG_5355-scaled.jpeg","contentUrl":"https:\/\/www.intoscana.it\/wp-content\/uploads\/IMG_5355-scaled.jpeg","width":2048,"height":1536},{"@type":"BreadcrumbList","@id":"https:\/\/www.intoscana.it\/it\/danex-records-15-anni-di-dischi-a-firenze-punto-di-riferimento-per-i-collezionisti\/#breadcrumb","itemListElement":[{"@type":"ListItem","position":1,"name":"Home","item":"https:\/\/www.intoscana.it\/it\/"},{"@type":"ListItem","position":2,"name":"Danex Records 15 anni di dischi a Firenze: punto di riferimento per collezionisti e dj"}]},{"@type":"WebSite","@id":"https:\/\/www.intoscana.it\/it\/#website","url":"https:\/\/www.intoscana.it\/it\/","name":"intoscana","description":"","potentialAction":[{"@type":"SearchAction","target":{"@type":"EntryPoint","urlTemplate":"https:\/\/www.intoscana.it\/it\/?s={search_term_string}"},"query-input":{"@type":"PropertyValueSpecification","valueRequired":true,"valueName":"search_term_string"}}],"inLanguage":"it-IT"},{"@type":"Person","@id":"https:\/\/www.intoscana.it\/it\/#\/schema\/person\/d469f35f09739bdf00bf5dd3f0647a82","name":"Costanza Baldini","url":"https:\/\/www.intoscana.it\/it\/author\/costanza-baldini\/"}]}},"_links":{"self":[{"href":"https:\/\/www.intoscana.it\/it\/wp-json\/wp\/v2\/posts\/355812","targetHints":{"allow":["GET"]}}],"collection":[{"href":"https:\/\/www.intoscana.it\/it\/wp-json\/wp\/v2\/posts"}],"about":[{"href":"https:\/\/www.intoscana.it\/it\/wp-json\/wp\/v2\/types\/post"}],"author":[{"embeddable":true,"href":"https:\/\/www.intoscana.it\/it\/wp-json\/wp\/v2\/users\/518"}],"replies":[{"embeddable":true,"href":"https:\/\/www.intoscana.it\/it\/wp-json\/wp\/v2\/comments?post=355812"}],"version-history":[{"count":37,"href":"https:\/\/www.intoscana.it\/it\/wp-json\/wp\/v2\/posts\/355812\/revisions"}],"predecessor-version":[{"id":355980,"href":"https:\/\/www.intoscana.it\/it\/wp-json\/wp\/v2\/posts\/355812\/revisions\/355980"}],"wp:featuredmedia":[{"embeddable":true,"href":"https:\/\/www.intoscana.it\/it\/wp-json\/wp\/v2\/media\/355805"}],"wp:attachment":[{"href":"https:\/\/www.intoscana.it\/it\/wp-json\/wp\/v2\/media?parent=355812"}],"wp:term":[{"taxonomy":"category","embeddable":true,"href":"https:\/\/www.intoscana.it\/it\/wp-json\/wp\/v2\/categories?post=355812"},{"taxonomy":"post_tag","embeddable":true,"href":"https:\/\/www.intoscana.it\/it\/wp-json\/wp\/v2\/tags?post=355812"}],"curies":[{"name":"wp","href":"https:\/\/api.w.org\/{rel}","templated":true}]}}