{"id":356307,"date":"2024-09-16T12:44:59","date_gmt":"2024-09-16T10:44:59","guid":{"rendered":"https:\/\/www.intoscana.it\/it\/?p=356307"},"modified":"2024-09-16T15:58:32","modified_gmt":"2024-09-16T13:58:32","slug":"guardia-medica-dalle-20-del-16-settembre-attivo-il-nuovo-numero-116117-si-parte-da-firenze-pistoia-e-prato","status":"publish","type":"post","link":"https:\/\/www.intoscana.it\/it\/guardia-medica-dalle-20-del-16-settembre-attivo-il-nuovo-numero-116117-si-parte-da-firenze-pistoia-e-prato\/","title":{"rendered":"Guardia medica, dalle 20 del 16 settembre attivo il nuovo numero 116117: si parte da Firenze, Pistoia e Prato"},"content":{"rendered":"<div class=\"rt-page__content rt-page-content--left\">\n<div class=\"rt-page__content-text\">\n<p>Da luned\u00ec 16 settembre entrer\u00e0 in funzione nei territori della citt\u00e0 metropolitana di<strong> Firenze<\/strong> e della province di<strong> Pistoia e Prato<\/strong> il nuovo numero unico europeo <strong>116117<\/strong> per mettersi in contatto con la guardia medica e da chiamare per le cure non urgenti. \u00a0Entro la fine di novembre verr\u00e0 esteso a tutta\u00a0 la Toscana.<\/p>\n<p>Numero unico, dunque, per chiamare il servizio di <strong>continuit\u00e0 assistenziale<\/strong> che <mark>sostituisce il medico di famiglia nei giorni feriali dalle 20 alle 8 del giorno successivo, nel fine settimana dalle 8 del sabato alle 8 del luned\u00ec e nei giorni di festivit\u00e0 infrasettimanali dalle 10 del giorno prefestivo alle 8 del mattino del primo giorno feriale.<\/mark><\/p>\n<p>Con il 116117 saranno attive 200 le linee in contemporanea a cui risponderanno operatori formati e medici qualificati. <mark>Nella centrale regionale che si trova a Firenze, presso l\u2019ospedale Palagi dove gi\u00e0 funziona quella del 112, lavorano circa 80 tecnici, 26 per turno,<\/mark> in contatto con i mille medici di continuit\u00e0 assistenziale distribuiti nella regione.<\/p>\n<h3><em>Le novit\u00e0 <\/em><\/h3>\n<p>Il numero sar\u00e0 lo stesso per tutti e non uno che cambia da provincia a provincia o da distretto a distretto. L\u2019116117 non parler\u00e0 solo italiano: <strong>traduttori<\/strong> saranno in grado di interloquire e fare da ponte in venti lingue diverse: in inglese, spagnolo, tedesco e francese, in polacco, portoghese, rumeno, serbo e croato, ma anche in albanese, cinese, arabo, bengalese, cingalese, hindi, punjabi, russo, ucraino, tigrino e urdu.<\/p>\n<p>\u201cLa Toscana \u00e8 una delle prime regioni italiane ad attivare questo servizio \u2013 commentano il presidente<strong> Eugenio Giani<\/strong> e l\u2019assessore al diritto alla salute <strong>Simone Bezzini<\/strong> -. \u00a0Questo nuovo strumento semplificher\u00e0 l\u2019accesso al servizio continuit\u00e0 assistenziale per cittadini e turisti, stranieri, ossia la guardia medica\u201d. \u201cCome abbiamo spiegato nei giorni scorsi \u2013 proseguono &#8211; \u00a0questa \u00e8 soltanto la prima fase di implementazione di un sistema che conoscer\u00e0 ulteriori sviluppi e metter\u00e0 in connessione tutte le Cot, le centrali operative territoriali della Toscana, raccogliendo i bisogni e orientandoli nei rispettivi territori. Seguiremo ora con attenzione l\u2019entrata in funzione\u201d. <mark>\u201cVogliamo rassicurare i cittadini \u2013 concludono &#8211; \u00a0sul fatto che nessuno sar\u00e0 lasciato da solo: chi dovesse chiamare il vecchio numero sar\u00e0 reindirizzato verso il percorso corretto\u201d.<\/mark><\/p>\n<p>L\u2019116117 dal <mark>18 ottobre si potr\u00e0 chiamare anche dalle province di Arezzo, Grosseto e Siena e dal 21 novembre da Livorno, Lucca, Pisa, Massa e Carrara.<\/mark><\/p>\n<p>&nbsp;<\/p>\n<\/div>\n<\/div>\n<div class=\"rt-btn-wrapper rt-btn-wrapper--right-align\"><\/div>\n","protected":false},"excerpt":{"rendered":"<p>Entrer\u00e0 in funzione nei territori della citt\u00e0 metropolitana e delle due province coinvolte. Dal 18 ottobre si potr\u00e0 chiamare anche dalle province di Arezzo, Grosseto e Siena e dal 21 novembre da Livorno, Lucca, Pisa, Massa e Carrara<\/p>\n","protected":false},"author":525,"featured_media":355201,"comment_status":"open","ping_status":"open","sticky":false,"template":"","format":"standard","meta":{"_acf_changed":false,"footnotes":""},"categories":[18],"tags":[158,349,4883],"class_list":["post-356307","post","type-post","status-publish","format-standard","has-post-thumbnail","hentry","category-salute","tag-eugenio-giani","tag-sanita","tag-simone-bezzini"],"acf":[],"yoast_head":"<!-- This site is optimized with the Yoast SEO Premium plugin v24.2 (Yoast SEO v25.6) - https:\/\/yoast.com\/wordpress\/plugins\/seo\/ -->\n<title>Guardia medica, dalle 20 del 16 settembre attivo il nuovo numero 116117: si parte da Firenze, Pistoia e Prato - intoscana<\/title>\n<meta name=\"description\" content=\"Entrer\u00e0 in funzione nei territori della citt\u00e0 metropolitana e delle due province coinvolte. Dal 18 ottobre si potr\u00e0 chiamare anche dalle province di Arezzo, Grosseto e Siena e dal 21 novembre da Livorno, Lucca, Pisa, Massa e Carrara\" \/>\n<meta name=\"robots\" content=\"index, follow, max-snippet:-1, max-image-preview:large, max-video-preview:-1\" \/>\n<link rel=\"canonical\" href=\"https:\/\/www.intoscana.it\/it\/guardia-medica-dalle-20-del-16-settembre-attivo-il-nuovo-numero-116117-si-parte-da-firenze-pistoia-e-prato\/\" \/>\n<meta property=\"og:locale\" content=\"it_IT\" \/>\n<meta property=\"og:type\" content=\"article\" \/>\n<meta property=\"og:title\" content=\"Guardia medica, dalle 20 del 16 settembre attivo il nuovo numero 116117: si parte da Firenze, Pistoia e Prato\" \/>\n<meta property=\"og:description\" content=\"Entrer\u00e0 in funzione nei territori della citt\u00e0 metropolitana e delle due province coinvolte. Dal 18 ottobre si potr\u00e0 chiamare anche dalle province di Arezzo, Grosseto e Siena e dal 21 novembre da Livorno, Lucca, Pisa, Massa e Carrara\" \/>\n<meta property=\"og:url\" content=\"https:\/\/www.intoscana.it\/it\/guardia-medica-dalle-20-del-16-settembre-attivo-il-nuovo-numero-116117-si-parte-da-firenze-pistoia-e-prato\/\" \/>\n<meta property=\"og:site_name\" content=\"intoscana\" \/>\n<meta property=\"article:publisher\" content=\"https:\/\/www.facebook.com\/intoscana.it\" \/>\n<meta property=\"article:published_time\" content=\"2024-09-16T10:44:59+00:00\" \/>\n<meta property=\"article:modified_time\" content=\"2024-09-16T13:58:32+00:00\" \/>\n<meta property=\"og:image\" content=\"https:\/\/www.intoscana.it\/wp-content\/uploads\/IMG_7511.jpg\" \/>\n\t<meta property=\"og:image:width\" content=\"2048\" \/>\n\t<meta property=\"og:image:height\" content=\"1365\" \/>\n\t<meta property=\"og:image:type\" content=\"image\/jpeg\" \/>\n<meta name=\"author\" content=\"Redazione\" \/>\n<meta name=\"twitter:card\" content=\"summary_large_image\" \/>\n<meta name=\"twitter:creator\" content=\"@intoscana\" \/>\n<meta name=\"twitter:site\" content=\"@intoscana\" \/>\n<meta name=\"twitter:label1\" content=\"Written by\" \/>\n\t<meta name=\"twitter:data1\" content=\"Redazione\" \/>\n\t<meta name=\"twitter:label2\" content=\"Est. reading time\" \/>\n\t<meta name=\"twitter:data2\" content=\"3 minuti\" \/>\n<script type=\"application\/ld+json\" class=\"yoast-schema-graph\">{\"@context\":\"https:\/\/schema.org\",\"@graph\":[{\"@type\":\"WebPage\",\"@id\":\"https:\/\/www.intoscana.it\/it\/guardia-medica-dalle-20-del-16-settembre-attivo-il-nuovo-numero-116117-si-parte-da-firenze-pistoia-e-prato\/\",\"url\":\"https:\/\/www.intoscana.it\/it\/guardia-medica-dalle-20-del-16-settembre-attivo-il-nuovo-numero-116117-si-parte-da-firenze-pistoia-e-prato\/\",\"name\":\"Guardia medica, dalle 20 del 16 settembre attivo il nuovo numero 116117: si parte da Firenze, Pistoia e Prato - intoscana\",\"isPartOf\":{\"@id\":\"https:\/\/www.intoscana.it\/it\/#website\"},\"primaryImageOfPage\":{\"@id\":\"https:\/\/www.intoscana.it\/it\/guardia-medica-dalle-20-del-16-settembre-attivo-il-nuovo-numero-116117-si-parte-da-firenze-pistoia-e-prato\/#primaryimage\"},\"image\":{\"@id\":\"https:\/\/www.intoscana.it\/it\/guardia-medica-dalle-20-del-16-settembre-attivo-il-nuovo-numero-116117-si-parte-da-firenze-pistoia-e-prato\/#primaryimage\"},\"thumbnailUrl\":\"https:\/\/www.intoscana.it\/wp-content\/uploads\/IMG_7511.jpg\",\"datePublished\":\"2024-09-16T10:44:59+00:00\",\"dateModified\":\"2024-09-16T13:58:32+00:00\",\"author\":{\"@id\":\"https:\/\/www.intoscana.it\/it\/#\/schema\/person\/9223810753230f20bd670fdd322661f8\"},\"description\":\"Entrer\u00e0 in funzione nei territori della citt\u00e0 metropolitana e delle due province coinvolte. Dal 18 ottobre si potr\u00e0 chiamare anche dalle province di Arezzo, Grosseto e Siena e dal 21 novembre da Livorno, Lucca, Pisa, Massa e Carrara\",\"breadcrumb\":{\"@id\":\"https:\/\/www.intoscana.it\/it\/guardia-medica-dalle-20-del-16-settembre-attivo-il-nuovo-numero-116117-si-parte-da-firenze-pistoia-e-prato\/#breadcrumb\"},\"inLanguage\":\"it-IT\",\"potentialAction\":[{\"@type\":\"ReadAction\",\"target\":[\"https:\/\/www.intoscana.it\/it\/guardia-medica-dalle-20-del-16-settembre-attivo-il-nuovo-numero-116117-si-parte-da-firenze-pistoia-e-prato\/\"]}]},{\"@type\":\"ImageObject\",\"inLanguage\":\"it-IT\",\"@id\":\"https:\/\/www.intoscana.it\/it\/guardia-medica-dalle-20-del-16-settembre-attivo-il-nuovo-numero-116117-si-parte-da-firenze-pistoia-e-prato\/#primaryimage\",\"url\":\"https:\/\/www.intoscana.it\/wp-content\/uploads\/IMG_7511.jpg\",\"contentUrl\":\"https:\/\/www.intoscana.it\/wp-content\/uploads\/IMG_7511.jpg\",\"width\":2048,\"height\":1365},{\"@type\":\"BreadcrumbList\",\"@id\":\"https:\/\/www.intoscana.it\/it\/guardia-medica-dalle-20-del-16-settembre-attivo-il-nuovo-numero-116117-si-parte-da-firenze-pistoia-e-prato\/#breadcrumb\",\"itemListElement\":[{\"@type\":\"ListItem\",\"position\":1,\"name\":\"Home\",\"item\":\"https:\/\/www.intoscana.it\/it\/\"},{\"@type\":\"ListItem\",\"position\":2,\"name\":\"Guardia medica, dalle 20 del 16 settembre attivo il nuovo numero 116117: si parte da Firenze, Pistoia e Prato\"}]},{\"@type\":\"WebSite\",\"@id\":\"https:\/\/www.intoscana.it\/it\/#website\",\"url\":\"https:\/\/www.intoscana.it\/it\/\",\"name\":\"intoscana\",\"description\":\"\",\"potentialAction\":[{\"@type\":\"SearchAction\",\"target\":{\"@type\":\"EntryPoint\",\"urlTemplate\":\"https:\/\/www.intoscana.it\/it\/?s={search_term_string}\"},\"query-input\":{\"@type\":\"PropertyValueSpecification\",\"valueRequired\":true,\"valueName\":\"search_term_string\"}}],\"inLanguage\":\"it-IT\"},{\"@type\":\"Person\",\"@id\":\"https:\/\/www.intoscana.it\/it\/#\/schema\/person\/9223810753230f20bd670fdd322661f8\",\"name\":\"Redazione\",\"url\":\"https:\/\/www.intoscana.it\/it\/author\/redazione\/\"}]}<\/script>\n<!-- \/ Yoast SEO Premium plugin. -->","yoast_head_json":{"title":"Guardia medica, dalle 20 del 16 settembre attivo il nuovo numero 116117: si parte da Firenze, Pistoia e Prato - intoscana","description":"Entrer\u00e0 in funzione nei territori della citt\u00e0 metropolitana e delle due province coinvolte. Dal 18 ottobre si potr\u00e0 chiamare anche dalle province di Arezzo, Grosseto e Siena e dal 21 novembre da Livorno, Lucca, Pisa, Massa e Carrara","robots":{"index":"index","follow":"follow","max-snippet":"max-snippet:-1","max-image-preview":"max-image-preview:large","max-video-preview":"max-video-preview:-1"},"canonical":"https:\/\/www.intoscana.it\/it\/guardia-medica-dalle-20-del-16-settembre-attivo-il-nuovo-numero-116117-si-parte-da-firenze-pistoia-e-prato\/","og_locale":"it_IT","og_type":"article","og_title":"Guardia medica, dalle 20 del 16 settembre attivo il nuovo numero 116117: si parte da Firenze, Pistoia e Prato","og_description":"Entrer\u00e0 in funzione nei territori della citt\u00e0 metropolitana e delle due province coinvolte. Dal 18 ottobre si potr\u00e0 chiamare anche dalle province di Arezzo, Grosseto e Siena e dal 21 novembre da Livorno, Lucca, Pisa, Massa e Carrara","og_url":"https:\/\/www.intoscana.it\/it\/guardia-medica-dalle-20-del-16-settembre-attivo-il-nuovo-numero-116117-si-parte-da-firenze-pistoia-e-prato\/","og_site_name":"intoscana","article_publisher":"https:\/\/www.facebook.com\/intoscana.it","article_published_time":"2024-09-16T10:44:59+00:00","article_modified_time":"2024-09-16T13:58:32+00:00","og_image":[{"width":2048,"height":1365,"url":"https:\/\/www.intoscana.it\/wp-content\/uploads\/IMG_7511.jpg","type":"image\/jpeg"}],"author":"Redazione","twitter_card":"summary_large_image","twitter_creator":"@intoscana","twitter_site":"@intoscana","twitter_misc":{"Written by":"Redazione","Est. reading time":"3 minuti"},"schema":{"@context":"https:\/\/schema.org","@graph":[{"@type":"WebPage","@id":"https:\/\/www.intoscana.it\/it\/guardia-medica-dalle-20-del-16-settembre-attivo-il-nuovo-numero-116117-si-parte-da-firenze-pistoia-e-prato\/","url":"https:\/\/www.intoscana.it\/it\/guardia-medica-dalle-20-del-16-settembre-attivo-il-nuovo-numero-116117-si-parte-da-firenze-pistoia-e-prato\/","name":"Guardia medica, dalle 20 del 16 settembre attivo il nuovo numero 116117: si parte da Firenze, Pistoia e Prato - intoscana","isPartOf":{"@id":"https:\/\/www.intoscana.it\/it\/#website"},"primaryImageOfPage":{"@id":"https:\/\/www.intoscana.it\/it\/guardia-medica-dalle-20-del-16-settembre-attivo-il-nuovo-numero-116117-si-parte-da-firenze-pistoia-e-prato\/#primaryimage"},"image":{"@id":"https:\/\/www.intoscana.it\/it\/guardia-medica-dalle-20-del-16-settembre-attivo-il-nuovo-numero-116117-si-parte-da-firenze-pistoia-e-prato\/#primaryimage"},"thumbnailUrl":"https:\/\/www.intoscana.it\/wp-content\/uploads\/IMG_7511.jpg","datePublished":"2024-09-16T10:44:59+00:00","dateModified":"2024-09-16T13:58:32+00:00","author":{"@id":"https:\/\/www.intoscana.it\/it\/#\/schema\/person\/9223810753230f20bd670fdd322661f8"},"description":"Entrer\u00e0 in funzione nei territori della citt\u00e0 metropolitana e delle due province coinvolte. Dal 18 ottobre si potr\u00e0 chiamare anche dalle province di Arezzo, Grosseto e Siena e dal 21 novembre da Livorno, Lucca, Pisa, Massa e Carrara","breadcrumb":{"@id":"https:\/\/www.intoscana.it\/it\/guardia-medica-dalle-20-del-16-settembre-attivo-il-nuovo-numero-116117-si-parte-da-firenze-pistoia-e-prato\/#breadcrumb"},"inLanguage":"it-IT","potentialAction":[{"@type":"ReadAction","target":["https:\/\/www.intoscana.it\/it\/guardia-medica-dalle-20-del-16-settembre-attivo-il-nuovo-numero-116117-si-parte-da-firenze-pistoia-e-prato\/"]}]},{"@type":"ImageObject","inLanguage":"it-IT","@id":"https:\/\/www.intoscana.it\/it\/guardia-medica-dalle-20-del-16-settembre-attivo-il-nuovo-numero-116117-si-parte-da-firenze-pistoia-e-prato\/#primaryimage","url":"https:\/\/www.intoscana.it\/wp-content\/uploads\/IMG_7511.jpg","contentUrl":"https:\/\/www.intoscana.it\/wp-content\/uploads\/IMG_7511.jpg","width":2048,"height":1365},{"@type":"BreadcrumbList","@id":"https:\/\/www.intoscana.it\/it\/guardia-medica-dalle-20-del-16-settembre-attivo-il-nuovo-numero-116117-si-parte-da-firenze-pistoia-e-prato\/#breadcrumb","itemListElement":[{"@type":"ListItem","position":1,"name":"Home","item":"https:\/\/www.intoscana.it\/it\/"},{"@type":"ListItem","position":2,"name":"Guardia medica, dalle 20 del 16 settembre attivo il nuovo numero 116117: si parte da Firenze, Pistoia e Prato"}]},{"@type":"WebSite","@id":"https:\/\/www.intoscana.it\/it\/#website","url":"https:\/\/www.intoscana.it\/it\/","name":"intoscana","description":"","potentialAction":[{"@type":"SearchAction","target":{"@type":"EntryPoint","urlTemplate":"https:\/\/www.intoscana.it\/it\/?s={search_term_string}"},"query-input":{"@type":"PropertyValueSpecification","valueRequired":true,"valueName":"search_term_string"}}],"inLanguage":"it-IT"},{"@type":"Person","@id":"https:\/\/www.intoscana.it\/it\/#\/schema\/person\/9223810753230f20bd670fdd322661f8","name":"Redazione","url":"https:\/\/www.intoscana.it\/it\/author\/redazione\/"}]}},"_links":{"self":[{"href":"https:\/\/www.intoscana.it\/it\/wp-json\/wp\/v2\/posts\/356307","targetHints":{"allow":["GET"]}}],"collection":[{"href":"https:\/\/www.intoscana.it\/it\/wp-json\/wp\/v2\/posts"}],"about":[{"href":"https:\/\/www.intoscana.it\/it\/wp-json\/wp\/v2\/types\/post"}],"author":[{"embeddable":true,"href":"https:\/\/www.intoscana.it\/it\/wp-json\/wp\/v2\/users\/525"}],"replies":[{"embeddable":true,"href":"https:\/\/www.intoscana.it\/it\/wp-json\/wp\/v2\/comments?post=356307"}],"version-history":[{"count":6,"href":"https:\/\/www.intoscana.it\/it\/wp-json\/wp\/v2\/posts\/356307\/revisions"}],"predecessor-version":[{"id":356321,"href":"https:\/\/www.intoscana.it\/it\/wp-json\/wp\/v2\/posts\/356307\/revisions\/356321"}],"wp:featuredmedia":[{"embeddable":true,"href":"https:\/\/www.intoscana.it\/it\/wp-json\/wp\/v2\/media\/355201"}],"wp:attachment":[{"href":"https:\/\/www.intoscana.it\/it\/wp-json\/wp\/v2\/media?parent=356307"}],"wp:term":[{"taxonomy":"category","embeddable":true,"href":"https:\/\/www.intoscana.it\/it\/wp-json\/wp\/v2\/categories?post=356307"},{"taxonomy":"post_tag","embeddable":true,"href":"https:\/\/www.intoscana.it\/it\/wp-json\/wp\/v2\/tags?post=356307"}],"curies":[{"name":"wp","href":"https:\/\/api.w.org\/{rel}","templated":true}]}}