{"id":356626,"date":"2024-09-18T10:26:53","date_gmt":"2024-09-18T08:26:53","guid":{"rendered":"https:\/\/www.intoscana.it\/it\/?p=356626"},"modified":"2024-09-20T09:18:40","modified_gmt":"2024-09-20T07:18:40","slug":"candidatura-della-toscana-alle-olimpiadi-2040-via-libera-dal-consiglio-regionale","status":"publish","type":"post","link":"https:\/\/www.intoscana.it\/it\/candidatura-della-toscana-alle-olimpiadi-2040-via-libera-dal-consiglio-regionale\/","title":{"rendered":"Candidatura della Toscana alle Olimpiadi 2040, via libera dal Consiglio regionale"},"content":{"rendered":"<p>Il <strong>Consiglio regionale<\/strong> della Toscana ha approvato a larga maggioranza la mozione\u00a0per <strong>sostenere la candidatura della Toscana<\/strong> al turno europeo 2040 dei <strong>Giochi Olimpici e Paralimpici <\/strong>presentata dal gruppo di Italia Viva.\u00a0La mozione <strong>impegna la Giunta Regionale<\/strong> \u201c<em>a mettere in atto tutte le azioni possibili per sostenere la candidatura di Firenze e di tutte le provincie toscane al turno europeo 2040 delle Olimpiadi e Paralimpiadi, con un programma in grado di<strong> valorizzare la Toscana diffusa<\/strong>, di promuovere le nostre eccellenze e di coinvolgere gli attori e i territori della nostra regione<\/em>\u201d.<\/p>\n<p>Per il presidente del Consiglio, <strong>Antonio Mazzeo<\/strong>: &#8220;<em>Sarebbe bello se questa Olimpiade potesse essere diffusa su tutto il territorio<\/em> &#8211; ha spiegato &#8211; <em>e potesse prevedere le iniziative, come \u00e8 avvenuto a Parigi, <strong>nei grandi centri coi monumenti delle nostre citt\u00e0<\/strong>: penso alla Torre e a Piazza dei Miracoli a Pisa, penso a Santa Croce a Firenze, penso a piazza del Campo a Siena, ma ne posso dire tante e tante altre&#8221;<\/em>. Secondo Mazzeo &#8220;<em>in 16 anni bisognerebbe fare tutta una serie di infrastrutture. Io direi che <strong>alcune infrastrutture vanno fatte indipendentemente dalle Olimpiadi<\/strong>: investire nello sport \u00e8 fondamentale. Penso che le condizioni ci siano: noi abbiamo gi\u00e0 perso in Italia due grandi opportunit\u00e0, Roma 2020 e Roma 2024, perch\u00e8 la politica non ha saputo scegliere, non ha saputo decidere di investire in quella direzione. Quindi bene ha fatto il presidente Giani, ha l&#8217;assemblea legislativa che lo sostiene con forza. Ora penso <strong>sia il tempo di incontrare anche il Governo, il Coni<\/strong>, di provare a costruire insieme questa proposta<\/em>&#8220;.<\/p>\n<p style=\"font-weight: 400;\">Ed \u00e8 proprio la questione delle infrastrutture sportive che \u00e8 stata evidenziata nel dibattito in Aula. Il consigliere <strong>Giovanni Galli<\/strong> ha infatti sottolineato come in Toscana \u00e8: &#8220;<em>necessaria un&#8217;opera di <strong>ammodernamento\u00a0degli impianti regionali<\/strong> che vivono una situazione molto critica. Il territorio toscano non pu\u00f2 aspettare altri 16 anni per avere strutture all\u2019avanguardia. Dovremmo invece <strong>anticipare questo obiettivo<\/strong> in preparazione di un\u2019eventuale candidatura ad ospitare le Olimpiadi<\/em>\u201d.<\/p>\n<p>Il concetto di <strong>olimpiade diffusa<\/strong> \u00e8 poi una soluzione che viene sempre pi\u00f9 apprezzata anche dal Cio, nelle ultime olimpiadi di Parigi le gare di vela si sono svolte infatti nel campo gara di Marsiglia, se poi pensiamo ai Giochi invernali Milano Cortina del 2026 si terranno tra due Regioni italiane, la Lombardia e il Veneto a cui seguiranno le olimpiadi del 2030 nella regione delle Alpi Francesi (con alcune gare anche negli impianti di Torino).<\/p>\n<p>Ora la palla passa alla Giunta regionale che potr\u00e0 affrontare questo tema con un mandato del Consiglio regionale che supera le coalizioni e che probabilmente trover\u00e0 la collaborazione del <strong>presidente Giani<\/strong> che gi\u00e0 aveva aperto la possibilit\u00e0 di aprire il dialogo <a href=\"https:\/\/www.intoscana.it\/it\/dettaglio-video\/olimpiadi-di-parigi-giani-rilanceremo-il-progetto-toscana-emilia-romagna-2036\/\">con la Regione Emilia-Romagna per una candidatura congiunta per le Olimpiadi estive del 2036.\u00a0<\/a><\/p>\n","protected":false},"excerpt":{"rendered":"<p>L&#8217;Aula ha approvato una mozione che impegna la Giunta regionale a mettere in atto tutte le azioni possibili per sostenere una candidatura della Toscana per il 2040. Mazzeo: &#8220;investire nello sport \u00e8 fondamentale&#8221;<\/p>\n","protected":false},"author":507,"featured_media":356627,"comment_status":"open","ping_status":"open","sticky":false,"template":"","format":"standard","meta":{"_acf_changed":false,"footnotes":""},"categories":[494],"tags":[6741,5401,159],"class_list":["post-356626","post","type-post","status-publish","format-standard","has-post-thumbnail","hentry","category-attualita","tag-consiglio-regionale","tag-olimpiadi","tag-sport"],"acf":[],"yoast_head":"<!-- This site is optimized with the Yoast SEO Premium plugin v24.2 (Yoast SEO v25.6) - https:\/\/yoast.com\/wordpress\/plugins\/seo\/ -->\n<title>Candidatura della Toscana alle Olimpiadi 2040, via libera dal Consiglio regionale - intoscana<\/title>\n<meta name=\"robots\" content=\"index, follow, max-snippet:-1, max-image-preview:large, max-video-preview:-1\" \/>\n<link rel=\"canonical\" href=\"https:\/\/www.intoscana.it\/it\/candidatura-della-toscana-alle-olimpiadi-2040-via-libera-dal-consiglio-regionale\/\" \/>\n<meta property=\"og:locale\" content=\"it_IT\" \/>\n<meta property=\"og:type\" content=\"article\" \/>\n<meta property=\"og:title\" content=\"Candidatura della Toscana alle Olimpiadi 2040, via libera dal Consiglio regionale\" \/>\n<meta property=\"og:description\" content=\"L&#039;Aula ha approvato una mozione che impegna la Giunta regionale a mettere in atto tutte le azioni possibili per sostenere una candidatura della Toscana per il 2040. Mazzeo: &quot;investire nello sport \u00e8 fondamentale&quot;\" \/>\n<meta property=\"og:url\" content=\"https:\/\/www.intoscana.it\/it\/candidatura-della-toscana-alle-olimpiadi-2040-via-libera-dal-consiglio-regionale\/\" \/>\n<meta property=\"og:site_name\" content=\"intoscana\" \/>\n<meta property=\"article:publisher\" content=\"https:\/\/www.facebook.com\/intoscana.it\" \/>\n<meta property=\"article:published_time\" content=\"2024-09-18T08:26:53+00:00\" \/>\n<meta property=\"article:modified_time\" content=\"2024-09-20T07:18:40+00:00\" \/>\n<meta property=\"og:image\" content=\"https:\/\/www.intoscana.it\/wp-content\/uploads\/olimpiadi-pisa.jpeg\" \/>\n\t<meta property=\"og:image:width\" content=\"1024\" \/>\n\t<meta property=\"og:image:height\" content=\"1024\" \/>\n\t<meta property=\"og:image:type\" content=\"image\/jpeg\" \/>\n<meta name=\"author\" content=\"Chiara Bianchini\" \/>\n<meta name=\"twitter:card\" content=\"summary_large_image\" \/>\n<meta name=\"twitter:creator\" content=\"@intoscana\" \/>\n<meta name=\"twitter:site\" content=\"@intoscana\" \/>\n<meta name=\"twitter:label1\" content=\"Written by\" \/>\n\t<meta name=\"twitter:data1\" content=\"Chiara Bianchini\" \/>\n\t<meta name=\"twitter:label2\" content=\"Est. reading time\" \/>\n\t<meta name=\"twitter:data2\" content=\"3 minuti\" \/>\n<script type=\"application\/ld+json\" class=\"yoast-schema-graph\">{\"@context\":\"https:\/\/schema.org\",\"@graph\":[{\"@type\":\"WebPage\",\"@id\":\"https:\/\/www.intoscana.it\/it\/candidatura-della-toscana-alle-olimpiadi-2040-via-libera-dal-consiglio-regionale\/\",\"url\":\"https:\/\/www.intoscana.it\/it\/candidatura-della-toscana-alle-olimpiadi-2040-via-libera-dal-consiglio-regionale\/\",\"name\":\"Candidatura della Toscana alle Olimpiadi 2040, via libera dal Consiglio regionale - intoscana\",\"isPartOf\":{\"@id\":\"https:\/\/www.intoscana.it\/it\/#website\"},\"primaryImageOfPage\":{\"@id\":\"https:\/\/www.intoscana.it\/it\/candidatura-della-toscana-alle-olimpiadi-2040-via-libera-dal-consiglio-regionale\/#primaryimage\"},\"image\":{\"@id\":\"https:\/\/www.intoscana.it\/it\/candidatura-della-toscana-alle-olimpiadi-2040-via-libera-dal-consiglio-regionale\/#primaryimage\"},\"thumbnailUrl\":\"https:\/\/www.intoscana.it\/wp-content\/uploads\/olimpiadi-pisa.jpeg\",\"datePublished\":\"2024-09-18T08:26:53+00:00\",\"dateModified\":\"2024-09-20T07:18:40+00:00\",\"author\":{\"@id\":\"https:\/\/www.intoscana.it\/it\/#\/schema\/person\/010af92117f50561886339ad5b873a41\"},\"breadcrumb\":{\"@id\":\"https:\/\/www.intoscana.it\/it\/candidatura-della-toscana-alle-olimpiadi-2040-via-libera-dal-consiglio-regionale\/#breadcrumb\"},\"inLanguage\":\"it-IT\",\"potentialAction\":[{\"@type\":\"ReadAction\",\"target\":[\"https:\/\/www.intoscana.it\/it\/candidatura-della-toscana-alle-olimpiadi-2040-via-libera-dal-consiglio-regionale\/\"]}]},{\"@type\":\"ImageObject\",\"inLanguage\":\"it-IT\",\"@id\":\"https:\/\/www.intoscana.it\/it\/candidatura-della-toscana-alle-olimpiadi-2040-via-libera-dal-consiglio-regionale\/#primaryimage\",\"url\":\"https:\/\/www.intoscana.it\/wp-content\/uploads\/olimpiadi-pisa.jpeg\",\"contentUrl\":\"https:\/\/www.intoscana.it\/wp-content\/uploads\/olimpiadi-pisa.jpeg\",\"width\":1024,\"height\":1024},{\"@type\":\"BreadcrumbList\",\"@id\":\"https:\/\/www.intoscana.it\/it\/candidatura-della-toscana-alle-olimpiadi-2040-via-libera-dal-consiglio-regionale\/#breadcrumb\",\"itemListElement\":[{\"@type\":\"ListItem\",\"position\":1,\"name\":\"Home\",\"item\":\"https:\/\/www.intoscana.it\/it\/\"},{\"@type\":\"ListItem\",\"position\":2,\"name\":\"Candidatura della Toscana alle Olimpiadi 2040, via libera dal Consiglio regionale\"}]},{\"@type\":\"WebSite\",\"@id\":\"https:\/\/www.intoscana.it\/it\/#website\",\"url\":\"https:\/\/www.intoscana.it\/it\/\",\"name\":\"intoscana\",\"description\":\"\",\"potentialAction\":[{\"@type\":\"SearchAction\",\"target\":{\"@type\":\"EntryPoint\",\"urlTemplate\":\"https:\/\/www.intoscana.it\/it\/?s={search_term_string}\"},\"query-input\":{\"@type\":\"PropertyValueSpecification\",\"valueRequired\":true,\"valueName\":\"search_term_string\"}}],\"inLanguage\":\"it-IT\"},{\"@type\":\"Person\",\"@id\":\"https:\/\/www.intoscana.it\/it\/#\/schema\/person\/010af92117f50561886339ad5b873a41\",\"name\":\"Chiara Bianchini\",\"sameAs\":[\"c.bianchini@fst.it\"],\"url\":\"https:\/\/www.intoscana.it\/it\/author\/chiara-bianchini\/\"}]}<\/script>\n<!-- \/ Yoast SEO Premium plugin. -->","yoast_head_json":{"title":"Candidatura della Toscana alle Olimpiadi 2040, via libera dal Consiglio regionale - intoscana","robots":{"index":"index","follow":"follow","max-snippet":"max-snippet:-1","max-image-preview":"max-image-preview:large","max-video-preview":"max-video-preview:-1"},"canonical":"https:\/\/www.intoscana.it\/it\/candidatura-della-toscana-alle-olimpiadi-2040-via-libera-dal-consiglio-regionale\/","og_locale":"it_IT","og_type":"article","og_title":"Candidatura della Toscana alle Olimpiadi 2040, via libera dal Consiglio regionale","og_description":"L'Aula ha approvato una mozione che impegna la Giunta regionale a mettere in atto tutte le azioni possibili per sostenere una candidatura della Toscana per il 2040. Mazzeo: \"investire nello sport \u00e8 fondamentale\"","og_url":"https:\/\/www.intoscana.it\/it\/candidatura-della-toscana-alle-olimpiadi-2040-via-libera-dal-consiglio-regionale\/","og_site_name":"intoscana","article_publisher":"https:\/\/www.facebook.com\/intoscana.it","article_published_time":"2024-09-18T08:26:53+00:00","article_modified_time":"2024-09-20T07:18:40+00:00","og_image":[{"width":1024,"height":1024,"url":"https:\/\/www.intoscana.it\/wp-content\/uploads\/olimpiadi-pisa.jpeg","type":"image\/jpeg"}],"author":"Chiara Bianchini","twitter_card":"summary_large_image","twitter_creator":"@intoscana","twitter_site":"@intoscana","twitter_misc":{"Written by":"Chiara Bianchini","Est. reading time":"3 minuti"},"schema":{"@context":"https:\/\/schema.org","@graph":[{"@type":"WebPage","@id":"https:\/\/www.intoscana.it\/it\/candidatura-della-toscana-alle-olimpiadi-2040-via-libera-dal-consiglio-regionale\/","url":"https:\/\/www.intoscana.it\/it\/candidatura-della-toscana-alle-olimpiadi-2040-via-libera-dal-consiglio-regionale\/","name":"Candidatura della Toscana alle Olimpiadi 2040, via libera dal Consiglio regionale - intoscana","isPartOf":{"@id":"https:\/\/www.intoscana.it\/it\/#website"},"primaryImageOfPage":{"@id":"https:\/\/www.intoscana.it\/it\/candidatura-della-toscana-alle-olimpiadi-2040-via-libera-dal-consiglio-regionale\/#primaryimage"},"image":{"@id":"https:\/\/www.intoscana.it\/it\/candidatura-della-toscana-alle-olimpiadi-2040-via-libera-dal-consiglio-regionale\/#primaryimage"},"thumbnailUrl":"https:\/\/www.intoscana.it\/wp-content\/uploads\/olimpiadi-pisa.jpeg","datePublished":"2024-09-18T08:26:53+00:00","dateModified":"2024-09-20T07:18:40+00:00","author":{"@id":"https:\/\/www.intoscana.it\/it\/#\/schema\/person\/010af92117f50561886339ad5b873a41"},"breadcrumb":{"@id":"https:\/\/www.intoscana.it\/it\/candidatura-della-toscana-alle-olimpiadi-2040-via-libera-dal-consiglio-regionale\/#breadcrumb"},"inLanguage":"it-IT","potentialAction":[{"@type":"ReadAction","target":["https:\/\/www.intoscana.it\/it\/candidatura-della-toscana-alle-olimpiadi-2040-via-libera-dal-consiglio-regionale\/"]}]},{"@type":"ImageObject","inLanguage":"it-IT","@id":"https:\/\/www.intoscana.it\/it\/candidatura-della-toscana-alle-olimpiadi-2040-via-libera-dal-consiglio-regionale\/#primaryimage","url":"https:\/\/www.intoscana.it\/wp-content\/uploads\/olimpiadi-pisa.jpeg","contentUrl":"https:\/\/www.intoscana.it\/wp-content\/uploads\/olimpiadi-pisa.jpeg","width":1024,"height":1024},{"@type":"BreadcrumbList","@id":"https:\/\/www.intoscana.it\/it\/candidatura-della-toscana-alle-olimpiadi-2040-via-libera-dal-consiglio-regionale\/#breadcrumb","itemListElement":[{"@type":"ListItem","position":1,"name":"Home","item":"https:\/\/www.intoscana.it\/it\/"},{"@type":"ListItem","position":2,"name":"Candidatura della Toscana alle Olimpiadi 2040, via libera dal Consiglio regionale"}]},{"@type":"WebSite","@id":"https:\/\/www.intoscana.it\/it\/#website","url":"https:\/\/www.intoscana.it\/it\/","name":"intoscana","description":"","potentialAction":[{"@type":"SearchAction","target":{"@type":"EntryPoint","urlTemplate":"https:\/\/www.intoscana.it\/it\/?s={search_term_string}"},"query-input":{"@type":"PropertyValueSpecification","valueRequired":true,"valueName":"search_term_string"}}],"inLanguage":"it-IT"},{"@type":"Person","@id":"https:\/\/www.intoscana.it\/it\/#\/schema\/person\/010af92117f50561886339ad5b873a41","name":"Chiara Bianchini","sameAs":["c.bianchini@fst.it"],"url":"https:\/\/www.intoscana.it\/it\/author\/chiara-bianchini\/"}]}},"_links":{"self":[{"href":"https:\/\/www.intoscana.it\/it\/wp-json\/wp\/v2\/posts\/356626","targetHints":{"allow":["GET"]}}],"collection":[{"href":"https:\/\/www.intoscana.it\/it\/wp-json\/wp\/v2\/posts"}],"about":[{"href":"https:\/\/www.intoscana.it\/it\/wp-json\/wp\/v2\/types\/post"}],"author":[{"embeddable":true,"href":"https:\/\/www.intoscana.it\/it\/wp-json\/wp\/v2\/users\/507"}],"replies":[{"embeddable":true,"href":"https:\/\/www.intoscana.it\/it\/wp-json\/wp\/v2\/comments?post=356626"}],"version-history":[{"count":4,"href":"https:\/\/www.intoscana.it\/it\/wp-json\/wp\/v2\/posts\/356626\/revisions"}],"predecessor-version":[{"id":357032,"href":"https:\/\/www.intoscana.it\/it\/wp-json\/wp\/v2\/posts\/356626\/revisions\/357032"}],"wp:featuredmedia":[{"embeddable":true,"href":"https:\/\/www.intoscana.it\/it\/wp-json\/wp\/v2\/media\/356627"}],"wp:attachment":[{"href":"https:\/\/www.intoscana.it\/it\/wp-json\/wp\/v2\/media?parent=356626"}],"wp:term":[{"taxonomy":"category","embeddable":true,"href":"https:\/\/www.intoscana.it\/it\/wp-json\/wp\/v2\/categories?post=356626"},{"taxonomy":"post_tag","embeddable":true,"href":"https:\/\/www.intoscana.it\/it\/wp-json\/wp\/v2\/tags?post=356626"}],"curies":[{"name":"wp","href":"https:\/\/api.w.org\/{rel}","templated":true}]}}