{"id":356651,"date":"2024-09-18T14:04:43","date_gmt":"2024-09-18T12:04:43","guid":{"rendered":"https:\/\/www.intoscana.it\/it\/?p=356651"},"modified":"2024-09-18T14:42:12","modified_gmt":"2024-09-18T12:42:12","slug":"grazie-ai-fondi-del-pnrr-nel-2025-aprira-per-la-prima-volta-al-pubblico-il-giardino-di-villa-la-quiete","status":"publish","type":"post","link":"https:\/\/www.intoscana.it\/it\/grazie-ai-fondi-del-pnrr-nel-2025-aprira-per-la-prima-volta-al-pubblico-il-giardino-di-villa-la-quiete\/","title":{"rendered":"Grazie ai fondi del PNRR nel 2025 aprir\u00e0 per la prima volta al pubblico il giardino di Villa La Quiete"},"content":{"rendered":"<p>Grazie a un finanziamento del <strong>Pnrr di un milione e ottocentomila euro<\/strong> nella <strong>primavera 2025<\/strong> aprir\u00e0 per la prima volta al pubblico il bellissimo giardino di <strong>Villa La Quiete a Firenze<\/strong> di propriet\u00e0 della <strong>Regione Toscana<\/strong> e in gestione all&#8217;<strong>Universit\u00e0 di Firenze.<\/strong><\/p>\n<p>Il complesso intervento di restauro \u00e8 stato possibile grazie ai <strong>fondi stanziati dal PNRR per i parchi e giardini storici<\/strong> e riguarda anche altre quattro ville toscane:<strong> villa di Celle a Pistoia, villa Gamberaia a Settignano, villa Garzoni a Collodi e villa Le Corti a San Casciano Val di Pesa.<\/strong><\/p>\n<p>L&#8217;idea in futuro \u00e8 quella di creare una rete tra questi giardini per promuovere <strong>un turismo diffuso<\/strong> alla scoperta di <strong>un territorio che offre bellezze straordinarie.<\/strong><\/p>\n<p><em>\u201cUn ringraziamento particolare \u2013 <\/em><strong>ha detto il presidente della Regione Toscana Eugenio Giani &#8211;<\/strong><em> va all\u2019ex Ministro Franceschini che nel 2021 decise di mettere a disposizione una congrua fetta di risorse del PNRR per tutta una serie di linee di finanziamento destinate alla cultura, tra le quali anche quella per parchi e giardini. Oltre ovviamente a tutti i soggetti coinvolti in questa opera di riqualificazione complessiva, presentando e lavorando a progetti molto complessi. In Toscana l\u2019attivit\u00e0 di restyling, manutenzione e valorizzazione di questi spazi, che costituiscono un patrimonio di valore inestimabile, \u00e8 ben avviata. A partire da Villa La Quiete che \u00e8 stata la residenza degli ultimi anni di vita di Maria Luisa de\u2019 Medici, la persona a cui dobbiamo l\u2019eredit\u00e0 del patrimonio culturale e artistico toscano. In questi luoghi, di propriet\u00e0 della Regione ed in concessione all\u2019Universit\u00e0 di Firenze, hanno sede anche Irpet e Ars. Il giardino, recentemente restaurato e che presto aprir\u00e0 anche ai visitatori, nella primavera 2025, \u00e8 uno degli elementi che caratterizzano la villa\u201d.<\/em><\/p>\n<p><em>\u201cLa Toscana \u2013<\/em><strong> ha concluso Giani <\/strong><em>&#8211; ritengo stia impiegando bene le risorse messe a disposizione dal PNRR. Ancora probabilmente non se ne ha una percezione concreta a causa delle procedure burocratiche che hanno allungato i tempi di molti interventi. A tre anni dall\u2019approvazione del Piano credo sia il momento di vedere i primi risultati e sono convinto che nei prossimi 2-3 anni toccheremo con mano il lavoro che stiamo portando avanti\u201d.<\/em><\/p>\n<figure id=\"post-356667 media-356667\" class=\"align-none\"><img decoding=\"async\" src=\"https:\/\/www.intoscana.it\/wp-content\/uploads\/IMG_5604-scaled.jpeg\" alt=\"\" \/><\/figure>\n<p>Villa La Quiete &#8211; \u00a9 Costanza Baldini<\/p>\n<h3>Il restauro del giardino di Villa La Quiete<\/h3>\n<p>Il progetto di riqualificazione del<strong> giardino di Villa La Quiete<\/strong>, realizzato grazie a una sinergia tra <strong>Sistema Museale di Ateneo, Regione Toscana e Ministero della Cultura, <\/strong>ha visto una parte di <strong>consolidamento strutturale<\/strong> e una relativa e reintegrare <strong>le tantissime specie botaniche.<\/strong><\/p>\n<p><em>&#8220;L&#8217;intervento<\/em><strong> &#8211; ha spiegato la direttrice tecnica del Sistema Museale di Ateneo Lucilla Conigliello &#8211;<\/strong><em> \u00e8<\/em><em> servito anzitutto alla messa in sicurezza del percorso di visita e delle porzioni architettoniche, con il restauro dei paramenti lapidei delle fontane, delle panchine e della terrazza con le sue dotazioni decorative ancora originali. Ha riguardato inoltre la componente botanica, in particolare il disegno delle siepi in bosso, il ripristino e l&#8217;incremento della complessit\u00e0 naturale e paesaggistica e, soprattutto, il restauro arboreo della Ragnaia. Il progetto ha consentito poi il recupero del Giardino dei Fiori dell&#8217;Elettrice, oltre che la reintroduzione delle specie erbacee officinali della Spezieria e l&#8217;integrazione di collezioni di agrumi e frutti antichi, che contribuiscono al potenziamento della biodiversit\u00e0 e dell&#8217;entomodiversit\u00e0&#8221;.<\/em><\/p>\n<p>Il restauro del <strong>giardino di Villa La Quiete<\/strong> vuole anche essere un omaggio per <strong>Anna Maria Luisa de&#8217; Medici l&#8217;Elettrice Palatina<\/strong> ultima discendente della famiglia nobile fiorentina, che decise di trascorrere qui gli ultimi anni della sua vita, adoperandosi per il restauro della villa e la realizzazione del <strong>giardino all&#8217;italiana.<\/strong><\/p>\n<p>L&#8217;apertura del giardino sar\u00e0 l&#8217;evento conclusivo di un anno importante per l&#8217;<strong>Universit\u00e0 di Firenze<\/strong> in cui si sono celebrati i <strong>cento anni dalla sua fondazione avvenuta nel 1924<\/strong> anno in cui l&#8217;ateneo fiorentino venne riconosciuto formalmente come universit\u00e0.<\/p>\n<figure id=\"post-356666 media-356666\" class=\"align-none\"><img decoding=\"async\" src=\"https:\/\/www.intoscana.it\/wp-content\/uploads\/IMG_5607-1-scaled.jpeg\" alt=\"\" \/><\/figure>\n<p>Villa La Quiete &#8211; \u00a9 Costanza Baldini<\/p>\n","protected":false},"excerpt":{"rendered":"<p>Il progetto di riqualificazione del giardino di Villa La Quiete \u00e8 stato realizzato grazie a una sinergia tra Sistema Museale di Ateneo, Regione Toscana e Ministero della Cultura<\/p>\n","protected":false},"author":518,"featured_media":356699,"comment_status":"open","ping_status":"open","sticky":false,"template":"","format":"standard","meta":{"_acf_changed":false,"footnotes":""},"categories":[493],"tags":[6296,151,4146],"class_list":["post-356651","post","type-post","status-publish","format-standard","has-post-thumbnail","hentry","category-cultura","tag-pnrr","tag-regione-toscana","tag-ville-medicee"],"acf":[],"yoast_head":"<!-- This site is optimized with the Yoast SEO Premium plugin v24.2 (Yoast SEO v25.6) - https:\/\/yoast.com\/wordpress\/plugins\/seo\/ -->\n<title>Grazie ai fondi del PNRR nel 2025 aprir\u00e0 per la prima volta al pubblico il giardino di Villa La Quiete - intoscana<\/title>\n<meta name=\"description\" content=\"La riqualificazione del giardino di Villa La Quiete \u00e8 stata possibile con una sinergia tra Ateneo, Regione Toscana e Ministero della Cultura\" \/>\n<meta name=\"robots\" content=\"index, follow, max-snippet:-1, max-image-preview:large, max-video-preview:-1\" \/>\n<link rel=\"canonical\" href=\"https:\/\/www.intoscana.it\/it\/grazie-ai-fondi-del-pnrr-nel-2025-aprira-per-la-prima-volta-al-pubblico-il-giardino-di-villa-la-quiete\/\" \/>\n<meta property=\"og:locale\" content=\"it_IT\" \/>\n<meta property=\"og:type\" content=\"article\" \/>\n<meta property=\"og:title\" content=\"Grazie ai fondi del PNRR nel 2025 aprir\u00e0 per la prima volta al pubblico il giardino di Villa La Quiete\" \/>\n<meta property=\"og:description\" content=\"La riqualificazione del giardino di Villa La Quiete \u00e8 stata possibile con una sinergia tra Ateneo, Regione Toscana e Ministero della Cultura\" \/>\n<meta property=\"og:url\" content=\"https:\/\/www.intoscana.it\/it\/grazie-ai-fondi-del-pnrr-nel-2025-aprira-per-la-prima-volta-al-pubblico-il-giardino-di-villa-la-quiete\/\" \/>\n<meta property=\"og:site_name\" content=\"intoscana\" \/>\n<meta property=\"article:publisher\" content=\"https:\/\/www.facebook.com\/intoscana.it\" \/>\n<meta property=\"article:published_time\" content=\"2024-09-18T12:04:43+00:00\" \/>\n<meta property=\"article:modified_time\" content=\"2024-09-18T12:42:12+00:00\" \/>\n<meta property=\"og:image\" content=\"https:\/\/www.intoscana.it\/wp-content\/uploads\/Giardino-vlq-scaled.jpeg\" \/>\n\t<meta property=\"og:image:width\" content=\"2048\" \/>\n\t<meta property=\"og:image:height\" content=\"1194\" \/>\n\t<meta property=\"og:image:type\" content=\"image\/jpeg\" \/>\n<meta name=\"author\" content=\"Costanza Baldini\" \/>\n<meta name=\"twitter:card\" content=\"summary_large_image\" \/>\n<meta name=\"twitter:creator\" content=\"@intoscana\" \/>\n<meta name=\"twitter:site\" content=\"@intoscana\" \/>\n<meta name=\"twitter:label1\" content=\"Written by\" \/>\n\t<meta name=\"twitter:data1\" content=\"Costanza Baldini\" \/>\n\t<meta name=\"twitter:label2\" content=\"Est. reading time\" \/>\n\t<meta name=\"twitter:data2\" content=\"4 minuti\" \/>\n<script type=\"application\/ld+json\" class=\"yoast-schema-graph\">{\"@context\":\"https:\/\/schema.org\",\"@graph\":[{\"@type\":\"WebPage\",\"@id\":\"https:\/\/www.intoscana.it\/it\/grazie-ai-fondi-del-pnrr-nel-2025-aprira-per-la-prima-volta-al-pubblico-il-giardino-di-villa-la-quiete\/\",\"url\":\"https:\/\/www.intoscana.it\/it\/grazie-ai-fondi-del-pnrr-nel-2025-aprira-per-la-prima-volta-al-pubblico-il-giardino-di-villa-la-quiete\/\",\"name\":\"Grazie ai fondi del PNRR nel 2025 aprir\u00e0 per la prima volta al pubblico il giardino di Villa La Quiete - intoscana\",\"isPartOf\":{\"@id\":\"https:\/\/www.intoscana.it\/it\/#website\"},\"primaryImageOfPage\":{\"@id\":\"https:\/\/www.intoscana.it\/it\/grazie-ai-fondi-del-pnrr-nel-2025-aprira-per-la-prima-volta-al-pubblico-il-giardino-di-villa-la-quiete\/#primaryimage\"},\"image\":{\"@id\":\"https:\/\/www.intoscana.it\/it\/grazie-ai-fondi-del-pnrr-nel-2025-aprira-per-la-prima-volta-al-pubblico-il-giardino-di-villa-la-quiete\/#primaryimage\"},\"thumbnailUrl\":\"https:\/\/www.intoscana.it\/wp-content\/uploads\/Giardino-vlq-scaled.jpeg\",\"datePublished\":\"2024-09-18T12:04:43+00:00\",\"dateModified\":\"2024-09-18T12:42:12+00:00\",\"author\":{\"@id\":\"https:\/\/www.intoscana.it\/it\/#\/schema\/person\/d469f35f09739bdf00bf5dd3f0647a82\"},\"description\":\"La riqualificazione del giardino di Villa La Quiete \u00e8 stata possibile con una sinergia tra Ateneo, Regione Toscana e Ministero della Cultura\",\"breadcrumb\":{\"@id\":\"https:\/\/www.intoscana.it\/it\/grazie-ai-fondi-del-pnrr-nel-2025-aprira-per-la-prima-volta-al-pubblico-il-giardino-di-villa-la-quiete\/#breadcrumb\"},\"inLanguage\":\"it-IT\",\"potentialAction\":[{\"@type\":\"ReadAction\",\"target\":[\"https:\/\/www.intoscana.it\/it\/grazie-ai-fondi-del-pnrr-nel-2025-aprira-per-la-prima-volta-al-pubblico-il-giardino-di-villa-la-quiete\/\"]}]},{\"@type\":\"ImageObject\",\"inLanguage\":\"it-IT\",\"@id\":\"https:\/\/www.intoscana.it\/it\/grazie-ai-fondi-del-pnrr-nel-2025-aprira-per-la-prima-volta-al-pubblico-il-giardino-di-villa-la-quiete\/#primaryimage\",\"url\":\"https:\/\/www.intoscana.it\/wp-content\/uploads\/Giardino-vlq-scaled.jpeg\",\"contentUrl\":\"https:\/\/www.intoscana.it\/wp-content\/uploads\/Giardino-vlq-scaled.jpeg\",\"width\":2048,\"height\":1194},{\"@type\":\"BreadcrumbList\",\"@id\":\"https:\/\/www.intoscana.it\/it\/grazie-ai-fondi-del-pnrr-nel-2025-aprira-per-la-prima-volta-al-pubblico-il-giardino-di-villa-la-quiete\/#breadcrumb\",\"itemListElement\":[{\"@type\":\"ListItem\",\"position\":1,\"name\":\"Home\",\"item\":\"https:\/\/www.intoscana.it\/it\/\"},{\"@type\":\"ListItem\",\"position\":2,\"name\":\"Grazie ai fondi del PNRR nel 2025 aprir\u00e0 per la prima volta al pubblico il giardino di Villa La Quiete\"}]},{\"@type\":\"WebSite\",\"@id\":\"https:\/\/www.intoscana.it\/it\/#website\",\"url\":\"https:\/\/www.intoscana.it\/it\/\",\"name\":\"intoscana\",\"description\":\"\",\"potentialAction\":[{\"@type\":\"SearchAction\",\"target\":{\"@type\":\"EntryPoint\",\"urlTemplate\":\"https:\/\/www.intoscana.it\/it\/?s={search_term_string}\"},\"query-input\":{\"@type\":\"PropertyValueSpecification\",\"valueRequired\":true,\"valueName\":\"search_term_string\"}}],\"inLanguage\":\"it-IT\"},{\"@type\":\"Person\",\"@id\":\"https:\/\/www.intoscana.it\/it\/#\/schema\/person\/d469f35f09739bdf00bf5dd3f0647a82\",\"name\":\"Costanza Baldini\",\"url\":\"https:\/\/www.intoscana.it\/it\/author\/costanza-baldini\/\"}]}<\/script>\n<!-- \/ Yoast SEO Premium plugin. -->","yoast_head_json":{"title":"Grazie ai fondi del PNRR nel 2025 aprir\u00e0 per la prima volta al pubblico il giardino di Villa La Quiete - intoscana","description":"La riqualificazione del giardino di Villa La Quiete \u00e8 stata possibile con una sinergia tra Ateneo, Regione Toscana e Ministero della Cultura","robots":{"index":"index","follow":"follow","max-snippet":"max-snippet:-1","max-image-preview":"max-image-preview:large","max-video-preview":"max-video-preview:-1"},"canonical":"https:\/\/www.intoscana.it\/it\/grazie-ai-fondi-del-pnrr-nel-2025-aprira-per-la-prima-volta-al-pubblico-il-giardino-di-villa-la-quiete\/","og_locale":"it_IT","og_type":"article","og_title":"Grazie ai fondi del PNRR nel 2025 aprir\u00e0 per la prima volta al pubblico il giardino di Villa La Quiete","og_description":"La riqualificazione del giardino di Villa La Quiete \u00e8 stata possibile con una sinergia tra Ateneo, Regione Toscana e Ministero della Cultura","og_url":"https:\/\/www.intoscana.it\/it\/grazie-ai-fondi-del-pnrr-nel-2025-aprira-per-la-prima-volta-al-pubblico-il-giardino-di-villa-la-quiete\/","og_site_name":"intoscana","article_publisher":"https:\/\/www.facebook.com\/intoscana.it","article_published_time":"2024-09-18T12:04:43+00:00","article_modified_time":"2024-09-18T12:42:12+00:00","og_image":[{"width":2048,"height":1194,"url":"https:\/\/www.intoscana.it\/wp-content\/uploads\/Giardino-vlq-scaled.jpeg","type":"image\/jpeg"}],"author":"Costanza Baldini","twitter_card":"summary_large_image","twitter_creator":"@intoscana","twitter_site":"@intoscana","twitter_misc":{"Written by":"Costanza Baldini","Est. reading time":"4 minuti"},"schema":{"@context":"https:\/\/schema.org","@graph":[{"@type":"WebPage","@id":"https:\/\/www.intoscana.it\/it\/grazie-ai-fondi-del-pnrr-nel-2025-aprira-per-la-prima-volta-al-pubblico-il-giardino-di-villa-la-quiete\/","url":"https:\/\/www.intoscana.it\/it\/grazie-ai-fondi-del-pnrr-nel-2025-aprira-per-la-prima-volta-al-pubblico-il-giardino-di-villa-la-quiete\/","name":"Grazie ai fondi del PNRR nel 2025 aprir\u00e0 per la prima volta al pubblico il giardino di Villa La Quiete - intoscana","isPartOf":{"@id":"https:\/\/www.intoscana.it\/it\/#website"},"primaryImageOfPage":{"@id":"https:\/\/www.intoscana.it\/it\/grazie-ai-fondi-del-pnrr-nel-2025-aprira-per-la-prima-volta-al-pubblico-il-giardino-di-villa-la-quiete\/#primaryimage"},"image":{"@id":"https:\/\/www.intoscana.it\/it\/grazie-ai-fondi-del-pnrr-nel-2025-aprira-per-la-prima-volta-al-pubblico-il-giardino-di-villa-la-quiete\/#primaryimage"},"thumbnailUrl":"https:\/\/www.intoscana.it\/wp-content\/uploads\/Giardino-vlq-scaled.jpeg","datePublished":"2024-09-18T12:04:43+00:00","dateModified":"2024-09-18T12:42:12+00:00","author":{"@id":"https:\/\/www.intoscana.it\/it\/#\/schema\/person\/d469f35f09739bdf00bf5dd3f0647a82"},"description":"La riqualificazione del giardino di Villa La Quiete \u00e8 stata possibile con una sinergia tra Ateneo, Regione Toscana e Ministero della Cultura","breadcrumb":{"@id":"https:\/\/www.intoscana.it\/it\/grazie-ai-fondi-del-pnrr-nel-2025-aprira-per-la-prima-volta-al-pubblico-il-giardino-di-villa-la-quiete\/#breadcrumb"},"inLanguage":"it-IT","potentialAction":[{"@type":"ReadAction","target":["https:\/\/www.intoscana.it\/it\/grazie-ai-fondi-del-pnrr-nel-2025-aprira-per-la-prima-volta-al-pubblico-il-giardino-di-villa-la-quiete\/"]}]},{"@type":"ImageObject","inLanguage":"it-IT","@id":"https:\/\/www.intoscana.it\/it\/grazie-ai-fondi-del-pnrr-nel-2025-aprira-per-la-prima-volta-al-pubblico-il-giardino-di-villa-la-quiete\/#primaryimage","url":"https:\/\/www.intoscana.it\/wp-content\/uploads\/Giardino-vlq-scaled.jpeg","contentUrl":"https:\/\/www.intoscana.it\/wp-content\/uploads\/Giardino-vlq-scaled.jpeg","width":2048,"height":1194},{"@type":"BreadcrumbList","@id":"https:\/\/www.intoscana.it\/it\/grazie-ai-fondi-del-pnrr-nel-2025-aprira-per-la-prima-volta-al-pubblico-il-giardino-di-villa-la-quiete\/#breadcrumb","itemListElement":[{"@type":"ListItem","position":1,"name":"Home","item":"https:\/\/www.intoscana.it\/it\/"},{"@type":"ListItem","position":2,"name":"Grazie ai fondi del PNRR nel 2025 aprir\u00e0 per la prima volta al pubblico il giardino di Villa La Quiete"}]},{"@type":"WebSite","@id":"https:\/\/www.intoscana.it\/it\/#website","url":"https:\/\/www.intoscana.it\/it\/","name":"intoscana","description":"","potentialAction":[{"@type":"SearchAction","target":{"@type":"EntryPoint","urlTemplate":"https:\/\/www.intoscana.it\/it\/?s={search_term_string}"},"query-input":{"@type":"PropertyValueSpecification","valueRequired":true,"valueName":"search_term_string"}}],"inLanguage":"it-IT"},{"@type":"Person","@id":"https:\/\/www.intoscana.it\/it\/#\/schema\/person\/d469f35f09739bdf00bf5dd3f0647a82","name":"Costanza Baldini","url":"https:\/\/www.intoscana.it\/it\/author\/costanza-baldini\/"}]}},"_links":{"self":[{"href":"https:\/\/www.intoscana.it\/it\/wp-json\/wp\/v2\/posts\/356651","targetHints":{"allow":["GET"]}}],"collection":[{"href":"https:\/\/www.intoscana.it\/it\/wp-json\/wp\/v2\/posts"}],"about":[{"href":"https:\/\/www.intoscana.it\/it\/wp-json\/wp\/v2\/types\/post"}],"author":[{"embeddable":true,"href":"https:\/\/www.intoscana.it\/it\/wp-json\/wp\/v2\/users\/518"}],"replies":[{"embeddable":true,"href":"https:\/\/www.intoscana.it\/it\/wp-json\/wp\/v2\/comments?post=356651"}],"version-history":[{"count":12,"href":"https:\/\/www.intoscana.it\/it\/wp-json\/wp\/v2\/posts\/356651\/revisions"}],"predecessor-version":[{"id":356732,"href":"https:\/\/www.intoscana.it\/it\/wp-json\/wp\/v2\/posts\/356651\/revisions\/356732"}],"wp:featuredmedia":[{"embeddable":true,"href":"https:\/\/www.intoscana.it\/it\/wp-json\/wp\/v2\/media\/356699"}],"wp:attachment":[{"href":"https:\/\/www.intoscana.it\/it\/wp-json\/wp\/v2\/media?parent=356651"}],"wp:term":[{"taxonomy":"category","embeddable":true,"href":"https:\/\/www.intoscana.it\/it\/wp-json\/wp\/v2\/categories?post=356651"},{"taxonomy":"post_tag","embeddable":true,"href":"https:\/\/www.intoscana.it\/it\/wp-json\/wp\/v2\/tags?post=356651"}],"curies":[{"name":"wp","href":"https:\/\/api.w.org\/{rel}","templated":true}]}}