{"id":356792,"date":"2024-09-19T11:14:53","date_gmt":"2024-09-19T09:14:53","guid":{"rendered":"https:\/\/www.intoscana.it\/it\/?p=356792"},"modified":"2024-09-19T11:22:02","modified_gmt":"2024-09-19T09:22:02","slug":"dalla-versilia-si-vede-il-monviso-la-foto-magica-di-fabio-longaron","status":"publish","type":"post","link":"https:\/\/www.intoscana.it\/it\/dalla-versilia-si-vede-il-monviso-la-foto-magica-di-fabio-longaron\/","title":{"rendered":"Dalla Versilia si vede il Monviso: la foto magica di Fabio Longaron"},"content":{"rendered":"<p>La ricerca dello scatto perfetto pu\u00f2 durare anche una vita, meglio certo se c&#8217;\u00e8 anche una buona tecnica e qualche conoscenza della metereologia, oltre a una dose di fortuna che serve sempre. <strong>Fabio Longaron<\/strong>, studente di 25 anni di Massarosa, ci \u00e8 andato molto vicino <mark>immortalando in una sua foto addirittura il Monviso, in Piemonte, dalla Versilia: quasi 270 chilometri di distanza.<\/mark><\/p>\n<p>La foto \u00e8 stata scattata lo scorso 14 settembre da 310 metri di altitudine del paesino di <strong>Pedona<\/strong>, nel comune di Camaiore, a 11,2 chilometri di distanza dal pontile di Forte dei Marmi e 269 chilometri dalla cima del &#8220;re di pietra&#8221; delle lande cuunesi.<\/p>\n<p>&#8220;Dal pontile di Forte dei Marmi alla vetta del Monviso, il passo \u00e8 breve. <mark>Dopo diversi mesi, l&#8217;aria secca e molto fresca da nord \u00e8 tornata a spazzare via umidit\u00e0 ed inquinanti dai cieli del nord italia, regalando un&#8217;ottima visibilit\u00e0 verso gli orizzonti lontani. E, tra loro, il Monviso non \u00e8 mancato all&#8217;appello&#8221;,<\/mark> spiega sul suo profilo social.<\/p>\n<p>Una foto diventata subito famosa, virale si direbbe, rimbalzata su tantissimi siti web e social. Meravigliosa per i dettagli che attraversano mezza Italia: dal pontile del Forte alle langhe piemontesi passando per le pale eoliche della Liguria.<\/p>\n<figure id=\"post-356863 media-356863\" class=\"align-none\"><img decoding=\"async\" src=\"https:\/\/www.intoscana.it\/wp-content\/uploads\/Screenshot-2024-09-19-09.28.22.jpeg\" alt=\"\" \/><\/figure>\n<div class=\"titleimg\">Il Monviso dalla Versilia &#8211; \u00a9 Fabio Longaron<\/div>\n<h3><em>Lo studente con la passione per il meteo<\/em><\/h3>\n<p><a href=\"https:\/\/www.intoscana.it\/it\/fabio-longaron-influencer-delle-previsioni-versilia\/\" target=\"_blank\" rel=\"noopener\">Fabio Longaron<\/a> studia Scienze naturali e ambientali all&#8217;Universit\u00e0 di Pisa. Alla sua evidente passione per la fotografia si unisce un interesse per la <strong>metereologia<\/strong>. Un hobby che per\u00f2 non resta nel cassetto, ma che viene condiviso con decine di migliaia di persone su &#8220;Meteo Nord Ovest Toscana&#8221; i profili social <a href=\"https:\/\/www.facebook.com\/MeteoNordOvestToscana\/\" target=\"_blank\" rel=\"noopener\">Facebook<\/a>\u00a0e\u00a0<a href=\"https:\/\/www.instagram.com\/meteo_nordovest_toscana\/\" target=\"_blank\" rel=\"noopener\">Instagram<\/a> che lui cura dal 2019. Informazioni accurate su\u00a0 pioggia, vento, pressione e umidit\u00e0 con cadenza quasi quotidiana, accompagnate da considerazioni anche simpatiche.<\/p>\n<p>Le due cose convivono e riempiono la vita di questo giovane e talentuoso toscano. <mark>Famoso anche un suo altro scatto, quello dell&#8217;aurora boreale trasportata sui cieli toscani (in questo caso delle Alpi Apuane) da una tempesta geomagnetica lo scorso maggio.<\/mark> Una serata indimenticabile per molti.<\/p>\n<figure id=\"post-356860 media-356860\" class=\"align-none\"><img decoding=\"async\" src=\"https:\/\/www.intoscana.it\/wp-content\/uploads\/Screenshot-2024-09-19-10.58.45.jpeg\" alt=\"\" \/><\/figure>\n<div class=\"titleimg\">Aurora boreale &#8211; \u00a9 Fabio Longaron<\/div>\n<p>&nbsp;<\/p>\n","protected":false},"excerpt":{"rendered":"<p>Lo studente toscano, 25 anni, unisce il talento per la fotografia alla passione per la metereologia. Interessi che condivide sui suoi canali social e che condivide con decine di migliaia di persone. Il suo scatto \u00e8 diventato virale<\/p>\n","protected":false},"author":545,"featured_media":356793,"comment_status":"open","ping_status":"open","sticky":false,"template":"","format":"standard","meta":{"_acf_changed":false,"footnotes":""},"categories":[4],"tags":[242,4858,3709],"class_list":["post-356792","post","type-post","status-publish","format-standard","has-post-thumbnail","hentry","category-storie","tag-fotografia","tag-meteo","tag-versilia"],"acf":[],"yoast_head":"<!-- This site is optimized with the Yoast SEO Premium plugin v24.2 (Yoast SEO v25.6) - https:\/\/yoast.com\/wordpress\/plugins\/seo\/ -->\n<title>Dalla Versilia si vede il Monviso: la foto magica di Fabio Longaron - intoscana<\/title>\n<meta name=\"description\" content=\"Lo studente toscano, 25 anni, unisce il talento per la fotografia alla passione per la metereologia. Interessi che condivide sui suoi canali social e che condivide con decine di migliaia di persone. Il suo scatto \u00e8 diventato virale\" \/>\n<meta name=\"robots\" content=\"index, follow, max-snippet:-1, max-image-preview:large, max-video-preview:-1\" \/>\n<link rel=\"canonical\" href=\"https:\/\/www.intoscana.it\/it\/dalla-versilia-si-vede-il-monviso-la-foto-magica-di-fabio-longaron\/\" \/>\n<meta property=\"og:locale\" content=\"it_IT\" \/>\n<meta property=\"og:type\" content=\"article\" \/>\n<meta property=\"og:title\" content=\"Dalla Versilia si vede il Monviso: la foto magica di Fabio Longaron\" \/>\n<meta property=\"og:description\" content=\"Lo studente toscano, 25 anni, unisce il talento per la fotografia alla passione per la metereologia. Interessi che condivide sui suoi canali social e che condivide con decine di migliaia di persone. Il suo scatto \u00e8 diventato virale\" \/>\n<meta property=\"og:url\" content=\"https:\/\/www.intoscana.it\/it\/dalla-versilia-si-vede-il-monviso-la-foto-magica-di-fabio-longaron\/\" \/>\n<meta property=\"og:site_name\" content=\"intoscana\" \/>\n<meta property=\"article:publisher\" content=\"https:\/\/www.facebook.com\/intoscana.it\" \/>\n<meta property=\"article:published_time\" content=\"2024-09-19T09:14:53+00:00\" \/>\n<meta property=\"article:modified_time\" content=\"2024-09-19T09:22:02+00:00\" \/>\n<meta property=\"og:image\" content=\"https:\/\/www.intoscana.it\/wp-content\/uploads\/Screenshot-2024-09-19-09.30.15-e1726731254739.jpeg\" \/>\n\t<meta property=\"og:image:width\" content=\"1170\" \/>\n\t<meta property=\"og:image:height\" content=\"674\" \/>\n\t<meta property=\"og:image:type\" content=\"image\/jpeg\" \/>\n<meta name=\"author\" content=\"Clara D&#039;Acunto\" \/>\n<meta name=\"twitter:card\" content=\"summary_large_image\" \/>\n<meta name=\"twitter:creator\" content=\"@intoscana\" \/>\n<meta name=\"twitter:site\" content=\"@intoscana\" \/>\n<meta name=\"twitter:label1\" content=\"Written by\" \/>\n\t<meta name=\"twitter:data1\" content=\"Clara D&#039;Acunto\" \/>\n\t<meta name=\"twitter:label2\" content=\"Est. reading time\" \/>\n\t<meta name=\"twitter:data2\" content=\"3 minuti\" \/>\n<script type=\"application\/ld+json\" class=\"yoast-schema-graph\">{\"@context\":\"https:\/\/schema.org\",\"@graph\":[{\"@type\":\"WebPage\",\"@id\":\"https:\/\/www.intoscana.it\/it\/dalla-versilia-si-vede-il-monviso-la-foto-magica-di-fabio-longaron\/\",\"url\":\"https:\/\/www.intoscana.it\/it\/dalla-versilia-si-vede-il-monviso-la-foto-magica-di-fabio-longaron\/\",\"name\":\"Dalla Versilia si vede il Monviso: la foto magica di Fabio Longaron - intoscana\",\"isPartOf\":{\"@id\":\"https:\/\/www.intoscana.it\/it\/#website\"},\"primaryImageOfPage\":{\"@id\":\"https:\/\/www.intoscana.it\/it\/dalla-versilia-si-vede-il-monviso-la-foto-magica-di-fabio-longaron\/#primaryimage\"},\"image\":{\"@id\":\"https:\/\/www.intoscana.it\/it\/dalla-versilia-si-vede-il-monviso-la-foto-magica-di-fabio-longaron\/#primaryimage\"},\"thumbnailUrl\":\"https:\/\/www.intoscana.it\/wp-content\/uploads\/Screenshot-2024-09-19-09.30.15-e1726731254739.jpeg\",\"datePublished\":\"2024-09-19T09:14:53+00:00\",\"dateModified\":\"2024-09-19T09:22:02+00:00\",\"author\":{\"@id\":\"https:\/\/www.intoscana.it\/it\/#\/schema\/person\/137419af9ef5d385bde52864a841e6ce\"},\"description\":\"Lo studente toscano, 25 anni, unisce il talento per la fotografia alla passione per la metereologia. Interessi che condivide sui suoi canali social e che condivide con decine di migliaia di persone. Il suo scatto \u00e8 diventato virale\",\"breadcrumb\":{\"@id\":\"https:\/\/www.intoscana.it\/it\/dalla-versilia-si-vede-il-monviso-la-foto-magica-di-fabio-longaron\/#breadcrumb\"},\"inLanguage\":\"it-IT\",\"potentialAction\":[{\"@type\":\"ReadAction\",\"target\":[\"https:\/\/www.intoscana.it\/it\/dalla-versilia-si-vede-il-monviso-la-foto-magica-di-fabio-longaron\/\"]}]},{\"@type\":\"ImageObject\",\"inLanguage\":\"it-IT\",\"@id\":\"https:\/\/www.intoscana.it\/it\/dalla-versilia-si-vede-il-monviso-la-foto-magica-di-fabio-longaron\/#primaryimage\",\"url\":\"https:\/\/www.intoscana.it\/wp-content\/uploads\/Screenshot-2024-09-19-09.30.15-e1726731254739.jpeg\",\"contentUrl\":\"https:\/\/www.intoscana.it\/wp-content\/uploads\/Screenshot-2024-09-19-09.30.15-e1726731254739.jpeg\",\"width\":1170,\"height\":674},{\"@type\":\"BreadcrumbList\",\"@id\":\"https:\/\/www.intoscana.it\/it\/dalla-versilia-si-vede-il-monviso-la-foto-magica-di-fabio-longaron\/#breadcrumb\",\"itemListElement\":[{\"@type\":\"ListItem\",\"position\":1,\"name\":\"Home\",\"item\":\"https:\/\/www.intoscana.it\/it\/\"},{\"@type\":\"ListItem\",\"position\":2,\"name\":\"Dalla Versilia si vede il Monviso: la foto magica di Fabio Longaron\"}]},{\"@type\":\"WebSite\",\"@id\":\"https:\/\/www.intoscana.it\/it\/#website\",\"url\":\"https:\/\/www.intoscana.it\/it\/\",\"name\":\"intoscana\",\"description\":\"\",\"potentialAction\":[{\"@type\":\"SearchAction\",\"target\":{\"@type\":\"EntryPoint\",\"urlTemplate\":\"https:\/\/www.intoscana.it\/it\/?s={search_term_string}\"},\"query-input\":{\"@type\":\"PropertyValueSpecification\",\"valueRequired\":true,\"valueName\":\"search_term_string\"}}],\"inLanguage\":\"it-IT\"},{\"@type\":\"Person\",\"@id\":\"https:\/\/www.intoscana.it\/it\/#\/schema\/person\/137419af9ef5d385bde52864a841e6ce\",\"name\":\"Clara D'Acunto\",\"url\":\"https:\/\/www.intoscana.it\/it\/author\/clara-d_acunto\/\"}]}<\/script>\n<!-- \/ Yoast SEO Premium plugin. -->","yoast_head_json":{"title":"Dalla Versilia si vede il Monviso: la foto magica di Fabio Longaron - intoscana","description":"Lo studente toscano, 25 anni, unisce il talento per la fotografia alla passione per la metereologia. Interessi che condivide sui suoi canali social e che condivide con decine di migliaia di persone. Il suo scatto \u00e8 diventato virale","robots":{"index":"index","follow":"follow","max-snippet":"max-snippet:-1","max-image-preview":"max-image-preview:large","max-video-preview":"max-video-preview:-1"},"canonical":"https:\/\/www.intoscana.it\/it\/dalla-versilia-si-vede-il-monviso-la-foto-magica-di-fabio-longaron\/","og_locale":"it_IT","og_type":"article","og_title":"Dalla Versilia si vede il Monviso: la foto magica di Fabio Longaron","og_description":"Lo studente toscano, 25 anni, unisce il talento per la fotografia alla passione per la metereologia. Interessi che condivide sui suoi canali social e che condivide con decine di migliaia di persone. Il suo scatto \u00e8 diventato virale","og_url":"https:\/\/www.intoscana.it\/it\/dalla-versilia-si-vede-il-monviso-la-foto-magica-di-fabio-longaron\/","og_site_name":"intoscana","article_publisher":"https:\/\/www.facebook.com\/intoscana.it","article_published_time":"2024-09-19T09:14:53+00:00","article_modified_time":"2024-09-19T09:22:02+00:00","og_image":[{"width":1170,"height":674,"url":"https:\/\/www.intoscana.it\/wp-content\/uploads\/Screenshot-2024-09-19-09.30.15-e1726731254739.jpeg","type":"image\/jpeg"}],"author":"Clara D'Acunto","twitter_card":"summary_large_image","twitter_creator":"@intoscana","twitter_site":"@intoscana","twitter_misc":{"Written by":"Clara D'Acunto","Est. reading time":"3 minuti"},"schema":{"@context":"https:\/\/schema.org","@graph":[{"@type":"WebPage","@id":"https:\/\/www.intoscana.it\/it\/dalla-versilia-si-vede-il-monviso-la-foto-magica-di-fabio-longaron\/","url":"https:\/\/www.intoscana.it\/it\/dalla-versilia-si-vede-il-monviso-la-foto-magica-di-fabio-longaron\/","name":"Dalla Versilia si vede il Monviso: la foto magica di Fabio Longaron - intoscana","isPartOf":{"@id":"https:\/\/www.intoscana.it\/it\/#website"},"primaryImageOfPage":{"@id":"https:\/\/www.intoscana.it\/it\/dalla-versilia-si-vede-il-monviso-la-foto-magica-di-fabio-longaron\/#primaryimage"},"image":{"@id":"https:\/\/www.intoscana.it\/it\/dalla-versilia-si-vede-il-monviso-la-foto-magica-di-fabio-longaron\/#primaryimage"},"thumbnailUrl":"https:\/\/www.intoscana.it\/wp-content\/uploads\/Screenshot-2024-09-19-09.30.15-e1726731254739.jpeg","datePublished":"2024-09-19T09:14:53+00:00","dateModified":"2024-09-19T09:22:02+00:00","author":{"@id":"https:\/\/www.intoscana.it\/it\/#\/schema\/person\/137419af9ef5d385bde52864a841e6ce"},"description":"Lo studente toscano, 25 anni, unisce il talento per la fotografia alla passione per la metereologia. Interessi che condivide sui suoi canali social e che condivide con decine di migliaia di persone. Il suo scatto \u00e8 diventato virale","breadcrumb":{"@id":"https:\/\/www.intoscana.it\/it\/dalla-versilia-si-vede-il-monviso-la-foto-magica-di-fabio-longaron\/#breadcrumb"},"inLanguage":"it-IT","potentialAction":[{"@type":"ReadAction","target":["https:\/\/www.intoscana.it\/it\/dalla-versilia-si-vede-il-monviso-la-foto-magica-di-fabio-longaron\/"]}]},{"@type":"ImageObject","inLanguage":"it-IT","@id":"https:\/\/www.intoscana.it\/it\/dalla-versilia-si-vede-il-monviso-la-foto-magica-di-fabio-longaron\/#primaryimage","url":"https:\/\/www.intoscana.it\/wp-content\/uploads\/Screenshot-2024-09-19-09.30.15-e1726731254739.jpeg","contentUrl":"https:\/\/www.intoscana.it\/wp-content\/uploads\/Screenshot-2024-09-19-09.30.15-e1726731254739.jpeg","width":1170,"height":674},{"@type":"BreadcrumbList","@id":"https:\/\/www.intoscana.it\/it\/dalla-versilia-si-vede-il-monviso-la-foto-magica-di-fabio-longaron\/#breadcrumb","itemListElement":[{"@type":"ListItem","position":1,"name":"Home","item":"https:\/\/www.intoscana.it\/it\/"},{"@type":"ListItem","position":2,"name":"Dalla Versilia si vede il Monviso: la foto magica di Fabio Longaron"}]},{"@type":"WebSite","@id":"https:\/\/www.intoscana.it\/it\/#website","url":"https:\/\/www.intoscana.it\/it\/","name":"intoscana","description":"","potentialAction":[{"@type":"SearchAction","target":{"@type":"EntryPoint","urlTemplate":"https:\/\/www.intoscana.it\/it\/?s={search_term_string}"},"query-input":{"@type":"PropertyValueSpecification","valueRequired":true,"valueName":"search_term_string"}}],"inLanguage":"it-IT"},{"@type":"Person","@id":"https:\/\/www.intoscana.it\/it\/#\/schema\/person\/137419af9ef5d385bde52864a841e6ce","name":"Clara D'Acunto","url":"https:\/\/www.intoscana.it\/it\/author\/clara-d_acunto\/"}]}},"_links":{"self":[{"href":"https:\/\/www.intoscana.it\/it\/wp-json\/wp\/v2\/posts\/356792","targetHints":{"allow":["GET"]}}],"collection":[{"href":"https:\/\/www.intoscana.it\/it\/wp-json\/wp\/v2\/posts"}],"about":[{"href":"https:\/\/www.intoscana.it\/it\/wp-json\/wp\/v2\/types\/post"}],"author":[{"embeddable":true,"href":"https:\/\/www.intoscana.it\/it\/wp-json\/wp\/v2\/users\/545"}],"replies":[{"embeddable":true,"href":"https:\/\/www.intoscana.it\/it\/wp-json\/wp\/v2\/comments?post=356792"}],"version-history":[{"count":20,"href":"https:\/\/www.intoscana.it\/it\/wp-json\/wp\/v2\/posts\/356792\/revisions"}],"predecessor-version":[{"id":356883,"href":"https:\/\/www.intoscana.it\/it\/wp-json\/wp\/v2\/posts\/356792\/revisions\/356883"}],"wp:featuredmedia":[{"embeddable":true,"href":"https:\/\/www.intoscana.it\/it\/wp-json\/wp\/v2\/media\/356793"}],"wp:attachment":[{"href":"https:\/\/www.intoscana.it\/it\/wp-json\/wp\/v2\/media?parent=356792"}],"wp:term":[{"taxonomy":"category","embeddable":true,"href":"https:\/\/www.intoscana.it\/it\/wp-json\/wp\/v2\/categories?post=356792"},{"taxonomy":"post_tag","embeddable":true,"href":"https:\/\/www.intoscana.it\/it\/wp-json\/wp\/v2\/tags?post=356792"}],"curies":[{"name":"wp","href":"https:\/\/api.w.org\/{rel}","templated":true}]}}