{"id":357223,"date":"2024-09-21T13:33:10","date_gmt":"2024-09-21T11:33:10","guid":{"rendered":"https:\/\/www.intoscana.it\/it\/?p=357223"},"modified":"2024-09-21T13:33:10","modified_gmt":"2024-09-21T11:33:10","slug":"scoperto-il-genoma-piu-antico-ditalia-ricostruita-la-storia-biologica-di-un-bambino-di-17mila-anni-fa","status":"publish","type":"post","link":"https:\/\/www.intoscana.it\/it\/scoperto-il-genoma-piu-antico-ditalia-ricostruita-la-storia-biologica-di-un-bambino-di-17mila-anni-fa\/","title":{"rendered":"Scoperto il genoma pi\u00f9 antico d&#8217;Italia: ricostruita la storia biologica di un bambino di 17mila anni fa"},"content":{"rendered":"<p>Una ricerca condotta da un gruppo di ricerca internazionale guidato dalle <strong>Universit\u00e0 di Firenze, Bologna e Siena<\/strong> ha portato alla luce dettagli sorprendenti sulla vita di <strong>un bambino vissuto circa 17.000 anni fa in Sud Italia<\/strong> durante il <strong>Paleolitico Superiore.<\/strong><\/p>\n<p>I risultati dello studio, pubblicati sulla rivista <strong>Nature Communications<\/strong> con il titolo \u201c<strong><em>Life history and ancestry of the Late Upper Palaeolithic infant from Grotta delle Mura, Italy\u201d<\/em><\/strong>, hanno permesso di ricostruire con elevata precisione lo sviluppo e le caratteristiche biologiche del bambino, morto all&#8217;et\u00e0 di circa 16,5 mesi.<\/p>\n<p><strong>I resti scheletrici, rinvenuti dall\u2019Universit\u00e0 di Siena<\/strong> alla fine degli anni \u201890 nel sito archeologico di <strong>Grotta delle Mura a Monopoli, Puglia <\/strong>sono tra i pochi scheletri infantili del<strong> Paleolitico Superiore<\/strong> cos\u00ec ben preservati. L&#8217;<strong>approccio multidisciplinare delle pi\u00f9 innovative metodologie di analisi<\/strong> ha combinato studi antropologici tradizionali con paleogenomica, paleoistologia dentale, analisi geochimiche ad alta risoluzione spaziale e datazione al radiocarbonio.<\/p>\n<p><em>\u201cL\u2019integrazione di questi dati ci ha consentito di ricostruire una dettagliata storia biologica dell&#8217;infante, evidenziando sia lo sviluppo durante la prima infanzia sia le possibili cause della morte precoce\u201d, <\/em><strong>spiega David Caramelli, Professore di Antropologia dell\u2019Universit\u00e0 di Firenze<\/strong><em>. &#8220;Questo studio ha portato alla ricostruzione del genoma pi\u00f9 antico in Italia, rivelando significativi cambiamenti nella popolazione dell&#8217;Italia meridionale alla fine dell&#8217;ultimo massimo glaciale, con l&#8217;arrivo di gruppi provenienti dai Balcani, i quali hanno colonizzato l\u2019Italia da Nord-Est per poi scendere verso le regioni pi\u00f9 meridionali della penisola&#8221;.<\/em><\/p>\n<p><em>&#8220;Il nostro lavoro \u00e8 un tassello cruciale nella comprensione delle prime fasi di vita nel Paleolitico superiore,&#8221; <\/em><strong>afferma Stefano Benazzi, Professore di Antropologia Fisica all&#8217;Universit\u00e0 di Bologna.<\/strong><em> &#8220;Questo studio pionieristico, che combina diverse tecniche di analisi dei resti scheletrici, ha fornito una visione senza precedenti della crescita e delle condizioni di vita di un bambino vissuto in un periodo chiave per il popolamento della penisola italiana, consentendo anche di raccogliere informazioni sulla madre e sui gruppi di cacciatori-raccoglitori dell&#8217;epoca. La nostra ricerca rappresenta un significativo progresso, dimostrando l&#8217;importanza dell&#8217;interdisciplinarit\u00e0 per approfondire la conoscenza delle popolazioni preistoriche&#8221;.<\/em><\/p>\n<h3>La ricostruzione del genoma<\/h3>\n<p><strong>Le analisi genetiche,<\/strong> condotte dal team dell<strong>\u2019Universit\u00e0 di Firenze,<\/strong> hanno giocato un ruolo fondamentale nella ricostruzione del <strong>profilo biologico del bambino.<\/strong> Utilizzando pochi milligrammi di polvere di osso prelevata dalla rocca petrosa, una porzione dell\u2019osso temporale del cranio nota per la sua eccellente conservazione del DNA anche in reperti cos\u00ec antichi, \u00e8 stato possibile <strong>ricostruire il genoma quasi completo del bambino.<\/strong><\/p>\n<p><em>\u201cI geni suggeriscono che il bambino, di sesso maschile, avesse occhi azzurri, pelle d\u2019ebano e capelli ricci e scuri, un mix di caratteri piuttosto frequente nelle popolazioni dell\u2019Europa centrale e sud-occidentale del periodo. Inoltre, l\u2019analisi genetica ha evidenziato una stretta parentela tra i genitori del bambino, suggerendo che fossero probabilmente cugini di primo grado, un fenomeno riscontrato di rado nel Paleolitico, ma pi\u00f9 comune durante il Neolitico\u201d,<\/em> spiega la Dott.ssa <strong>Alessandra Modi, dell\u2019Universit\u00e0 di Firenze,<\/strong> coautrice della ricerca assieme al Dott. Owen A. Higgins dell\u2019Universit\u00e0 di Bologna.<\/p>\n<p><strong>Le analisi istologiche,<\/strong> condotte all&#8217;Universit\u00e0 di Bologna, hanno esaminato in dettaglio lo sviluppo dentale dell&#8217;infante attraverso la realizzazione di sezioni sottili di due denti e l\u2019osservazione della loro microstruttura al microscopio. Questo approccio ha permesso di identificare eventi di stress fisiologico durante la vita del bambino.<\/p>\n<p><em>\u201cL&#8217;analisi paleoistologica offre un quadro dello sviluppo e dei bioritmi odontogenici durante la fase fetale e l\u2019infanzia, essenziali per comprendere i cambiamenti nelle tempistiche dello sviluppo dentale nel corso dell\u2019evoluzione della nostra specie\u201d,<\/em> spiega il <strong>Dott. Owen A. Higgins, dell\u2019Universit\u00e0 di Bologna.<\/strong> \u201c<em>Le analisi hanno rivelato uno sviluppo leggermente pi\u00f9 precoce rispetto alla media delle popolazioni europee moderne e almeno nove episodi di stress fisiologico, tre dei quali verificatisi durante la vita intrauterina. La presenza di un alto numero di marcatori di stress \u00e8 coerente con i risultati genetici, che suggeriscono che il bambino fosse probabilmente affetto da cardiomiopatia ipertrofica, una malattia cardiaca congenita associata a morte improvvisa nei giovani\u201d.<\/em><\/p>\n<p><strong>Le analisi geochimiche<\/strong> ad alta risoluzione spaziale, condotte sulle sezioni sottili dei denti presso il <strong>Frankfurt Isotope and Element Research Center (FIERCE) a Francoforte<\/strong>, basandosi sui segnali isotopici dello stronzio, hanno indicato che la madre del bambino aveva una bassa mobilit\u00e0 negli ultimi mesi di gravidanza, e che il bambino \u00e8 nato e vissuto nella stessa area.<\/p>\n<h3>Il bambino di Grotta delle Mura: una testimonianza eccezionale<\/h3>\n<p><strong>Il bambino di Grotta delle Mura rappresenta un&#8217;eccezionale testimonianza<\/strong> delle prime fasi di vita e del popolamento dell&#8217;Italia meridionale durante il tardo Paleolitico Superiore.<\/p>\n<p>Questo studio non solo <strong>arricchisce la nostra conoscenza delle dinamiche sociali e biologiche di quel periodo,<\/strong> ma sottolinea anche <strong>l&#8217;importanza della penisola italiana come crocevia<\/strong> per l&#8217;incontro di vari gruppi di cacciatori-raccoglitori durante una fase cruciale della storia umana.<\/p>\n<p>I ricercatori auspicano che ulteriori ricerche multidisciplinari possano continuare a svelare <strong>dettagli preziosi sulla nostra storia biologica<\/strong> e sulle antiche popolazioni che hanno abitato la regione durante e dopo l&#8217;ultimo massimo glaciale.<\/p>\n","protected":false},"excerpt":{"rendered":"<p>La vita di un bambino vissuto in Sud Italia nel Paleolitico Superiore in una ricerca condotta da un gruppo internazionale guidato dalle Universit\u00e0 di Firenze, Bologna e Siena<\/p>\n","protected":false},"author":525,"featured_media":144058,"comment_status":"open","ping_status":"open","sticky":false,"template":"","format":"standard","meta":{"_acf_changed":false,"footnotes":""},"categories":[475],"tags":[213,353,378],"class_list":["post-357223","post","type-post","status-publish","format-standard","has-post-thumbnail","hentry","category-innovazione","tag-ricerca","tag-universita-di-firenze","tag-universita-di-siena"],"acf":[],"yoast_head":"<!-- This site is optimized with the Yoast SEO Premium plugin v24.2 (Yoast SEO v25.6) - https:\/\/yoast.com\/wordpress\/plugins\/seo\/ -->\n<title>Scoperto il genoma pi\u00f9 antico d&#039;Italia: ricostruita la storia biologica di un bambino di 17mila anni fa - intoscana<\/title>\n<meta name=\"description\" content=\"La ricerca \u00e8 stata condotta da un gruppo internazionale guidato dalle Universit\u00e0 di Firenze, Bologna e Siena\" \/>\n<meta name=\"robots\" content=\"index, follow, max-snippet:-1, max-image-preview:large, max-video-preview:-1\" \/>\n<link rel=\"canonical\" href=\"https:\/\/www.intoscana.it\/it\/scoperto-il-genoma-piu-antico-ditalia-ricostruita-la-storia-biologica-di-un-bambino-di-17mila-anni-fa\/\" \/>\n<meta property=\"og:locale\" content=\"it_IT\" \/>\n<meta property=\"og:type\" content=\"article\" \/>\n<meta property=\"og:title\" content=\"Scoperto il genoma pi\u00f9 antico d&#039;Italia: ricostruita la storia biologica di un bambino di 17mila anni fa\" \/>\n<meta property=\"og:description\" content=\"La ricerca \u00e8 stata condotta da un gruppo internazionale guidato dalle Universit\u00e0 di Firenze, Bologna e Siena\" \/>\n<meta property=\"og:url\" content=\"https:\/\/www.intoscana.it\/it\/scoperto-il-genoma-piu-antico-ditalia-ricostruita-la-storia-biologica-di-un-bambino-di-17mila-anni-fa\/\" \/>\n<meta property=\"og:site_name\" content=\"intoscana\" \/>\n<meta property=\"article:publisher\" content=\"https:\/\/www.facebook.com\/intoscana.it\" \/>\n<meta property=\"article:published_time\" content=\"2024-09-21T11:33:10+00:00\" \/>\n<meta property=\"og:image\" content=\"https:\/\/www.intoscana.it\/wp-content\/uploads\/ricerca2-11.jpg\" \/>\n\t<meta property=\"og:image:width\" content=\"1000\" \/>\n\t<meta property=\"og:image:height\" content=\"667\" \/>\n\t<meta property=\"og:image:type\" content=\"image\/jpeg\" \/>\n<meta name=\"author\" content=\"Redazione\" \/>\n<meta name=\"twitter:card\" content=\"summary_large_image\" \/>\n<meta name=\"twitter:creator\" content=\"@intoscana\" \/>\n<meta name=\"twitter:site\" content=\"@intoscana\" \/>\n<meta name=\"twitter:label1\" content=\"Written by\" \/>\n\t<meta name=\"twitter:data1\" content=\"Redazione\" \/>\n\t<meta name=\"twitter:label2\" content=\"Est. reading time\" \/>\n\t<meta name=\"twitter:data2\" content=\"5 minuti\" \/>\n<script type=\"application\/ld+json\" class=\"yoast-schema-graph\">{\"@context\":\"https:\/\/schema.org\",\"@graph\":[{\"@type\":\"WebPage\",\"@id\":\"https:\/\/www.intoscana.it\/it\/scoperto-il-genoma-piu-antico-ditalia-ricostruita-la-storia-biologica-di-un-bambino-di-17mila-anni-fa\/\",\"url\":\"https:\/\/www.intoscana.it\/it\/scoperto-il-genoma-piu-antico-ditalia-ricostruita-la-storia-biologica-di-un-bambino-di-17mila-anni-fa\/\",\"name\":\"Scoperto il genoma pi\u00f9 antico d'Italia: ricostruita la storia biologica di un bambino di 17mila anni fa - intoscana\",\"isPartOf\":{\"@id\":\"https:\/\/www.intoscana.it\/it\/#website\"},\"primaryImageOfPage\":{\"@id\":\"https:\/\/www.intoscana.it\/it\/scoperto-il-genoma-piu-antico-ditalia-ricostruita-la-storia-biologica-di-un-bambino-di-17mila-anni-fa\/#primaryimage\"},\"image\":{\"@id\":\"https:\/\/www.intoscana.it\/it\/scoperto-il-genoma-piu-antico-ditalia-ricostruita-la-storia-biologica-di-un-bambino-di-17mila-anni-fa\/#primaryimage\"},\"thumbnailUrl\":\"https:\/\/www.intoscana.it\/wp-content\/uploads\/ricerca2-11.jpg\",\"datePublished\":\"2024-09-21T11:33:10+00:00\",\"author\":{\"@id\":\"https:\/\/www.intoscana.it\/it\/#\/schema\/person\/9223810753230f20bd670fdd322661f8\"},\"description\":\"La ricerca \u00e8 stata condotta da un gruppo internazionale guidato dalle Universit\u00e0 di Firenze, Bologna e Siena\",\"breadcrumb\":{\"@id\":\"https:\/\/www.intoscana.it\/it\/scoperto-il-genoma-piu-antico-ditalia-ricostruita-la-storia-biologica-di-un-bambino-di-17mila-anni-fa\/#breadcrumb\"},\"inLanguage\":\"it-IT\",\"potentialAction\":[{\"@type\":\"ReadAction\",\"target\":[\"https:\/\/www.intoscana.it\/it\/scoperto-il-genoma-piu-antico-ditalia-ricostruita-la-storia-biologica-di-un-bambino-di-17mila-anni-fa\/\"]}]},{\"@type\":\"ImageObject\",\"inLanguage\":\"it-IT\",\"@id\":\"https:\/\/www.intoscana.it\/it\/scoperto-il-genoma-piu-antico-ditalia-ricostruita-la-storia-biologica-di-un-bambino-di-17mila-anni-fa\/#primaryimage\",\"url\":\"https:\/\/www.intoscana.it\/wp-content\/uploads\/ricerca2-11.jpg\",\"contentUrl\":\"https:\/\/www.intoscana.it\/wp-content\/uploads\/ricerca2-11.jpg\",\"width\":1000,\"height\":667,\"caption\":\"ricercatore\"},{\"@type\":\"BreadcrumbList\",\"@id\":\"https:\/\/www.intoscana.it\/it\/scoperto-il-genoma-piu-antico-ditalia-ricostruita-la-storia-biologica-di-un-bambino-di-17mila-anni-fa\/#breadcrumb\",\"itemListElement\":[{\"@type\":\"ListItem\",\"position\":1,\"name\":\"Home\",\"item\":\"https:\/\/www.intoscana.it\/it\/\"},{\"@type\":\"ListItem\",\"position\":2,\"name\":\"Scoperto il genoma pi\u00f9 antico d&#8217;Italia: ricostruita la storia biologica di un bambino di 17mila anni fa\"}]},{\"@type\":\"WebSite\",\"@id\":\"https:\/\/www.intoscana.it\/it\/#website\",\"url\":\"https:\/\/www.intoscana.it\/it\/\",\"name\":\"intoscana\",\"description\":\"\",\"potentialAction\":[{\"@type\":\"SearchAction\",\"target\":{\"@type\":\"EntryPoint\",\"urlTemplate\":\"https:\/\/www.intoscana.it\/it\/?s={search_term_string}\"},\"query-input\":{\"@type\":\"PropertyValueSpecification\",\"valueRequired\":true,\"valueName\":\"search_term_string\"}}],\"inLanguage\":\"it-IT\"},{\"@type\":\"Person\",\"@id\":\"https:\/\/www.intoscana.it\/it\/#\/schema\/person\/9223810753230f20bd670fdd322661f8\",\"name\":\"Redazione\",\"url\":\"https:\/\/www.intoscana.it\/it\/author\/redazione\/\"}]}<\/script>\n<!-- \/ Yoast SEO Premium plugin. -->","yoast_head_json":{"title":"Scoperto il genoma pi\u00f9 antico d'Italia: ricostruita la storia biologica di un bambino di 17mila anni fa - intoscana","description":"La ricerca \u00e8 stata condotta da un gruppo internazionale guidato dalle Universit\u00e0 di Firenze, Bologna e Siena","robots":{"index":"index","follow":"follow","max-snippet":"max-snippet:-1","max-image-preview":"max-image-preview:large","max-video-preview":"max-video-preview:-1"},"canonical":"https:\/\/www.intoscana.it\/it\/scoperto-il-genoma-piu-antico-ditalia-ricostruita-la-storia-biologica-di-un-bambino-di-17mila-anni-fa\/","og_locale":"it_IT","og_type":"article","og_title":"Scoperto il genoma pi\u00f9 antico d'Italia: ricostruita la storia biologica di un bambino di 17mila anni fa","og_description":"La ricerca \u00e8 stata condotta da un gruppo internazionale guidato dalle Universit\u00e0 di Firenze, Bologna e Siena","og_url":"https:\/\/www.intoscana.it\/it\/scoperto-il-genoma-piu-antico-ditalia-ricostruita-la-storia-biologica-di-un-bambino-di-17mila-anni-fa\/","og_site_name":"intoscana","article_publisher":"https:\/\/www.facebook.com\/intoscana.it","article_published_time":"2024-09-21T11:33:10+00:00","og_image":[{"width":1000,"height":667,"url":"https:\/\/www.intoscana.it\/wp-content\/uploads\/ricerca2-11.jpg","type":"image\/jpeg"}],"author":"Redazione","twitter_card":"summary_large_image","twitter_creator":"@intoscana","twitter_site":"@intoscana","twitter_misc":{"Written by":"Redazione","Est. reading time":"5 minuti"},"schema":{"@context":"https:\/\/schema.org","@graph":[{"@type":"WebPage","@id":"https:\/\/www.intoscana.it\/it\/scoperto-il-genoma-piu-antico-ditalia-ricostruita-la-storia-biologica-di-un-bambino-di-17mila-anni-fa\/","url":"https:\/\/www.intoscana.it\/it\/scoperto-il-genoma-piu-antico-ditalia-ricostruita-la-storia-biologica-di-un-bambino-di-17mila-anni-fa\/","name":"Scoperto il genoma pi\u00f9 antico d'Italia: ricostruita la storia biologica di un bambino di 17mila anni fa - intoscana","isPartOf":{"@id":"https:\/\/www.intoscana.it\/it\/#website"},"primaryImageOfPage":{"@id":"https:\/\/www.intoscana.it\/it\/scoperto-il-genoma-piu-antico-ditalia-ricostruita-la-storia-biologica-di-un-bambino-di-17mila-anni-fa\/#primaryimage"},"image":{"@id":"https:\/\/www.intoscana.it\/it\/scoperto-il-genoma-piu-antico-ditalia-ricostruita-la-storia-biologica-di-un-bambino-di-17mila-anni-fa\/#primaryimage"},"thumbnailUrl":"https:\/\/www.intoscana.it\/wp-content\/uploads\/ricerca2-11.jpg","datePublished":"2024-09-21T11:33:10+00:00","author":{"@id":"https:\/\/www.intoscana.it\/it\/#\/schema\/person\/9223810753230f20bd670fdd322661f8"},"description":"La ricerca \u00e8 stata condotta da un gruppo internazionale guidato dalle Universit\u00e0 di Firenze, Bologna e Siena","breadcrumb":{"@id":"https:\/\/www.intoscana.it\/it\/scoperto-il-genoma-piu-antico-ditalia-ricostruita-la-storia-biologica-di-un-bambino-di-17mila-anni-fa\/#breadcrumb"},"inLanguage":"it-IT","potentialAction":[{"@type":"ReadAction","target":["https:\/\/www.intoscana.it\/it\/scoperto-il-genoma-piu-antico-ditalia-ricostruita-la-storia-biologica-di-un-bambino-di-17mila-anni-fa\/"]}]},{"@type":"ImageObject","inLanguage":"it-IT","@id":"https:\/\/www.intoscana.it\/it\/scoperto-il-genoma-piu-antico-ditalia-ricostruita-la-storia-biologica-di-un-bambino-di-17mila-anni-fa\/#primaryimage","url":"https:\/\/www.intoscana.it\/wp-content\/uploads\/ricerca2-11.jpg","contentUrl":"https:\/\/www.intoscana.it\/wp-content\/uploads\/ricerca2-11.jpg","width":1000,"height":667,"caption":"ricercatore"},{"@type":"BreadcrumbList","@id":"https:\/\/www.intoscana.it\/it\/scoperto-il-genoma-piu-antico-ditalia-ricostruita-la-storia-biologica-di-un-bambino-di-17mila-anni-fa\/#breadcrumb","itemListElement":[{"@type":"ListItem","position":1,"name":"Home","item":"https:\/\/www.intoscana.it\/it\/"},{"@type":"ListItem","position":2,"name":"Scoperto il genoma pi\u00f9 antico d&#8217;Italia: ricostruita la storia biologica di un bambino di 17mila anni fa"}]},{"@type":"WebSite","@id":"https:\/\/www.intoscana.it\/it\/#website","url":"https:\/\/www.intoscana.it\/it\/","name":"intoscana","description":"","potentialAction":[{"@type":"SearchAction","target":{"@type":"EntryPoint","urlTemplate":"https:\/\/www.intoscana.it\/it\/?s={search_term_string}"},"query-input":{"@type":"PropertyValueSpecification","valueRequired":true,"valueName":"search_term_string"}}],"inLanguage":"it-IT"},{"@type":"Person","@id":"https:\/\/www.intoscana.it\/it\/#\/schema\/person\/9223810753230f20bd670fdd322661f8","name":"Redazione","url":"https:\/\/www.intoscana.it\/it\/author\/redazione\/"}]}},"_links":{"self":[{"href":"https:\/\/www.intoscana.it\/it\/wp-json\/wp\/v2\/posts\/357223","targetHints":{"allow":["GET"]}}],"collection":[{"href":"https:\/\/www.intoscana.it\/it\/wp-json\/wp\/v2\/posts"}],"about":[{"href":"https:\/\/www.intoscana.it\/it\/wp-json\/wp\/v2\/types\/post"}],"author":[{"embeddable":true,"href":"https:\/\/www.intoscana.it\/it\/wp-json\/wp\/v2\/users\/525"}],"replies":[{"embeddable":true,"href":"https:\/\/www.intoscana.it\/it\/wp-json\/wp\/v2\/comments?post=357223"}],"version-history":[{"count":5,"href":"https:\/\/www.intoscana.it\/it\/wp-json\/wp\/v2\/posts\/357223\/revisions"}],"predecessor-version":[{"id":357228,"href":"https:\/\/www.intoscana.it\/it\/wp-json\/wp\/v2\/posts\/357223\/revisions\/357228"}],"wp:featuredmedia":[{"embeddable":true,"href":"https:\/\/www.intoscana.it\/it\/wp-json\/wp\/v2\/media\/144058"}],"wp:attachment":[{"href":"https:\/\/www.intoscana.it\/it\/wp-json\/wp\/v2\/media?parent=357223"}],"wp:term":[{"taxonomy":"category","embeddable":true,"href":"https:\/\/www.intoscana.it\/it\/wp-json\/wp\/v2\/categories?post=357223"},{"taxonomy":"post_tag","embeddable":true,"href":"https:\/\/www.intoscana.it\/it\/wp-json\/wp\/v2\/tags?post=357223"}],"curies":[{"name":"wp","href":"https:\/\/api.w.org\/{rel}","templated":true}]}}