{"id":357341,"date":"2024-09-23T14:21:57","date_gmt":"2024-09-23T12:21:57","guid":{"rendered":"https:\/\/www.intoscana.it\/it\/?p=357341"},"modified":"2024-09-23T14:34:50","modified_gmt":"2024-09-23T12:34:50","slug":"bright-night-2024-venerdi-27-settembre-torna-la-notte-delle-ricercatrici-e-dei-ricercatori-a-pisa","status":"publish","type":"post","link":"https:\/\/www.intoscana.it\/it\/bright-night-2024-venerdi-27-settembre-torna-la-notte-delle-ricercatrici-e-dei-ricercatori-a-pisa\/","title":{"rendered":"Bright Night 2024: venerd\u00ec 27 settembre torna a Pisa la Notte delle ricercatrici e dei ricercatori"},"content":{"rendered":"<p>Saranno le piazze le protagoniste a Pisa della <strong>Bright Night, la Notte Europea delle Ricercatrici e dei Ricercatori<\/strong> che torna <strong>venerd\u00ec 27 settembre<\/strong> con un programma di eventi nato dalla collaborazione tra <strong>Universit\u00e0 di Pisa, Scuola Normale Superiore, Scuola\u202fSuperiore Sant&#8217;Anna, CNR, INFN, INGV, EGO-Virgo.<\/strong><\/p>\n<p><strong>A partire dalle 16.30<\/strong> i cittadini e le cittadine potranno in contrare i <strong>protagonisti della ricerca e assistere a esperimenti e dimostrazioni scientifiche, laboratori interattivi, giochi e attivit\u00e0.<\/strong><\/p>\n<p>Quest\u2019anno la<strong> Bright Night<\/strong> pisana si apre con <strong>un appuntamento internazionale<\/strong> che coinvolge le<strong> Alleanze Universitarie Europee<\/strong> di cui fanno parte gli atenei toscani e imprenditrici di successo provenienti dall\u2019ecosistema di innovazione pisano: l\u2019appuntamento \u00e8 per la mattina di<strong> venerd\u00ec 27 settembre nel Palazzo della Sapienza<\/strong> che, a partire dalle ore 10, ospiter\u00e0 <em><strong>Bright Women \u201cShining in Innovation\u201d<\/strong><\/em>, un evento che ha l\u2019obiettivo di esplorare le storie di successo e promuovere l\u2019empowerment femminile nel mondo imprenditoriale.<\/p>\n<p>I numeri di quest\u2019anno raccontano di una Notte che sar\u00e0 illuminata da <strong>circa 200 eventi, con 36 postazioni interattive e 26 talk nelle piazze,<\/strong> ispirate quest\u2019anno alle \u201cP\u201d dell\u2019Agenda dello Sviluppo Sostenibile:<strong><em> \u201cPlanet\u201d<\/em> <\/strong>(Piazza Santa Caterina),<strong><em> \u201cPeople\u201d<\/em> <\/strong>(Largo Ciro Menotti),<strong><em> \u201cProsperity\u201d<\/em> <\/strong>(Piazza dei Cavalieri) e <strong><em>\u201cPeace\u201d<\/em> <\/strong>(Logge di Banchi).<\/p>\n<p>Grazie alla partnership con CNA, in ogni piazza saranno presenti stand di aziende enogastronomiche del territorio per il \u201c<strong>Gusto della Ricerca\u201d.<\/strong> Moltissime iniziative sono inoltre organizzate nei dipartimenti, nelle biblioteche, nei musei, nelle sedi universitarie e nei centri di ricerca.\u00a0<div class=\"focuson\"><a href=\"https:\/\/www.intoscana.it\/it\/la-ricerca-illumina-la-toscana-il-27-settembre-e-di-nuovo-bright-night-focus-su-donne-e-diritti\/\"><img decoding=\"async\" class=\"lazy\" src=\"https:\/\/www.intoscana.it\/wp-content\/uploads\/Firenze_Bright_Night_immagine_archivio.jpg\" style=\"\">\n                <div class=\"cat\">Bright Night in Toscana<\/div>\n                <h4>Un'edizione dedicata alle donne<\/h4><\/a>\n              <\/div><\/p>\n<p>La mattina sono <strong>attesi oltre 2.000 studenti delle scuole di ogni grado che da Pisa, Livorno, Massa, Pontedera, Cascina, Cecina<\/strong> e altre citt\u00e0 del territorio si sono prenotati per oltre 60 attivit\u00e0 a loro dedicate nelle varie sedi istituzionali, dove potranno assistere a <strong>lezioni, visitare laboratori, fare esperimenti e giochi<\/strong> insieme ai ricercatori e alle ricercatrici.<\/p>\n<p>Inoltre, sono previste<strong> performance teatrali dedicate a Dante in Logge di Banchi<\/strong> e due visite guidate in Piazza dei Miracoli a cura della Scuola Normale, con la collaborazione dell\u2019Opera Primaziale.<\/p>\n<p>In Piazza Santa Caterina l\u2019<strong>Edicola della Legalit\u00e0<\/strong> rimarr\u00e0 eccezionalmente aperta e ospiter\u00e0 <strong>un evento sulla legalit\u00e0 e la Costituzione. <\/strong><\/p>\n<p>Chiusura della manifestazione con lo spettacolo<strong><em> &#8220;Shaping a Brighter Future\u201d,<\/em><\/strong> videomapping in Logge di Banchi con 4 proiezioni previste dalle ore 20 alle 22. <strong>A seguire, DJ set di Radioeco.<\/strong> Il programma in dettaglio \u00e8 disponibile su <a href=\"http:\/\/www.bright-night.it\" target=\"_blank\" rel=\"noopener\" class=\"broken_link\"><strong>www.bright-night.it<\/strong><\/a>.<\/p>\n","protected":false},"excerpt":{"rendered":"<p>Il 27 settembre appuntamento con la Notte delle Ricercatrici e dei Ricercatori: laboratori in piazza, talk, giochi per bambini e un\u2019iniziativa di respiro internazionale in Sapienza<\/p>\n","protected":false},"author":525,"featured_media":357354,"comment_status":"open","ping_status":"open","sticky":false,"template":"","format":"standard","meta":{"_acf_changed":false,"footnotes":""},"categories":[475],"tags":[1649,4474,203,368],"class_list":["post-357341","post","type-post","status-publish","format-standard","has-post-thumbnail","hentry","category-innovazione","tag-bright-night","tag-eventi","tag-pisa","tag-universita-di-pisa"],"acf":[],"yoast_head":"<!-- This site is optimized with the Yoast SEO Premium plugin v24.2 (Yoast SEO v25.6) - https:\/\/yoast.com\/wordpress\/plugins\/seo\/ -->\n<title>Bright Night 2024: venerd\u00ec 27 settembre torna a Pisa la Notte delle ricercatrici e dei ricercatori - intoscana<\/title>\n<meta name=\"description\" content=\"Il 27 settembre appuntamento con la Notte delle Ricercatrici e dei Ricercatori: laboratori in piazza, talk, giochi per bambini\" \/>\n<meta name=\"robots\" content=\"index, follow, max-snippet:-1, max-image-preview:large, max-video-preview:-1\" \/>\n<link rel=\"canonical\" href=\"https:\/\/www.intoscana.it\/it\/bright-night-2024-venerdi-27-settembre-torna-la-notte-delle-ricercatrici-e-dei-ricercatori-a-pisa\/\" \/>\n<meta property=\"og:locale\" content=\"it_IT\" \/>\n<meta property=\"og:type\" content=\"article\" \/>\n<meta property=\"og:title\" content=\"Bright Night 2024: venerd\u00ec 27 settembre torna a Pisa la Notte delle ricercatrici e dei ricercatori\" \/>\n<meta property=\"og:description\" content=\"Il 27 settembre appuntamento con la Notte delle Ricercatrici e dei Ricercatori: laboratori in piazza, talk, giochi per bambini\" \/>\n<meta property=\"og:url\" content=\"https:\/\/www.intoscana.it\/it\/bright-night-2024-venerdi-27-settembre-torna-la-notte-delle-ricercatrici-e-dei-ricercatori-a-pisa\/\" \/>\n<meta property=\"og:site_name\" content=\"intoscana\" \/>\n<meta property=\"article:publisher\" content=\"https:\/\/www.facebook.com\/intoscana.it\" \/>\n<meta property=\"article:published_time\" content=\"2024-09-23T12:21:57+00:00\" \/>\n<meta property=\"article:modified_time\" content=\"2024-09-23T12:34:50+00:00\" \/>\n<meta property=\"og:image\" content=\"https:\/\/www.intoscana.it\/wp-content\/uploads\/IMG_6751.jpeg\" \/>\n\t<meta property=\"og:image:width\" content=\"1280\" \/>\n\t<meta property=\"og:image:height\" content=\"960\" \/>\n\t<meta property=\"og:image:type\" content=\"image\/jpeg\" \/>\n<meta name=\"author\" content=\"Redazione\" \/>\n<meta name=\"twitter:card\" content=\"summary_large_image\" \/>\n<meta name=\"twitter:creator\" content=\"@intoscana\" \/>\n<meta name=\"twitter:site\" content=\"@intoscana\" \/>\n<meta name=\"twitter:label1\" content=\"Written by\" \/>\n\t<meta name=\"twitter:data1\" content=\"Redazione\" \/>\n\t<meta name=\"twitter:label2\" content=\"Est. reading time\" \/>\n\t<meta name=\"twitter:data2\" content=\"3 minuti\" \/>\n<script type=\"application\/ld+json\" class=\"yoast-schema-graph\">{\"@context\":\"https:\/\/schema.org\",\"@graph\":[{\"@type\":\"WebPage\",\"@id\":\"https:\/\/www.intoscana.it\/it\/bright-night-2024-venerdi-27-settembre-torna-la-notte-delle-ricercatrici-e-dei-ricercatori-a-pisa\/\",\"url\":\"https:\/\/www.intoscana.it\/it\/bright-night-2024-venerdi-27-settembre-torna-la-notte-delle-ricercatrici-e-dei-ricercatori-a-pisa\/\",\"name\":\"Bright Night 2024: venerd\u00ec 27 settembre torna a Pisa la Notte delle ricercatrici e dei ricercatori - intoscana\",\"isPartOf\":{\"@id\":\"https:\/\/www.intoscana.it\/it\/#website\"},\"primaryImageOfPage\":{\"@id\":\"https:\/\/www.intoscana.it\/it\/bright-night-2024-venerdi-27-settembre-torna-la-notte-delle-ricercatrici-e-dei-ricercatori-a-pisa\/#primaryimage\"},\"image\":{\"@id\":\"https:\/\/www.intoscana.it\/it\/bright-night-2024-venerdi-27-settembre-torna-la-notte-delle-ricercatrici-e-dei-ricercatori-a-pisa\/#primaryimage\"},\"thumbnailUrl\":\"https:\/\/www.intoscana.it\/wp-content\/uploads\/IMG_6751.jpeg\",\"datePublished\":\"2024-09-23T12:21:57+00:00\",\"dateModified\":\"2024-09-23T12:34:50+00:00\",\"author\":{\"@id\":\"https:\/\/www.intoscana.it\/it\/#\/schema\/person\/9223810753230f20bd670fdd322661f8\"},\"description\":\"Il 27 settembre appuntamento con la Notte delle Ricercatrici e dei Ricercatori: laboratori in piazza, talk, giochi per bambini\",\"breadcrumb\":{\"@id\":\"https:\/\/www.intoscana.it\/it\/bright-night-2024-venerdi-27-settembre-torna-la-notte-delle-ricercatrici-e-dei-ricercatori-a-pisa\/#breadcrumb\"},\"inLanguage\":\"it-IT\",\"potentialAction\":[{\"@type\":\"ReadAction\",\"target\":[\"https:\/\/www.intoscana.it\/it\/bright-night-2024-venerdi-27-settembre-torna-la-notte-delle-ricercatrici-e-dei-ricercatori-a-pisa\/\"]}]},{\"@type\":\"ImageObject\",\"inLanguage\":\"it-IT\",\"@id\":\"https:\/\/www.intoscana.it\/it\/bright-night-2024-venerdi-27-settembre-torna-la-notte-delle-ricercatrici-e-dei-ricercatori-a-pisa\/#primaryimage\",\"url\":\"https:\/\/www.intoscana.it\/wp-content\/uploads\/IMG_6751.jpeg\",\"contentUrl\":\"https:\/\/www.intoscana.it\/wp-content\/uploads\/IMG_6751.jpeg\",\"width\":1280,\"height\":960},{\"@type\":\"BreadcrumbList\",\"@id\":\"https:\/\/www.intoscana.it\/it\/bright-night-2024-venerdi-27-settembre-torna-la-notte-delle-ricercatrici-e-dei-ricercatori-a-pisa\/#breadcrumb\",\"itemListElement\":[{\"@type\":\"ListItem\",\"position\":1,\"name\":\"Home\",\"item\":\"https:\/\/www.intoscana.it\/it\/\"},{\"@type\":\"ListItem\",\"position\":2,\"name\":\"Bright Night 2024: venerd\u00ec 27 settembre torna a Pisa la Notte delle ricercatrici e dei ricercatori\"}]},{\"@type\":\"WebSite\",\"@id\":\"https:\/\/www.intoscana.it\/it\/#website\",\"url\":\"https:\/\/www.intoscana.it\/it\/\",\"name\":\"intoscana\",\"description\":\"\",\"potentialAction\":[{\"@type\":\"SearchAction\",\"target\":{\"@type\":\"EntryPoint\",\"urlTemplate\":\"https:\/\/www.intoscana.it\/it\/?s={search_term_string}\"},\"query-input\":{\"@type\":\"PropertyValueSpecification\",\"valueRequired\":true,\"valueName\":\"search_term_string\"}}],\"inLanguage\":\"it-IT\"},{\"@type\":\"Person\",\"@id\":\"https:\/\/www.intoscana.it\/it\/#\/schema\/person\/9223810753230f20bd670fdd322661f8\",\"name\":\"Redazione\",\"url\":\"https:\/\/www.intoscana.it\/it\/author\/redazione\/\"}]}<\/script>\n<!-- \/ Yoast SEO Premium plugin. -->","yoast_head_json":{"title":"Bright Night 2024: venerd\u00ec 27 settembre torna a Pisa la Notte delle ricercatrici e dei ricercatori - intoscana","description":"Il 27 settembre appuntamento con la Notte delle Ricercatrici e dei Ricercatori: laboratori in piazza, talk, giochi per bambini","robots":{"index":"index","follow":"follow","max-snippet":"max-snippet:-1","max-image-preview":"max-image-preview:large","max-video-preview":"max-video-preview:-1"},"canonical":"https:\/\/www.intoscana.it\/it\/bright-night-2024-venerdi-27-settembre-torna-la-notte-delle-ricercatrici-e-dei-ricercatori-a-pisa\/","og_locale":"it_IT","og_type":"article","og_title":"Bright Night 2024: venerd\u00ec 27 settembre torna a Pisa la Notte delle ricercatrici e dei ricercatori","og_description":"Il 27 settembre appuntamento con la Notte delle Ricercatrici e dei Ricercatori: laboratori in piazza, talk, giochi per bambini","og_url":"https:\/\/www.intoscana.it\/it\/bright-night-2024-venerdi-27-settembre-torna-la-notte-delle-ricercatrici-e-dei-ricercatori-a-pisa\/","og_site_name":"intoscana","article_publisher":"https:\/\/www.facebook.com\/intoscana.it","article_published_time":"2024-09-23T12:21:57+00:00","article_modified_time":"2024-09-23T12:34:50+00:00","og_image":[{"width":1280,"height":960,"url":"https:\/\/www.intoscana.it\/wp-content\/uploads\/IMG_6751.jpeg","type":"image\/jpeg"}],"author":"Redazione","twitter_card":"summary_large_image","twitter_creator":"@intoscana","twitter_site":"@intoscana","twitter_misc":{"Written by":"Redazione","Est. reading time":"3 minuti"},"schema":{"@context":"https:\/\/schema.org","@graph":[{"@type":"WebPage","@id":"https:\/\/www.intoscana.it\/it\/bright-night-2024-venerdi-27-settembre-torna-la-notte-delle-ricercatrici-e-dei-ricercatori-a-pisa\/","url":"https:\/\/www.intoscana.it\/it\/bright-night-2024-venerdi-27-settembre-torna-la-notte-delle-ricercatrici-e-dei-ricercatori-a-pisa\/","name":"Bright Night 2024: venerd\u00ec 27 settembre torna a Pisa la Notte delle ricercatrici e dei ricercatori - intoscana","isPartOf":{"@id":"https:\/\/www.intoscana.it\/it\/#website"},"primaryImageOfPage":{"@id":"https:\/\/www.intoscana.it\/it\/bright-night-2024-venerdi-27-settembre-torna-la-notte-delle-ricercatrici-e-dei-ricercatori-a-pisa\/#primaryimage"},"image":{"@id":"https:\/\/www.intoscana.it\/it\/bright-night-2024-venerdi-27-settembre-torna-la-notte-delle-ricercatrici-e-dei-ricercatori-a-pisa\/#primaryimage"},"thumbnailUrl":"https:\/\/www.intoscana.it\/wp-content\/uploads\/IMG_6751.jpeg","datePublished":"2024-09-23T12:21:57+00:00","dateModified":"2024-09-23T12:34:50+00:00","author":{"@id":"https:\/\/www.intoscana.it\/it\/#\/schema\/person\/9223810753230f20bd670fdd322661f8"},"description":"Il 27 settembre appuntamento con la Notte delle Ricercatrici e dei Ricercatori: laboratori in piazza, talk, giochi per bambini","breadcrumb":{"@id":"https:\/\/www.intoscana.it\/it\/bright-night-2024-venerdi-27-settembre-torna-la-notte-delle-ricercatrici-e-dei-ricercatori-a-pisa\/#breadcrumb"},"inLanguage":"it-IT","potentialAction":[{"@type":"ReadAction","target":["https:\/\/www.intoscana.it\/it\/bright-night-2024-venerdi-27-settembre-torna-la-notte-delle-ricercatrici-e-dei-ricercatori-a-pisa\/"]}]},{"@type":"ImageObject","inLanguage":"it-IT","@id":"https:\/\/www.intoscana.it\/it\/bright-night-2024-venerdi-27-settembre-torna-la-notte-delle-ricercatrici-e-dei-ricercatori-a-pisa\/#primaryimage","url":"https:\/\/www.intoscana.it\/wp-content\/uploads\/IMG_6751.jpeg","contentUrl":"https:\/\/www.intoscana.it\/wp-content\/uploads\/IMG_6751.jpeg","width":1280,"height":960},{"@type":"BreadcrumbList","@id":"https:\/\/www.intoscana.it\/it\/bright-night-2024-venerdi-27-settembre-torna-la-notte-delle-ricercatrici-e-dei-ricercatori-a-pisa\/#breadcrumb","itemListElement":[{"@type":"ListItem","position":1,"name":"Home","item":"https:\/\/www.intoscana.it\/it\/"},{"@type":"ListItem","position":2,"name":"Bright Night 2024: venerd\u00ec 27 settembre torna a Pisa la Notte delle ricercatrici e dei ricercatori"}]},{"@type":"WebSite","@id":"https:\/\/www.intoscana.it\/it\/#website","url":"https:\/\/www.intoscana.it\/it\/","name":"intoscana","description":"","potentialAction":[{"@type":"SearchAction","target":{"@type":"EntryPoint","urlTemplate":"https:\/\/www.intoscana.it\/it\/?s={search_term_string}"},"query-input":{"@type":"PropertyValueSpecification","valueRequired":true,"valueName":"search_term_string"}}],"inLanguage":"it-IT"},{"@type":"Person","@id":"https:\/\/www.intoscana.it\/it\/#\/schema\/person\/9223810753230f20bd670fdd322661f8","name":"Redazione","url":"https:\/\/www.intoscana.it\/it\/author\/redazione\/"}]}},"_links":{"self":[{"href":"https:\/\/www.intoscana.it\/it\/wp-json\/wp\/v2\/posts\/357341","targetHints":{"allow":["GET"]}}],"collection":[{"href":"https:\/\/www.intoscana.it\/it\/wp-json\/wp\/v2\/posts"}],"about":[{"href":"https:\/\/www.intoscana.it\/it\/wp-json\/wp\/v2\/types\/post"}],"author":[{"embeddable":true,"href":"https:\/\/www.intoscana.it\/it\/wp-json\/wp\/v2\/users\/525"}],"replies":[{"embeddable":true,"href":"https:\/\/www.intoscana.it\/it\/wp-json\/wp\/v2\/comments?post=357341"}],"version-history":[{"count":8,"href":"https:\/\/www.intoscana.it\/it\/wp-json\/wp\/v2\/posts\/357341\/revisions"}],"predecessor-version":[{"id":357373,"href":"https:\/\/www.intoscana.it\/it\/wp-json\/wp\/v2\/posts\/357341\/revisions\/357373"}],"wp:featuredmedia":[{"embeddable":true,"href":"https:\/\/www.intoscana.it\/it\/wp-json\/wp\/v2\/media\/357354"}],"wp:attachment":[{"href":"https:\/\/www.intoscana.it\/it\/wp-json\/wp\/v2\/media?parent=357341"}],"wp:term":[{"taxonomy":"category","embeddable":true,"href":"https:\/\/www.intoscana.it\/it\/wp-json\/wp\/v2\/categories?post=357341"},{"taxonomy":"post_tag","embeddable":true,"href":"https:\/\/www.intoscana.it\/it\/wp-json\/wp\/v2\/tags?post=357341"}],"curies":[{"name":"wp","href":"https:\/\/api.w.org\/{rel}","templated":true}]}}