{"id":357417,"date":"2024-09-24T09:36:49","date_gmt":"2024-09-24T07:36:49","guid":{"rendered":"https:\/\/www.intoscana.it\/it\/?p=357417"},"modified":"2024-09-24T16:32:48","modified_gmt":"2024-09-24T14:32:48","slug":"maltempo-toscana-23-settembre-2024","status":"publish","type":"post","link":"https:\/\/www.intoscana.it\/it\/maltempo-toscana-23-settembre-2024\/","title":{"rendered":"Maltempo, caduti fino a 226 mm di pioggia in 6 ore. Si cercano due dispersi a Montecatini Val di Cecina"},"content":{"rendered":"<p>Un\u2019ondata di maltempo ieri, luned\u00ec 23 settembre, ha investito la Toscana, dalla costa alla zone interne, con violenti temporali. Come ha reso noto in serata il presidente della Regione Toscana <strong>Eugenio Giani<\/strong> sono caduti 219 mm di pioggia in 6 ore a <strong>San Vincenzo<\/strong>, 215 mm a <strong>Castagneto Carducci<\/strong>, superiori a quello che cade di media in uno dei mesi pi\u00f9 piovosi dell\u2019anno.<\/p>\n<p>Circa 22 mm di pioggia sono caduti in soli 15 minuti a <strong>Pomarance<\/strong>; la perturbazione si \u00e8 poi spostata all&#8217;interno della regione verso <strong>Siena <\/strong>e<strong> Arezzo.<\/strong><\/p>\n<p><iframe loading=\"lazy\" style=\"border: none; overflow: hidden;\" src=\"https:\/\/www.facebook.com\/plugins\/post.php?href=https%3A%2F%2Fwww.facebook.com%2Feugeniogianiufficiale%2Fposts%2Fpfbid022NwEE1CUzq11N7R4rzfKricdLyhJKu53eLkhcG5LPUwXVfEV2yBwvvtqgJAe5Dm9l&amp;show_text=true&amp;width=500\" width=\"500\" height=\"751\" frameborder=\"0\" scrolling=\"no\" allowfullscreen=\"allowfullscreen\"><\/iframe><br \/>\n&#8220;<em>Ci sono al momento due dispersi e tutta la notte \u00e8 proseguito il lavoro del nostro sistema di Protezione civile della Toscana, grazie a tutte le persone impegnate nei soccorsi<\/em>&#8220;, tra Castagneto Carducci, San Vincenzo, Monteverdi Marittimo e Montecatini Val di Cecina a cavallo tra le province di Livorno e di Pisa. <em>&#8220;<\/em><mark><em>Da quando sono presenti i rilevamenti meteo, mai si era abbattuta nella zona una perturbazione cos\u00ec intensa<\/em><\/mark>&#8220;: ha commentato il presidente Giani sui social.<\/p>\n<h3>Ricerche in corso a Montecatini Val di Cecina<\/h3>\n<blockquote class=\"twitter-tweet\">\n<p dir=\"ltr\" lang=\"it\" style=\"text-align: center;\">\u274c<a href=\"https:\/\/twitter.com\/hashtag\/Maltempo?src=hash&amp;ref_src=twsrc%5Etfw\">#Maltempo<\/a> <a href=\"https:\/\/twitter.com\/hashtag\/Pisa?src=hash&amp;ref_src=twsrc%5Etfw\">#Pisa<\/a>, prosegue la ricerca di nonna e nipote dispersi a Montecatini Val di Cecina: <a href=\"https:\/\/twitter.com\/hashtag\/vigilidelfuoco?src=hash&amp;ref_src=twsrc%5Etfw\">#vigilidelfuoco<\/a> con sommozzatori, soccorritori fluviali, droni, cinofili ed elicottero in azione tra loc. Lagabella e Canneto.<br \/>\nSituazione migliorata tra Pisa e Livorno [<a href=\"https:\/\/twitter.com\/hashtag\/23settembre?src=hash&amp;ref_src=twsrc%5Etfw\">#23settembre<\/a> 9] <a href=\"https:\/\/t.co\/x5b6Yeill0\">pic.twitter.com\/x5b6Yeill0<\/a><\/p>\n<p style=\"text-align: center;\">\u2014 Vigili del Fuoco (@vigilidelfuoco) <a href=\"https:\/\/twitter.com\/vigilidelfuoco\/status\/1838482234753368446?ref_src=twsrc%5Etfw\">September 24, 2024<\/a><\/p>\n<\/blockquote>\n<p><script src=\"https:\/\/platform.twitter.com\/widgets.js\" async=\"\" charset=\"utf-8\"><\/script><\/p>\n<p>Sono in corso da stanotte le ricerche di un bimbo di 5 mesi e della nonna dispersi per la piena del <strong>torrente Sterza a Montecatini Val di Cecina<\/strong>. Salvati sul tetto padre, madre e nonno, turisti stranieri. La famiglia si era rifugiata sul tetto dell&#8217;abitazione a causa dell&#8217;innalzamento del livello dell&#8217;acqua. Le operazioni sono rese complicate dal fatto che si tratta di una zona impervia e difficile da raggiungere, al confine con il Comune di Monteverdi Marittimo.<\/p>\n<p>I Vigili del fuoco sono impegnati con sommozzatori, soccorritore fluviali, cinofili, dronisti e squadre ordinarie. Proseguono intanto <strong>nel Pisano<\/strong> gli interventi di soccorso per i danni causati dal maltempo di ieri.<\/p>\n<h3>Il commento del presidente del Consiglio regionale<\/h3>\n<p>&#8220;<em>Quello che \u00e8 accaduto stanotte in Val di Cecina, ma penso anche alle immagini terribili arrivate da Bolgheri, dicono che su questo tema nessuno deve voltarsi dall&#8217;altra parte<\/em> &#8211; ha dichiarato il presidente del Consiglio regionale della Toscana <strong>Antonio Mazzeo<\/strong> -: <em>quindi <\/em><mark><em>il governo ha ancora tutta la possibilit\u00e0 di mettere le risorse sulla prevenzione del dissesto idrogeologico, per aiutarci a fare in modo che gli enti locali possano arrivare a realizzare opere pubbliche che ormai andavano realizzate da tanto tempo<\/em><\/mark>&#8220;.<\/p>\n<p>&#8220;<em>Sapere che un bimbo di pochi mesi ed una nonna sono dispersi a Montecatini Val di Cecina (Pisa)<\/em> &#8211; ha aggiunto &#8211; <em>a me fa piangere il cuore. Sono davvero vicino alla comunit\u00e0 di Montecatini, a questi turisti stranieri e alle loro famiglie che non sanno cosa davvero sta accadendo<\/em>&#8220;.<\/p>\n<h3>La situazione a Castagneto Carducci<\/h3>\n<p>&#8220;<em>Mai registrato qualcosa di simile nel nostro territorio. Grazie a tutti coloro che hanno prestato opera di soccorso<\/em>&#8220;, caduti 221 mm di poggia (76 mm in 30 minuti), danni ingenti ma per fortuna nessuna vittima. Cos\u00ec, sui social, la sindaca di Castagneto Carducci <strong>Sandra Scarpellini<\/strong> dopo la forte ondata di maltempo che ha colpito la zona della provincia di Livorno, in particolare nelle zone di Donoratico, Castagneto Carducci e San Vincenzo.<\/p>\n<p>Il Comune di Castagneto parla di &#8220;una furia di acqua e fango&#8221; che ha interessato la zona, &#8220;<em>abbiamo terminato i tantissimi interventi di urgenza, grazie al lavoro indefesso di tutti coloro che hanno prestato la loro opera di soccorso, per chiudere le strade, salvare e sfollare le persone e gli animali, liberare dall&#8217;acqua. Con la luce del sole, conteremo i danni. Saranno pesanti, ma nessuna vita si \u00e8 persa. Questo \u00e8 ci\u00f2 che pi\u00f9 conta<\/em>&#8220;.<\/p>\n<p>L&#8217;amministrazione comunale ricorda che oggi &#8220;tutte le <strong>scuole<\/strong> di ogni ordine e grado del Comune di Castagneto sono chiuse in via precauzionale. Inoltre, si consiglia agli studenti del nostro Comune che frequentano le scuole di Cecina, di non mettersi in viaggio, vista la situazione compromessa della viabilit\u00e0&#8221;.<\/p>\n<h3>Detriti lungo le strade a San Vincenzo<\/h3>\n<p>Il Comune di San Vincenzo segnala sui social che &#8220;dopo una lunga notte di lavoro nelle varie zone colpite dal tremendo nubifragio&#8221; si &#8220;sta provvedendo a togliere gli <strong>accumuli di detriti<\/strong> che si sono depositati lungo le strade, coprendo le buche prodotte dalla forza dell&#8217;acqua. Si invitano i cittadini a prestare attenzione e a guidare con la massima prudenza&#8221;. Questa mattina il sindaco <strong>Paolo Riccucci<\/strong> con l&#8217;assessore ai lavori pubblici Alessio Landi e il personale dell&#8217;ufficio lavori pubblici del Comune effettuer\u00e0 un sopralluogo con i vigili del fuoco di Piombino alla scuola secondaria di primo grado per valutare la situazione ed eventuali danni causati dalle piogge di ieri&#8221;.<\/p>\n<h3>Pioggia e fango sulle vigne di Bolgheri<\/h3>\n<p><iframe loading=\"lazy\" title=\"YouTube video player\" src=\"https:\/\/www.youtube.com\/embed\/DVjD_CbspUo?si=35yhjvyl7P1Kwde5\" width=\"800\" height=\"450\" frameborder=\"0\" allowfullscreen=\"allowfullscreen\"><\/iframe><\/p>\n<p>Anche a Bolgheri sono in corso sopralluoghi da parte dei <strong>viticoltori<\/strong> a seguito delle incessanti piogge della scorsa notte.<\/p>\n<p>Oltre 200 i millimetri caduti in 24 ore, che hanno causato l&#8217;esondazione di canali e fossi allagando case, <strong>strade e terreni agricoli<\/strong>. In una nota Coldiretti Livorno commenta: &#8220;La quantit\u00e0 di acqua scesa in brevissimo tempo \u00e8 stata tale da mandare in tilt il sistema del reticolo idrico minore provocandone il collasso. La furia dell&#8217;acqua mista al fango ha divelto anche alcune vigne. Tra gli areali pi\u00f9 colpiti ci sono proprio quelli dell&#8217;areale della Doc tra la Bolgherese e la via Aurelia nel Comune di Castagneto Carducci&#8221;.<\/p>\n<h3>La vicepresidente Saccardi: &#8220;Gi\u00e0 aperta la scheda per segnalare i danni&#8221;<\/h3>\n<p>\u201c<em>Esprimiamo solidariet\u00e0 ai viticoltori e agli agricoltori dei pregiati vigneti di Bolgheri dove la vendemmia deve ancora concludersi, che sono stati colpiti dal maltempo in queste ultime ore<\/em>\u201d.<\/p>\n<p>Cos\u00ec la vicepresidente e assessora all\u2019agricoltura <strong>Stefania Saccardi<\/strong> a seguito delle intense piogge che si sono abbattute sulla costa meridionale della Toscana dove, tra gli areali pi\u00f9 colpiti, risultano proprio quelli del doc, tra la Bolgherese e la via Aurelia nel Comune di Castagneto Carducci.<\/p>\n<p>\u201c<em>Solidariet\u00e0 anche alla sindaca Sandra Scarpellini per il lavoro prezioso che ha fatto in queste ore difficili<\/em> \u2013 prosegue Saccardi &#8211; <mark><em>Abbiamo provveduto gi\u00e0 ad aprire sul sito di Artea una scheda di segnalazioni per i danni subiti dalle imprese qualche settimana fa. Adesso prorogheremo la scadenza per le segnalazioni, dandone immediatamente conoscenza alle imprese agricole, cercheremo di capire e quantificare i danni e studieremo quindi i tipi di interventi che si possono applicare<\/em><\/mark>&#8220;.<\/p>\n<h3>Strade chiuse nel Livornese<\/h3>\n<p>Resta chiusa al traffico la <strong>via Bolgherese<\/strong> a causa dei danni subiti dal ponte sul fosso di Bolgheri. Sono state riaperte gi\u00e0 nella notte la Sp 39 Vecchia Aurelia, che si era allagata all&#8217;altezza del ponte di Marmo, e la Sp 329 Passo Bocca di Valle che per\u00f2 presenta ancora diverse criticit\u00e0 per la presenza di numerosi <strong>rami e piante franate<\/strong> su parte della carreggiata. Le squadre di operai provinciali sono al lavoro per sgombrare le strade dai detriti ma si raccomanda agli automobilisti di fare particolare attenzione alla presenza di fango e detriti che rendono viscido il manto stradale.<\/p>\n<p><iframe loading=\"lazy\" style=\"border: none; overflow: hidden;\" src=\"https:\/\/www.facebook.com\/plugins\/post.php?href=https%3A%2F%2Fwww.facebook.com%2FProvinciaLivorno%2Fposts%2Fpfbid02ntE4CG7ZwQSGreXrjnrWT6ubJEKrRnCuj57A4siuGg8AuzBpyYPrVfAQtCboyQDtl&amp;show_text=true&amp;width=500\" width=\"500\" height=\"787\" frameborder=\"0\" scrolling=\"no\" allowfullscreen=\"allowfullscreen\"><\/iframe><\/p>\n<h3>Problemi all&#8217;ospedale di Massa Marittima<\/h3>\n<p>A causa del nubifragio che ieri ha colpito anche la zona delle <strong>Colline Metallifere<\/strong>, uno sbalzo di energia ha comportato nella notte l&#8217;attivazione dei gruppi elettrogeni dell&#8217;ospedale di Massa Marittima, in provincia di Grosseto. Al momento del ritorno della fornitura elettrica da parte del gestore della rete, l&#8217;impianto non si \u00e8 alimentato per intero e ha costretto ad un intervento in manuale per ripristinare le condizioni. L&#8217;ospedale \u00e8 stato quindi completamente alimentato nel corso della notte e proseguono le attivit\u00e0 di risoluzione della problematica affinch\u00e9 non si ripresenti. Lo rende noto l&#8217;<strong>Asl Toscana sud est<\/strong> a Massa Marittima (Grosseto), impegnata con il proprio personale tecnico a ripristinare la situazione.<\/p>\n<p>I gruppi elettrogeni si sono correttamente attivati intorno alle 21, nel momento in cui \u00e8 mancata la fornitura di energia elettrica dalla rete di distribuzione, per poi spegnersi nel momento in cui \u00e8 tornata la fornitura dal distributore. A questo punto si \u00e8 verificata l&#8217;anomalia che \u00e8 stata superata attraverso un intervento in manuale da parte del personale tecnico. L&#8217;energia elettrica \u00e8 quindi tornata ad alimentare tutta la struttura ospedaliera alle 22:30, per poi tornare alla completa <strong>normalit\u00e0<\/strong> verso le una di notte.<\/p>\n<h3>Gli interventi dei Vigili del Fuoco<\/h3>\n<p>I Vigili del Fuoco del comando di Livorno, con il supporto dei colleghi di Follonica (GR) e i sommozzatori di Livorno e Firenze, stanno intervenendo per la forte ondata di maltempo che ha colpito la provincia, in particolare nelle zone di <strong>Donoratico, Castagneto Carducci e San Vincenzo<\/strong>.<\/p>\n<p>Al momento sono circa <strong>80 le unit\u00e0<\/strong> VF impegnate prevalentemente per <strong>danni d&#8217;acqua e allagamenti<\/strong>. In corso anche salvataggi di persone che si trovano in situazioni precarie.<\/p>\n<p>Mobilitato anche personale VF specializzato in soccorso acquatico proveniente dai <strong>Comandi di Firenze, Lucca e Massa Carrara<\/strong>.<\/p>\n","protected":false},"excerpt":{"rendered":"<p>Vanno avanti da stanotte le ricerche di un bimbo di 5 mesi e della nonna dispersi per la piena del torrente Sterza. Il presidente Giani: &#8220;Mai una perturbazione cos\u00ec intensa nella zona&#8221;<\/p>\n","protected":false},"author":525,"featured_media":357419,"comment_status":"open","ping_status":"open","sticky":false,"template":"","format":"standard","meta":{"_acf_changed":false,"footnotes":""},"categories":[494],"tags":[348],"class_list":["post-357417","post","type-post","status-publish","format-standard","has-post-thumbnail","hentry","category-attualita","tag-maltempo"],"acf":[],"yoast_head":"<!-- This site is optimized with the Yoast SEO Premium plugin v24.2 (Yoast SEO v25.6) - https:\/\/yoast.com\/wordpress\/plugins\/seo\/ -->\n<title>Maltempo, caduti fino a 226 mm di pioggia in 6 ore. Si cercano due dispersi a Montecatini Val di Cecina - intoscana<\/title>\n<meta name=\"description\" content=\"Da stanotte vanno avanti le ricerche di un bimbo di 5 mesi e della nonna dispersi per la piena del torrente Sterza a Montecatini Val di Cecina\" \/>\n<meta name=\"robots\" content=\"index, follow, max-snippet:-1, max-image-preview:large, max-video-preview:-1\" \/>\n<link rel=\"canonical\" href=\"https:\/\/www.intoscana.it\/it\/maltempo-toscana-23-settembre-2024\/\" \/>\n<meta property=\"og:locale\" content=\"it_IT\" \/>\n<meta property=\"og:type\" content=\"article\" \/>\n<meta property=\"og:title\" content=\"Maltempo, caduti fino a 226 mm di pioggia in 6 ore. Si cercano due dispersi a Montecatini Val di Cecina\" \/>\n<meta property=\"og:description\" content=\"Da stanotte vanno avanti le ricerche di un bimbo di 5 mesi e della nonna dispersi per la piena del torrente Sterza a Montecatini Val di Cecina\" \/>\n<meta property=\"og:url\" content=\"https:\/\/www.intoscana.it\/it\/maltempo-toscana-23-settembre-2024\/\" \/>\n<meta property=\"og:site_name\" content=\"intoscana\" \/>\n<meta property=\"article:publisher\" content=\"https:\/\/www.facebook.com\/intoscana.it\" \/>\n<meta property=\"article:published_time\" content=\"2024-09-24T07:36:49+00:00\" \/>\n<meta property=\"article:modified_time\" content=\"2024-09-24T14:32:48+00:00\" \/>\n<meta property=\"og:image\" content=\"https:\/\/www.intoscana.it\/wp-content\/uploads\/vigili-del-fuoco-ricerca-cecina.jpeg\" \/>\n\t<meta property=\"og:image:width\" content=\"947\" \/>\n\t<meta property=\"og:image:height\" content=\"676\" \/>\n\t<meta property=\"og:image:type\" content=\"image\/jpeg\" \/>\n<meta name=\"author\" content=\"Redazione\" \/>\n<meta name=\"twitter:card\" content=\"summary_large_image\" \/>\n<meta name=\"twitter:creator\" content=\"@intoscana\" \/>\n<meta name=\"twitter:site\" content=\"@intoscana\" \/>\n<meta name=\"twitter:label1\" content=\"Written by\" \/>\n\t<meta name=\"twitter:data1\" content=\"Redazione\" \/>\n\t<meta name=\"twitter:label2\" content=\"Est. reading time\" \/>\n\t<meta name=\"twitter:data2\" content=\"8 minuti\" \/>\n<script type=\"application\/ld+json\" class=\"yoast-schema-graph\">{\"@context\":\"https:\/\/schema.org\",\"@graph\":[{\"@type\":\"WebPage\",\"@id\":\"https:\/\/www.intoscana.it\/it\/maltempo-toscana-23-settembre-2024\/\",\"url\":\"https:\/\/www.intoscana.it\/it\/maltempo-toscana-23-settembre-2024\/\",\"name\":\"Maltempo, caduti fino a 226 mm di pioggia in 6 ore. Si cercano due dispersi a Montecatini Val di Cecina - intoscana\",\"isPartOf\":{\"@id\":\"https:\/\/www.intoscana.it\/it\/#website\"},\"primaryImageOfPage\":{\"@id\":\"https:\/\/www.intoscana.it\/it\/maltempo-toscana-23-settembre-2024\/#primaryimage\"},\"image\":{\"@id\":\"https:\/\/www.intoscana.it\/it\/maltempo-toscana-23-settembre-2024\/#primaryimage\"},\"thumbnailUrl\":\"https:\/\/www.intoscana.it\/wp-content\/uploads\/vigili-del-fuoco-ricerca-cecina.jpeg\",\"datePublished\":\"2024-09-24T07:36:49+00:00\",\"dateModified\":\"2024-09-24T14:32:48+00:00\",\"author\":{\"@id\":\"https:\/\/www.intoscana.it\/it\/#\/schema\/person\/9223810753230f20bd670fdd322661f8\"},\"description\":\"Da stanotte vanno avanti le ricerche di un bimbo di 5 mesi e della nonna dispersi per la piena del torrente Sterza a Montecatini Val di Cecina\",\"breadcrumb\":{\"@id\":\"https:\/\/www.intoscana.it\/it\/maltempo-toscana-23-settembre-2024\/#breadcrumb\"},\"inLanguage\":\"it-IT\",\"potentialAction\":[{\"@type\":\"ReadAction\",\"target\":[\"https:\/\/www.intoscana.it\/it\/maltempo-toscana-23-settembre-2024\/\"]}]},{\"@type\":\"ImageObject\",\"inLanguage\":\"it-IT\",\"@id\":\"https:\/\/www.intoscana.it\/it\/maltempo-toscana-23-settembre-2024\/#primaryimage\",\"url\":\"https:\/\/www.intoscana.it\/wp-content\/uploads\/vigili-del-fuoco-ricerca-cecina.jpeg\",\"contentUrl\":\"https:\/\/www.intoscana.it\/wp-content\/uploads\/vigili-del-fuoco-ricerca-cecina.jpeg\",\"width\":947,\"height\":676,\"caption\":\"Maltempo, piena del torrente Sterza a Montecatini Val di Cecina\"},{\"@type\":\"BreadcrumbList\",\"@id\":\"https:\/\/www.intoscana.it\/it\/maltempo-toscana-23-settembre-2024\/#breadcrumb\",\"itemListElement\":[{\"@type\":\"ListItem\",\"position\":1,\"name\":\"Home\",\"item\":\"https:\/\/www.intoscana.it\/it\/\"},{\"@type\":\"ListItem\",\"position\":2,\"name\":\"Maltempo, caduti fino a 226 mm di pioggia in 6 ore. Si cercano due dispersi a Montecatini Val di Cecina\"}]},{\"@type\":\"WebSite\",\"@id\":\"https:\/\/www.intoscana.it\/it\/#website\",\"url\":\"https:\/\/www.intoscana.it\/it\/\",\"name\":\"intoscana\",\"description\":\"\",\"potentialAction\":[{\"@type\":\"SearchAction\",\"target\":{\"@type\":\"EntryPoint\",\"urlTemplate\":\"https:\/\/www.intoscana.it\/it\/?s={search_term_string}\"},\"query-input\":{\"@type\":\"PropertyValueSpecification\",\"valueRequired\":true,\"valueName\":\"search_term_string\"}}],\"inLanguage\":\"it-IT\"},{\"@type\":\"Person\",\"@id\":\"https:\/\/www.intoscana.it\/it\/#\/schema\/person\/9223810753230f20bd670fdd322661f8\",\"name\":\"Redazione\",\"url\":\"https:\/\/www.intoscana.it\/it\/author\/redazione\/\"}]}<\/script>\n<!-- \/ Yoast SEO Premium plugin. -->","yoast_head_json":{"title":"Maltempo, caduti fino a 226 mm di pioggia in 6 ore. Si cercano due dispersi a Montecatini Val di Cecina - intoscana","description":"Da stanotte vanno avanti le ricerche di un bimbo di 5 mesi e della nonna dispersi per la piena del torrente Sterza a Montecatini Val di Cecina","robots":{"index":"index","follow":"follow","max-snippet":"max-snippet:-1","max-image-preview":"max-image-preview:large","max-video-preview":"max-video-preview:-1"},"canonical":"https:\/\/www.intoscana.it\/it\/maltempo-toscana-23-settembre-2024\/","og_locale":"it_IT","og_type":"article","og_title":"Maltempo, caduti fino a 226 mm di pioggia in 6 ore. Si cercano due dispersi a Montecatini Val di Cecina","og_description":"Da stanotte vanno avanti le ricerche di un bimbo di 5 mesi e della nonna dispersi per la piena del torrente Sterza a Montecatini Val di Cecina","og_url":"https:\/\/www.intoscana.it\/it\/maltempo-toscana-23-settembre-2024\/","og_site_name":"intoscana","article_publisher":"https:\/\/www.facebook.com\/intoscana.it","article_published_time":"2024-09-24T07:36:49+00:00","article_modified_time":"2024-09-24T14:32:48+00:00","og_image":[{"width":947,"height":676,"url":"https:\/\/www.intoscana.it\/wp-content\/uploads\/vigili-del-fuoco-ricerca-cecina.jpeg","type":"image\/jpeg"}],"author":"Redazione","twitter_card":"summary_large_image","twitter_creator":"@intoscana","twitter_site":"@intoscana","twitter_misc":{"Written by":"Redazione","Est. reading time":"8 minuti"},"schema":{"@context":"https:\/\/schema.org","@graph":[{"@type":"WebPage","@id":"https:\/\/www.intoscana.it\/it\/maltempo-toscana-23-settembre-2024\/","url":"https:\/\/www.intoscana.it\/it\/maltempo-toscana-23-settembre-2024\/","name":"Maltempo, caduti fino a 226 mm di pioggia in 6 ore. Si cercano due dispersi a Montecatini Val di Cecina - intoscana","isPartOf":{"@id":"https:\/\/www.intoscana.it\/it\/#website"},"primaryImageOfPage":{"@id":"https:\/\/www.intoscana.it\/it\/maltempo-toscana-23-settembre-2024\/#primaryimage"},"image":{"@id":"https:\/\/www.intoscana.it\/it\/maltempo-toscana-23-settembre-2024\/#primaryimage"},"thumbnailUrl":"https:\/\/www.intoscana.it\/wp-content\/uploads\/vigili-del-fuoco-ricerca-cecina.jpeg","datePublished":"2024-09-24T07:36:49+00:00","dateModified":"2024-09-24T14:32:48+00:00","author":{"@id":"https:\/\/www.intoscana.it\/it\/#\/schema\/person\/9223810753230f20bd670fdd322661f8"},"description":"Da stanotte vanno avanti le ricerche di un bimbo di 5 mesi e della nonna dispersi per la piena del torrente Sterza a Montecatini Val di Cecina","breadcrumb":{"@id":"https:\/\/www.intoscana.it\/it\/maltempo-toscana-23-settembre-2024\/#breadcrumb"},"inLanguage":"it-IT","potentialAction":[{"@type":"ReadAction","target":["https:\/\/www.intoscana.it\/it\/maltempo-toscana-23-settembre-2024\/"]}]},{"@type":"ImageObject","inLanguage":"it-IT","@id":"https:\/\/www.intoscana.it\/it\/maltempo-toscana-23-settembre-2024\/#primaryimage","url":"https:\/\/www.intoscana.it\/wp-content\/uploads\/vigili-del-fuoco-ricerca-cecina.jpeg","contentUrl":"https:\/\/www.intoscana.it\/wp-content\/uploads\/vigili-del-fuoco-ricerca-cecina.jpeg","width":947,"height":676,"caption":"Maltempo, piena del torrente Sterza a Montecatini Val di Cecina"},{"@type":"BreadcrumbList","@id":"https:\/\/www.intoscana.it\/it\/maltempo-toscana-23-settembre-2024\/#breadcrumb","itemListElement":[{"@type":"ListItem","position":1,"name":"Home","item":"https:\/\/www.intoscana.it\/it\/"},{"@type":"ListItem","position":2,"name":"Maltempo, caduti fino a 226 mm di pioggia in 6 ore. Si cercano due dispersi a Montecatini Val di Cecina"}]},{"@type":"WebSite","@id":"https:\/\/www.intoscana.it\/it\/#website","url":"https:\/\/www.intoscana.it\/it\/","name":"intoscana","description":"","potentialAction":[{"@type":"SearchAction","target":{"@type":"EntryPoint","urlTemplate":"https:\/\/www.intoscana.it\/it\/?s={search_term_string}"},"query-input":{"@type":"PropertyValueSpecification","valueRequired":true,"valueName":"search_term_string"}}],"inLanguage":"it-IT"},{"@type":"Person","@id":"https:\/\/www.intoscana.it\/it\/#\/schema\/person\/9223810753230f20bd670fdd322661f8","name":"Redazione","url":"https:\/\/www.intoscana.it\/it\/author\/redazione\/"}]}},"_links":{"self":[{"href":"https:\/\/www.intoscana.it\/it\/wp-json\/wp\/v2\/posts\/357417","targetHints":{"allow":["GET"]}}],"collection":[{"href":"https:\/\/www.intoscana.it\/it\/wp-json\/wp\/v2\/posts"}],"about":[{"href":"https:\/\/www.intoscana.it\/it\/wp-json\/wp\/v2\/types\/post"}],"author":[{"embeddable":true,"href":"https:\/\/www.intoscana.it\/it\/wp-json\/wp\/v2\/users\/525"}],"replies":[{"embeddable":true,"href":"https:\/\/www.intoscana.it\/it\/wp-json\/wp\/v2\/comments?post=357417"}],"version-history":[{"count":35,"href":"https:\/\/www.intoscana.it\/it\/wp-json\/wp\/v2\/posts\/357417\/revisions"}],"predecessor-version":[{"id":357628,"href":"https:\/\/www.intoscana.it\/it\/wp-json\/wp\/v2\/posts\/357417\/revisions\/357628"}],"wp:featuredmedia":[{"embeddable":true,"href":"https:\/\/www.intoscana.it\/it\/wp-json\/wp\/v2\/media\/357419"}],"wp:attachment":[{"href":"https:\/\/www.intoscana.it\/it\/wp-json\/wp\/v2\/media?parent=357417"}],"wp:term":[{"taxonomy":"category","embeddable":true,"href":"https:\/\/www.intoscana.it\/it\/wp-json\/wp\/v2\/categories?post=357417"},{"taxonomy":"post_tag","embeddable":true,"href":"https:\/\/www.intoscana.it\/it\/wp-json\/wp\/v2\/tags?post=357417"}],"curies":[{"name":"wp","href":"https:\/\/api.w.org\/{rel}","templated":true}]}}