{"id":357535,"date":"2024-09-24T15:57:27","date_gmt":"2024-09-24T13:57:27","guid":{"rendered":"https:\/\/www.intoscana.it\/it\/?p=357535"},"modified":"2024-09-24T16:01:01","modified_gmt":"2024-09-24T14:01:01","slug":"musicus-concentus-autunno-2024-concerti","status":"publish","type":"post","link":"https:\/\/www.intoscana.it\/it\/musicus-concentus-autunno-2024-concerti\/","title":{"rendered":"Al via l&#8217;autunno del Musicus Concentus: concerti con giovani talenti e ospiti internazionali"},"content":{"rendered":"<p>A riempire <strong>l&#8217;autunno di musica e colori<\/strong>\u00a0torna il ricco programma del <strong>Musicus Concentus<\/strong> che prende il via<strong> gioved\u00ec 26 settembre al Museo dell&#8217;Opera del Duomo<\/strong> con il live imperdibile di <strong>C\u00e6cilie Trier,<\/strong> conosciuta come anche come<strong> CTM<\/strong>, una <strong>cantante, violoncellista e compositrice<\/strong> di base a Copenaghen, gi\u00e0<strong> sold out.<\/strong><\/p>\n<p>La collaborazione con l&#8217;<strong>Opera di Santa Maria del Fiore<\/strong>, continuer\u00e0 con il concerto del<strong> chitarrista statunitense Kurt Rosenwinkel,<\/strong> che chiuder\u00e0 il <strong>12 dicembre<\/strong> l&#8217;ottava edizione di<em><strong> A Jazz Supreme<\/strong><\/em>, rassegna co-diretta dal presidente del Musicus Concentus <strong>Fernando Fanutti<\/strong> e dal pianista <strong>Simone Graziano.<\/strong><\/p>\n<p>Il programma del<strong> Musicus Concentus<\/strong> anche quest&#8217;anno sar\u00e0 ricco di prime assolute e progetti originali a partire dal grande evento che <strong>il 21 novembre porter\u00e0 in Cattedrale Antonella Ruggiero &amp; gli Ark\u00e8 String Quartet<\/strong> per la prima volta assieme alla <strong>Cappella Musicale Della Cattedrale Di Firenze<\/strong>.<\/p>\n<p>La rassegna <strong>A Jazz Supreme che si terr\u00e0 come sempre in sala Vanni, in piazza del Carmine,<\/strong> vedr\u00e0 protagonista <strong>il pianoforte, presente in cinque concerti su sei<\/strong>.<\/p>\n<p>Al programma si aggiungono due rassegne che valorizzano <strong>i \u201cgrandi di domani\u201d<\/strong>: <strong><em>Jazz Prime<\/em> al Teatro Giotto di Vicchio,<\/strong> dedicato ai giovani talenti del jazz italiano, e <strong><em>My Generation,<\/em><\/strong> rassegna nata dalla collaborazione con l&#8217;<strong>Associazione The Cage di Livorno<\/strong> che il sabato seraporter\u00e0 il meglio della <strong>musica italiana Under 35.<\/strong><\/p>\n<p><em>\u201cLa Regione Toscana \u2013<\/em><strong> ha detto il presidente della Regione Eugenio Giani<\/strong><em> &#8211; \u00e8 come sempre molto orgogliosa del lavoro che \u00e8 stato fatto in questi anni dal Musicus Concentus, per la promozione della musica dal vivo e soprattutto per il supporto ai giovani talenti. Anche per l\u2019edizione 2024 siamo di fronte ad un produzione molto raffinata, in costante rapporto con la citt\u00e0 di Firenze, ma direi con la Toscana. Molto convintamente continuiamo a dunque essere al fianco di questa bellissima realt\u00e0 e ci uniamo al ringraziamento all&#8217;Opera di Santa Maria del Fiore per il sostegno che garantisce al Musicus Concentus promuovendone e sostenendo le attivit\u00e0&#8221;.<\/em><\/p>\n<p><em>\u201cUn calendario molto ricco, quello presentato dal Musicus Concentus che offre molteplici occasioni di grande valore musicale con prime assolute e progetti originali\u201d &#8211; <\/em><strong>ha detto Giovanni Bettarini, assessore alla cultura del Comune di Firenze &#8211;<\/strong><em>\u00a0\u201cQuesta stagione autunnale si presenta particolarmente ricca con rassegne che si svolge nel cuore dell\u2019Oltrarno ma che si sposta anche fuori Firenze e molte novit\u00e0 che testimoniano la capacit\u00e0 di mettere in campo una grande programmazione capace di raggiungere il pubblico anche con interesse musicali diversi\u201d.<\/em><\/p>\n<figure id=\"post-357522 media-357522\" class=\"align-none\"><img decoding=\"async\" src=\"https:\/\/www.intoscana.it\/wp-content\/uploads\/CTM-press-2024-e1727178487361.jpg\" alt=\"\" \/><\/figure>\n<div class=\"titleimg\"><em>CTM<\/em><\/div>\n<h3>A Jazz Supreme: tutto il programma<\/h3>\n<p>Torna a Firenze l&#8217;ottava edizione di <strong><em>A Jazz Supreme<\/em><\/strong>, presentando sei tra i progetti pi\u00f9 interessanti del panorama italiano e internazionale.<\/p>\n<p>La rassegna prende il via <strong>venerd\u00ec 4 ottobre<\/strong> con il pianista, compositore e musicista elettronico <strong>Elias Stemeseder,<\/strong> vincitore del German Jazz Award 2023 come \u201cPianista dell\u2019anno\u201d, e il contrabbassista<strong> Thomas Morgan,<\/strong> nominato ai Grammy.<\/p>\n<p>In apertura <strong>Esmeralda Sella, pianista classe 1997 di base a Siena,<\/strong> attualmente impegnata con il trio Magma, assieme a <strong>Federico Giolito al contrabbasso e Giovanni Nardiello alla batteria<\/strong>, e sulla sua carriera solista.<\/p>\n<p><strong>Venerd\u00ec 11 ottobre<\/strong> sul palco ci sar\u00e0 <strong>EMEM<\/strong> un gruppo collettivo fondato nel 2024 dal <strong>pianista Simone Graziano, dal contrabbassista Francesco Ponticelli e dal batterista Marco Frattini<\/strong>, tre fra i musicisti jazz pi\u00f9 attivi in Italia. Il trio nasce con l\u2019idea di cercare un suono identitario caratterizzato dalla semplicit\u00e0 della forma, talvolta con brani che appiano come canzoni dal carattere radiofonico, talvolta con ritmi reiterati propri della tradizione minimalista.<\/p>\n<p>In apertura <strong>Noemi Fiorucci &amp; Davide Strangio<\/strong> con<strong><em> Alejandra,<\/em><\/strong> titolo del progetto a cui Noemi Fiorucci, cantante ed improvvisatrice, dedica i sui brani. \u00c9 un viaggio accompagnato da testi preesistenti ed originali attraverso i quali si esplorano contenuti di natura surrealistica, direttamente collegati con il passato ed il presente, lavorando con \u201celementi di ombre interiori\u201d, quali le paure, l\u2019infanzia, la notte, i corpi.<\/p>\n<p>Grande attesa per il <strong>polistrumentista Ze in the Clouds<\/strong>, in Sala Vanni <strong>venerd\u00ec 18 ottobre, protagonista\u00a0della nuova scena d\u2019avanguardia legata al jazz<\/strong> e alla musica elettronica.<\/p>\n<p>In apertura il duo formato da<strong> Giuditta Franco,<\/strong> cantante trevigiana formatasi in Italia e all\u2019estero, e dal contrabbassista e compositore vicentino <strong>Francesco Bordignon<\/strong>, entrambi vincitori del Premio Bettinardi 2024.<\/p>\n<figure id=\"post-357528 media-357528\" class=\"align-none\"><img decoding=\"async\" src=\"https:\/\/www.intoscana.it\/wp-content\/uploads\/ZE-IN-THE-CLOUD-PORTRAIT.jpg\" alt=\"\" \/><\/figure>\n<div class=\"titleimg\"><em>Ze In The Clouds<\/em><\/div>\n<p>Il pianista svizzero<strong> Nik B\u00e4rtsch torna in Sala Vanni venerd\u00ec 25 ottobre<\/strong> per presentare <strong><em>MOBILE<\/em><\/strong>, il suo progetto in trio: sul palco insieme a lui <strong>Sha<\/strong> al clarinetto basso e al sax alto e<strong> Nicolas Stocker<\/strong> alla batteria e alle percussioni.<\/p>\n<p>Aprono il concerto <strong>Ava Alami, cantante di origini persiane,<\/strong> e il <strong>pianista campano Vittorio Esposito,<\/strong> con i brani in anteprima del loro album Candy Cane Snail, in uscita a gennaio per La Reserve Records. Un sound prevalentemente legato al jazz, ma influenzato anche dall\u2019indie e dall\u2019elettronica.<\/p>\n<p><strong>Venerd\u00ec 8 novembre <\/strong>arriva in Sala Vanni <strong>The Necks<\/strong> una delle pi\u00f9 importanti cult band australiane con <strong>Chris Abrahams (pianoforte), Tony Buck (batteria) e Lloyd Swanton (contrabbasso),<\/strong> insieme evocano una chimica musicale che sfida qualsiasi tipo di descrizione ortodossa.<\/p>\n<p>Il concerto sar\u00e0 introdotto da <strong>Ariel Tricomi, pianista jazz di 22 anni, giovane promessa<\/strong> del panorama musicale italiano. Nato a Bologna nel 2002 in una famiglia di musicisti, ha iniziato il suo percorso studiando percussioni classiche, ma presto si \u00e8 appassionato al pianoforte e al jazz.<\/p>\n<p><strong>A Jazz Supreme si chiude il 12 dicembre<\/strong> e si sposta nella <strong>Sala del Paradiso del Museo dell\u2019Opera del Duomo<\/strong> con il concerto del compositore, polistrumentista, bandleader e produttore americano, <strong>Kurt Rosenwinkel<\/strong> una delle figure pi\u00f9 celebri del jazz contemporaneo, ampiamente riconosciuto come uno dei chitarristi pi\u00f9 particolari e dotati che abbiano mai suonato questo strumento. <strong>Definito \u201cun genio\u201d da Eric Clapton.<\/strong><\/p>\n<figure id=\"post-357521 media-357521\" class=\"align-none\"><img decoding=\"async\" src=\"https:\/\/www.intoscana.it\/wp-content\/uploads\/Antonella-Ruggero-rid-scaled.jpg\" alt=\"\" \/><\/figure>\n<div class=\"titleimg\">Antonella Ruggero<\/div>\n<p>&nbsp;<\/p>\n","protected":false},"excerpt":{"rendered":"<p>Dall&#8217;Australia all&#8217;Europa: musicisti da tutto il mondo in sala Vanni a Firenze per la rassegna A Jazz Supreme, torna anche la collaborazione con l&#8217;Opera di Santa Maria del Fiore e la rassegna My Generation dedicata ai giovani<\/p>\n","protected":false},"author":518,"featured_media":357526,"comment_status":"open","ping_status":"open","sticky":false,"template":"","format":"standard","meta":{"_acf_changed":false,"footnotes":""},"categories":[14],"tags":[216,4474,202,258,151],"class_list":["post-357535","post","type-post","status-publish","format-standard","has-post-thumbnail","hentry","category-musica","tag-concerti","tag-eventi","tag-firenze","tag-musicus-concentus","tag-regione-toscana"],"acf":[],"yoast_head":"<!-- This site is optimized with the Yoast SEO Premium plugin v24.2 (Yoast SEO v25.6) - https:\/\/yoast.com\/wordpress\/plugins\/seo\/ -->\n<title>Al via l&#039;autunno del Musicus Concentus: concerti con giovani talenti e ospiti internazionali - intoscana<\/title>\n<meta name=\"description\" content=\"Dall&#039;Australia all&#039;Europa: musicisti da tutto il mondo in sala Vanni per la rassegna A Jazz Supreme e la rassegna My Generation\" \/>\n<meta name=\"robots\" content=\"index, follow, max-snippet:-1, max-image-preview:large, max-video-preview:-1\" \/>\n<link rel=\"canonical\" href=\"https:\/\/www.intoscana.it\/it\/musicus-concentus-autunno-2024-concerti\/\" \/>\n<meta property=\"og:locale\" content=\"it_IT\" \/>\n<meta property=\"og:type\" content=\"article\" \/>\n<meta property=\"og:title\" content=\"Al via l&#039;autunno del Musicus Concentus: concerti con giovani talenti e ospiti internazionali\" \/>\n<meta property=\"og:description\" content=\"Dall&#039;Australia all&#039;Europa: musicisti da tutto il mondo in sala Vanni per la rassegna A Jazz Supreme e la rassegna My Generation\" \/>\n<meta property=\"og:url\" content=\"https:\/\/www.intoscana.it\/it\/musicus-concentus-autunno-2024-concerti\/\" \/>\n<meta property=\"og:site_name\" content=\"intoscana\" \/>\n<meta property=\"article:publisher\" content=\"https:\/\/www.facebook.com\/intoscana.it\" \/>\n<meta property=\"article:published_time\" content=\"2024-09-24T13:57:27+00:00\" \/>\n<meta property=\"article:modified_time\" content=\"2024-09-24T14:01:01+00:00\" \/>\n<meta property=\"og:image\" content=\"https:\/\/www.intoscana.it\/wp-content\/uploads\/Nik-Bartschs-Mobile-e1727186269526.jpg\" \/>\n\t<meta property=\"og:image:width\" content=\"1287\" \/>\n\t<meta property=\"og:image:height\" content=\"577\" \/>\n\t<meta property=\"og:image:type\" content=\"image\/jpeg\" \/>\n<meta name=\"author\" content=\"Costanza Baldini\" \/>\n<meta name=\"twitter:card\" content=\"summary_large_image\" \/>\n<meta name=\"twitter:creator\" content=\"@intoscana\" \/>\n<meta name=\"twitter:site\" content=\"@intoscana\" \/>\n<meta name=\"twitter:label1\" content=\"Written by\" \/>\n\t<meta name=\"twitter:data1\" content=\"Costanza Baldini\" \/>\n\t<meta name=\"twitter:label2\" content=\"Est. reading time\" \/>\n\t<meta name=\"twitter:data2\" content=\"6 minuti\" \/>\n<script type=\"application\/ld+json\" class=\"yoast-schema-graph\">{\"@context\":\"https:\/\/schema.org\",\"@graph\":[{\"@type\":\"WebPage\",\"@id\":\"https:\/\/www.intoscana.it\/it\/musicus-concentus-autunno-2024-concerti\/\",\"url\":\"https:\/\/www.intoscana.it\/it\/musicus-concentus-autunno-2024-concerti\/\",\"name\":\"Al via l'autunno del Musicus Concentus: concerti con giovani talenti e ospiti internazionali - intoscana\",\"isPartOf\":{\"@id\":\"https:\/\/www.intoscana.it\/it\/#website\"},\"primaryImageOfPage\":{\"@id\":\"https:\/\/www.intoscana.it\/it\/musicus-concentus-autunno-2024-concerti\/#primaryimage\"},\"image\":{\"@id\":\"https:\/\/www.intoscana.it\/it\/musicus-concentus-autunno-2024-concerti\/#primaryimage\"},\"thumbnailUrl\":\"https:\/\/www.intoscana.it\/wp-content\/uploads\/Nik-Bartschs-Mobile-e1727186269526.jpg\",\"datePublished\":\"2024-09-24T13:57:27+00:00\",\"dateModified\":\"2024-09-24T14:01:01+00:00\",\"author\":{\"@id\":\"https:\/\/www.intoscana.it\/it\/#\/schema\/person\/d469f35f09739bdf00bf5dd3f0647a82\"},\"description\":\"Dall'Australia all'Europa: musicisti da tutto il mondo in sala Vanni per la rassegna A Jazz Supreme e la rassegna My Generation\",\"breadcrumb\":{\"@id\":\"https:\/\/www.intoscana.it\/it\/musicus-concentus-autunno-2024-concerti\/#breadcrumb\"},\"inLanguage\":\"it-IT\",\"potentialAction\":[{\"@type\":\"ReadAction\",\"target\":[\"https:\/\/www.intoscana.it\/it\/musicus-concentus-autunno-2024-concerti\/\"]}]},{\"@type\":\"ImageObject\",\"inLanguage\":\"it-IT\",\"@id\":\"https:\/\/www.intoscana.it\/it\/musicus-concentus-autunno-2024-concerti\/#primaryimage\",\"url\":\"https:\/\/www.intoscana.it\/wp-content\/uploads\/Nik-Bartschs-Mobile-e1727186269526.jpg\",\"contentUrl\":\"https:\/\/www.intoscana.it\/wp-content\/uploads\/Nik-Bartschs-Mobile-e1727186269526.jpg\",\"width\":1287,\"height\":577},{\"@type\":\"BreadcrumbList\",\"@id\":\"https:\/\/www.intoscana.it\/it\/musicus-concentus-autunno-2024-concerti\/#breadcrumb\",\"itemListElement\":[{\"@type\":\"ListItem\",\"position\":1,\"name\":\"Home\",\"item\":\"https:\/\/www.intoscana.it\/it\/\"},{\"@type\":\"ListItem\",\"position\":2,\"name\":\"Al via l&#8217;autunno del Musicus Concentus: concerti con giovani talenti e ospiti internazionali\"}]},{\"@type\":\"WebSite\",\"@id\":\"https:\/\/www.intoscana.it\/it\/#website\",\"url\":\"https:\/\/www.intoscana.it\/it\/\",\"name\":\"intoscana\",\"description\":\"\",\"potentialAction\":[{\"@type\":\"SearchAction\",\"target\":{\"@type\":\"EntryPoint\",\"urlTemplate\":\"https:\/\/www.intoscana.it\/it\/?s={search_term_string}\"},\"query-input\":{\"@type\":\"PropertyValueSpecification\",\"valueRequired\":true,\"valueName\":\"search_term_string\"}}],\"inLanguage\":\"it-IT\"},{\"@type\":\"Person\",\"@id\":\"https:\/\/www.intoscana.it\/it\/#\/schema\/person\/d469f35f09739bdf00bf5dd3f0647a82\",\"name\":\"Costanza Baldini\",\"url\":\"https:\/\/www.intoscana.it\/it\/author\/costanza-baldini\/\"}]}<\/script>\n<!-- \/ Yoast SEO Premium plugin. -->","yoast_head_json":{"title":"Al via l'autunno del Musicus Concentus: concerti con giovani talenti e ospiti internazionali - intoscana","description":"Dall'Australia all'Europa: musicisti da tutto il mondo in sala Vanni per la rassegna A Jazz Supreme e la rassegna My Generation","robots":{"index":"index","follow":"follow","max-snippet":"max-snippet:-1","max-image-preview":"max-image-preview:large","max-video-preview":"max-video-preview:-1"},"canonical":"https:\/\/www.intoscana.it\/it\/musicus-concentus-autunno-2024-concerti\/","og_locale":"it_IT","og_type":"article","og_title":"Al via l'autunno del Musicus Concentus: concerti con giovani talenti e ospiti internazionali","og_description":"Dall'Australia all'Europa: musicisti da tutto il mondo in sala Vanni per la rassegna A Jazz Supreme e la rassegna My Generation","og_url":"https:\/\/www.intoscana.it\/it\/musicus-concentus-autunno-2024-concerti\/","og_site_name":"intoscana","article_publisher":"https:\/\/www.facebook.com\/intoscana.it","article_published_time":"2024-09-24T13:57:27+00:00","article_modified_time":"2024-09-24T14:01:01+00:00","og_image":[{"width":1287,"height":577,"url":"https:\/\/www.intoscana.it\/wp-content\/uploads\/Nik-Bartschs-Mobile-e1727186269526.jpg","type":"image\/jpeg"}],"author":"Costanza Baldini","twitter_card":"summary_large_image","twitter_creator":"@intoscana","twitter_site":"@intoscana","twitter_misc":{"Written by":"Costanza Baldini","Est. reading time":"6 minuti"},"schema":{"@context":"https:\/\/schema.org","@graph":[{"@type":"WebPage","@id":"https:\/\/www.intoscana.it\/it\/musicus-concentus-autunno-2024-concerti\/","url":"https:\/\/www.intoscana.it\/it\/musicus-concentus-autunno-2024-concerti\/","name":"Al via l'autunno del Musicus Concentus: concerti con giovani talenti e ospiti internazionali - intoscana","isPartOf":{"@id":"https:\/\/www.intoscana.it\/it\/#website"},"primaryImageOfPage":{"@id":"https:\/\/www.intoscana.it\/it\/musicus-concentus-autunno-2024-concerti\/#primaryimage"},"image":{"@id":"https:\/\/www.intoscana.it\/it\/musicus-concentus-autunno-2024-concerti\/#primaryimage"},"thumbnailUrl":"https:\/\/www.intoscana.it\/wp-content\/uploads\/Nik-Bartschs-Mobile-e1727186269526.jpg","datePublished":"2024-09-24T13:57:27+00:00","dateModified":"2024-09-24T14:01:01+00:00","author":{"@id":"https:\/\/www.intoscana.it\/it\/#\/schema\/person\/d469f35f09739bdf00bf5dd3f0647a82"},"description":"Dall'Australia all'Europa: musicisti da tutto il mondo in sala Vanni per la rassegna A Jazz Supreme e la rassegna My Generation","breadcrumb":{"@id":"https:\/\/www.intoscana.it\/it\/musicus-concentus-autunno-2024-concerti\/#breadcrumb"},"inLanguage":"it-IT","potentialAction":[{"@type":"ReadAction","target":["https:\/\/www.intoscana.it\/it\/musicus-concentus-autunno-2024-concerti\/"]}]},{"@type":"ImageObject","inLanguage":"it-IT","@id":"https:\/\/www.intoscana.it\/it\/musicus-concentus-autunno-2024-concerti\/#primaryimage","url":"https:\/\/www.intoscana.it\/wp-content\/uploads\/Nik-Bartschs-Mobile-e1727186269526.jpg","contentUrl":"https:\/\/www.intoscana.it\/wp-content\/uploads\/Nik-Bartschs-Mobile-e1727186269526.jpg","width":1287,"height":577},{"@type":"BreadcrumbList","@id":"https:\/\/www.intoscana.it\/it\/musicus-concentus-autunno-2024-concerti\/#breadcrumb","itemListElement":[{"@type":"ListItem","position":1,"name":"Home","item":"https:\/\/www.intoscana.it\/it\/"},{"@type":"ListItem","position":2,"name":"Al via l&#8217;autunno del Musicus Concentus: concerti con giovani talenti e ospiti internazionali"}]},{"@type":"WebSite","@id":"https:\/\/www.intoscana.it\/it\/#website","url":"https:\/\/www.intoscana.it\/it\/","name":"intoscana","description":"","potentialAction":[{"@type":"SearchAction","target":{"@type":"EntryPoint","urlTemplate":"https:\/\/www.intoscana.it\/it\/?s={search_term_string}"},"query-input":{"@type":"PropertyValueSpecification","valueRequired":true,"valueName":"search_term_string"}}],"inLanguage":"it-IT"},{"@type":"Person","@id":"https:\/\/www.intoscana.it\/it\/#\/schema\/person\/d469f35f09739bdf00bf5dd3f0647a82","name":"Costanza Baldini","url":"https:\/\/www.intoscana.it\/it\/author\/costanza-baldini\/"}]}},"_links":{"self":[{"href":"https:\/\/www.intoscana.it\/it\/wp-json\/wp\/v2\/posts\/357535","targetHints":{"allow":["GET"]}}],"collection":[{"href":"https:\/\/www.intoscana.it\/it\/wp-json\/wp\/v2\/posts"}],"about":[{"href":"https:\/\/www.intoscana.it\/it\/wp-json\/wp\/v2\/types\/post"}],"author":[{"embeddable":true,"href":"https:\/\/www.intoscana.it\/it\/wp-json\/wp\/v2\/users\/518"}],"replies":[{"embeddable":true,"href":"https:\/\/www.intoscana.it\/it\/wp-json\/wp\/v2\/comments?post=357535"}],"version-history":[{"count":14,"href":"https:\/\/www.intoscana.it\/it\/wp-json\/wp\/v2\/posts\/357535\/revisions"}],"predecessor-version":[{"id":357610,"href":"https:\/\/www.intoscana.it\/it\/wp-json\/wp\/v2\/posts\/357535\/revisions\/357610"}],"wp:featuredmedia":[{"embeddable":true,"href":"https:\/\/www.intoscana.it\/it\/wp-json\/wp\/v2\/media\/357526"}],"wp:attachment":[{"href":"https:\/\/www.intoscana.it\/it\/wp-json\/wp\/v2\/media?parent=357535"}],"wp:term":[{"taxonomy":"category","embeddable":true,"href":"https:\/\/www.intoscana.it\/it\/wp-json\/wp\/v2\/categories?post=357535"},{"taxonomy":"post_tag","embeddable":true,"href":"https:\/\/www.intoscana.it\/it\/wp-json\/wp\/v2\/tags?post=357535"}],"curies":[{"name":"wp","href":"https:\/\/api.w.org\/{rel}","templated":true}]}}