{"id":357806,"date":"2024-09-25T15:32:01","date_gmt":"2024-09-25T13:32:01","guid":{"rendered":"https:\/\/www.intoscana.it\/it\/?p=357806"},"modified":"2024-09-25T16:13:31","modified_gmt":"2024-09-25T14:13:31","slug":"musica-da-abitare-in-concerto-nei-circoli-arci-di-firenze-godano-casale-voltarelli-eric-andersen-scott-mccloud-e-aaron-parks","status":"publish","type":"post","link":"https:\/\/www.intoscana.it\/it\/musica-da-abitare-in-concerto-nei-circoli-arci-di-firenze-godano-casale-voltarelli-eric-andersen-scott-mccloud-e-aaron-parks\/","title":{"rendered":"&#8220;Musica da abitare&#8221; in concerto nei circoli Arci di Firenze: Godano, Casale, Voltarelli, Eric Andersen, Scott McCloud e Aaron Parks"},"content":{"rendered":"<p>Giunge alla sua terza edizione<strong> &#8220;Musica da Abitare&#8221;<\/strong>\u00a0il festival promosso da<strong> Music Pool<\/strong> insieme a <strong>Arci Firenze<\/strong> e l\u2019<strong>Associazione culturale La Chute. <\/strong><\/p>\n<p><strong>Dal 2 ottobre al 28 novembre<\/strong> i <strong>cinque quartieri<\/strong> di Firenze diventano protagonisti di una fitta serie di <strong>concerti, workshop, laboratori, incontri<\/strong> rivolti a tutte le fasce di pubblico, organizzati all\u2019interno di <strong>dieci Circoli Arci<\/strong>, guardando ai vari linguaggi della <strong>musica, del teatro, del cinema, delle arti. <\/strong><\/p>\n<p>Tra i protagonisti degli eventi, personaggi del panorama musicale come <strong>Cristiano Godano, Rossana Casale e Peppe Voltarelli,<\/strong> musicisti che hanno fatto la storia della musica internazionale come <strong>Eric Andersen e Scott McCloud<\/strong> ed un focus non indifferente dedicato ai nuovi protagonisti del jazz impreziosito da un progetto originale costruito con<strong> Aaron Parks.<\/strong><\/p>\n<p>Concerti, incontri e workshop si svolgeranno al <strong>Brillante Nuovo Teatro Lippi, all\u2019ExFila, al Circolo Il Progresso, allo Spazio Brick, al Garage P Studio, al Vivaio del Malcantone e ancora all\u2019S.M.S. Peretola, S.M.S. Soffiano, al Circolo Arci Fra i Lavoratori di Porta al Prato e al Circolo Arci Vie Nuove.\u00a0<\/strong><\/p>\n<p><em>\u201cIl concetto di periferia viene spesso associato a quello di luogo pi\u00f9 \u201cdisagiato\u201d, dove l\u2019offerta di cultura e di socialit\u00e0 \u00e8 inferiore a quella dei pi\u00f9 eccentrici centri storici con i loro teatri e luoghi di incontro &#8211; <\/em><strong>ha detto Gianni Pini, Presidente dell\u2019Associazione Music Pool<\/strong><em> &#8211; L\u2019opportunit\u00e0 di gestire per tre e forse pi\u00f9 anni un bando specificamente indirizzato ad attivit\u00e0 fuori dai centri storici ribalta questa logica e pone le condizioni per qualche investimento pi\u00f9 duraturo per costruire punti di riferimento nuovi che facciano delle periferie nuovi centri attivi, anche come forma di contrasto ad ogni forma di abbandono. Musica da Abitare, ideato e realizzato da Music Pool in collaborazione con l\u2019ARCI di Firenze, \u00e8 parte del progetto Autunno Fiorentino promosso dal Ministero per la Cultura e dal Comune di Firenze ed \u00e8 attuato in rete con una serie di importanti soggetti, individua innanzitutto tre luoghi su cui investire: il Brillante Nuovo Teatro Lippi, il Progresso, l\u2019Exfila, pensandoli non solo in funzione di spettacolo. Il progetto comprende infatti anche una fitta serie di workshop, laboratori, incontri rivolti a tutte le fasce di pubblico nei 5 quartieri della citt\u00e0, ambientati in vari luoghi associativi, tradizionali e non, guardando ai vari linguaggi della musica, del teatro, del cinema e delle arti e nella lora capacit\u00e0 di interagire e creare multidisciplinariet\u00e0\u201d.<\/em><\/p>\n<figure id=\"post-357814 media-357814\" class=\"align-none\"><img decoding=\"async\" src=\"https:\/\/www.intoscana.it\/wp-content\/uploads\/Peppe-Voltarelli-Photo-\u00a9-Francesca-Magnani-2-1.jpg\" alt=\"\" \/><\/figure>\n<div class=\"titleimg\">Peppe Voltarelli \u00a9 Francesca Magnani<\/div>\n<h3>Il programma di Musica da Abitare<\/h3>\n<p><strong>Venerd\u00ec 4 ottobre<\/strong> alle 21.30 al Circolo Il Progresso inaugura la rassegna il <strong>cantautore e musicista americano Eric Andersen<\/strong>, noto per il suo ruolo cruciale nel movimento folk anni Sessanta. Sperimentatore di generi differenti come il blues e il jazz, Eric Andersen ha da sempre inglobato nella sua musica una vena introspettiva, toccando temi di amore e politica e conquistando cos\u00ec di volta in volta il suo pubblico. A met\u00e0 tra le vecchie e le nuove generazioni, l\u2019artista resta un\u2019 icona intramontabile con alle spalle una carriera che abbraccia oltre cinque decenni, spesso condivisa con leggende della musica internazionali tra cui Bob Dylan e Joan Baez.<\/p>\n<p><strong>Domenica 6 ottobre<\/strong> alle ore 21.30 in concerto al Brillante &#8211; Nuovo teatro Lippi <strong><em>Almost Blue<\/em><\/strong> di <strong>Rossana Casale.<\/strong> Dopo Joni la Casale torna al jazz con un progetto concept incentrato sul colore blu: da semplice colore, il blu richiama al blues e inneggia alla speranza di libert\u00e0 e di rivalsa dei canti degli schiavi nei campi di cotone; l\u2019artista nel suo nuovo progetto uscito a Giugno 2024 per Egea Music, promuove il colore blu come metafora di spiritualit\u00e0, silenzio e tranquillit\u00e0.<\/p>\n<p><strong>Gioved\u00ec 17 ottobre<\/strong> alle ore 21:30 sar\u00e0 la volta della band <strong>Brodo di Pollo, con Buccia Generation #1<\/strong> e una talk condotta da Bruno Casini al Brillante, Nuovo Teatro Lippi, con la partecipazione di Stefano Melani, Ugo Ponticiello, Mauro Sarti-Tarzan (Dennis and The Jets e Spettri) e Paolo Strino (scrittore e videomaker). Il gruppo nasce nel settembre 1969 nell\u2019ambito dell\u2019Istituto Tecnico Galileo Galilei e si compone di: Carlo Chimenti alla chitarra, Francesco Ferrante al basso, Vinicio De Simone alla batteria, Giannantonio Cresti per chitarra e voce. I quattro debuttano esattamente 55 anni fa, facendosi portatori di un\u2019 idea di musica trasgressiva e del tutto fuori dagli schemi, come si evince gi\u00e0 dal nome della band.<\/p>\n<p><strong>Domenica 20 ottobre<\/strong> alle ore 19.00 l&#8217;Exfila ospiter\u00e0 i <strong>Goodbye, Kings<\/strong> per la rassegna Move On. Composta da giovani emergenti della scena jazz e sperimentale italiana, tale band milanese nasce nel 2012 come ensemble di natura orchestrale; obiettivo principale del gruppo \u00e8 da sempre legato al rapporto tra musica e parola, ogni loro album tra cui Au Cabaret Vert o A Moon Daguerreotype trae ispirazione dal mondo dell\u2019arte, esaltando il valore della musica come linguaggio autonomo.<\/p>\n<figure id=\"post-357816 media-357816\" class=\"align-none\"><img decoding=\"async\" src=\"https:\/\/www.intoscana.it\/wp-content\/uploads\/Scott-McCloud.jpeg\" alt=\"\" \/><\/figure>\n<div class=\"titleimg\"><em>Scott McCloud<\/em><\/div>\n<p><strong>Venerd\u00ec 25 ottobre<\/strong> ore 21.30 in programma al Circolo Il Progresso l\u2019esibizione di<strong> Scott McCloud, influente musicista e cantautore americano<\/strong> noto principalmente come il frontman delle band <strong>Girls Against Boys e Soulside<\/strong>. L\u2019artista ha giocato un ruolo fondamentale nella scena post-hardcore degli anni \u201880 e \u201890. Negli ultimi anni, Scott McCloud ha continuato a esibirsi e a registrare, mantenendo viva la sua influenza nella scena musicale alternativa. Le sue performance live sono intense e coinvolgenti, offrendo un&#8217;esperienza unica ai fan. McCloud ha anche collaborato con vari artisti e partecipato a progetti di colonne sonore, ampliando il suo impatto artistico oltre il contesto della band.<\/p>\n<p><strong>Mercoled\u00ec 6 novembre<\/strong> Musica da Abitare propone un pomeriggio creativo all\u2019Exfila con Masterclass &amp; Live, un mix tra musica e formazione. Alle ore 16.30 il pianista<strong> Aaron Parks e il trio di Francesco Zampini<\/strong> (con Michelangelo Scandroglio e Bernardo Guerra) incontreranno il pubblico nel corso di un seminario sulle tecniche, gli stili e gli arrangiamenti per una formazione a 360 gradi. Alle ore 21.30 saliranno sul palco<strong> il pianista americano Aaron Parks con Francesco Zampini, Michelangelo Scandroglio e Bernardo Guerra<\/strong> per un concerto che fonde elementi tradizionali del jazz con riletture moderne, idea affascinante che produce suoni freschi e dinamici.<\/p>\n<p><strong>Gioved\u00ec 7 novembre<\/strong> alle ore 21.30 sar\u00e0 la volta di <strong>Peppe Voltarelli<\/strong> al Brillante Nuovo Teatro Lippi. Dopo aver suonato in ventitr\u00e9 paesi in tutto il mondo, fatto parte del film La vera leggenda di Tony Vilar di Giuseppe Gagliardi e aver pubblicato dischi in Europa, Argentina, Canada e Stati Uniti Voltarelli presenta a Firenze La grande corsa verso Lupion\u00f2polis , nuova raccolta di canzoni registrata a New York da Marc Urselli nello storico EastSide Sound di Manhattan e prodotta dal pianista Simone Giuliani. \u00a0Attivo dal 1990 come fondatore e leader de <strong>Il parto delle nuvole pesanti<\/strong>, band di culto del nuovo folk italiano; da solista ha pubblicato sette album in studio, quattro colonne sonore e due concerti; vince la Targa Tenco con Ultima notte a Mal\u00e0 Strana come miglior album in dialetto: era il 2010.<\/p>\n<p><strong>Gioved\u00ec 21 novembre<\/strong> ore 21.30 si esibir\u00e0 al Brillante &#8211; Nuovo Teatro Lippi <strong>Cristiano Godano,<\/strong> artista poliedrico che ha segnato la storia della musica in oltre trent&#8217;anni di attivit\u00e0 meglio conosciuto come frontman dei <strong>Marlene Kuntz<\/strong>, band fondata nel 1989 e con cui ha prodotto ben oltre 130 canzoni. Godano viene chiamato a gestire workshop, incontri, laboratori di scrittura e lezioni in tutta Italia e nel 2008 esordisce come scrittore con I Vivi, opera narrativa di sei racconti. Nel 2019 pubblica Nuotando nell\u2019aria (La Nave di Teseo): ripercorrendo canzone per canzone i primi 3 dischi della band e illustrandone i retroscena del processo creativo, scrive un\u2019involontaria e generosa autobiografia delle origini, tanto acclamata dal pubblico. Ora \u00e8 pronto ad annunciare una nuova produzione.<\/p>\n<p><strong>Domenica 24 novembre<\/strong> ore 19.00 concluderanno la rassegna il collettivo <strong>Alessandro Paternesi &amp; Melodico Bitters<\/strong> all\u2019Exfila; composto da ben nove musicisti formatisi a Siena, il gruppo propone un repertorio originale caratterizzato dalla profonda attenzione alla coesione di molteplici mondi sonori, ispirandosi a pi\u00f9 generi musicali tra i quali jazz, folk, world music, cantautorato italiano e la tradizione napoletana, coltivando un sound eterogeneo e personale.<\/p>\n<figure id=\"post-357815 media-357815\" class=\"align-none\"><img decoding=\"async\" src=\"https:\/\/www.intoscana.it\/wp-content\/uploads\/Rossana-Casale-foto-1-1-2.jpg\" alt=\"\" \/><\/figure>\n<div class=\"titleimg\">Rossana Casale<\/div>\n","protected":false},"excerpt":{"rendered":"<p>Dal 2 ottobre al 28 novembre i cinque quartieri di Firenze diventano protagonisti di una fitta serie di concerti, workshop, laboratori, incontri organizzati all\u2019interno di dieci Circoli Arci, guardando ai vari linguaggi della musica, del teatro, del cinema, delle arti<\/p>\n","protected":false},"author":525,"featured_media":357812,"comment_status":"open","ping_status":"open","sticky":false,"template":"","format":"standard","meta":{"_acf_changed":false,"footnotes":""},"categories":[14],"tags":[216,4474,202],"class_list":["post-357806","post","type-post","status-publish","format-standard","has-post-thumbnail","hentry","category-musica","tag-concerti","tag-eventi","tag-firenze"],"acf":[],"yoast_head":"<!-- This site is optimized with the Yoast SEO Premium plugin v24.2 (Yoast SEO v25.6) - https:\/\/yoast.com\/wordpress\/plugins\/seo\/ -->\n<title>&quot;Musica da abitare&quot; in concerto nei circoli Arci di Firenze: Godano, Casale, Voltarelli, Eric Andersen, Scott McCloud e Aaron Parks - intoscana<\/title>\n<meta name=\"description\" content=\"Dal 2 ottobre al 28 novembre in concerto nei circoli Arci di Firenze artisti del calibro di Cristiano Godano, Rossana Casale, Voltarelli\" \/>\n<meta name=\"robots\" content=\"index, follow, max-snippet:-1, max-image-preview:large, max-video-preview:-1\" \/>\n<link rel=\"canonical\" href=\"https:\/\/www.intoscana.it\/it\/musica-da-abitare-in-concerto-nei-circoli-arci-di-firenze-godano-casale-voltarelli-eric-andersen-scott-mccloud-e-aaron-parks\/\" \/>\n<meta property=\"og:locale\" content=\"it_IT\" \/>\n<meta property=\"og:type\" content=\"article\" \/>\n<meta property=\"og:title\" content=\"&quot;Musica da abitare&quot; in concerto nei circoli Arci di Firenze: Godano, Casale, Voltarelli, Eric Andersen, Scott McCloud e Aaron Parks\" \/>\n<meta property=\"og:description\" content=\"Dal 2 ottobre al 28 novembre in concerto nei circoli Arci di Firenze artisti del calibro di Cristiano Godano, Rossana Casale, Voltarelli\" \/>\n<meta property=\"og:url\" content=\"https:\/\/www.intoscana.it\/it\/musica-da-abitare-in-concerto-nei-circoli-arci-di-firenze-godano-casale-voltarelli-eric-andersen-scott-mccloud-e-aaron-parks\/\" \/>\n<meta property=\"og:site_name\" content=\"intoscana\" \/>\n<meta property=\"article:publisher\" content=\"https:\/\/www.facebook.com\/intoscana.it\" \/>\n<meta property=\"article:published_time\" content=\"2024-09-25T13:32:01+00:00\" \/>\n<meta property=\"article:modified_time\" content=\"2024-09-25T14:13:31+00:00\" \/>\n<meta property=\"og:image\" content=\"https:\/\/www.intoscana.it\/wp-content\/uploads\/Godano-e1727273608120.jpeg\" \/>\n\t<meta property=\"og:image:width\" content=\"1200\" \/>\n\t<meta property=\"og:image:height\" content=\"614\" \/>\n\t<meta property=\"og:image:type\" content=\"image\/jpeg\" \/>\n<meta name=\"author\" content=\"Redazione\" \/>\n<meta name=\"twitter:card\" content=\"summary_large_image\" \/>\n<meta name=\"twitter:creator\" content=\"@intoscana\" \/>\n<meta name=\"twitter:site\" content=\"@intoscana\" \/>\n<meta name=\"twitter:label1\" content=\"Written by\" \/>\n\t<meta name=\"twitter:data1\" content=\"Redazione\" \/>\n\t<meta name=\"twitter:label2\" content=\"Est. reading time\" \/>\n\t<meta name=\"twitter:data2\" content=\"8 minuti\" \/>\n<script type=\"application\/ld+json\" class=\"yoast-schema-graph\">{\"@context\":\"https:\/\/schema.org\",\"@graph\":[{\"@type\":\"WebPage\",\"@id\":\"https:\/\/www.intoscana.it\/it\/musica-da-abitare-in-concerto-nei-circoli-arci-di-firenze-godano-casale-voltarelli-eric-andersen-scott-mccloud-e-aaron-parks\/\",\"url\":\"https:\/\/www.intoscana.it\/it\/musica-da-abitare-in-concerto-nei-circoli-arci-di-firenze-godano-casale-voltarelli-eric-andersen-scott-mccloud-e-aaron-parks\/\",\"name\":\"\\\"Musica da abitare\\\" in concerto nei circoli Arci di Firenze: Godano, Casale, Voltarelli, Eric Andersen, Scott McCloud e Aaron Parks - intoscana\",\"isPartOf\":{\"@id\":\"https:\/\/www.intoscana.it\/it\/#website\"},\"primaryImageOfPage\":{\"@id\":\"https:\/\/www.intoscana.it\/it\/musica-da-abitare-in-concerto-nei-circoli-arci-di-firenze-godano-casale-voltarelli-eric-andersen-scott-mccloud-e-aaron-parks\/#primaryimage\"},\"image\":{\"@id\":\"https:\/\/www.intoscana.it\/it\/musica-da-abitare-in-concerto-nei-circoli-arci-di-firenze-godano-casale-voltarelli-eric-andersen-scott-mccloud-e-aaron-parks\/#primaryimage\"},\"thumbnailUrl\":\"https:\/\/www.intoscana.it\/wp-content\/uploads\/Godano-e1727273608120.jpeg\",\"datePublished\":\"2024-09-25T13:32:01+00:00\",\"dateModified\":\"2024-09-25T14:13:31+00:00\",\"author\":{\"@id\":\"https:\/\/www.intoscana.it\/it\/#\/schema\/person\/9223810753230f20bd670fdd322661f8\"},\"description\":\"Dal 2 ottobre al 28 novembre in concerto nei circoli Arci di Firenze artisti del calibro di Cristiano Godano, Rossana Casale, Voltarelli\",\"breadcrumb\":{\"@id\":\"https:\/\/www.intoscana.it\/it\/musica-da-abitare-in-concerto-nei-circoli-arci-di-firenze-godano-casale-voltarelli-eric-andersen-scott-mccloud-e-aaron-parks\/#breadcrumb\"},\"inLanguage\":\"it-IT\",\"potentialAction\":[{\"@type\":\"ReadAction\",\"target\":[\"https:\/\/www.intoscana.it\/it\/musica-da-abitare-in-concerto-nei-circoli-arci-di-firenze-godano-casale-voltarelli-eric-andersen-scott-mccloud-e-aaron-parks\/\"]}]},{\"@type\":\"ImageObject\",\"inLanguage\":\"it-IT\",\"@id\":\"https:\/\/www.intoscana.it\/it\/musica-da-abitare-in-concerto-nei-circoli-arci-di-firenze-godano-casale-voltarelli-eric-andersen-scott-mccloud-e-aaron-parks\/#primaryimage\",\"url\":\"https:\/\/www.intoscana.it\/wp-content\/uploads\/Godano-e1727273608120.jpeg\",\"contentUrl\":\"https:\/\/www.intoscana.it\/wp-content\/uploads\/Godano-e1727273608120.jpeg\",\"width\":1200,\"height\":614},{\"@type\":\"BreadcrumbList\",\"@id\":\"https:\/\/www.intoscana.it\/it\/musica-da-abitare-in-concerto-nei-circoli-arci-di-firenze-godano-casale-voltarelli-eric-andersen-scott-mccloud-e-aaron-parks\/#breadcrumb\",\"itemListElement\":[{\"@type\":\"ListItem\",\"position\":1,\"name\":\"Home\",\"item\":\"https:\/\/www.intoscana.it\/it\/\"},{\"@type\":\"ListItem\",\"position\":2,\"name\":\"&#8220;Musica da abitare&#8221; in concerto nei circoli Arci di Firenze: Godano, Casale, Voltarelli, Eric Andersen, Scott McCloud e Aaron Parks\"}]},{\"@type\":\"WebSite\",\"@id\":\"https:\/\/www.intoscana.it\/it\/#website\",\"url\":\"https:\/\/www.intoscana.it\/it\/\",\"name\":\"intoscana\",\"description\":\"\",\"potentialAction\":[{\"@type\":\"SearchAction\",\"target\":{\"@type\":\"EntryPoint\",\"urlTemplate\":\"https:\/\/www.intoscana.it\/it\/?s={search_term_string}\"},\"query-input\":{\"@type\":\"PropertyValueSpecification\",\"valueRequired\":true,\"valueName\":\"search_term_string\"}}],\"inLanguage\":\"it-IT\"},{\"@type\":\"Person\",\"@id\":\"https:\/\/www.intoscana.it\/it\/#\/schema\/person\/9223810753230f20bd670fdd322661f8\",\"name\":\"Redazione\",\"url\":\"https:\/\/www.intoscana.it\/it\/author\/redazione\/\"}]}<\/script>\n<!-- \/ Yoast SEO Premium plugin. -->","yoast_head_json":{"title":"\"Musica da abitare\" in concerto nei circoli Arci di Firenze: Godano, Casale, Voltarelli, Eric Andersen, Scott McCloud e Aaron Parks - intoscana","description":"Dal 2 ottobre al 28 novembre in concerto nei circoli Arci di Firenze artisti del calibro di Cristiano Godano, Rossana Casale, Voltarelli","robots":{"index":"index","follow":"follow","max-snippet":"max-snippet:-1","max-image-preview":"max-image-preview:large","max-video-preview":"max-video-preview:-1"},"canonical":"https:\/\/www.intoscana.it\/it\/musica-da-abitare-in-concerto-nei-circoli-arci-di-firenze-godano-casale-voltarelli-eric-andersen-scott-mccloud-e-aaron-parks\/","og_locale":"it_IT","og_type":"article","og_title":"\"Musica da abitare\" in concerto nei circoli Arci di Firenze: Godano, Casale, Voltarelli, Eric Andersen, Scott McCloud e Aaron Parks","og_description":"Dal 2 ottobre al 28 novembre in concerto nei circoli Arci di Firenze artisti del calibro di Cristiano Godano, Rossana Casale, Voltarelli","og_url":"https:\/\/www.intoscana.it\/it\/musica-da-abitare-in-concerto-nei-circoli-arci-di-firenze-godano-casale-voltarelli-eric-andersen-scott-mccloud-e-aaron-parks\/","og_site_name":"intoscana","article_publisher":"https:\/\/www.facebook.com\/intoscana.it","article_published_time":"2024-09-25T13:32:01+00:00","article_modified_time":"2024-09-25T14:13:31+00:00","og_image":[{"width":1200,"height":614,"url":"https:\/\/www.intoscana.it\/wp-content\/uploads\/Godano-e1727273608120.jpeg","type":"image\/jpeg"}],"author":"Redazione","twitter_card":"summary_large_image","twitter_creator":"@intoscana","twitter_site":"@intoscana","twitter_misc":{"Written by":"Redazione","Est. reading time":"8 minuti"},"schema":{"@context":"https:\/\/schema.org","@graph":[{"@type":"WebPage","@id":"https:\/\/www.intoscana.it\/it\/musica-da-abitare-in-concerto-nei-circoli-arci-di-firenze-godano-casale-voltarelli-eric-andersen-scott-mccloud-e-aaron-parks\/","url":"https:\/\/www.intoscana.it\/it\/musica-da-abitare-in-concerto-nei-circoli-arci-di-firenze-godano-casale-voltarelli-eric-andersen-scott-mccloud-e-aaron-parks\/","name":"\"Musica da abitare\" in concerto nei circoli Arci di Firenze: Godano, Casale, Voltarelli, Eric Andersen, Scott McCloud e Aaron Parks - intoscana","isPartOf":{"@id":"https:\/\/www.intoscana.it\/it\/#website"},"primaryImageOfPage":{"@id":"https:\/\/www.intoscana.it\/it\/musica-da-abitare-in-concerto-nei-circoli-arci-di-firenze-godano-casale-voltarelli-eric-andersen-scott-mccloud-e-aaron-parks\/#primaryimage"},"image":{"@id":"https:\/\/www.intoscana.it\/it\/musica-da-abitare-in-concerto-nei-circoli-arci-di-firenze-godano-casale-voltarelli-eric-andersen-scott-mccloud-e-aaron-parks\/#primaryimage"},"thumbnailUrl":"https:\/\/www.intoscana.it\/wp-content\/uploads\/Godano-e1727273608120.jpeg","datePublished":"2024-09-25T13:32:01+00:00","dateModified":"2024-09-25T14:13:31+00:00","author":{"@id":"https:\/\/www.intoscana.it\/it\/#\/schema\/person\/9223810753230f20bd670fdd322661f8"},"description":"Dal 2 ottobre al 28 novembre in concerto nei circoli Arci di Firenze artisti del calibro di Cristiano Godano, Rossana Casale, Voltarelli","breadcrumb":{"@id":"https:\/\/www.intoscana.it\/it\/musica-da-abitare-in-concerto-nei-circoli-arci-di-firenze-godano-casale-voltarelli-eric-andersen-scott-mccloud-e-aaron-parks\/#breadcrumb"},"inLanguage":"it-IT","potentialAction":[{"@type":"ReadAction","target":["https:\/\/www.intoscana.it\/it\/musica-da-abitare-in-concerto-nei-circoli-arci-di-firenze-godano-casale-voltarelli-eric-andersen-scott-mccloud-e-aaron-parks\/"]}]},{"@type":"ImageObject","inLanguage":"it-IT","@id":"https:\/\/www.intoscana.it\/it\/musica-da-abitare-in-concerto-nei-circoli-arci-di-firenze-godano-casale-voltarelli-eric-andersen-scott-mccloud-e-aaron-parks\/#primaryimage","url":"https:\/\/www.intoscana.it\/wp-content\/uploads\/Godano-e1727273608120.jpeg","contentUrl":"https:\/\/www.intoscana.it\/wp-content\/uploads\/Godano-e1727273608120.jpeg","width":1200,"height":614},{"@type":"BreadcrumbList","@id":"https:\/\/www.intoscana.it\/it\/musica-da-abitare-in-concerto-nei-circoli-arci-di-firenze-godano-casale-voltarelli-eric-andersen-scott-mccloud-e-aaron-parks\/#breadcrumb","itemListElement":[{"@type":"ListItem","position":1,"name":"Home","item":"https:\/\/www.intoscana.it\/it\/"},{"@type":"ListItem","position":2,"name":"&#8220;Musica da abitare&#8221; in concerto nei circoli Arci di Firenze: Godano, Casale, Voltarelli, Eric Andersen, Scott McCloud e Aaron Parks"}]},{"@type":"WebSite","@id":"https:\/\/www.intoscana.it\/it\/#website","url":"https:\/\/www.intoscana.it\/it\/","name":"intoscana","description":"","potentialAction":[{"@type":"SearchAction","target":{"@type":"EntryPoint","urlTemplate":"https:\/\/www.intoscana.it\/it\/?s={search_term_string}"},"query-input":{"@type":"PropertyValueSpecification","valueRequired":true,"valueName":"search_term_string"}}],"inLanguage":"it-IT"},{"@type":"Person","@id":"https:\/\/www.intoscana.it\/it\/#\/schema\/person\/9223810753230f20bd670fdd322661f8","name":"Redazione","url":"https:\/\/www.intoscana.it\/it\/author\/redazione\/"}]}},"_links":{"self":[{"href":"https:\/\/www.intoscana.it\/it\/wp-json\/wp\/v2\/posts\/357806","targetHints":{"allow":["GET"]}}],"collection":[{"href":"https:\/\/www.intoscana.it\/it\/wp-json\/wp\/v2\/posts"}],"about":[{"href":"https:\/\/www.intoscana.it\/it\/wp-json\/wp\/v2\/types\/post"}],"author":[{"embeddable":true,"href":"https:\/\/www.intoscana.it\/it\/wp-json\/wp\/v2\/users\/525"}],"replies":[{"embeddable":true,"href":"https:\/\/www.intoscana.it\/it\/wp-json\/wp\/v2\/comments?post=357806"}],"version-history":[{"count":7,"href":"https:\/\/www.intoscana.it\/it\/wp-json\/wp\/v2\/posts\/357806\/revisions"}],"predecessor-version":[{"id":357850,"href":"https:\/\/www.intoscana.it\/it\/wp-json\/wp\/v2\/posts\/357806\/revisions\/357850"}],"wp:featuredmedia":[{"embeddable":true,"href":"https:\/\/www.intoscana.it\/it\/wp-json\/wp\/v2\/media\/357812"}],"wp:attachment":[{"href":"https:\/\/www.intoscana.it\/it\/wp-json\/wp\/v2\/media?parent=357806"}],"wp:term":[{"taxonomy":"category","embeddable":true,"href":"https:\/\/www.intoscana.it\/it\/wp-json\/wp\/v2\/categories?post=357806"},{"taxonomy":"post_tag","embeddable":true,"href":"https:\/\/www.intoscana.it\/it\/wp-json\/wp\/v2\/tags?post=357806"}],"curies":[{"name":"wp","href":"https:\/\/api.w.org\/{rel}","templated":true}]}}