{"id":357892,"date":"2024-09-25T17:19:55","date_gmt":"2024-09-25T15:19:55","guid":{"rendered":"https:\/\/www.intoscana.it\/it\/?p=357892"},"modified":"2024-09-25T17:21:13","modified_gmt":"2024-09-25T15:21:13","slug":"enologia-a-una-diplomata-del-datini-la-borsa-di-studio-essenze-di-vite","status":"publish","type":"post","link":"https:\/\/www.intoscana.it\/it\/enologia-a-una-diplomata-del-datini-la-borsa-di-studio-essenze-di-vite\/","title":{"rendered":"Enologia, a una diplomata del Datini la borsa di studio &#8220;Essenze di vite&#8221;"},"content":{"rendered":"<p>\u201c<em>Essenze di vite<\/em>\u201d \u00e8 il progetto che l\u2019associazione nazionale <strong>Donne del Vino<\/strong> ha realizzato con partner l\u2019<strong>Ais Toscana<\/strong> per promuovere il \u201c<strong>bere consapevole<\/strong>\u201d nelle giovani generazioni. Un&#8217;iniziativa che si \u00e8 concretizzata nella consegna di una <strong>borsa di studio<\/strong> al Comune di Prato.<\/p>\n<p>In questo modo si sono volute mettere in evidenza le <strong>opportunit\u00e0 di lavoro<\/strong> che offre il mondo del vino e al tempo stesso <mark>ricordare due Donne del Vino vittime di femminicidio: Donatella Briosi e Marisa Leo<\/mark>.<\/p>\n<h3>Un riconoscimento alla diplomata del Datini<\/h3>\n<p>A ricevere la borsa di studio <strong>Marisa Ponzecchi<\/strong>: la neodiplomata all\u2019Istituto Superiore ad indirizzo alberghiero e turistico Francesco Datini di Prato avr\u00e0 l\u2019opportunit\u00e0 di frequentare i tre corsi organizzati dalla delegazione di Prato di AIS Toscana per il raggiungimento del diploma di sommelier.<\/p>\n<p><strong>Marisa Ponzecchi<\/strong> e tutte le destinatarie del premio sono state selezionate fra gli <strong>studenti degli istituti<\/strong> in cui sono avvenute le lezioni sul vino del <strong>progetto D-Vino<\/strong>. I corsi hanno riguardato un istituto turistico e un istituto alberghiero di ogni regione, in Toscana il Datini di Prato e il Saffi di Firenze.<\/p>\n<p>\u201c<em>Questa premiazione \u00e8 frutto di un progetto che racchiude in s\u00e9 tante ricadute positive. Quella sociale innanzitutto,<\/em> &#8211; ha commentato la sindaca di Prato <strong>Ilaria Bugetti<\/strong> &#8211; <em>con il sostegno alle donne vittime di femminicidio; quello formativo per dare ai giovani le competenze per muovere i primi passi nel settore del vino e dell\u2019enogastronomia di cui l\u2019Italia e anche il nostro territorio \u00e8 ricchissima; quello culturale per accrescere la consapevolezza tra le nuove generazioni. Spero che l\u2019iniziativa si possa ripetere anche in futuro\u201d<\/em>.<\/p>\n<h3>Essenze di vite per una cultura del vino<\/h3>\n<p>\u201c<em>Essenze di vite<\/em>\u201d ha assegnato, a livello nazionale, <strong>sette borse di studio<\/strong> del valore di circa 2.000 euro ciascuna a <strong>sette giovani talentuose<\/strong> che avranno l\u2019opportunit\u00e0 di frequentare i corsi per diventare sommelier. Le vincitrici rappresenteranno altrettante regioni italiane, oltre alla Toscana e Marisa Ponzecchi, Friuli-Venezia Giulia e Sicilia &#8211; regioni delle due Donne del Vino assassinate &#8211; Piemonte, Emilia-Romagna, Campania e Puglia.<\/p>\n<p>Per <strong>Cinelli Colombini <\/strong>\u201c<em>la cerimonia ha un valore altamente simbolico relativamente al contrasto alla violenza di genere e soprattutto riveste un profondo significato nei confronti dei giovani destinati a professioni turistiche, perch\u00e9 intende spronarli a inserire il vino e l\u2019agroalimentare in generale nella loro formazione, considerando l\u2019enorme importanza che l\u2019enogastronomia riveste a livello soprattutto locale fungendo da attrattore di turisti e dunque creando economia sul territorio\u201d<\/em>.<\/p>\n<p>Un intento che condivide anche il presidente di AIS Toscana<strong> Cristiano Cini<\/strong>: \u201c<em>Riteniamo che il messaggio trasmesso sia estremamente significativo, ma anche perch\u00e9 crediamo che sia importante investire sempre pi\u00f9 sulle giovani generazioni per dare un segnale di apertura al futuro per la nostra professione. Eticamente, il sommelier sar\u00e0 sempre pi\u00f9 portatore di cultura e di valori perch\u00e9 conoscendo a fondo la materia sar\u00e0 possibile creare un pubblico sempre pi\u00f9 informato e consapevole<\/em>\u201d.<\/p>\n<p>Presenti all\u2019evento, anche la responsabile toscana del progetto D-Vino ed \u201c<em>Essenze di vite<\/em>\u201d <strong>Paola Rastelli<\/strong>, il Delegato per Prato di AIS Toscana <strong>Bruno Caverni<\/strong>, la dirigente scolastica dell\u2019Istituto superiore ad indirizzo alberghiero e turistico Francesco Datini di Prato <strong>Francesca Zannoni<\/strong>, nonch\u00e9 la coordinatrice del progetto \u201c<em>Essenze di vite<\/em>\u201d per l\u2019Istituto Datini <strong>Veronica Navetto<\/strong>.<\/p>\n","protected":false},"excerpt":{"rendered":"<p>L&#8217;iniziativa delle Donne del Vino con Ais Toscana per ricordare due socie vittime di femminicidio e avvicinare le ragazze al mondo enoico<\/p>\n","protected":false},"author":554,"featured_media":357894,"comment_status":"open","ping_status":"open","sticky":false,"template":"","format":"standard","meta":{"_acf_changed":false,"footnotes":""},"categories":[494],"tags":[6783,305],"class_list":["post-357892","post","type-post","status-publish","format-standard","has-post-thumbnail","hentry","category-attualita","tag-donne-del-vino","tag-vino-toscana"],"acf":[],"yoast_head":"<!-- This site is optimized with the Yoast SEO Premium plugin v24.2 (Yoast SEO v25.6) - https:\/\/yoast.com\/wordpress\/plugins\/seo\/ -->\n<title>Enologia, a una diplomata del Datini la borsa di studio &quot;Essenze di vite&quot; - intoscana<\/title>\n<meta name=\"description\" content=\"L&#039;iniziativa delle Donne del Vino con Ais Toscana per ricordare due socie vittime di femminicidio e avvicinare le ragazze al mondo enoico\" \/>\n<meta name=\"robots\" content=\"index, follow, max-snippet:-1, max-image-preview:large, max-video-preview:-1\" \/>\n<link rel=\"canonical\" href=\"https:\/\/www.intoscana.it\/it\/enologia-a-una-diplomata-del-datini-la-borsa-di-studio-essenze-di-vite\/\" \/>\n<meta property=\"og:locale\" content=\"it_IT\" \/>\n<meta property=\"og:type\" content=\"article\" \/>\n<meta property=\"og:title\" content=\"Enologia, a una diplomata del Datini la borsa di studio &quot;Essenze di vite&quot;\" \/>\n<meta property=\"og:description\" content=\"L&#039;iniziativa delle Donne del Vino con Ais Toscana per ricordare due socie vittime di femminicidio e avvicinare le ragazze al mondo enoico\" \/>\n<meta property=\"og:url\" content=\"https:\/\/www.intoscana.it\/it\/enologia-a-una-diplomata-del-datini-la-borsa-di-studio-essenze-di-vite\/\" \/>\n<meta property=\"og:site_name\" content=\"intoscana\" \/>\n<meta property=\"article:publisher\" content=\"https:\/\/www.facebook.com\/intoscana.it\" \/>\n<meta property=\"article:published_time\" content=\"2024-09-25T15:19:55+00:00\" \/>\n<meta property=\"article:modified_time\" content=\"2024-09-25T15:21:13+00:00\" \/>\n<meta property=\"og:image\" content=\"https:\/\/www.intoscana.it\/wp-content\/uploads\/unnamed-9-11.jpg\" \/>\n\t<meta property=\"og:image:width\" content=\"1600\" \/>\n\t<meta property=\"og:image:height\" content=\"1200\" \/>\n\t<meta property=\"og:image:type\" content=\"image\/jpeg\" \/>\n<meta name=\"author\" content=\"Raffaella Galamini\" \/>\n<meta name=\"twitter:card\" content=\"summary_large_image\" \/>\n<meta name=\"twitter:creator\" content=\"@orio\" \/>\n<meta name=\"twitter:site\" content=\"@intoscana\" \/>\n<meta name=\"twitter:label1\" content=\"Written by\" \/>\n\t<meta name=\"twitter:data1\" content=\"Raffaella Galamini\" \/>\n\t<meta name=\"twitter:label2\" content=\"Est. reading time\" \/>\n\t<meta name=\"twitter:data2\" content=\"3 minuti\" \/>\n<script type=\"application\/ld+json\" class=\"yoast-schema-graph\">{\"@context\":\"https:\/\/schema.org\",\"@graph\":[{\"@type\":\"WebPage\",\"@id\":\"https:\/\/www.intoscana.it\/it\/enologia-a-una-diplomata-del-datini-la-borsa-di-studio-essenze-di-vite\/\",\"url\":\"https:\/\/www.intoscana.it\/it\/enologia-a-una-diplomata-del-datini-la-borsa-di-studio-essenze-di-vite\/\",\"name\":\"Enologia, a una diplomata del Datini la borsa di studio \\\"Essenze di vite\\\" - intoscana\",\"isPartOf\":{\"@id\":\"https:\/\/www.intoscana.it\/it\/#website\"},\"primaryImageOfPage\":{\"@id\":\"https:\/\/www.intoscana.it\/it\/enologia-a-una-diplomata-del-datini-la-borsa-di-studio-essenze-di-vite\/#primaryimage\"},\"image\":{\"@id\":\"https:\/\/www.intoscana.it\/it\/enologia-a-una-diplomata-del-datini-la-borsa-di-studio-essenze-di-vite\/#primaryimage\"},\"thumbnailUrl\":\"https:\/\/www.intoscana.it\/wp-content\/uploads\/unnamed-9-11.jpg\",\"datePublished\":\"2024-09-25T15:19:55+00:00\",\"dateModified\":\"2024-09-25T15:21:13+00:00\",\"author\":{\"@id\":\"https:\/\/www.intoscana.it\/it\/#\/schema\/person\/9eb9daa846a49fe51af39a73d9d1986b\"},\"description\":\"L'iniziativa delle Donne del Vino con Ais Toscana per ricordare due socie vittime di femminicidio e avvicinare le ragazze al mondo enoico\",\"breadcrumb\":{\"@id\":\"https:\/\/www.intoscana.it\/it\/enologia-a-una-diplomata-del-datini-la-borsa-di-studio-essenze-di-vite\/#breadcrumb\"},\"inLanguage\":\"it-IT\",\"potentialAction\":[{\"@type\":\"ReadAction\",\"target\":[\"https:\/\/www.intoscana.it\/it\/enologia-a-una-diplomata-del-datini-la-borsa-di-studio-essenze-di-vite\/\"]}]},{\"@type\":\"ImageObject\",\"inLanguage\":\"it-IT\",\"@id\":\"https:\/\/www.intoscana.it\/it\/enologia-a-una-diplomata-del-datini-la-borsa-di-studio-essenze-di-vite\/#primaryimage\",\"url\":\"https:\/\/www.intoscana.it\/wp-content\/uploads\/unnamed-9-11.jpg\",\"contentUrl\":\"https:\/\/www.intoscana.it\/wp-content\/uploads\/unnamed-9-11.jpg\",\"width\":1600,\"height\":1200},{\"@type\":\"BreadcrumbList\",\"@id\":\"https:\/\/www.intoscana.it\/it\/enologia-a-una-diplomata-del-datini-la-borsa-di-studio-essenze-di-vite\/#breadcrumb\",\"itemListElement\":[{\"@type\":\"ListItem\",\"position\":1,\"name\":\"Home\",\"item\":\"https:\/\/www.intoscana.it\/it\/\"},{\"@type\":\"ListItem\",\"position\":2,\"name\":\"Enologia, a una diplomata del Datini la borsa di studio &#8220;Essenze di vite&#8221;\"}]},{\"@type\":\"WebSite\",\"@id\":\"https:\/\/www.intoscana.it\/it\/#website\",\"url\":\"https:\/\/www.intoscana.it\/it\/\",\"name\":\"intoscana\",\"description\":\"\",\"potentialAction\":[{\"@type\":\"SearchAction\",\"target\":{\"@type\":\"EntryPoint\",\"urlTemplate\":\"https:\/\/www.intoscana.it\/it\/?s={search_term_string}\"},\"query-input\":{\"@type\":\"PropertyValueSpecification\",\"valueRequired\":true,\"valueName\":\"search_term_string\"}}],\"inLanguage\":\"it-IT\"},{\"@type\":\"Person\",\"@id\":\"https:\/\/www.intoscana.it\/it\/#\/schema\/person\/9eb9daa846a49fe51af39a73d9d1986b\",\"name\":\"Raffaella Galamini\",\"sameAs\":[\"https:\/\/x.com\/orio\"],\"url\":\"https:\/\/www.intoscana.it\/it\/author\/r-galamini\/\"}]}<\/script>\n<!-- \/ Yoast SEO Premium plugin. -->","yoast_head_json":{"title":"Enologia, a una diplomata del Datini la borsa di studio \"Essenze di vite\" - intoscana","description":"L'iniziativa delle Donne del Vino con Ais Toscana per ricordare due socie vittime di femminicidio e avvicinare le ragazze al mondo enoico","robots":{"index":"index","follow":"follow","max-snippet":"max-snippet:-1","max-image-preview":"max-image-preview:large","max-video-preview":"max-video-preview:-1"},"canonical":"https:\/\/www.intoscana.it\/it\/enologia-a-una-diplomata-del-datini-la-borsa-di-studio-essenze-di-vite\/","og_locale":"it_IT","og_type":"article","og_title":"Enologia, a una diplomata del Datini la borsa di studio \"Essenze di vite\"","og_description":"L'iniziativa delle Donne del Vino con Ais Toscana per ricordare due socie vittime di femminicidio e avvicinare le ragazze al mondo enoico","og_url":"https:\/\/www.intoscana.it\/it\/enologia-a-una-diplomata-del-datini-la-borsa-di-studio-essenze-di-vite\/","og_site_name":"intoscana","article_publisher":"https:\/\/www.facebook.com\/intoscana.it","article_published_time":"2024-09-25T15:19:55+00:00","article_modified_time":"2024-09-25T15:21:13+00:00","og_image":[{"width":1600,"height":1200,"url":"https:\/\/www.intoscana.it\/wp-content\/uploads\/unnamed-9-11.jpg","type":"image\/jpeg"}],"author":"Raffaella Galamini","twitter_card":"summary_large_image","twitter_creator":"@orio","twitter_site":"@intoscana","twitter_misc":{"Written by":"Raffaella Galamini","Est. reading time":"3 minuti"},"schema":{"@context":"https:\/\/schema.org","@graph":[{"@type":"WebPage","@id":"https:\/\/www.intoscana.it\/it\/enologia-a-una-diplomata-del-datini-la-borsa-di-studio-essenze-di-vite\/","url":"https:\/\/www.intoscana.it\/it\/enologia-a-una-diplomata-del-datini-la-borsa-di-studio-essenze-di-vite\/","name":"Enologia, a una diplomata del Datini la borsa di studio \"Essenze di vite\" - intoscana","isPartOf":{"@id":"https:\/\/www.intoscana.it\/it\/#website"},"primaryImageOfPage":{"@id":"https:\/\/www.intoscana.it\/it\/enologia-a-una-diplomata-del-datini-la-borsa-di-studio-essenze-di-vite\/#primaryimage"},"image":{"@id":"https:\/\/www.intoscana.it\/it\/enologia-a-una-diplomata-del-datini-la-borsa-di-studio-essenze-di-vite\/#primaryimage"},"thumbnailUrl":"https:\/\/www.intoscana.it\/wp-content\/uploads\/unnamed-9-11.jpg","datePublished":"2024-09-25T15:19:55+00:00","dateModified":"2024-09-25T15:21:13+00:00","author":{"@id":"https:\/\/www.intoscana.it\/it\/#\/schema\/person\/9eb9daa846a49fe51af39a73d9d1986b"},"description":"L'iniziativa delle Donne del Vino con Ais Toscana per ricordare due socie vittime di femminicidio e avvicinare le ragazze al mondo enoico","breadcrumb":{"@id":"https:\/\/www.intoscana.it\/it\/enologia-a-una-diplomata-del-datini-la-borsa-di-studio-essenze-di-vite\/#breadcrumb"},"inLanguage":"it-IT","potentialAction":[{"@type":"ReadAction","target":["https:\/\/www.intoscana.it\/it\/enologia-a-una-diplomata-del-datini-la-borsa-di-studio-essenze-di-vite\/"]}]},{"@type":"ImageObject","inLanguage":"it-IT","@id":"https:\/\/www.intoscana.it\/it\/enologia-a-una-diplomata-del-datini-la-borsa-di-studio-essenze-di-vite\/#primaryimage","url":"https:\/\/www.intoscana.it\/wp-content\/uploads\/unnamed-9-11.jpg","contentUrl":"https:\/\/www.intoscana.it\/wp-content\/uploads\/unnamed-9-11.jpg","width":1600,"height":1200},{"@type":"BreadcrumbList","@id":"https:\/\/www.intoscana.it\/it\/enologia-a-una-diplomata-del-datini-la-borsa-di-studio-essenze-di-vite\/#breadcrumb","itemListElement":[{"@type":"ListItem","position":1,"name":"Home","item":"https:\/\/www.intoscana.it\/it\/"},{"@type":"ListItem","position":2,"name":"Enologia, a una diplomata del Datini la borsa di studio &#8220;Essenze di vite&#8221;"}]},{"@type":"WebSite","@id":"https:\/\/www.intoscana.it\/it\/#website","url":"https:\/\/www.intoscana.it\/it\/","name":"intoscana","description":"","potentialAction":[{"@type":"SearchAction","target":{"@type":"EntryPoint","urlTemplate":"https:\/\/www.intoscana.it\/it\/?s={search_term_string}"},"query-input":{"@type":"PropertyValueSpecification","valueRequired":true,"valueName":"search_term_string"}}],"inLanguage":"it-IT"},{"@type":"Person","@id":"https:\/\/www.intoscana.it\/it\/#\/schema\/person\/9eb9daa846a49fe51af39a73d9d1986b","name":"Raffaella Galamini","sameAs":["https:\/\/x.com\/orio"],"url":"https:\/\/www.intoscana.it\/it\/author\/r-galamini\/"}]}},"_links":{"self":[{"href":"https:\/\/www.intoscana.it\/it\/wp-json\/wp\/v2\/posts\/357892","targetHints":{"allow":["GET"]}}],"collection":[{"href":"https:\/\/www.intoscana.it\/it\/wp-json\/wp\/v2\/posts"}],"about":[{"href":"https:\/\/www.intoscana.it\/it\/wp-json\/wp\/v2\/types\/post"}],"author":[{"embeddable":true,"href":"https:\/\/www.intoscana.it\/it\/wp-json\/wp\/v2\/users\/554"}],"replies":[{"embeddable":true,"href":"https:\/\/www.intoscana.it\/it\/wp-json\/wp\/v2\/comments?post=357892"}],"version-history":[{"count":6,"href":"https:\/\/www.intoscana.it\/it\/wp-json\/wp\/v2\/posts\/357892\/revisions"}],"predecessor-version":[{"id":357899,"href":"https:\/\/www.intoscana.it\/it\/wp-json\/wp\/v2\/posts\/357892\/revisions\/357899"}],"wp:featuredmedia":[{"embeddable":true,"href":"https:\/\/www.intoscana.it\/it\/wp-json\/wp\/v2\/media\/357894"}],"wp:attachment":[{"href":"https:\/\/www.intoscana.it\/it\/wp-json\/wp\/v2\/media?parent=357892"}],"wp:term":[{"taxonomy":"category","embeddable":true,"href":"https:\/\/www.intoscana.it\/it\/wp-json\/wp\/v2\/categories?post=357892"},{"taxonomy":"post_tag","embeddable":true,"href":"https:\/\/www.intoscana.it\/it\/wp-json\/wp\/v2\/tags?post=357892"}],"curies":[{"name":"wp","href":"https:\/\/api.w.org\/{rel}","templated":true}]}}