{"id":357965,"date":"2024-09-26T14:21:10","date_gmt":"2024-09-26T12:21:10","guid":{"rendered":"https:\/\/www.intoscana.it\/it\/?p=357965"},"modified":"2024-09-26T14:24:54","modified_gmt":"2024-09-26T12:24:54","slug":"arriva-a-montespertoli-lo-sportello-di-arti-per-i-servizi-per-limpiego","status":"publish","type":"post","link":"https:\/\/www.intoscana.it\/it\/arriva-a-montespertoli-lo-sportello-di-arti-per-i-servizi-per-limpiego\/","title":{"rendered":"Arriva a Montespertoli lo sportello di Arti per i servizi per l&#8217;impiego"},"content":{"rendered":"<p><strong>Gioved\u00ec 26 settembre<\/strong> a Montespertoli l\u2019assessora al lavoro e alla formazione professionale <strong>Alessandra Nardini e il sindaco Alessio Mugnaini<\/strong> hanno inaugurato il nuovo<strong> sportello di Arti.<\/strong><\/p>\n<p>Il nuovo servizio territoriale dell\u2019<strong>Agenzia regionale Toscana per l\u2019impiego<\/strong> ha sede all\u2019interno del Ciaf di Montespertoli in via Sonnino 13, e sar\u00e0 in funzione <strong>il 2\u00b0 e il 4\u00b0 venerd\u00ec del mese dalle 9 alle 13.<\/strong><\/p>\n<p>Lo sportello offrir\u00e0 servizi per cittadine, cittadini e imprese: accoglienza e informazione sui servizi del Cpi<strong>, iscrizioni allo stato di disoccupazione e al collocamento mirato ex lege 68\/99<\/strong>, percorsi di <strong>orientamento individualizzato, incrocio domanda-offerta<\/strong> di lavoro.<\/p>\n<p>Faciliter\u00e0 la collaborazione con l\u2019Amministrazione ospitante su determinati progetti e target di utenti, dai <strong>giovani NEET, alle donne vittime di violenza, a utenti con necessit\u00e0 di presa in carico integrata<\/strong> con i servizi sociali territoriali.<\/p>\n<p>Andr\u00e0 ad affiancare i <strong>due Centri per l\u2019Impiego di Empoli<\/strong> (a cui lo sportello afferisce) e <strong>Castelfiorentino<\/strong> e il Servizio Territoriale di <strong>Fucecchio che copre Cerreto Guidi e Fucecchio.<\/strong><\/p>\n<p>Il nuovo punto di accesso di Montespertoli rientra nell\u2019ambito della strategia di rafforzamento della rete dei servizi pubblici per l&#8217;impiego realizzata anche grazie a<strong> Gol (Garanzia occupabilit\u00e0 lavoratori)<\/strong>, il programma di riforma delle politiche attive del lavoro finanziato dal <strong>Pnrr.<\/strong><\/p>\n<p>In occasione dell\u2019apertura dello sportello ha fatto giungere <strong>il proprio plauso il presidente Eugenio Giani<\/strong>: \u201c<em>Il nostro piano di rafforzamento dei servizi per l\u2019impiego prosegue con determinazione. Il lavoro \u00e8 al centro dell\u2019azione del governo regionale, \u00e8 un tema particolarmente delicato soprattutto in questa complessa fase economica\u201d.<\/em><\/p>\n<p><em>\u201cL&#8217;obiettivo di Regione Toscana \u00e8 quello di rendere sempre pi\u00f9 capillare e diffusa la possibilit\u00e0 di accesso alle politiche attive del lavoro per cittadine, cittadini e imprese\u201d, <\/em><strong>ha affermato l\u2019assessora Nardini.<\/strong><em> \u201cUn impegno che riteniamo particolarmente importante alla luce della delicata fase socio-economica che stiamo vivendo\u201d, ha sottolineato, aggiungendo: \u201cuna fase, per\u00f2, anche ricca di straordinarie opportunit\u00e0 sul fronte delle risorse e degli strumenti a disposizione: penso appunto al gi\u00e0 menzionato programma di riforma delle politiche attive del lavoro Gol, finanziato con il Pnrr, al Nuovo Patto per il Lavoro concertato con le parti sociali, agli avvisi per percorsi di formazione che stiamo finanziando e potremo finanziare grazie alle risorse del Fondo Sociale Europeo 2021-2027. Opportunit\u00e0 che dobbiamo cogliere al meglio per superare il mismatch, il disallineamento tra domanda e offerta, affrontare le grandi sfide che abbiamo di fronte, mi riferisco soprattutto alle transizioni ecologica e digitale, salvaguardare l&#8217;occupazione e promuovere la creazione di nuovi posti lavoro. Ringrazio il sindaco e l&#8217;Amministrazione comunale per aver favorito l&#8217;apertura di questo sportello decentrato\u201d.<\/em><\/p>\n<p><em>\u201cAprire un nuovo servizio sul territorio \u00e8 sempre una grande soddisfazione per tutta la nostra comunit\u00e0 \u2013 <\/em><strong>ha commentato il sindaco Alessio Mugnaini<\/strong><em>. &#8211; Inauguriamo lo sportello del centro per l&#8217;impiego, un servizio che va a completare l&#8217;offerta gi\u00e0 presente presso il Ciaf, il nostro centro infanzia adolescenza e famiglia. Questo nuovo servizio gratuito nasce con un obiettivo chiaro: facilitare l&#8217;incontro tra chi cerca lavoro e chi offre lavoro. L&#8217;obiettivo \u00e8 creare un ponte solido tra le esigenze delle nostre imprese e le aspirazioni dei nostri cittadini, favorendo cos\u00ec lo sviluppo economico del nostro territorio. Con i servizi offerti da questo sportello, come l&#8217;orientamento al lavoro, la formazione professionale e il supporto nella ricerca attiva di un&#8217;occupazione, potremo ridurre il disallineamento tra domanda e offerta di lavoro. Grazie alla collaborazione con Regione e Agenzia regionale toscana per l&#8217;impiego riaffermiamo il principio che investire nelle persone e nelle loro competenze sia la chiave per costruire un futuro migliore per la nostra comunit\u00e0&#8221;.<\/em><\/p>\n<p>&nbsp;<\/p>\n","protected":false},"excerpt":{"rendered":"<p>Il nuovo servizio territoriale ha sede all\u2019interno del Ciaf di Montespertoli in via Sonnino 13, e sar\u00e0 in funzione il 2\u00b0 e il 4\u00b0 venerd\u00ec del mese dalle 9 alle 13, a partire dal 27 settembre<\/p>\n","protected":false},"author":525,"featured_media":357968,"comment_status":"open","ping_status":"open","sticky":false,"template":"","format":"standard","meta":{"_acf_changed":false,"footnotes":""},"categories":[494],"tags":[260,6296,151],"class_list":["post-357965","post","type-post","status-publish","format-standard","has-post-thumbnail","hentry","category-attualita","tag-lavoro","tag-pnrr","tag-regione-toscana"],"acf":[],"yoast_head":"<!-- This site is optimized with the Yoast SEO Premium plugin v24.2 (Yoast SEO v25.6) - https:\/\/yoast.com\/wordpress\/plugins\/seo\/ -->\n<title>Arriva a Montespertoli lo sportello di Arti per i servizi per l&#039;impiego - intoscana<\/title>\n<meta name=\"description\" content=\"Il nuovo servizio territoriale ha sede all\u2019interno del Ciaf di Montespertoli in via Sonnino 13, e sar\u00e0 in funzione il 2\u00b0 e il 4\u00b0 venerd\u00ec\" \/>\n<meta name=\"robots\" content=\"index, follow, max-snippet:-1, max-image-preview:large, max-video-preview:-1\" \/>\n<link rel=\"canonical\" href=\"https:\/\/www.intoscana.it\/it\/arriva-a-montespertoli-lo-sportello-di-arti-per-i-servizi-per-limpiego\/\" \/>\n<meta property=\"og:locale\" content=\"it_IT\" \/>\n<meta property=\"og:type\" content=\"article\" \/>\n<meta property=\"og:title\" content=\"Arriva a Montespertoli lo sportello di Arti per i servizi per l&#039;impiego\" \/>\n<meta property=\"og:description\" content=\"Il nuovo servizio territoriale ha sede all\u2019interno del Ciaf di Montespertoli in via Sonnino 13, e sar\u00e0 in funzione il 2\u00b0 e il 4\u00b0 venerd\u00ec\" \/>\n<meta property=\"og:url\" content=\"https:\/\/www.intoscana.it\/it\/arriva-a-montespertoli-lo-sportello-di-arti-per-i-servizi-per-limpiego\/\" \/>\n<meta property=\"og:site_name\" content=\"intoscana\" \/>\n<meta property=\"article:publisher\" content=\"https:\/\/www.facebook.com\/intoscana.it\" \/>\n<meta property=\"article:published_time\" content=\"2024-09-26T12:21:10+00:00\" \/>\n<meta property=\"article:modified_time\" content=\"2024-09-26T12:24:54+00:00\" \/>\n<meta property=\"og:image\" content=\"https:\/\/www.intoscana.it\/wp-content\/uploads\/sportello-Arti-Montespertoli-settembre-2024-1.jpg\" \/>\n\t<meta property=\"og:image:width\" content=\"900\" \/>\n\t<meta property=\"og:image:height\" content=\"794\" \/>\n\t<meta property=\"og:image:type\" content=\"image\/jpeg\" \/>\n<meta name=\"author\" content=\"Redazione\" \/>\n<meta name=\"twitter:card\" content=\"summary_large_image\" \/>\n<meta name=\"twitter:creator\" content=\"@intoscana\" \/>\n<meta name=\"twitter:site\" content=\"@intoscana\" \/>\n<meta name=\"twitter:label1\" content=\"Written by\" \/>\n\t<meta name=\"twitter:data1\" content=\"Redazione\" \/>\n\t<meta name=\"twitter:label2\" content=\"Est. reading time\" \/>\n\t<meta name=\"twitter:data2\" content=\"4 minuti\" \/>\n<script type=\"application\/ld+json\" class=\"yoast-schema-graph\">{\"@context\":\"https:\/\/schema.org\",\"@graph\":[{\"@type\":\"WebPage\",\"@id\":\"https:\/\/www.intoscana.it\/it\/arriva-a-montespertoli-lo-sportello-di-arti-per-i-servizi-per-limpiego\/\",\"url\":\"https:\/\/www.intoscana.it\/it\/arriva-a-montespertoli-lo-sportello-di-arti-per-i-servizi-per-limpiego\/\",\"name\":\"Arriva a Montespertoli lo sportello di Arti per i servizi per l'impiego - intoscana\",\"isPartOf\":{\"@id\":\"https:\/\/www.intoscana.it\/it\/#website\"},\"primaryImageOfPage\":{\"@id\":\"https:\/\/www.intoscana.it\/it\/arriva-a-montespertoli-lo-sportello-di-arti-per-i-servizi-per-limpiego\/#primaryimage\"},\"image\":{\"@id\":\"https:\/\/www.intoscana.it\/it\/arriva-a-montespertoli-lo-sportello-di-arti-per-i-servizi-per-limpiego\/#primaryimage\"},\"thumbnailUrl\":\"https:\/\/www.intoscana.it\/wp-content\/uploads\/sportello-Arti-Montespertoli-settembre-2024-1.jpg\",\"datePublished\":\"2024-09-26T12:21:10+00:00\",\"dateModified\":\"2024-09-26T12:24:54+00:00\",\"author\":{\"@id\":\"https:\/\/www.intoscana.it\/it\/#\/schema\/person\/9223810753230f20bd670fdd322661f8\"},\"description\":\"Il nuovo servizio territoriale ha sede all\u2019interno del Ciaf di Montespertoli in via Sonnino 13, e sar\u00e0 in funzione il 2\u00b0 e il 4\u00b0 venerd\u00ec\",\"breadcrumb\":{\"@id\":\"https:\/\/www.intoscana.it\/it\/arriva-a-montespertoli-lo-sportello-di-arti-per-i-servizi-per-limpiego\/#breadcrumb\"},\"inLanguage\":\"it-IT\",\"potentialAction\":[{\"@type\":\"ReadAction\",\"target\":[\"https:\/\/www.intoscana.it\/it\/arriva-a-montespertoli-lo-sportello-di-arti-per-i-servizi-per-limpiego\/\"]}]},{\"@type\":\"ImageObject\",\"inLanguage\":\"it-IT\",\"@id\":\"https:\/\/www.intoscana.it\/it\/arriva-a-montespertoli-lo-sportello-di-arti-per-i-servizi-per-limpiego\/#primaryimage\",\"url\":\"https:\/\/www.intoscana.it\/wp-content\/uploads\/sportello-Arti-Montespertoli-settembre-2024-1.jpg\",\"contentUrl\":\"https:\/\/www.intoscana.it\/wp-content\/uploads\/sportello-Arti-Montespertoli-settembre-2024-1.jpg\",\"width\":900,\"height\":794},{\"@type\":\"BreadcrumbList\",\"@id\":\"https:\/\/www.intoscana.it\/it\/arriva-a-montespertoli-lo-sportello-di-arti-per-i-servizi-per-limpiego\/#breadcrumb\",\"itemListElement\":[{\"@type\":\"ListItem\",\"position\":1,\"name\":\"Home\",\"item\":\"https:\/\/www.intoscana.it\/it\/\"},{\"@type\":\"ListItem\",\"position\":2,\"name\":\"Arriva a Montespertoli lo sportello di Arti per i servizi per l&#8217;impiego\"}]},{\"@type\":\"WebSite\",\"@id\":\"https:\/\/www.intoscana.it\/it\/#website\",\"url\":\"https:\/\/www.intoscana.it\/it\/\",\"name\":\"intoscana\",\"description\":\"\",\"potentialAction\":[{\"@type\":\"SearchAction\",\"target\":{\"@type\":\"EntryPoint\",\"urlTemplate\":\"https:\/\/www.intoscana.it\/it\/?s={search_term_string}\"},\"query-input\":{\"@type\":\"PropertyValueSpecification\",\"valueRequired\":true,\"valueName\":\"search_term_string\"}}],\"inLanguage\":\"it-IT\"},{\"@type\":\"Person\",\"@id\":\"https:\/\/www.intoscana.it\/it\/#\/schema\/person\/9223810753230f20bd670fdd322661f8\",\"name\":\"Redazione\",\"url\":\"https:\/\/www.intoscana.it\/it\/author\/redazione\/\"}]}<\/script>\n<!-- \/ Yoast SEO Premium plugin. -->","yoast_head_json":{"title":"Arriva a Montespertoli lo sportello di Arti per i servizi per l'impiego - intoscana","description":"Il nuovo servizio territoriale ha sede all\u2019interno del Ciaf di Montespertoli in via Sonnino 13, e sar\u00e0 in funzione il 2\u00b0 e il 4\u00b0 venerd\u00ec","robots":{"index":"index","follow":"follow","max-snippet":"max-snippet:-1","max-image-preview":"max-image-preview:large","max-video-preview":"max-video-preview:-1"},"canonical":"https:\/\/www.intoscana.it\/it\/arriva-a-montespertoli-lo-sportello-di-arti-per-i-servizi-per-limpiego\/","og_locale":"it_IT","og_type":"article","og_title":"Arriva a Montespertoli lo sportello di Arti per i servizi per l'impiego","og_description":"Il nuovo servizio territoriale ha sede all\u2019interno del Ciaf di Montespertoli in via Sonnino 13, e sar\u00e0 in funzione il 2\u00b0 e il 4\u00b0 venerd\u00ec","og_url":"https:\/\/www.intoscana.it\/it\/arriva-a-montespertoli-lo-sportello-di-arti-per-i-servizi-per-limpiego\/","og_site_name":"intoscana","article_publisher":"https:\/\/www.facebook.com\/intoscana.it","article_published_time":"2024-09-26T12:21:10+00:00","article_modified_time":"2024-09-26T12:24:54+00:00","og_image":[{"width":900,"height":794,"url":"https:\/\/www.intoscana.it\/wp-content\/uploads\/sportello-Arti-Montespertoli-settembre-2024-1.jpg","type":"image\/jpeg"}],"author":"Redazione","twitter_card":"summary_large_image","twitter_creator":"@intoscana","twitter_site":"@intoscana","twitter_misc":{"Written by":"Redazione","Est. reading time":"4 minuti"},"schema":{"@context":"https:\/\/schema.org","@graph":[{"@type":"WebPage","@id":"https:\/\/www.intoscana.it\/it\/arriva-a-montespertoli-lo-sportello-di-arti-per-i-servizi-per-limpiego\/","url":"https:\/\/www.intoscana.it\/it\/arriva-a-montespertoli-lo-sportello-di-arti-per-i-servizi-per-limpiego\/","name":"Arriva a Montespertoli lo sportello di Arti per i servizi per l'impiego - intoscana","isPartOf":{"@id":"https:\/\/www.intoscana.it\/it\/#website"},"primaryImageOfPage":{"@id":"https:\/\/www.intoscana.it\/it\/arriva-a-montespertoli-lo-sportello-di-arti-per-i-servizi-per-limpiego\/#primaryimage"},"image":{"@id":"https:\/\/www.intoscana.it\/it\/arriva-a-montespertoli-lo-sportello-di-arti-per-i-servizi-per-limpiego\/#primaryimage"},"thumbnailUrl":"https:\/\/www.intoscana.it\/wp-content\/uploads\/sportello-Arti-Montespertoli-settembre-2024-1.jpg","datePublished":"2024-09-26T12:21:10+00:00","dateModified":"2024-09-26T12:24:54+00:00","author":{"@id":"https:\/\/www.intoscana.it\/it\/#\/schema\/person\/9223810753230f20bd670fdd322661f8"},"description":"Il nuovo servizio territoriale ha sede all\u2019interno del Ciaf di Montespertoli in via Sonnino 13, e sar\u00e0 in funzione il 2\u00b0 e il 4\u00b0 venerd\u00ec","breadcrumb":{"@id":"https:\/\/www.intoscana.it\/it\/arriva-a-montespertoli-lo-sportello-di-arti-per-i-servizi-per-limpiego\/#breadcrumb"},"inLanguage":"it-IT","potentialAction":[{"@type":"ReadAction","target":["https:\/\/www.intoscana.it\/it\/arriva-a-montespertoli-lo-sportello-di-arti-per-i-servizi-per-limpiego\/"]}]},{"@type":"ImageObject","inLanguage":"it-IT","@id":"https:\/\/www.intoscana.it\/it\/arriva-a-montespertoli-lo-sportello-di-arti-per-i-servizi-per-limpiego\/#primaryimage","url":"https:\/\/www.intoscana.it\/wp-content\/uploads\/sportello-Arti-Montespertoli-settembre-2024-1.jpg","contentUrl":"https:\/\/www.intoscana.it\/wp-content\/uploads\/sportello-Arti-Montespertoli-settembre-2024-1.jpg","width":900,"height":794},{"@type":"BreadcrumbList","@id":"https:\/\/www.intoscana.it\/it\/arriva-a-montespertoli-lo-sportello-di-arti-per-i-servizi-per-limpiego\/#breadcrumb","itemListElement":[{"@type":"ListItem","position":1,"name":"Home","item":"https:\/\/www.intoscana.it\/it\/"},{"@type":"ListItem","position":2,"name":"Arriva a Montespertoli lo sportello di Arti per i servizi per l&#8217;impiego"}]},{"@type":"WebSite","@id":"https:\/\/www.intoscana.it\/it\/#website","url":"https:\/\/www.intoscana.it\/it\/","name":"intoscana","description":"","potentialAction":[{"@type":"SearchAction","target":{"@type":"EntryPoint","urlTemplate":"https:\/\/www.intoscana.it\/it\/?s={search_term_string}"},"query-input":{"@type":"PropertyValueSpecification","valueRequired":true,"valueName":"search_term_string"}}],"inLanguage":"it-IT"},{"@type":"Person","@id":"https:\/\/www.intoscana.it\/it\/#\/schema\/person\/9223810753230f20bd670fdd322661f8","name":"Redazione","url":"https:\/\/www.intoscana.it\/it\/author\/redazione\/"}]}},"_links":{"self":[{"href":"https:\/\/www.intoscana.it\/it\/wp-json\/wp\/v2\/posts\/357965","targetHints":{"allow":["GET"]}}],"collection":[{"href":"https:\/\/www.intoscana.it\/it\/wp-json\/wp\/v2\/posts"}],"about":[{"href":"https:\/\/www.intoscana.it\/it\/wp-json\/wp\/v2\/types\/post"}],"author":[{"embeddable":true,"href":"https:\/\/www.intoscana.it\/it\/wp-json\/wp\/v2\/users\/525"}],"replies":[{"embeddable":true,"href":"https:\/\/www.intoscana.it\/it\/wp-json\/wp\/v2\/comments?post=357965"}],"version-history":[{"count":8,"href":"https:\/\/www.intoscana.it\/it\/wp-json\/wp\/v2\/posts\/357965\/revisions"}],"predecessor-version":[{"id":357978,"href":"https:\/\/www.intoscana.it\/it\/wp-json\/wp\/v2\/posts\/357965\/revisions\/357978"}],"wp:featuredmedia":[{"embeddable":true,"href":"https:\/\/www.intoscana.it\/it\/wp-json\/wp\/v2\/media\/357968"}],"wp:attachment":[{"href":"https:\/\/www.intoscana.it\/it\/wp-json\/wp\/v2\/media?parent=357965"}],"wp:term":[{"taxonomy":"category","embeddable":true,"href":"https:\/\/www.intoscana.it\/it\/wp-json\/wp\/v2\/categories?post=357965"},{"taxonomy":"post_tag","embeddable":true,"href":"https:\/\/www.intoscana.it\/it\/wp-json\/wp\/v2\/tags?post=357965"}],"curies":[{"name":"wp","href":"https:\/\/api.w.org\/{rel}","templated":true}]}}