{"id":357971,"date":"2024-09-26T14:45:17","date_gmt":"2024-09-26T12:45:17","guid":{"rendered":"https:\/\/www.intoscana.it\/it\/?p=357971"},"modified":"2024-09-26T14:45:17","modified_gmt":"2024-09-26T12:45:17","slug":"lassessora-monni-ha-inaugurato-la-nuova-sede-operativa-del-consorzio-di-bonifica-a-ponte-darbia","status":"publish","type":"post","link":"https:\/\/www.intoscana.it\/it\/lassessora-monni-ha-inaugurato-la-nuova-sede-operativa-del-consorzio-di-bonifica-a-ponte-darbia\/","title":{"rendered":"L&#8217;assessora Monni ha inaugurato la nuova sede operativa del Consorzio di bonifica a Ponte d&#8217;Arbia"},"content":{"rendered":"<p><strong>Gioved\u00ec 26 settembre<\/strong> \u00e8 stata inagurata a <strong>Ponte d&#8217;Arbia<\/strong> una nuova sede operativa per il <strong>Consorzio di Bonifica 6 Toscana Sud<\/strong>, con una base logistica importante per i lavori e i servizi al cittadino in provincia di Siena.<\/p>\n<p>L\u2019intervento per cui sono stati investiti <strong>600mila euro<\/strong>, ha permesso la realizzazione di <strong>un rimessaggio per la sosta dei mezzi utilizzati per i lavori,<\/strong> di <strong>uno spogliatoio<\/strong> per gli operai, di <strong>un ufficio territoriale<\/strong> con sportello catasto, di <strong>un ufficio manutenzioni e progettazioni,<\/strong> e una sala riunioni.<\/p>\n<p>Al piano terra si trova <strong>lo sportello per gli utenti,<\/strong> che potranno quindi rivolgersi a questa sede in caso di necessit\u00e0<strong> senza doversi spostare a Siena.<\/strong><\/p>\n<p>A separare gli uffici dalla zona operativa un corridoio che porta in <strong>uno spazio adiacente alla rimessa mezzi, destinato a deposito<\/strong>.<\/p>\n<p>Il primo piano, invece, ospita<strong> attivit\u00e0 interne al consorzio<\/strong> con il blocco destinato agli operai sul lato sinistro, un ufficio in posizione centrale e una sala riunioni nel lato destro.<\/p>\n<p><strong>Sul retro un\u2019area scoperta destinata alla sosta dei mezzi operativi<\/strong> che lavoreranno nell\u2019area senese in modo da garantire una presenza costante e operativa sul territorio: Cb6, al momento, ha destinato alla sede di Ponte d\u2019Arbia <strong>un trattore, un escavatore, un decespugliatore e un pickup<\/strong> destinato alla logistica.<\/p>\n<p><em>\u201cLa nuova sede ristrutturata del Consorzio che oggi inauguriamo \u2013<\/em><strong> ha detto l\u2019assessora regionale all&#8217;ambiente e difesa del suolo Monia Monni <\/strong><em>&#8211; \u00e8 una bella notizia per il territorio senese. La nuova sede permetter\u00e0 di dare maggiori servizi, spazi pi\u00f9 adeguati ai lavoratori rafforzando cos\u00ec la presenza del Consorzio in quest\u2019area. Colgo l\u2019occasione per ringraziare il presidente Bellacchi per il grande lavoro svolto in questi anni in cui il Consorzio \u00e8 cresciuto e si \u00e8 rafforzato. Questa sede non solo \u00e8 pi\u00f9 strategica a livello logistico, ma \u00e8 un segnale positivo per il futuro, un segnale di operativit\u00e0 e impegno per la manutenzione di una parte importante della Toscana\u201d<\/em><\/p>\n<p><em>\u201cCon questa nuova sede operativa\u2013 <\/em><strong>ha spiegato il presidente di Cb6, Fabio Bellacchi<\/strong><em> \u2013 garantiamo un maggiore presidio del territorio. Perch\u00e9 andiamo a rinforzare un punto strategico con una struttura importante a servizio del nostro comprensorio e in particolare della provincia di Siena, alla quale stiamo destinando sempre maggiori risorse, con investimenti importanti che prevedono anche nuove assunzioni. La sede operativa di Ponte d\u2019Arbia \u2013 ha Bellacchi \u2013 si trova infatti lungo una direttrice fondamentale come la strada statale Cassia, a met\u00e0 tra l\u2019unit\u00e0 idrografica destra Ombrone, con Siena, la Valdarbia, la Valdimerse e il Chianti, e la Sinistra Ombrone, con Montalcino, la Valdorcia, le Crete e l\u2019Amiata. Insomma un\u2019area cruciale per i nostri interventi di manutenzione ordinaria nel Senese\u201d<\/em><\/p>\n<p><em>\u201cSiamo felici di questo nuovo presidio di sicurezza istituito nel nostro comune \u2013<\/em><strong> ha concluso Gabriele Berni, sindaco di Monteroni d\u2019Arbia \u2013<\/strong><em> viviamo in un territorio bellissimo, ma estremamente fragile, come ci insegnano gli eventi del passato. Il rischio zero non esiste, ma soltanto una presenza costante con lavori efficaci possono contribuire a ridurlo e avere una sede operativa a servizio di questa parte della provincia di Siena \u00e8 sicuramente importante\u201d<\/em><\/p>\n","protected":false},"excerpt":{"rendered":"<p>Al piano terra si trova lo sportello per gli utenti che potranno quindi rivolgersi a questa sede in caso di necessit\u00e0 senza doversi spostare a Siena<\/p>\n","protected":false},"author":525,"featured_media":357969,"comment_status":"open","ping_status":"open","sticky":false,"template":"","format":"standard","meta":{"_acf_changed":false,"footnotes":""},"categories":[494],"tags":[151],"class_list":["post-357971","post","type-post","status-publish","format-standard","has-post-thumbnail","hentry","category-attualita","tag-regione-toscana"],"acf":[],"yoast_head":"<!-- This site is optimized with the Yoast SEO Premium plugin v24.2 (Yoast SEO v25.6) - https:\/\/yoast.com\/wordpress\/plugins\/seo\/ -->\n<title>L&#039;assessora Monni ha inaugurato la nuova sede operativa del Consorzio di bonifica a Ponte d&#039;Arbia - intoscana<\/title>\n<meta name=\"description\" content=\"Al piano terra, pi\u00f9 facilmente accessibile, c\u2019\u00e8 lo sportello per gli utenti, che potranno quindi rivolgersi a questa sede\" \/>\n<meta name=\"robots\" content=\"index, follow, max-snippet:-1, max-image-preview:large, max-video-preview:-1\" \/>\n<link rel=\"canonical\" href=\"https:\/\/www.intoscana.it\/it\/lassessora-monni-ha-inaugurato-la-nuova-sede-operativa-del-consorzio-di-bonifica-a-ponte-darbia\/\" \/>\n<meta property=\"og:locale\" content=\"it_IT\" \/>\n<meta property=\"og:type\" content=\"article\" \/>\n<meta property=\"og:title\" content=\"L&#039;assessora Monni ha inaugurato la nuova sede operativa del Consorzio di bonifica a Ponte d&#039;Arbia\" \/>\n<meta property=\"og:description\" content=\"Al piano terra, pi\u00f9 facilmente accessibile, c\u2019\u00e8 lo sportello per gli utenti, che potranno quindi rivolgersi a questa sede\" \/>\n<meta property=\"og:url\" content=\"https:\/\/www.intoscana.it\/it\/lassessora-monni-ha-inaugurato-la-nuova-sede-operativa-del-consorzio-di-bonifica-a-ponte-darbia\/\" \/>\n<meta property=\"og:site_name\" content=\"intoscana\" \/>\n<meta property=\"article:publisher\" content=\"https:\/\/www.facebook.com\/intoscana.it\" \/>\n<meta property=\"article:published_time\" content=\"2024-09-26T12:45:17+00:00\" \/>\n<meta property=\"og:image\" content=\"https:\/\/www.intoscana.it\/wp-content\/uploads\/arbia-e1727352435277.jpeg\" \/>\n\t<meta property=\"og:image:width\" content=\"1200\" \/>\n\t<meta property=\"og:image:height\" content=\"736\" \/>\n\t<meta property=\"og:image:type\" content=\"image\/jpeg\" \/>\n<meta name=\"author\" content=\"Redazione\" \/>\n<meta name=\"twitter:card\" content=\"summary_large_image\" \/>\n<meta name=\"twitter:creator\" content=\"@intoscana\" \/>\n<meta name=\"twitter:site\" content=\"@intoscana\" \/>\n<meta name=\"twitter:label1\" content=\"Written by\" \/>\n\t<meta name=\"twitter:data1\" content=\"Redazione\" \/>\n\t<meta name=\"twitter:label2\" content=\"Est. reading time\" \/>\n\t<meta name=\"twitter:data2\" content=\"3 minuti\" \/>\n<script type=\"application\/ld+json\" class=\"yoast-schema-graph\">{\"@context\":\"https:\/\/schema.org\",\"@graph\":[{\"@type\":\"WebPage\",\"@id\":\"https:\/\/www.intoscana.it\/it\/lassessora-monni-ha-inaugurato-la-nuova-sede-operativa-del-consorzio-di-bonifica-a-ponte-darbia\/\",\"url\":\"https:\/\/www.intoscana.it\/it\/lassessora-monni-ha-inaugurato-la-nuova-sede-operativa-del-consorzio-di-bonifica-a-ponte-darbia\/\",\"name\":\"L'assessora Monni ha inaugurato la nuova sede operativa del Consorzio di bonifica a Ponte d'Arbia - intoscana\",\"isPartOf\":{\"@id\":\"https:\/\/www.intoscana.it\/it\/#website\"},\"primaryImageOfPage\":{\"@id\":\"https:\/\/www.intoscana.it\/it\/lassessora-monni-ha-inaugurato-la-nuova-sede-operativa-del-consorzio-di-bonifica-a-ponte-darbia\/#primaryimage\"},\"image\":{\"@id\":\"https:\/\/www.intoscana.it\/it\/lassessora-monni-ha-inaugurato-la-nuova-sede-operativa-del-consorzio-di-bonifica-a-ponte-darbia\/#primaryimage\"},\"thumbnailUrl\":\"https:\/\/www.intoscana.it\/wp-content\/uploads\/arbia-e1727352435277.jpeg\",\"datePublished\":\"2024-09-26T12:45:17+00:00\",\"author\":{\"@id\":\"https:\/\/www.intoscana.it\/it\/#\/schema\/person\/9223810753230f20bd670fdd322661f8\"},\"description\":\"Al piano terra, pi\u00f9 facilmente accessibile, c\u2019\u00e8 lo sportello per gli utenti, che potranno quindi rivolgersi a questa sede\",\"breadcrumb\":{\"@id\":\"https:\/\/www.intoscana.it\/it\/lassessora-monni-ha-inaugurato-la-nuova-sede-operativa-del-consorzio-di-bonifica-a-ponte-darbia\/#breadcrumb\"},\"inLanguage\":\"it-IT\",\"potentialAction\":[{\"@type\":\"ReadAction\",\"target\":[\"https:\/\/www.intoscana.it\/it\/lassessora-monni-ha-inaugurato-la-nuova-sede-operativa-del-consorzio-di-bonifica-a-ponte-darbia\/\"]}]},{\"@type\":\"ImageObject\",\"inLanguage\":\"it-IT\",\"@id\":\"https:\/\/www.intoscana.it\/it\/lassessora-monni-ha-inaugurato-la-nuova-sede-operativa-del-consorzio-di-bonifica-a-ponte-darbia\/#primaryimage\",\"url\":\"https:\/\/www.intoscana.it\/wp-content\/uploads\/arbia-e1727352435277.jpeg\",\"contentUrl\":\"https:\/\/www.intoscana.it\/wp-content\/uploads\/arbia-e1727352435277.jpeg\",\"width\":1200,\"height\":736},{\"@type\":\"BreadcrumbList\",\"@id\":\"https:\/\/www.intoscana.it\/it\/lassessora-monni-ha-inaugurato-la-nuova-sede-operativa-del-consorzio-di-bonifica-a-ponte-darbia\/#breadcrumb\",\"itemListElement\":[{\"@type\":\"ListItem\",\"position\":1,\"name\":\"Home\",\"item\":\"https:\/\/www.intoscana.it\/it\/\"},{\"@type\":\"ListItem\",\"position\":2,\"name\":\"L&#8217;assessora Monni ha inaugurato la nuova sede operativa del Consorzio di bonifica a Ponte d&#8217;Arbia\"}]},{\"@type\":\"WebSite\",\"@id\":\"https:\/\/www.intoscana.it\/it\/#website\",\"url\":\"https:\/\/www.intoscana.it\/it\/\",\"name\":\"intoscana\",\"description\":\"\",\"potentialAction\":[{\"@type\":\"SearchAction\",\"target\":{\"@type\":\"EntryPoint\",\"urlTemplate\":\"https:\/\/www.intoscana.it\/it\/?s={search_term_string}\"},\"query-input\":{\"@type\":\"PropertyValueSpecification\",\"valueRequired\":true,\"valueName\":\"search_term_string\"}}],\"inLanguage\":\"it-IT\"},{\"@type\":\"Person\",\"@id\":\"https:\/\/www.intoscana.it\/it\/#\/schema\/person\/9223810753230f20bd670fdd322661f8\",\"name\":\"Redazione\",\"url\":\"https:\/\/www.intoscana.it\/it\/author\/redazione\/\"}]}<\/script>\n<!-- \/ Yoast SEO Premium plugin. -->","yoast_head_json":{"title":"L'assessora Monni ha inaugurato la nuova sede operativa del Consorzio di bonifica a Ponte d'Arbia - intoscana","description":"Al piano terra, pi\u00f9 facilmente accessibile, c\u2019\u00e8 lo sportello per gli utenti, che potranno quindi rivolgersi a questa sede","robots":{"index":"index","follow":"follow","max-snippet":"max-snippet:-1","max-image-preview":"max-image-preview:large","max-video-preview":"max-video-preview:-1"},"canonical":"https:\/\/www.intoscana.it\/it\/lassessora-monni-ha-inaugurato-la-nuova-sede-operativa-del-consorzio-di-bonifica-a-ponte-darbia\/","og_locale":"it_IT","og_type":"article","og_title":"L'assessora Monni ha inaugurato la nuova sede operativa del Consorzio di bonifica a Ponte d'Arbia","og_description":"Al piano terra, pi\u00f9 facilmente accessibile, c\u2019\u00e8 lo sportello per gli utenti, che potranno quindi rivolgersi a questa sede","og_url":"https:\/\/www.intoscana.it\/it\/lassessora-monni-ha-inaugurato-la-nuova-sede-operativa-del-consorzio-di-bonifica-a-ponte-darbia\/","og_site_name":"intoscana","article_publisher":"https:\/\/www.facebook.com\/intoscana.it","article_published_time":"2024-09-26T12:45:17+00:00","og_image":[{"width":1200,"height":736,"url":"https:\/\/www.intoscana.it\/wp-content\/uploads\/arbia-e1727352435277.jpeg","type":"image\/jpeg"}],"author":"Redazione","twitter_card":"summary_large_image","twitter_creator":"@intoscana","twitter_site":"@intoscana","twitter_misc":{"Written by":"Redazione","Est. reading time":"3 minuti"},"schema":{"@context":"https:\/\/schema.org","@graph":[{"@type":"WebPage","@id":"https:\/\/www.intoscana.it\/it\/lassessora-monni-ha-inaugurato-la-nuova-sede-operativa-del-consorzio-di-bonifica-a-ponte-darbia\/","url":"https:\/\/www.intoscana.it\/it\/lassessora-monni-ha-inaugurato-la-nuova-sede-operativa-del-consorzio-di-bonifica-a-ponte-darbia\/","name":"L'assessora Monni ha inaugurato la nuova sede operativa del Consorzio di bonifica a Ponte d'Arbia - intoscana","isPartOf":{"@id":"https:\/\/www.intoscana.it\/it\/#website"},"primaryImageOfPage":{"@id":"https:\/\/www.intoscana.it\/it\/lassessora-monni-ha-inaugurato-la-nuova-sede-operativa-del-consorzio-di-bonifica-a-ponte-darbia\/#primaryimage"},"image":{"@id":"https:\/\/www.intoscana.it\/it\/lassessora-monni-ha-inaugurato-la-nuova-sede-operativa-del-consorzio-di-bonifica-a-ponte-darbia\/#primaryimage"},"thumbnailUrl":"https:\/\/www.intoscana.it\/wp-content\/uploads\/arbia-e1727352435277.jpeg","datePublished":"2024-09-26T12:45:17+00:00","author":{"@id":"https:\/\/www.intoscana.it\/it\/#\/schema\/person\/9223810753230f20bd670fdd322661f8"},"description":"Al piano terra, pi\u00f9 facilmente accessibile, c\u2019\u00e8 lo sportello per gli utenti, che potranno quindi rivolgersi a questa sede","breadcrumb":{"@id":"https:\/\/www.intoscana.it\/it\/lassessora-monni-ha-inaugurato-la-nuova-sede-operativa-del-consorzio-di-bonifica-a-ponte-darbia\/#breadcrumb"},"inLanguage":"it-IT","potentialAction":[{"@type":"ReadAction","target":["https:\/\/www.intoscana.it\/it\/lassessora-monni-ha-inaugurato-la-nuova-sede-operativa-del-consorzio-di-bonifica-a-ponte-darbia\/"]}]},{"@type":"ImageObject","inLanguage":"it-IT","@id":"https:\/\/www.intoscana.it\/it\/lassessora-monni-ha-inaugurato-la-nuova-sede-operativa-del-consorzio-di-bonifica-a-ponte-darbia\/#primaryimage","url":"https:\/\/www.intoscana.it\/wp-content\/uploads\/arbia-e1727352435277.jpeg","contentUrl":"https:\/\/www.intoscana.it\/wp-content\/uploads\/arbia-e1727352435277.jpeg","width":1200,"height":736},{"@type":"BreadcrumbList","@id":"https:\/\/www.intoscana.it\/it\/lassessora-monni-ha-inaugurato-la-nuova-sede-operativa-del-consorzio-di-bonifica-a-ponte-darbia\/#breadcrumb","itemListElement":[{"@type":"ListItem","position":1,"name":"Home","item":"https:\/\/www.intoscana.it\/it\/"},{"@type":"ListItem","position":2,"name":"L&#8217;assessora Monni ha inaugurato la nuova sede operativa del Consorzio di bonifica a Ponte d&#8217;Arbia"}]},{"@type":"WebSite","@id":"https:\/\/www.intoscana.it\/it\/#website","url":"https:\/\/www.intoscana.it\/it\/","name":"intoscana","description":"","potentialAction":[{"@type":"SearchAction","target":{"@type":"EntryPoint","urlTemplate":"https:\/\/www.intoscana.it\/it\/?s={search_term_string}"},"query-input":{"@type":"PropertyValueSpecification","valueRequired":true,"valueName":"search_term_string"}}],"inLanguage":"it-IT"},{"@type":"Person","@id":"https:\/\/www.intoscana.it\/it\/#\/schema\/person\/9223810753230f20bd670fdd322661f8","name":"Redazione","url":"https:\/\/www.intoscana.it\/it\/author\/redazione\/"}]}},"_links":{"self":[{"href":"https:\/\/www.intoscana.it\/it\/wp-json\/wp\/v2\/posts\/357971","targetHints":{"allow":["GET"]}}],"collection":[{"href":"https:\/\/www.intoscana.it\/it\/wp-json\/wp\/v2\/posts"}],"about":[{"href":"https:\/\/www.intoscana.it\/it\/wp-json\/wp\/v2\/types\/post"}],"author":[{"embeddable":true,"href":"https:\/\/www.intoscana.it\/it\/wp-json\/wp\/v2\/users\/525"}],"replies":[{"embeddable":true,"href":"https:\/\/www.intoscana.it\/it\/wp-json\/wp\/v2\/comments?post=357971"}],"version-history":[{"count":8,"href":"https:\/\/www.intoscana.it\/it\/wp-json\/wp\/v2\/posts\/357971\/revisions"}],"predecessor-version":[{"id":357987,"href":"https:\/\/www.intoscana.it\/it\/wp-json\/wp\/v2\/posts\/357971\/revisions\/357987"}],"wp:featuredmedia":[{"embeddable":true,"href":"https:\/\/www.intoscana.it\/it\/wp-json\/wp\/v2\/media\/357969"}],"wp:attachment":[{"href":"https:\/\/www.intoscana.it\/it\/wp-json\/wp\/v2\/media?parent=357971"}],"wp:term":[{"taxonomy":"category","embeddable":true,"href":"https:\/\/www.intoscana.it\/it\/wp-json\/wp\/v2\/categories?post=357971"},{"taxonomy":"post_tag","embeddable":true,"href":"https:\/\/www.intoscana.it\/it\/wp-json\/wp\/v2\/tags?post=357971"}],"curies":[{"name":"wp","href":"https:\/\/api.w.org\/{rel}","templated":true}]}}