{"id":357988,"date":"2024-09-26T14:54:59","date_gmt":"2024-09-26T12:54:59","guid":{"rendered":"https:\/\/www.intoscana.it\/it\/?p=357988"},"modified":"2024-09-26T14:54:59","modified_gmt":"2024-09-26T12:54:59","slug":"torna-il-maltempo-codice-giallo-venerdi-27-settembre-per-rischio-idraulico-e-vento","status":"publish","type":"post","link":"https:\/\/www.intoscana.it\/it\/torna-il-maltempo-codice-giallo-venerdi-27-settembre-per-rischio-idraulico-e-vento\/","title":{"rendered":"Torna il maltempo, codice giallo venerd\u00ec 27 settembre per rischio idraulico e vento"},"content":{"rendered":"<p>Nuova allerta meteo di <strong>\u2018codice giallo\u2019 sulla Toscana<\/strong>, venerd\u00ec 27 settembre, in particolare sulla <strong>Lunigiana, sulla Garfagnana, sulle valli del Serchio, del Bisenzio e dell\u2019Ombrone pistoiese e del Reno, sulla Romagna toscana e sull\u2019Etruria<\/strong> (sia costa che interno.<\/p>\n<p>La <strong>Sala operativa unificata della Protezione civile regionale<\/strong> ha emesso un\u2019allerta per rischio idrogeologico ed idraulico del reticolo minore che nelle zone settentrionali della regione \u00e8 valida<strong> dall\u2019inizio della giornata di venerd\u00ec 27 settembre fino alle ore 14,<\/strong> mentre per la zona dell\u2019Etruria inizia a partire dalle ore 8 del mattino e si protrae fino alle ore 18.<\/p>\n<p>La<strong> Romagna toscana<\/strong> sar\u00e0 invece interessata da un\u2019allerta per<strong> vento forte<\/strong>, con fenomeni attesi dalle ore 21 di gioved\u00ec 26 settembre, fino alle ore 7 di domani.<\/p>\n<p>La Toscana \u00e8 interessata da un flusso umido di correnti occidentali e <strong>l&#8217;instabilit\u00e0 meteorologica aumenter\u00e0 per il veloce transito di una perturbazione.<\/strong> Sono previste precipitazioni sparse e rovesci, pi\u00f9 probabili sulle province di<strong> Massa-Carrara e Lucca.<\/strong><\/p>\n<p><strong>Venerd\u00ec 27 settembre sono attese piogge pi\u00f9 frequenti<\/strong> e probabili nella prima parte della giornata sulle zone di nord-ovest, precipitazioni a carattere sparso, pi\u00f9 intense sui rilievi, sono invece previste nell&#8217;interno a partire dal pomeriggio.<\/p>\n<p>Saranno possibili <strong>temporali su tutta la regione,<\/strong> in particolare nelle zone interne.<\/p>\n<p>Gi\u00e0 da gioved\u00ec sera<strong> venti meridionali soffieranno con forza in particolare sui crinali appenninici<\/strong> e nelle zone sottovento (fino a 60-80 km\/h), possibilit\u00e0 che raggiungano gli 80-100 km\/h in serata.<\/p>\n<p>Da venerd\u00ec la situazione andr\u00e0 attenuandosi e dal tardo pomeriggio <strong>aumenteranno i venti da ovest sull\u2019Arcipelago e sulla costa centro-settentrionale<\/strong> a nord dell&#8217;isola d&#8217;Elba.<\/p>\n<p>Ulteriori dettagli e consigli sui comportamenti da adottare, a seconda del rischio, si trovano all&#8217;interno della sezione Allerta meteo del sito della <strong>Regione Toscana<\/strong>, accessibile all&#8217;indirizzo <a href=\"http:\/\/www.regione.toscana.it\/allertameteo\" target=\"_blank\" rel=\"noopener\"><strong>http:\/\/www.regione.toscana.it\/allertameteo.<\/strong><\/a><\/p>\n","protected":false},"excerpt":{"rendered":"<p>Nuova ondata di maltempo sulla Lunigiana, sulla Garfagnana, sulle valli del Serchio, del Bisenzio e dell\u2019Ombrone pistoiese e del Reno, sulla Romagna toscana e sull\u2019Etruria (sia costa che interno) <\/p>\n","protected":false},"author":525,"featured_media":145784,"comment_status":"open","ping_status":"open","sticky":false,"template":"","format":"standard","meta":{"_acf_changed":false,"footnotes":""},"categories":[494],"tags":[348,151],"class_list":["post-357988","post","type-post","status-publish","format-standard","has-post-thumbnail","hentry","category-attualita","tag-maltempo","tag-regione-toscana"],"acf":[],"yoast_head":"<!-- This site is optimized with the Yoast SEO Premium plugin v24.2 (Yoast SEO v25.6) - https:\/\/yoast.com\/wordpress\/plugins\/seo\/ -->\n<title>Torna il maltempo, codice giallo venerd\u00ec 27 settembre per rischio idraulico e vento - intoscana<\/title>\n<meta name=\"description\" content=\"Nuova ondata di maltempo sulla Lunigiana, sulla Garfagnana, sulle valli del Serchio, del Bisenzio e dell\u2019Ombrone pistoiese e del Reno\" \/>\n<meta name=\"robots\" content=\"index, follow, max-snippet:-1, max-image-preview:large, max-video-preview:-1\" \/>\n<link rel=\"canonical\" href=\"https:\/\/www.intoscana.it\/it\/torna-il-maltempo-codice-giallo-venerdi-27-settembre-per-rischio-idraulico-e-vento\/\" \/>\n<meta property=\"og:locale\" content=\"it_IT\" \/>\n<meta property=\"og:type\" content=\"article\" \/>\n<meta property=\"og:title\" content=\"Torna il maltempo, codice giallo venerd\u00ec 27 settembre per rischio idraulico e vento\" \/>\n<meta property=\"og:description\" content=\"Nuova ondata di maltempo sulla Lunigiana, sulla Garfagnana, sulle valli del Serchio, del Bisenzio e dell\u2019Ombrone pistoiese e del Reno\" \/>\n<meta property=\"og:url\" content=\"https:\/\/www.intoscana.it\/it\/torna-il-maltempo-codice-giallo-venerdi-27-settembre-per-rischio-idraulico-e-vento\/\" \/>\n<meta property=\"og:site_name\" content=\"intoscana\" \/>\n<meta property=\"article:publisher\" content=\"https:\/\/www.facebook.com\/intoscana.it\" \/>\n<meta property=\"article:published_time\" content=\"2024-09-26T12:54:59+00:00\" \/>\n<meta property=\"og:image\" content=\"https:\/\/www.intoscana.it\/wp-content\/uploads\/maltempo_pioggia_vento-23.jpg\" \/>\n\t<meta property=\"og:image:width\" content=\"738\" \/>\n\t<meta property=\"og:image:height\" content=\"462\" \/>\n\t<meta property=\"og:image:type\" content=\"image\/jpeg\" \/>\n<meta name=\"author\" content=\"Redazione\" \/>\n<meta name=\"twitter:card\" content=\"summary_large_image\" \/>\n<meta name=\"twitter:creator\" content=\"@intoscana\" \/>\n<meta name=\"twitter:site\" content=\"@intoscana\" \/>\n<meta name=\"twitter:label1\" content=\"Written by\" \/>\n\t<meta name=\"twitter:data1\" content=\"Redazione\" \/>\n\t<meta name=\"twitter:label2\" content=\"Est. reading time\" \/>\n\t<meta name=\"twitter:data2\" content=\"2 minuti\" \/>\n<script type=\"application\/ld+json\" class=\"yoast-schema-graph\">{\"@context\":\"https:\/\/schema.org\",\"@graph\":[{\"@type\":\"WebPage\",\"@id\":\"https:\/\/www.intoscana.it\/it\/torna-il-maltempo-codice-giallo-venerdi-27-settembre-per-rischio-idraulico-e-vento\/\",\"url\":\"https:\/\/www.intoscana.it\/it\/torna-il-maltempo-codice-giallo-venerdi-27-settembre-per-rischio-idraulico-e-vento\/\",\"name\":\"Torna il maltempo, codice giallo venerd\u00ec 27 settembre per rischio idraulico e vento - intoscana\",\"isPartOf\":{\"@id\":\"https:\/\/www.intoscana.it\/it\/#website\"},\"primaryImageOfPage\":{\"@id\":\"https:\/\/www.intoscana.it\/it\/torna-il-maltempo-codice-giallo-venerdi-27-settembre-per-rischio-idraulico-e-vento\/#primaryimage\"},\"image\":{\"@id\":\"https:\/\/www.intoscana.it\/it\/torna-il-maltempo-codice-giallo-venerdi-27-settembre-per-rischio-idraulico-e-vento\/#primaryimage\"},\"thumbnailUrl\":\"https:\/\/www.intoscana.it\/wp-content\/uploads\/maltempo_pioggia_vento-23.jpg\",\"datePublished\":\"2024-09-26T12:54:59+00:00\",\"author\":{\"@id\":\"https:\/\/www.intoscana.it\/it\/#\/schema\/person\/9223810753230f20bd670fdd322661f8\"},\"description\":\"Nuova ondata di maltempo sulla Lunigiana, sulla Garfagnana, sulle valli del Serchio, del Bisenzio e dell\u2019Ombrone pistoiese e del Reno\",\"breadcrumb\":{\"@id\":\"https:\/\/www.intoscana.it\/it\/torna-il-maltempo-codice-giallo-venerdi-27-settembre-per-rischio-idraulico-e-vento\/#breadcrumb\"},\"inLanguage\":\"it-IT\",\"potentialAction\":[{\"@type\":\"ReadAction\",\"target\":[\"https:\/\/www.intoscana.it\/it\/torna-il-maltempo-codice-giallo-venerdi-27-settembre-per-rischio-idraulico-e-vento\/\"]}]},{\"@type\":\"ImageObject\",\"inLanguage\":\"it-IT\",\"@id\":\"https:\/\/www.intoscana.it\/it\/torna-il-maltempo-codice-giallo-venerdi-27-settembre-per-rischio-idraulico-e-vento\/#primaryimage\",\"url\":\"https:\/\/www.intoscana.it\/wp-content\/uploads\/maltempo_pioggia_vento-23.jpg\",\"contentUrl\":\"https:\/\/www.intoscana.it\/wp-content\/uploads\/maltempo_pioggia_vento-23.jpg\",\"width\":738,\"height\":462},{\"@type\":\"BreadcrumbList\",\"@id\":\"https:\/\/www.intoscana.it\/it\/torna-il-maltempo-codice-giallo-venerdi-27-settembre-per-rischio-idraulico-e-vento\/#breadcrumb\",\"itemListElement\":[{\"@type\":\"ListItem\",\"position\":1,\"name\":\"Home\",\"item\":\"https:\/\/www.intoscana.it\/it\/\"},{\"@type\":\"ListItem\",\"position\":2,\"name\":\"Torna il maltempo, codice giallo venerd\u00ec 27 settembre per rischio idraulico e vento\"}]},{\"@type\":\"WebSite\",\"@id\":\"https:\/\/www.intoscana.it\/it\/#website\",\"url\":\"https:\/\/www.intoscana.it\/it\/\",\"name\":\"intoscana\",\"description\":\"\",\"potentialAction\":[{\"@type\":\"SearchAction\",\"target\":{\"@type\":\"EntryPoint\",\"urlTemplate\":\"https:\/\/www.intoscana.it\/it\/?s={search_term_string}\"},\"query-input\":{\"@type\":\"PropertyValueSpecification\",\"valueRequired\":true,\"valueName\":\"search_term_string\"}}],\"inLanguage\":\"it-IT\"},{\"@type\":\"Person\",\"@id\":\"https:\/\/www.intoscana.it\/it\/#\/schema\/person\/9223810753230f20bd670fdd322661f8\",\"name\":\"Redazione\",\"url\":\"https:\/\/www.intoscana.it\/it\/author\/redazione\/\"}]}<\/script>\n<!-- \/ Yoast SEO Premium plugin. -->","yoast_head_json":{"title":"Torna il maltempo, codice giallo venerd\u00ec 27 settembre per rischio idraulico e vento - intoscana","description":"Nuova ondata di maltempo sulla Lunigiana, sulla Garfagnana, sulle valli del Serchio, del Bisenzio e dell\u2019Ombrone pistoiese e del Reno","robots":{"index":"index","follow":"follow","max-snippet":"max-snippet:-1","max-image-preview":"max-image-preview:large","max-video-preview":"max-video-preview:-1"},"canonical":"https:\/\/www.intoscana.it\/it\/torna-il-maltempo-codice-giallo-venerdi-27-settembre-per-rischio-idraulico-e-vento\/","og_locale":"it_IT","og_type":"article","og_title":"Torna il maltempo, codice giallo venerd\u00ec 27 settembre per rischio idraulico e vento","og_description":"Nuova ondata di maltempo sulla Lunigiana, sulla Garfagnana, sulle valli del Serchio, del Bisenzio e dell\u2019Ombrone pistoiese e del Reno","og_url":"https:\/\/www.intoscana.it\/it\/torna-il-maltempo-codice-giallo-venerdi-27-settembre-per-rischio-idraulico-e-vento\/","og_site_name":"intoscana","article_publisher":"https:\/\/www.facebook.com\/intoscana.it","article_published_time":"2024-09-26T12:54:59+00:00","og_image":[{"width":738,"height":462,"url":"https:\/\/www.intoscana.it\/wp-content\/uploads\/maltempo_pioggia_vento-23.jpg","type":"image\/jpeg"}],"author":"Redazione","twitter_card":"summary_large_image","twitter_creator":"@intoscana","twitter_site":"@intoscana","twitter_misc":{"Written by":"Redazione","Est. reading time":"2 minuti"},"schema":{"@context":"https:\/\/schema.org","@graph":[{"@type":"WebPage","@id":"https:\/\/www.intoscana.it\/it\/torna-il-maltempo-codice-giallo-venerdi-27-settembre-per-rischio-idraulico-e-vento\/","url":"https:\/\/www.intoscana.it\/it\/torna-il-maltempo-codice-giallo-venerdi-27-settembre-per-rischio-idraulico-e-vento\/","name":"Torna il maltempo, codice giallo venerd\u00ec 27 settembre per rischio idraulico e vento - intoscana","isPartOf":{"@id":"https:\/\/www.intoscana.it\/it\/#website"},"primaryImageOfPage":{"@id":"https:\/\/www.intoscana.it\/it\/torna-il-maltempo-codice-giallo-venerdi-27-settembre-per-rischio-idraulico-e-vento\/#primaryimage"},"image":{"@id":"https:\/\/www.intoscana.it\/it\/torna-il-maltempo-codice-giallo-venerdi-27-settembre-per-rischio-idraulico-e-vento\/#primaryimage"},"thumbnailUrl":"https:\/\/www.intoscana.it\/wp-content\/uploads\/maltempo_pioggia_vento-23.jpg","datePublished":"2024-09-26T12:54:59+00:00","author":{"@id":"https:\/\/www.intoscana.it\/it\/#\/schema\/person\/9223810753230f20bd670fdd322661f8"},"description":"Nuova ondata di maltempo sulla Lunigiana, sulla Garfagnana, sulle valli del Serchio, del Bisenzio e dell\u2019Ombrone pistoiese e del Reno","breadcrumb":{"@id":"https:\/\/www.intoscana.it\/it\/torna-il-maltempo-codice-giallo-venerdi-27-settembre-per-rischio-idraulico-e-vento\/#breadcrumb"},"inLanguage":"it-IT","potentialAction":[{"@type":"ReadAction","target":["https:\/\/www.intoscana.it\/it\/torna-il-maltempo-codice-giallo-venerdi-27-settembre-per-rischio-idraulico-e-vento\/"]}]},{"@type":"ImageObject","inLanguage":"it-IT","@id":"https:\/\/www.intoscana.it\/it\/torna-il-maltempo-codice-giallo-venerdi-27-settembre-per-rischio-idraulico-e-vento\/#primaryimage","url":"https:\/\/www.intoscana.it\/wp-content\/uploads\/maltempo_pioggia_vento-23.jpg","contentUrl":"https:\/\/www.intoscana.it\/wp-content\/uploads\/maltempo_pioggia_vento-23.jpg","width":738,"height":462},{"@type":"BreadcrumbList","@id":"https:\/\/www.intoscana.it\/it\/torna-il-maltempo-codice-giallo-venerdi-27-settembre-per-rischio-idraulico-e-vento\/#breadcrumb","itemListElement":[{"@type":"ListItem","position":1,"name":"Home","item":"https:\/\/www.intoscana.it\/it\/"},{"@type":"ListItem","position":2,"name":"Torna il maltempo, codice giallo venerd\u00ec 27 settembre per rischio idraulico e vento"}]},{"@type":"WebSite","@id":"https:\/\/www.intoscana.it\/it\/#website","url":"https:\/\/www.intoscana.it\/it\/","name":"intoscana","description":"","potentialAction":[{"@type":"SearchAction","target":{"@type":"EntryPoint","urlTemplate":"https:\/\/www.intoscana.it\/it\/?s={search_term_string}"},"query-input":{"@type":"PropertyValueSpecification","valueRequired":true,"valueName":"search_term_string"}}],"inLanguage":"it-IT"},{"@type":"Person","@id":"https:\/\/www.intoscana.it\/it\/#\/schema\/person\/9223810753230f20bd670fdd322661f8","name":"Redazione","url":"https:\/\/www.intoscana.it\/it\/author\/redazione\/"}]}},"_links":{"self":[{"href":"https:\/\/www.intoscana.it\/it\/wp-json\/wp\/v2\/posts\/357988","targetHints":{"allow":["GET"]}}],"collection":[{"href":"https:\/\/www.intoscana.it\/it\/wp-json\/wp\/v2\/posts"}],"about":[{"href":"https:\/\/www.intoscana.it\/it\/wp-json\/wp\/v2\/types\/post"}],"author":[{"embeddable":true,"href":"https:\/\/www.intoscana.it\/it\/wp-json\/wp\/v2\/users\/525"}],"replies":[{"embeddable":true,"href":"https:\/\/www.intoscana.it\/it\/wp-json\/wp\/v2\/comments?post=357988"}],"version-history":[{"count":4,"href":"https:\/\/www.intoscana.it\/it\/wp-json\/wp\/v2\/posts\/357988\/revisions"}],"predecessor-version":[{"id":357996,"href":"https:\/\/www.intoscana.it\/it\/wp-json\/wp\/v2\/posts\/357988\/revisions\/357996"}],"wp:featuredmedia":[{"embeddable":true,"href":"https:\/\/www.intoscana.it\/it\/wp-json\/wp\/v2\/media\/145784"}],"wp:attachment":[{"href":"https:\/\/www.intoscana.it\/it\/wp-json\/wp\/v2\/media?parent=357988"}],"wp:term":[{"taxonomy":"category","embeddable":true,"href":"https:\/\/www.intoscana.it\/it\/wp-json\/wp\/v2\/categories?post=357988"},{"taxonomy":"post_tag","embeddable":true,"href":"https:\/\/www.intoscana.it\/it\/wp-json\/wp\/v2\/tags?post=357988"}],"curies":[{"name":"wp","href":"https:\/\/api.w.org\/{rel}","templated":true}]}}