{"id":357995,"date":"2024-09-26T15:20:39","date_gmt":"2024-09-26T13:20:39","guid":{"rendered":"https:\/\/www.intoscana.it\/it\/?p=357995"},"modified":"2024-09-26T15:37:13","modified_gmt":"2024-09-26T13:37:13","slug":"gustosolidarieta-con-levento-benefico-firenze-in-60-pizze","status":"publish","type":"post","link":"https:\/\/www.intoscana.it\/it\/gustosolidarieta-con-levento-benefico-firenze-in-60-pizze\/","title":{"rendered":"Gusto&#038;solidariet\u00e0 con l&#8217;evento benefico &#8220;Firenze in 60 pizze&#8221;"},"content":{"rendered":"<p><strong>Gusto&amp;solidariet\u00e0<\/strong> protagonisti con \u201c<em>Firenze in 60 pizze<\/em>\u201d, <mark>l\u2019evento gastronomico che celebra la pizza e sostiene la beneficenza<\/mark>. La manifestazione \u00e8 al debutto <mark>dal 2 al 4 ottobre presso il Teatro Cartiere Carrara a Firenze<\/mark>. Il ricavato della tre giorni sar\u00e0 devoluto a favore delle associazioni <strong>ATT Toscana<\/strong>, la <strong>Compagnia di Babbo Natale<\/strong> e <strong>Lega del Filo d&#8217;Oro<\/strong>.<\/p>\n<p>L&#8217;evento, ideato dall&#8217;associazione <strong>Microandi<\/strong>, in collaborazione con i pizzaioli di <strong>Pizza&amp;Peace<\/strong>, prende le mosse dal libro &#8220;<em>Firenze in 60 pizze<\/em>&#8221; e dalla volont\u00e0 di raccontare l&#8217;eccellenza dei campioni dell&#8217;<strong>arte bianca<\/strong>. Dalla pubblicazione alla manifestazione il passo \u00e8 stato breve.<\/p>\n<h3>Firenze in 60 pizze, il libro e l&#8217;evento<\/h3>\n<p>\u201c<em>L\u2019iniziativa Firenze in 60 pizze nasce per creare un mondo dedicato alla pizza nell&#8217;area fiorentina con lo scopo di fare solidariet\u00e0 e raccogliere fondi per associazioni di beneficenza <\/em>&#8211; sottolinea <strong>Luigi Fedele<\/strong>, presidente di Microandi-.<em> Speriamo che questo evento sia un punto di riferimento e l\u2019inizio di un format che potr\u00e0 ripetersi negli anni a venire<\/em>\u201d.<\/p>\n<p>L\u2019evento si articoler\u00e0 in tre giornate: <strong>mercoled\u00ec 2 e gioved\u00ec 3<\/strong> (dalle 18 alle 22) la manifestazione si svolger\u00e0 a ingresso libero con offerta volontaria, permettendo ai visitatori di degustare le pizze di oltre 30 pizzaioli, con un&#8217;attenzione particolare alle <strong>pizze senza glutine<\/strong> e alla birra artigianale.<\/p>\n<p>Venerd\u00ec 4 ottobre il <strong>Gal\u00e0 degustazione<\/strong>. Dalle 19 alle 21, piatti e pizze unici nati dalla collaborazione tra alcuni dei <strong>migliori chef e pizzaioli<\/strong>. A rendere ancora pi\u00f9 speciale la serata l\u2019accompagnamento di vini pregiati della cantina Antinori e di birre di alta qualit\u00e0 selezionate da Prinz.<\/p>\n<p>Il Gal\u00e0 si divider\u00e0 tra <strong>la cena e lo spettacolo musicale<\/strong> con la performance della <strong>Banda dell\u2019Ortica<\/strong>, che allieter\u00e0 la serata dalle 21.30 in poi. Un finale coinvolgente per una serata all\u2019insegna del buon cibo e del divertimento (contributo d\u2019ingresso 55 euro).<\/p>\n<h3>L&#8217;accoppiata tra alta cucina&amp;pizze gourmet<\/h3>\n<p><mark>Vito Mollica &amp; Mario Cipriano, Paolo Gori &amp; Massimo Giovannini, Aldo Ventre &amp; Marco Manzi, Oliver Betancourt &amp; Giovanni Santarpia<\/mark> saranno le accoppiate d\u2019eccezione pronte a duettare. Ogni coppia di chef e pizzaiolo proporr\u00e0 un <strong>piatto gourmet<\/strong> e una <strong>pizza esclusiva<\/strong>, frutto della loro sinergia.<\/p>\n<p>L&#8217;occasione per i pizzaioli di <strong>Pizza&amp;Peace<\/strong> di ribadire l&#8217;importanza del progetto &#8220;<em>La Toscana va in pizza<\/em>&#8221; portato avanti con la <strong>Regione Toscana<\/strong> per promuovere <strong>prodotti Dop e Igp<\/strong> di qualit\u00e0.<\/p>\n<p>\u201c<em>Firenze in 60 pizze\u2019 \u00e8 un evento che unisce il meglio della pizza e della cucina gourmet, con un tocco di solidariet\u00e0. Il Gal\u00e0 degustazione del 4 ottobre sar\u00e0 un&#8217;occasione imperdibile per vedere chef e pizzaioli lavorare insieme in modo creativo. Non solo buon cibo, ma anche un grande gesto di beneficenza, con il ricavato che andr\u00e0 a sostegno di associazioni importanti. Un evento che mette insieme gusto e cuore!<\/em>&#8221; assicura <strong>Giovanni Santarpia<\/strong>, pizzaiolo che aderisce all\u2019iniziativa.<\/p>\n","protected":false},"excerpt":{"rendered":"<p>Appuntamento dal 2 al 4 ottobre presso il Teatro Cartiere Carrara a Firenze, le offerte destinate a tre associazioni di volontariato<\/p>\n","protected":false},"author":554,"featured_media":358007,"comment_status":"open","ping_status":"open","sticky":false,"template":"","format":"standard","meta":{"_acf_changed":false,"footnotes":""},"categories":[494],"tags":[6521,356],"class_list":["post-357995","post","type-post","status-publish","format-standard","has-post-thumbnail","hentry","category-attualita","tag-pizzerie","tag-solidarieta"],"acf":[],"yoast_head":"<!-- This site is optimized with the Yoast SEO Premium plugin v24.2 (Yoast SEO v25.6) - https:\/\/yoast.com\/wordpress\/plugins\/seo\/ -->\n<title>Gusto&amp;solidariet\u00e0 con l&#039;evento benefico &quot;Firenze in 60 pizze&quot; - intoscana<\/title>\n<meta name=\"description\" content=\"Appuntamento dal 2 al 4 ottobre presso il Teatro Cartiere Carrara a Firenze, le offerte destinate a tre associazioni di volontariato\" \/>\n<meta name=\"robots\" content=\"index, follow, max-snippet:-1, max-image-preview:large, max-video-preview:-1\" \/>\n<link rel=\"canonical\" href=\"https:\/\/www.intoscana.it\/it\/gustosolidarieta-con-levento-benefico-firenze-in-60-pizze\/\" \/>\n<meta property=\"og:locale\" content=\"it_IT\" \/>\n<meta property=\"og:type\" content=\"article\" \/>\n<meta property=\"og:title\" content=\"Gusto&amp;solidariet\u00e0 con l&#039;evento benefico &quot;Firenze in 60 pizze&quot;\" \/>\n<meta property=\"og:description\" content=\"Appuntamento dal 2 al 4 ottobre presso il Teatro Cartiere Carrara a Firenze, le offerte destinate a tre associazioni di volontariato\" \/>\n<meta property=\"og:url\" content=\"https:\/\/www.intoscana.it\/it\/gustosolidarieta-con-levento-benefico-firenze-in-60-pizze\/\" \/>\n<meta property=\"og:site_name\" content=\"intoscana\" \/>\n<meta property=\"article:publisher\" content=\"https:\/\/www.facebook.com\/intoscana.it\" \/>\n<meta property=\"article:published_time\" content=\"2024-09-26T13:20:39+00:00\" \/>\n<meta property=\"article:modified_time\" content=\"2024-09-26T13:37:13+00:00\" \/>\n<meta property=\"og:image\" content=\"https:\/\/www.intoscana.it\/wp-content\/uploads\/Luigi-Fedele-e-Giovanni-Santarpia-scaled.jpg\" \/>\n\t<meta property=\"og:image:width\" content=\"2048\" \/>\n\t<meta property=\"og:image:height\" content=\"1365\" \/>\n\t<meta property=\"og:image:type\" content=\"image\/jpeg\" \/>\n<meta name=\"author\" content=\"Raffaella Galamini\" \/>\n<meta name=\"twitter:card\" content=\"summary_large_image\" \/>\n<meta name=\"twitter:creator\" content=\"@orio\" \/>\n<meta name=\"twitter:site\" content=\"@intoscana\" \/>\n<meta name=\"twitter:label1\" content=\"Written by\" \/>\n\t<meta name=\"twitter:data1\" content=\"Raffaella Galamini\" \/>\n\t<meta name=\"twitter:label2\" content=\"Est. reading time\" \/>\n\t<meta name=\"twitter:data2\" content=\"3 minuti\" \/>\n<script type=\"application\/ld+json\" class=\"yoast-schema-graph\">{\"@context\":\"https:\/\/schema.org\",\"@graph\":[{\"@type\":\"WebPage\",\"@id\":\"https:\/\/www.intoscana.it\/it\/gustosolidarieta-con-levento-benefico-firenze-in-60-pizze\/\",\"url\":\"https:\/\/www.intoscana.it\/it\/gustosolidarieta-con-levento-benefico-firenze-in-60-pizze\/\",\"name\":\"Gusto&solidariet\u00e0 con l'evento benefico \\\"Firenze in 60 pizze\\\" - intoscana\",\"isPartOf\":{\"@id\":\"https:\/\/www.intoscana.it\/it\/#website\"},\"primaryImageOfPage\":{\"@id\":\"https:\/\/www.intoscana.it\/it\/gustosolidarieta-con-levento-benefico-firenze-in-60-pizze\/#primaryimage\"},\"image\":{\"@id\":\"https:\/\/www.intoscana.it\/it\/gustosolidarieta-con-levento-benefico-firenze-in-60-pizze\/#primaryimage\"},\"thumbnailUrl\":\"https:\/\/www.intoscana.it\/wp-content\/uploads\/Luigi-Fedele-e-Giovanni-Santarpia-scaled.jpg\",\"datePublished\":\"2024-09-26T13:20:39+00:00\",\"dateModified\":\"2024-09-26T13:37:13+00:00\",\"author\":{\"@id\":\"https:\/\/www.intoscana.it\/it\/#\/schema\/person\/9eb9daa846a49fe51af39a73d9d1986b\"},\"description\":\"Appuntamento dal 2 al 4 ottobre presso il Teatro Cartiere Carrara a Firenze, le offerte destinate a tre associazioni di volontariato\",\"breadcrumb\":{\"@id\":\"https:\/\/www.intoscana.it\/it\/gustosolidarieta-con-levento-benefico-firenze-in-60-pizze\/#breadcrumb\"},\"inLanguage\":\"it-IT\",\"potentialAction\":[{\"@type\":\"ReadAction\",\"target\":[\"https:\/\/www.intoscana.it\/it\/gustosolidarieta-con-levento-benefico-firenze-in-60-pizze\/\"]}]},{\"@type\":\"ImageObject\",\"inLanguage\":\"it-IT\",\"@id\":\"https:\/\/www.intoscana.it\/it\/gustosolidarieta-con-levento-benefico-firenze-in-60-pizze\/#primaryimage\",\"url\":\"https:\/\/www.intoscana.it\/wp-content\/uploads\/Luigi-Fedele-e-Giovanni-Santarpia-scaled.jpg\",\"contentUrl\":\"https:\/\/www.intoscana.it\/wp-content\/uploads\/Luigi-Fedele-e-Giovanni-Santarpia-scaled.jpg\",\"width\":2048,\"height\":1365},{\"@type\":\"BreadcrumbList\",\"@id\":\"https:\/\/www.intoscana.it\/it\/gustosolidarieta-con-levento-benefico-firenze-in-60-pizze\/#breadcrumb\",\"itemListElement\":[{\"@type\":\"ListItem\",\"position\":1,\"name\":\"Home\",\"item\":\"https:\/\/www.intoscana.it\/it\/\"},{\"@type\":\"ListItem\",\"position\":2,\"name\":\"Gusto&#038;solidariet\u00e0 con l&#8217;evento benefico &#8220;Firenze in 60 pizze&#8221;\"}]},{\"@type\":\"WebSite\",\"@id\":\"https:\/\/www.intoscana.it\/it\/#website\",\"url\":\"https:\/\/www.intoscana.it\/it\/\",\"name\":\"intoscana\",\"description\":\"\",\"potentialAction\":[{\"@type\":\"SearchAction\",\"target\":{\"@type\":\"EntryPoint\",\"urlTemplate\":\"https:\/\/www.intoscana.it\/it\/?s={search_term_string}\"},\"query-input\":{\"@type\":\"PropertyValueSpecification\",\"valueRequired\":true,\"valueName\":\"search_term_string\"}}],\"inLanguage\":\"it-IT\"},{\"@type\":\"Person\",\"@id\":\"https:\/\/www.intoscana.it\/it\/#\/schema\/person\/9eb9daa846a49fe51af39a73d9d1986b\",\"name\":\"Raffaella Galamini\",\"sameAs\":[\"https:\/\/x.com\/orio\"],\"url\":\"https:\/\/www.intoscana.it\/it\/author\/r-galamini\/\"}]}<\/script>\n<!-- \/ Yoast SEO Premium plugin. -->","yoast_head_json":{"title":"Gusto&solidariet\u00e0 con l'evento benefico \"Firenze in 60 pizze\" - intoscana","description":"Appuntamento dal 2 al 4 ottobre presso il Teatro Cartiere Carrara a Firenze, le offerte destinate a tre associazioni di volontariato","robots":{"index":"index","follow":"follow","max-snippet":"max-snippet:-1","max-image-preview":"max-image-preview:large","max-video-preview":"max-video-preview:-1"},"canonical":"https:\/\/www.intoscana.it\/it\/gustosolidarieta-con-levento-benefico-firenze-in-60-pizze\/","og_locale":"it_IT","og_type":"article","og_title":"Gusto&solidariet\u00e0 con l'evento benefico \"Firenze in 60 pizze\"","og_description":"Appuntamento dal 2 al 4 ottobre presso il Teatro Cartiere Carrara a Firenze, le offerte destinate a tre associazioni di volontariato","og_url":"https:\/\/www.intoscana.it\/it\/gustosolidarieta-con-levento-benefico-firenze-in-60-pizze\/","og_site_name":"intoscana","article_publisher":"https:\/\/www.facebook.com\/intoscana.it","article_published_time":"2024-09-26T13:20:39+00:00","article_modified_time":"2024-09-26T13:37:13+00:00","og_image":[{"width":2048,"height":1365,"url":"https:\/\/www.intoscana.it\/wp-content\/uploads\/Luigi-Fedele-e-Giovanni-Santarpia-scaled.jpg","type":"image\/jpeg"}],"author":"Raffaella Galamini","twitter_card":"summary_large_image","twitter_creator":"@orio","twitter_site":"@intoscana","twitter_misc":{"Written by":"Raffaella Galamini","Est. reading time":"3 minuti"},"schema":{"@context":"https:\/\/schema.org","@graph":[{"@type":"WebPage","@id":"https:\/\/www.intoscana.it\/it\/gustosolidarieta-con-levento-benefico-firenze-in-60-pizze\/","url":"https:\/\/www.intoscana.it\/it\/gustosolidarieta-con-levento-benefico-firenze-in-60-pizze\/","name":"Gusto&solidariet\u00e0 con l'evento benefico \"Firenze in 60 pizze\" - intoscana","isPartOf":{"@id":"https:\/\/www.intoscana.it\/it\/#website"},"primaryImageOfPage":{"@id":"https:\/\/www.intoscana.it\/it\/gustosolidarieta-con-levento-benefico-firenze-in-60-pizze\/#primaryimage"},"image":{"@id":"https:\/\/www.intoscana.it\/it\/gustosolidarieta-con-levento-benefico-firenze-in-60-pizze\/#primaryimage"},"thumbnailUrl":"https:\/\/www.intoscana.it\/wp-content\/uploads\/Luigi-Fedele-e-Giovanni-Santarpia-scaled.jpg","datePublished":"2024-09-26T13:20:39+00:00","dateModified":"2024-09-26T13:37:13+00:00","author":{"@id":"https:\/\/www.intoscana.it\/it\/#\/schema\/person\/9eb9daa846a49fe51af39a73d9d1986b"},"description":"Appuntamento dal 2 al 4 ottobre presso il Teatro Cartiere Carrara a Firenze, le offerte destinate a tre associazioni di volontariato","breadcrumb":{"@id":"https:\/\/www.intoscana.it\/it\/gustosolidarieta-con-levento-benefico-firenze-in-60-pizze\/#breadcrumb"},"inLanguage":"it-IT","potentialAction":[{"@type":"ReadAction","target":["https:\/\/www.intoscana.it\/it\/gustosolidarieta-con-levento-benefico-firenze-in-60-pizze\/"]}]},{"@type":"ImageObject","inLanguage":"it-IT","@id":"https:\/\/www.intoscana.it\/it\/gustosolidarieta-con-levento-benefico-firenze-in-60-pizze\/#primaryimage","url":"https:\/\/www.intoscana.it\/wp-content\/uploads\/Luigi-Fedele-e-Giovanni-Santarpia-scaled.jpg","contentUrl":"https:\/\/www.intoscana.it\/wp-content\/uploads\/Luigi-Fedele-e-Giovanni-Santarpia-scaled.jpg","width":2048,"height":1365},{"@type":"BreadcrumbList","@id":"https:\/\/www.intoscana.it\/it\/gustosolidarieta-con-levento-benefico-firenze-in-60-pizze\/#breadcrumb","itemListElement":[{"@type":"ListItem","position":1,"name":"Home","item":"https:\/\/www.intoscana.it\/it\/"},{"@type":"ListItem","position":2,"name":"Gusto&#038;solidariet\u00e0 con l&#8217;evento benefico &#8220;Firenze in 60 pizze&#8221;"}]},{"@type":"WebSite","@id":"https:\/\/www.intoscana.it\/it\/#website","url":"https:\/\/www.intoscana.it\/it\/","name":"intoscana","description":"","potentialAction":[{"@type":"SearchAction","target":{"@type":"EntryPoint","urlTemplate":"https:\/\/www.intoscana.it\/it\/?s={search_term_string}"},"query-input":{"@type":"PropertyValueSpecification","valueRequired":true,"valueName":"search_term_string"}}],"inLanguage":"it-IT"},{"@type":"Person","@id":"https:\/\/www.intoscana.it\/it\/#\/schema\/person\/9eb9daa846a49fe51af39a73d9d1986b","name":"Raffaella Galamini","sameAs":["https:\/\/x.com\/orio"],"url":"https:\/\/www.intoscana.it\/it\/author\/r-galamini\/"}]}},"_links":{"self":[{"href":"https:\/\/www.intoscana.it\/it\/wp-json\/wp\/v2\/posts\/357995","targetHints":{"allow":["GET"]}}],"collection":[{"href":"https:\/\/www.intoscana.it\/it\/wp-json\/wp\/v2\/posts"}],"about":[{"href":"https:\/\/www.intoscana.it\/it\/wp-json\/wp\/v2\/types\/post"}],"author":[{"embeddable":true,"href":"https:\/\/www.intoscana.it\/it\/wp-json\/wp\/v2\/users\/554"}],"replies":[{"embeddable":true,"href":"https:\/\/www.intoscana.it\/it\/wp-json\/wp\/v2\/comments?post=357995"}],"version-history":[{"count":5,"href":"https:\/\/www.intoscana.it\/it\/wp-json\/wp\/v2\/posts\/357995\/revisions"}],"predecessor-version":[{"id":358025,"href":"https:\/\/www.intoscana.it\/it\/wp-json\/wp\/v2\/posts\/357995\/revisions\/358025"}],"wp:featuredmedia":[{"embeddable":true,"href":"https:\/\/www.intoscana.it\/it\/wp-json\/wp\/v2\/media\/358007"}],"wp:attachment":[{"href":"https:\/\/www.intoscana.it\/it\/wp-json\/wp\/v2\/media?parent=357995"}],"wp:term":[{"taxonomy":"category","embeddable":true,"href":"https:\/\/www.intoscana.it\/it\/wp-json\/wp\/v2\/categories?post=357995"},{"taxonomy":"post_tag","embeddable":true,"href":"https:\/\/www.intoscana.it\/it\/wp-json\/wp\/v2\/tags?post=357995"}],"curies":[{"name":"wp","href":"https:\/\/api.w.org\/{rel}","templated":true}]}}