{"id":358226,"date":"2024-09-28T09:47:19","date_gmt":"2024-09-28T07:47:19","guid":{"rendered":"https:\/\/www.intoscana.it\/it\/?p=358226"},"modified":"2024-09-28T09:49:18","modified_gmt":"2024-09-28T07:49:18","slug":"puliamo-il-mondo-empoli-arnovecchio","status":"publish","type":"post","link":"https:\/\/www.intoscana.it\/it\/puliamo-il-mondo-empoli-arnovecchio\/","title":{"rendered":"&#8220;Puliamo il Mondo&#8221; fa tappa ad Empoli: volontari al lavoro ad Arnovecchio"},"content":{"rendered":"<p style=\"font-weight: 400;\">Torna &#8220;<strong>Puliamo il Mondo&#8221;<\/strong> in Toscana con un appuntamento autunnale organizzato in collaborazione tra<strong> Legambiente e i Consorzi di bonifica della Toscana<\/strong> (ANBI) nel comprensorio del Medio Valdarno.<\/p>\n<h3>La giornata di volontariato ad Empoli<\/h3>\n<p style=\"font-weight: 400;\">L\u2019appuntamento \u00e8 per oggi, sabato <strong>28 settembre, a Empoli in localit\u00e0 Arnovecchio <\/strong>(punto di ritrovo all\u2019incrocio tra via Arnovecchio e via Piano dell\u2019Isola), dove Legambiente Toscana, Circolo Legambiente Empolese Valdelsa, ed ANBI Toscana terranno <mark>una pulizia dei fossi e dell\u2019area intorno alle cave a cui tutta la cittadinanza \u00e8 invitata a partecipare.<\/mark><\/p>\n<p style=\"font-weight: 400;\"><em>&#8220;Per noi \u00e8 un vero piacere suggellare la collaborazione coi Consorzi di Bonifica della nostra regione co-organizzando un evento speciale della nostra campagna regina <\/em>\u2013 spiega il presidente di Legambiente Toscana <strong>Fausto Ferruzza <\/strong>\u2013 <em>perch\u00e9 con Puliamo il Mondo dimostriamo quanto \u00e8 importante la partecipazione attiva della cittadinanza, sia in termini culturali e pedagogici che sul piano strettamente operativo, nel contrasto al degrado e alle varie tipologie d\u2019inquinamento&#8221;.<\/em><\/p>\n<h3>La Toscana tra le regioni con pi\u00f9 adesioni<\/h3>\n<p style=\"font-weight: 400;\">&#8220;Puliamo il Mondo&#8221; \u00e8 l\u2019edizione italiana di &#8220;Clean up the World&#8221; e si svolg<strong>e dal 1993 grazie all\u2019impegno di Legambiente e alla collaborazione di associazioni, scuole, aziende,<\/strong> comitati e amministrazioni locali uniti dall\u2019obiettivo di rendere pi\u00f9 vivibile e pi\u00f9 bello il proprio territorio, partecipando volontariamente alle campagne di pulizia. Anche quest\u2019anno \u2018Puliamo il mondo\u2019 si avvale del patrocinio della Regione Toscana.<\/p>\n<p style=\"font-weight: 400;\"><em>&#8220;Si rinnova la collaborazione tra Anbi Toscana e Legambiente e questa volta con un&#8217;iniziativa particolarmente significativa, in un territorio dove i Consorzi di Bonifica stanno da anni operando in maniera virtuosa per la sistemazione idraulica e per l&#8217;ambiente \u2013 sottolinea <strong>Marco Bottino, presidente di Anbi Toscana<\/strong> &#8211; l\u2019area di Arnovecchio \u00e8 particolarmente significativa perch\u00e9 l\u00ec dovrebbe sorgere, una volta finanziato, un invaso con lo scopo di irrigare ma anche di contenimento delle acque e come parco pubblico.&#8221;<\/em><\/p>\n<p style=\"font-weight: 400;\"><mark>A livello nazionale, la Toscana si conferma tra le regioni con maggior numero di adesioni raccolte.<\/mark> Il motto di quest\u2019anno \u00e8 \u201c<strong>Per un clima di pace!<\/strong>\u201d per auspicare la necessit\u00e0 del cessate il fuoco e la vicinanza alle vittime dei tanti conflitti in corso alle porte dell\u2019Europa.<\/p>\n","protected":false},"excerpt":{"rendered":"<p>L\u2019iniziativa storica di Legambiente dedicata al volontariato ambientale giunta alla 32esima edizione torna sabato 28 settembre con un appuntamento speciale organizzato con ANBI Toscana<\/p>\n","protected":false},"author":525,"featured_media":248073,"comment_status":"open","ping_status":"open","sticky":false,"template":"","format":"standard","meta":{"_acf_changed":false,"footnotes":""},"categories":[494],"tags":[4904,6207],"class_list":["post-358226","post","type-post","status-publish","format-standard","has-post-thumbnail","hentry","category-attualita","tag-empoli","tag-puliamo-il-mondo"],"acf":[],"yoast_head":"<!-- This site is optimized with the Yoast SEO Premium plugin v24.2 (Yoast SEO v25.6) - https:\/\/yoast.com\/wordpress\/plugins\/seo\/ -->\n<title>&quot;Puliamo il Mondo&quot; fa tappa ad Empoli: volontari al lavoro ad Arnovecchio - intoscana<\/title>\n<meta name=\"robots\" content=\"index, follow, max-snippet:-1, max-image-preview:large, max-video-preview:-1\" \/>\n<link rel=\"canonical\" href=\"https:\/\/www.intoscana.it\/it\/puliamo-il-mondo-empoli-arnovecchio\/\" \/>\n<meta property=\"og:locale\" content=\"it_IT\" \/>\n<meta property=\"og:type\" content=\"article\" \/>\n<meta property=\"og:title\" content=\"&quot;Puliamo il Mondo&quot; fa tappa ad Empoli: volontari al lavoro ad Arnovecchio\" \/>\n<meta property=\"og:description\" content=\"L\u2019iniziativa storica di Legambiente dedicata al volontariato ambientale giunta alla 32esima edizione torna sabato 28 settembre con un appuntamento speciale organizzato con ANBI Toscana\" \/>\n<meta property=\"og:url\" content=\"https:\/\/www.intoscana.it\/it\/puliamo-il-mondo-empoli-arnovecchio\/\" \/>\n<meta property=\"og:site_name\" content=\"intoscana\" \/>\n<meta property=\"article:publisher\" content=\"https:\/\/www.facebook.com\/intoscana.it\" \/>\n<meta property=\"article:published_time\" content=\"2024-09-28T07:47:19+00:00\" \/>\n<meta property=\"article:modified_time\" content=\"2024-09-28T07:49:18+00:00\" \/>\n<meta property=\"og:image\" content=\"https:\/\/www.intoscana.it\/wp-content\/uploads\/cattura-54.jpg\" \/>\n\t<meta property=\"og:image:width\" content=\"700\" \/>\n\t<meta property=\"og:image:height\" content=\"511\" \/>\n\t<meta property=\"og:image:type\" content=\"image\/jpeg\" \/>\n<meta name=\"author\" content=\"Redazione\" \/>\n<meta name=\"twitter:card\" content=\"summary_large_image\" \/>\n<meta name=\"twitter:creator\" content=\"@intoscana\" \/>\n<meta name=\"twitter:site\" content=\"@intoscana\" \/>\n<meta name=\"twitter:label1\" content=\"Written by\" \/>\n\t<meta name=\"twitter:data1\" content=\"Redazione\" \/>\n\t<meta name=\"twitter:label2\" content=\"Est. reading time\" \/>\n\t<meta name=\"twitter:data2\" content=\"2 minuti\" \/>\n<script type=\"application\/ld+json\" class=\"yoast-schema-graph\">{\"@context\":\"https:\/\/schema.org\",\"@graph\":[{\"@type\":\"WebPage\",\"@id\":\"https:\/\/www.intoscana.it\/it\/puliamo-il-mondo-empoli-arnovecchio\/\",\"url\":\"https:\/\/www.intoscana.it\/it\/puliamo-il-mondo-empoli-arnovecchio\/\",\"name\":\"\\\"Puliamo il Mondo\\\" fa tappa ad Empoli: volontari al lavoro ad Arnovecchio - intoscana\",\"isPartOf\":{\"@id\":\"https:\/\/www.intoscana.it\/it\/#website\"},\"primaryImageOfPage\":{\"@id\":\"https:\/\/www.intoscana.it\/it\/puliamo-il-mondo-empoli-arnovecchio\/#primaryimage\"},\"image\":{\"@id\":\"https:\/\/www.intoscana.it\/it\/puliamo-il-mondo-empoli-arnovecchio\/#primaryimage\"},\"thumbnailUrl\":\"https:\/\/www.intoscana.it\/wp-content\/uploads\/cattura-54.jpg\",\"datePublished\":\"2024-09-28T07:47:19+00:00\",\"dateModified\":\"2024-09-28T07:49:18+00:00\",\"author\":{\"@id\":\"https:\/\/www.intoscana.it\/it\/#\/schema\/person\/9223810753230f20bd670fdd322661f8\"},\"breadcrumb\":{\"@id\":\"https:\/\/www.intoscana.it\/it\/puliamo-il-mondo-empoli-arnovecchio\/#breadcrumb\"},\"inLanguage\":\"it-IT\",\"potentialAction\":[{\"@type\":\"ReadAction\",\"target\":[\"https:\/\/www.intoscana.it\/it\/puliamo-il-mondo-empoli-arnovecchio\/\"]}]},{\"@type\":\"ImageObject\",\"inLanguage\":\"it-IT\",\"@id\":\"https:\/\/www.intoscana.it\/it\/puliamo-il-mondo-empoli-arnovecchio\/#primaryimage\",\"url\":\"https:\/\/www.intoscana.it\/wp-content\/uploads\/cattura-54.jpg\",\"contentUrl\":\"https:\/\/www.intoscana.it\/wp-content\/uploads\/cattura-54.jpg\",\"width\":700,\"height\":511,\"caption\":\"I volontari di Puliamo il Mondo\"},{\"@type\":\"BreadcrumbList\",\"@id\":\"https:\/\/www.intoscana.it\/it\/puliamo-il-mondo-empoli-arnovecchio\/#breadcrumb\",\"itemListElement\":[{\"@type\":\"ListItem\",\"position\":1,\"name\":\"Home\",\"item\":\"https:\/\/www.intoscana.it\/it\/\"},{\"@type\":\"ListItem\",\"position\":2,\"name\":\"&#8220;Puliamo il Mondo&#8221; fa tappa ad Empoli: volontari al lavoro ad Arnovecchio\"}]},{\"@type\":\"WebSite\",\"@id\":\"https:\/\/www.intoscana.it\/it\/#website\",\"url\":\"https:\/\/www.intoscana.it\/it\/\",\"name\":\"intoscana\",\"description\":\"\",\"potentialAction\":[{\"@type\":\"SearchAction\",\"target\":{\"@type\":\"EntryPoint\",\"urlTemplate\":\"https:\/\/www.intoscana.it\/it\/?s={search_term_string}\"},\"query-input\":{\"@type\":\"PropertyValueSpecification\",\"valueRequired\":true,\"valueName\":\"search_term_string\"}}],\"inLanguage\":\"it-IT\"},{\"@type\":\"Person\",\"@id\":\"https:\/\/www.intoscana.it\/it\/#\/schema\/person\/9223810753230f20bd670fdd322661f8\",\"name\":\"Redazione\",\"url\":\"https:\/\/www.intoscana.it\/it\/author\/redazione\/\"}]}<\/script>\n<!-- \/ Yoast SEO Premium plugin. -->","yoast_head_json":{"title":"\"Puliamo il Mondo\" fa tappa ad Empoli: volontari al lavoro ad Arnovecchio - intoscana","robots":{"index":"index","follow":"follow","max-snippet":"max-snippet:-1","max-image-preview":"max-image-preview:large","max-video-preview":"max-video-preview:-1"},"canonical":"https:\/\/www.intoscana.it\/it\/puliamo-il-mondo-empoli-arnovecchio\/","og_locale":"it_IT","og_type":"article","og_title":"\"Puliamo il Mondo\" fa tappa ad Empoli: volontari al lavoro ad Arnovecchio","og_description":"L\u2019iniziativa storica di Legambiente dedicata al volontariato ambientale giunta alla 32esima edizione torna sabato 28 settembre con un appuntamento speciale organizzato con ANBI Toscana","og_url":"https:\/\/www.intoscana.it\/it\/puliamo-il-mondo-empoli-arnovecchio\/","og_site_name":"intoscana","article_publisher":"https:\/\/www.facebook.com\/intoscana.it","article_published_time":"2024-09-28T07:47:19+00:00","article_modified_time":"2024-09-28T07:49:18+00:00","og_image":[{"width":700,"height":511,"url":"https:\/\/www.intoscana.it\/wp-content\/uploads\/cattura-54.jpg","type":"image\/jpeg"}],"author":"Redazione","twitter_card":"summary_large_image","twitter_creator":"@intoscana","twitter_site":"@intoscana","twitter_misc":{"Written by":"Redazione","Est. reading time":"2 minuti"},"schema":{"@context":"https:\/\/schema.org","@graph":[{"@type":"WebPage","@id":"https:\/\/www.intoscana.it\/it\/puliamo-il-mondo-empoli-arnovecchio\/","url":"https:\/\/www.intoscana.it\/it\/puliamo-il-mondo-empoli-arnovecchio\/","name":"\"Puliamo il Mondo\" fa tappa ad Empoli: volontari al lavoro ad Arnovecchio - intoscana","isPartOf":{"@id":"https:\/\/www.intoscana.it\/it\/#website"},"primaryImageOfPage":{"@id":"https:\/\/www.intoscana.it\/it\/puliamo-il-mondo-empoli-arnovecchio\/#primaryimage"},"image":{"@id":"https:\/\/www.intoscana.it\/it\/puliamo-il-mondo-empoli-arnovecchio\/#primaryimage"},"thumbnailUrl":"https:\/\/www.intoscana.it\/wp-content\/uploads\/cattura-54.jpg","datePublished":"2024-09-28T07:47:19+00:00","dateModified":"2024-09-28T07:49:18+00:00","author":{"@id":"https:\/\/www.intoscana.it\/it\/#\/schema\/person\/9223810753230f20bd670fdd322661f8"},"breadcrumb":{"@id":"https:\/\/www.intoscana.it\/it\/puliamo-il-mondo-empoli-arnovecchio\/#breadcrumb"},"inLanguage":"it-IT","potentialAction":[{"@type":"ReadAction","target":["https:\/\/www.intoscana.it\/it\/puliamo-il-mondo-empoli-arnovecchio\/"]}]},{"@type":"ImageObject","inLanguage":"it-IT","@id":"https:\/\/www.intoscana.it\/it\/puliamo-il-mondo-empoli-arnovecchio\/#primaryimage","url":"https:\/\/www.intoscana.it\/wp-content\/uploads\/cattura-54.jpg","contentUrl":"https:\/\/www.intoscana.it\/wp-content\/uploads\/cattura-54.jpg","width":700,"height":511,"caption":"I volontari di Puliamo il Mondo"},{"@type":"BreadcrumbList","@id":"https:\/\/www.intoscana.it\/it\/puliamo-il-mondo-empoli-arnovecchio\/#breadcrumb","itemListElement":[{"@type":"ListItem","position":1,"name":"Home","item":"https:\/\/www.intoscana.it\/it\/"},{"@type":"ListItem","position":2,"name":"&#8220;Puliamo il Mondo&#8221; fa tappa ad Empoli: volontari al lavoro ad Arnovecchio"}]},{"@type":"WebSite","@id":"https:\/\/www.intoscana.it\/it\/#website","url":"https:\/\/www.intoscana.it\/it\/","name":"intoscana","description":"","potentialAction":[{"@type":"SearchAction","target":{"@type":"EntryPoint","urlTemplate":"https:\/\/www.intoscana.it\/it\/?s={search_term_string}"},"query-input":{"@type":"PropertyValueSpecification","valueRequired":true,"valueName":"search_term_string"}}],"inLanguage":"it-IT"},{"@type":"Person","@id":"https:\/\/www.intoscana.it\/it\/#\/schema\/person\/9223810753230f20bd670fdd322661f8","name":"Redazione","url":"https:\/\/www.intoscana.it\/it\/author\/redazione\/"}]}},"_links":{"self":[{"href":"https:\/\/www.intoscana.it\/it\/wp-json\/wp\/v2\/posts\/358226","targetHints":{"allow":["GET"]}}],"collection":[{"href":"https:\/\/www.intoscana.it\/it\/wp-json\/wp\/v2\/posts"}],"about":[{"href":"https:\/\/www.intoscana.it\/it\/wp-json\/wp\/v2\/types\/post"}],"author":[{"embeddable":true,"href":"https:\/\/www.intoscana.it\/it\/wp-json\/wp\/v2\/users\/525"}],"replies":[{"embeddable":true,"href":"https:\/\/www.intoscana.it\/it\/wp-json\/wp\/v2\/comments?post=358226"}],"version-history":[{"count":3,"href":"https:\/\/www.intoscana.it\/it\/wp-json\/wp\/v2\/posts\/358226\/revisions"}],"predecessor-version":[{"id":358229,"href":"https:\/\/www.intoscana.it\/it\/wp-json\/wp\/v2\/posts\/358226\/revisions\/358229"}],"wp:featuredmedia":[{"embeddable":true,"href":"https:\/\/www.intoscana.it\/it\/wp-json\/wp\/v2\/media\/248073"}],"wp:attachment":[{"href":"https:\/\/www.intoscana.it\/it\/wp-json\/wp\/v2\/media?parent=358226"}],"wp:term":[{"taxonomy":"category","embeddable":true,"href":"https:\/\/www.intoscana.it\/it\/wp-json\/wp\/v2\/categories?post=358226"},{"taxonomy":"post_tag","embeddable":true,"href":"https:\/\/www.intoscana.it\/it\/wp-json\/wp\/v2\/tags?post=358226"}],"curies":[{"name":"wp","href":"https:\/\/api.w.org\/{rel}","templated":true}]}}