{"id":358268,"date":"2024-09-30T10:11:28","date_gmt":"2024-09-30T08:11:28","guid":{"rendered":"https:\/\/www.intoscana.it\/it\/?p=358268"},"modified":"2024-09-30T10:15:05","modified_gmt":"2024-09-30T08:15:05","slug":"racconto-quindi-esisto-teatro-narrazione-silvia-frasson-festival-spiagge","status":"publish","type":"post","link":"https:\/\/www.intoscana.it\/it\/racconto-quindi-esisto-teatro-narrazione-silvia-frasson-festival-spiagge\/","title":{"rendered":"&#8220;Racconto quindi esisto&#8221; tre giorni al teatro delle Spiagge per riscoprire la magia della narrazione"},"content":{"rendered":"<p>La stagione 2024\/2025 del <strong>teatro delle Spiagge di Firenze<\/strong> prende il via con il festival <strong><em>&#8220;Racconto Quindi Esisto&#8221;<\/em> <\/strong>che vuole celebrare i primi dieci anni del progetto di di<strong> Silvia Frasson.<\/strong><\/p>\n<p>Saranno tre giornate di grande festa <strong>dal 4 al 6 ottobre<\/strong> articolate in <strong>storie, laboratori, momenti di condivisione e dj set,<\/strong> dedicati al <strong>potere della narrazione.<\/strong><\/p>\n<p>Nella serata inaugurale andr\u00e0 in scena <strong><em><a href=\"https:\/\/www.intoscana.it\/it\/dettaglio-video\/silvia-frasson-in-scena-a-san-miniato-con-la-vita-salva\/\" target=\"_blank\" rel=\"noopener\">\u201cLa vita salva\u201d<\/a>,<\/em> <\/strong>un inno alla complessit\u00e0 meravigliosa e sorprendente della vita firmato e interpretato dalla stessa Frasson. A seguire un brindisi e <strong>una chiacchierata tra <a href=\"https:\/\/www.intoscana.it\/it\/silvia-frasson-premio-giacomo-matteotti\/\" target=\"_blank\" rel=\"noopener\">Silvia Frasson<\/a> e la giornalista Costanza Baldini.\u00a0<\/strong><\/p>\n<p><strong>Sabato 5 e domenica 6 settembre<\/strong> alle ore 21, il pubblico potr\u00e0 assistere a<strong> due spettacoli frutto del lavoro laboratoriale<\/strong>: lo storico<strong><em> \u201cUn po\u2019 porno (La felicit\u00e0 guarisce)\u201d<\/em><\/strong>, scrittura collettiva che esplora con ironia le diverse possibilit\u00e0 dell\u2019amore e del desiderio, e la restituzione finale dell\u2019ultimo workshop: <strong><em>\u201cRacconto Quindi Esisto Show&#8221;<\/em><\/strong> racconti, varie ed eventuali, in solitudine, in coppia in gruppo, sempre con la regia di Silvia Frasson.<\/p>\n<p>Inoltre <strong>per chi vuole saperne di pi\u00f9 sul teatro di narrazione <\/strong>sabato e domenica si terranno <strong>due pomeriggi dedicati a workshop aperti a tutti,<\/strong> fino ad esaurimento posti (ore 14.30\/ore 18.45).<\/p>\n<figure id=\"post-358261 media-358261\" class=\"align-none\"><img decoding=\"async\" src=\"https:\/\/www.intoscana.it\/wp-content\/uploads\/fot-post-lab.jpg\" alt=\"\" \/><\/figure>\n<h3>Il progetto &#8220;Racconto quindi esisto&#8221;<\/h3>\n<p><strong>Silvia Frasson <\/strong>\u00e8 un&#8217;artista che ha lavorato come attrice con <strong>Massimo Castri, Stefano Massini, Gabriele Vacis, Paolo e Vittorio Taviani, Gigi Dall\u2019Aglio <\/strong>e molti altri.<\/p>\n<p>Nel corso degli anni ha sviluppato una poetica fondata sul <strong>\u201cteatro del racconto\u201d<\/strong>, in cui ogni storia \u00e8 concepita come <strong>un viaggio attraverso ricordi, fantasia e abitudini,<\/strong> offrendo \u2013 a chi segue i suoi laboratori e a chi ascolta gli spettacoli che ne nascono &#8211; l\u2019opportunit\u00e0 di sentirsi parte di una comunit\u00e0 condivisa.<\/p>\n<p><strong><em>&#8220;Racconto quindi esisto&#8221;<\/em> <\/strong>\u00e8 un progetto che ha l\u2019obiettivo di raccontare storie e lo fa mettendo al centro di tutto l\u2019attore. Un attore che racconta una storia, \u00e8 narratore e allo stesso tempo interpreta tutti i personaggi della storia che racconta.<\/p>\n<p>Per fare questo l\u2019attore ha a disposizione \u201csolo\u201d i suoi strumenti essenziali: <strong>il corpo, la voce, l\u2019immaginazione.<\/strong><\/p>\n<p>Quello di Silvia \u00e8 un teatro semplice, che proprio nella sua semplicit\u00e0 fonda la sua sfida<strong>: coinvolgere ed arrivare a pi\u00f9 gente possibile.<\/strong><\/p>\n<p>L&#8217;obiettivo \u00e8 quello di raccontare <strong>storie che riguardano la collettivit\u00e0, storie inventate totalmente, storie che si basano su fatti storici<\/strong> inerenti al territorio e ai suoi cambiamenti. Storie che possano mettere attenzione su <strong>argomenti importanti, su tematiche necessarie,<\/strong> per poterle affrontare in modo diverso e pi\u00f9 coinvolgente.<\/p>\n<p>La forma snella, senza scene e senza costumi, fa in modo che le storie si possano raccontare ovunque: <strong>nelle piazze, nei circoli, nelle case, nei negozi, attorno ad un tavolo, in mezzo ad un prato.<\/strong><\/p>\n<div class=\"titleimg\">\n<figure id=\"post-358262 media-358262\" class=\"align-none\"><img decoding=\"async\" src=\"https:\/\/www.intoscana.it\/wp-content\/uploads\/Racconto-quindi-Esisto-_-2014.2015.jpg\" alt=\"\" \/><\/figure>\n<\/div>\n<h3>Il programma del teatro delle Spiagge<\/h3>\n<p>La stagione del <strong>teatro delle Spiagge<\/strong> prosegue <strong>sabato 12 e domenica 13 ottobre,<\/strong> sempre all\u2019insegna della partecipazione, con un grande classico sula guerra e i suoi aspetti pi\u00f9 grotteschi, <strong><em>\u201cMadre coraggio e i suoi figli\u201d<\/em> <\/strong>di <strong>Bertold Brecht<\/strong>, che vedr\u00e0 i cittadini coinvolti in scena, insieme ad attori professioni come Amerigo Fontani, Caterina Casini, Michelanglo Fortuzzi e Matilde Zavagli.<\/p>\n<p>Tra gli spettacoli successivi, citiamo la prima regionale dello spettacolo <strong><em>\u201cNon mi serve niente\u201d<\/em><\/strong> di <strong>Manlio Marinelli,<\/strong> proposto dal Teatro Libero di Palermo (19 ottobre); i centocinquanta ritratti femminili di <strong><em>\u201cMujeres&#8221;<\/em><\/strong> (25 ottobre), un testo firmato da <strong>Eduardo Galeano<\/strong>; il poeta e \u2018paesologo\u2019 <strong>Franco Arminio<\/strong> nel suo<strong><em> &#8220;Cedi la strada agli alberi&#8221;<\/em><\/strong> (29 ottobre).<\/p>\n<p>Il mese successivo si apre con <strong><em>&#8220;#Love Wins&#8221;<\/em> <\/strong>di <strong>Riccardo Rombi<\/strong> (6 novembre), prodotto da Catalyst e dedicato alla difesa dei diritti LGBTQ+, e continua con il bravissimo <strong>Giorgio Vierda<\/strong> in<strong><em> &#8220;Norilsk&#8221;<\/em><\/strong> (15 novembre), liberamente tratto da Spartak Mosca, storia di calcio e potere di Alessandro Curletto;<strong><em> &#8220;Macbeth Banquet&#8221;<\/em><\/strong> (22 novembre), un <strong>adattamento culinario dell\u2019opera di Shakespeare<\/strong> firmato e interpretato da Luca Radaelli, in scena con Maurizio Aliffi; e la prima regionale dello spettacolo<strong><em> \u201cLa meraviglia\u201d<\/em><\/strong> di <strong>Sonia Antinori,<\/strong> un poemetto visionario sull\u2019immortalit\u00e0 e lo stupore, interpretato da <strong>Carla Manzon<\/strong> e prodotto da Malte Teatro.<\/p>\n<p>La prima parte della stagione si chiude il 19 dicembre con <strong><em>&#8220;Ubu Re Ubu Chi?&#8221;,<\/em><\/strong> uno spettacolo di <strong>KanterStrasse<\/strong> tratto dalla feroce satira sul potere di Alfred Jarry. Firma drammaturgia e regia Simone Martini, in scena con Daniele Bonaiuti e Alessio Martinoli.<\/p>\n<p>Uno spazio sar\u00e0 riservato anche al teatro ragazzi, con due domeniche dedicate: <strong><em>&#8220;Vecchina e Ajal&#8221;<\/em><\/strong> della compagnia <strong>Arch\u00e8tipo<\/strong>, in scena il 10 novembre, e il<strong><em> &#8220;Carn\u00e0val&#8221;<\/em> <\/strong>del pluripremiato <strong>Teatro dei colori<\/strong> (8 dicembre).<\/p>\n<p>Organizzata dalla compagnia <a href=\"https:\/\/teatridimbarco.it\" target=\"_blank\" rel=\"noopener\"><strong>Teatri d\u2019Imbarco<\/strong><\/a> &#8211; con la direzione artistica di <strong>Beatrice Visibelli e Nicola Zavagli,<\/strong> e la direzione organizzativa di <strong>Cristian Palmi &#8211;<\/strong> questa prima parte della stagione \u00e8 realizzata grazie al sostegno di<strong> Comune di Firenze, Regione Toscana, Fondazione Cassa di Risparmio di Firenze,<\/strong> e al contributo del progetto <a href=\"https:\/\/www.intoscana.it\/it\/autunno-fiorentino-2024\/\" target=\"_blank\" rel=\"noopener\"><strong>Autunno Fiorentino 2024<\/strong>.<\/a><\/p>\n<figure id=\"post-358267 media-358267\" class=\"align-none\"><img decoding=\"async\" src=\"https:\/\/www.intoscana.it\/wp-content\/uploads\/458550445_8534226516601053_759785885141445881_n.jpg\" alt=\"\" \/><\/figure>\n<div class=\"titleimg\">Racconto quindi esisto<\/div>\n","protected":false},"excerpt":{"rendered":"<p>Dal 4 al 6 ottobre tre giornate di grande festa per celebrare i primi 10 anni del progetto di Silvia Frasson, articolate in storie, laboratori, momenti di condivisione e dj set<\/p>\n","protected":false},"author":518,"featured_media":358269,"comment_status":"open","ping_status":"open","sticky":false,"template":"","format":"standard","meta":{"_acf_changed":false,"footnotes":""},"categories":[493],"tags":[4474,202,236],"class_list":["post-358268","post","type-post","status-publish","format-standard","has-post-thumbnail","hentry","category-cultura","tag-eventi","tag-firenze","tag-teatro"],"acf":[],"yoast_head":"<!-- This site is optimized with the Yoast SEO Premium plugin v24.2 (Yoast SEO v25.6) - https:\/\/yoast.com\/wordpress\/plugins\/seo\/ -->\n<title>&quot;Racconto quindi esisto&quot; tre giorni al teatro delle Spiagge per riscoprire la magia della narrazione - intoscana<\/title>\n<meta name=\"description\" content=\"Dal 4 al 6 ottobre tre giornate di grande festa per celebrare i primi 10 anni del progetto di Silvia Frasson\" \/>\n<meta name=\"robots\" content=\"index, follow, max-snippet:-1, max-image-preview:large, max-video-preview:-1\" \/>\n<link rel=\"canonical\" href=\"https:\/\/www.intoscana.it\/it\/racconto-quindi-esisto-teatro-narrazione-silvia-frasson-festival-spiagge\/\" \/>\n<meta property=\"og:locale\" content=\"it_IT\" \/>\n<meta property=\"og:type\" content=\"article\" \/>\n<meta property=\"og:title\" content=\"&quot;Racconto quindi esisto&quot; tre giorni al teatro delle Spiagge per riscoprire la magia della narrazione\" \/>\n<meta property=\"og:description\" content=\"Dal 4 al 6 ottobre tre giornate di grande festa per celebrare i primi 10 anni del progetto di Silvia Frasson\" \/>\n<meta property=\"og:url\" content=\"https:\/\/www.intoscana.it\/it\/racconto-quindi-esisto-teatro-narrazione-silvia-frasson-festival-spiagge\/\" \/>\n<meta property=\"og:site_name\" content=\"intoscana\" \/>\n<meta property=\"article:publisher\" content=\"https:\/\/www.facebook.com\/intoscana.it\" \/>\n<meta property=\"article:published_time\" content=\"2024-09-30T08:11:28+00:00\" \/>\n<meta property=\"article:modified_time\" content=\"2024-09-30T08:15:05+00:00\" \/>\n<meta property=\"og:image\" content=\"https:\/\/www.intoscana.it\/wp-content\/uploads\/1.-Racconto-dunque-esisto-Frasson.jpg\" \/>\n\t<meta property=\"og:image:width\" content=\"2048\" \/>\n\t<meta property=\"og:image:height\" content=\"1279\" \/>\n\t<meta property=\"og:image:type\" content=\"image\/jpeg\" \/>\n<meta name=\"author\" content=\"Costanza Baldini\" \/>\n<meta name=\"twitter:card\" content=\"summary_large_image\" \/>\n<meta name=\"twitter:creator\" content=\"@intoscana\" \/>\n<meta name=\"twitter:site\" content=\"@intoscana\" \/>\n<meta name=\"twitter:label1\" content=\"Written by\" \/>\n\t<meta name=\"twitter:data1\" content=\"Costanza Baldini\" \/>\n\t<meta name=\"twitter:label2\" content=\"Est. reading time\" \/>\n\t<meta name=\"twitter:data2\" content=\"5 minuti\" \/>\n<script type=\"application\/ld+json\" class=\"yoast-schema-graph\">{\"@context\":\"https:\/\/schema.org\",\"@graph\":[{\"@type\":\"WebPage\",\"@id\":\"https:\/\/www.intoscana.it\/it\/racconto-quindi-esisto-teatro-narrazione-silvia-frasson-festival-spiagge\/\",\"url\":\"https:\/\/www.intoscana.it\/it\/racconto-quindi-esisto-teatro-narrazione-silvia-frasson-festival-spiagge\/\",\"name\":\"\\\"Racconto quindi esisto\\\" tre giorni al teatro delle Spiagge per riscoprire la magia della narrazione - intoscana\",\"isPartOf\":{\"@id\":\"https:\/\/www.intoscana.it\/it\/#website\"},\"primaryImageOfPage\":{\"@id\":\"https:\/\/www.intoscana.it\/it\/racconto-quindi-esisto-teatro-narrazione-silvia-frasson-festival-spiagge\/#primaryimage\"},\"image\":{\"@id\":\"https:\/\/www.intoscana.it\/it\/racconto-quindi-esisto-teatro-narrazione-silvia-frasson-festival-spiagge\/#primaryimage\"},\"thumbnailUrl\":\"https:\/\/www.intoscana.it\/wp-content\/uploads\/1.-Racconto-dunque-esisto-Frasson.jpg\",\"datePublished\":\"2024-09-30T08:11:28+00:00\",\"dateModified\":\"2024-09-30T08:15:05+00:00\",\"author\":{\"@id\":\"https:\/\/www.intoscana.it\/it\/#\/schema\/person\/d469f35f09739bdf00bf5dd3f0647a82\"},\"description\":\"Dal 4 al 6 ottobre tre giornate di grande festa per celebrare i primi 10 anni del progetto di Silvia Frasson\",\"breadcrumb\":{\"@id\":\"https:\/\/www.intoscana.it\/it\/racconto-quindi-esisto-teatro-narrazione-silvia-frasson-festival-spiagge\/#breadcrumb\"},\"inLanguage\":\"it-IT\",\"potentialAction\":[{\"@type\":\"ReadAction\",\"target\":[\"https:\/\/www.intoscana.it\/it\/racconto-quindi-esisto-teatro-narrazione-silvia-frasson-festival-spiagge\/\"]}]},{\"@type\":\"ImageObject\",\"inLanguage\":\"it-IT\",\"@id\":\"https:\/\/www.intoscana.it\/it\/racconto-quindi-esisto-teatro-narrazione-silvia-frasson-festival-spiagge\/#primaryimage\",\"url\":\"https:\/\/www.intoscana.it\/wp-content\/uploads\/1.-Racconto-dunque-esisto-Frasson.jpg\",\"contentUrl\":\"https:\/\/www.intoscana.it\/wp-content\/uploads\/1.-Racconto-dunque-esisto-Frasson.jpg\",\"width\":2048,\"height\":1279},{\"@type\":\"BreadcrumbList\",\"@id\":\"https:\/\/www.intoscana.it\/it\/racconto-quindi-esisto-teatro-narrazione-silvia-frasson-festival-spiagge\/#breadcrumb\",\"itemListElement\":[{\"@type\":\"ListItem\",\"position\":1,\"name\":\"Home\",\"item\":\"https:\/\/www.intoscana.it\/it\/\"},{\"@type\":\"ListItem\",\"position\":2,\"name\":\"&#8220;Racconto quindi esisto&#8221; tre giorni al teatro delle Spiagge per riscoprire la magia della narrazione\"}]},{\"@type\":\"WebSite\",\"@id\":\"https:\/\/www.intoscana.it\/it\/#website\",\"url\":\"https:\/\/www.intoscana.it\/it\/\",\"name\":\"intoscana\",\"description\":\"\",\"potentialAction\":[{\"@type\":\"SearchAction\",\"target\":{\"@type\":\"EntryPoint\",\"urlTemplate\":\"https:\/\/www.intoscana.it\/it\/?s={search_term_string}\"},\"query-input\":{\"@type\":\"PropertyValueSpecification\",\"valueRequired\":true,\"valueName\":\"search_term_string\"}}],\"inLanguage\":\"it-IT\"},{\"@type\":\"Person\",\"@id\":\"https:\/\/www.intoscana.it\/it\/#\/schema\/person\/d469f35f09739bdf00bf5dd3f0647a82\",\"name\":\"Costanza Baldini\",\"url\":\"https:\/\/www.intoscana.it\/it\/author\/costanza-baldini\/\"}]}<\/script>\n<!-- \/ Yoast SEO Premium plugin. -->","yoast_head_json":{"title":"\"Racconto quindi esisto\" tre giorni al teatro delle Spiagge per riscoprire la magia della narrazione - intoscana","description":"Dal 4 al 6 ottobre tre giornate di grande festa per celebrare i primi 10 anni del progetto di Silvia Frasson","robots":{"index":"index","follow":"follow","max-snippet":"max-snippet:-1","max-image-preview":"max-image-preview:large","max-video-preview":"max-video-preview:-1"},"canonical":"https:\/\/www.intoscana.it\/it\/racconto-quindi-esisto-teatro-narrazione-silvia-frasson-festival-spiagge\/","og_locale":"it_IT","og_type":"article","og_title":"\"Racconto quindi esisto\" tre giorni al teatro delle Spiagge per riscoprire la magia della narrazione","og_description":"Dal 4 al 6 ottobre tre giornate di grande festa per celebrare i primi 10 anni del progetto di Silvia Frasson","og_url":"https:\/\/www.intoscana.it\/it\/racconto-quindi-esisto-teatro-narrazione-silvia-frasson-festival-spiagge\/","og_site_name":"intoscana","article_publisher":"https:\/\/www.facebook.com\/intoscana.it","article_published_time":"2024-09-30T08:11:28+00:00","article_modified_time":"2024-09-30T08:15:05+00:00","og_image":[{"width":2048,"height":1279,"url":"https:\/\/www.intoscana.it\/wp-content\/uploads\/1.-Racconto-dunque-esisto-Frasson.jpg","type":"image\/jpeg"}],"author":"Costanza Baldini","twitter_card":"summary_large_image","twitter_creator":"@intoscana","twitter_site":"@intoscana","twitter_misc":{"Written by":"Costanza Baldini","Est. reading time":"5 minuti"},"schema":{"@context":"https:\/\/schema.org","@graph":[{"@type":"WebPage","@id":"https:\/\/www.intoscana.it\/it\/racconto-quindi-esisto-teatro-narrazione-silvia-frasson-festival-spiagge\/","url":"https:\/\/www.intoscana.it\/it\/racconto-quindi-esisto-teatro-narrazione-silvia-frasson-festival-spiagge\/","name":"\"Racconto quindi esisto\" tre giorni al teatro delle Spiagge per riscoprire la magia della narrazione - intoscana","isPartOf":{"@id":"https:\/\/www.intoscana.it\/it\/#website"},"primaryImageOfPage":{"@id":"https:\/\/www.intoscana.it\/it\/racconto-quindi-esisto-teatro-narrazione-silvia-frasson-festival-spiagge\/#primaryimage"},"image":{"@id":"https:\/\/www.intoscana.it\/it\/racconto-quindi-esisto-teatro-narrazione-silvia-frasson-festival-spiagge\/#primaryimage"},"thumbnailUrl":"https:\/\/www.intoscana.it\/wp-content\/uploads\/1.-Racconto-dunque-esisto-Frasson.jpg","datePublished":"2024-09-30T08:11:28+00:00","dateModified":"2024-09-30T08:15:05+00:00","author":{"@id":"https:\/\/www.intoscana.it\/it\/#\/schema\/person\/d469f35f09739bdf00bf5dd3f0647a82"},"description":"Dal 4 al 6 ottobre tre giornate di grande festa per celebrare i primi 10 anni del progetto di Silvia Frasson","breadcrumb":{"@id":"https:\/\/www.intoscana.it\/it\/racconto-quindi-esisto-teatro-narrazione-silvia-frasson-festival-spiagge\/#breadcrumb"},"inLanguage":"it-IT","potentialAction":[{"@type":"ReadAction","target":["https:\/\/www.intoscana.it\/it\/racconto-quindi-esisto-teatro-narrazione-silvia-frasson-festival-spiagge\/"]}]},{"@type":"ImageObject","inLanguage":"it-IT","@id":"https:\/\/www.intoscana.it\/it\/racconto-quindi-esisto-teatro-narrazione-silvia-frasson-festival-spiagge\/#primaryimage","url":"https:\/\/www.intoscana.it\/wp-content\/uploads\/1.-Racconto-dunque-esisto-Frasson.jpg","contentUrl":"https:\/\/www.intoscana.it\/wp-content\/uploads\/1.-Racconto-dunque-esisto-Frasson.jpg","width":2048,"height":1279},{"@type":"BreadcrumbList","@id":"https:\/\/www.intoscana.it\/it\/racconto-quindi-esisto-teatro-narrazione-silvia-frasson-festival-spiagge\/#breadcrumb","itemListElement":[{"@type":"ListItem","position":1,"name":"Home","item":"https:\/\/www.intoscana.it\/it\/"},{"@type":"ListItem","position":2,"name":"&#8220;Racconto quindi esisto&#8221; tre giorni al teatro delle Spiagge per riscoprire la magia della narrazione"}]},{"@type":"WebSite","@id":"https:\/\/www.intoscana.it\/it\/#website","url":"https:\/\/www.intoscana.it\/it\/","name":"intoscana","description":"","potentialAction":[{"@type":"SearchAction","target":{"@type":"EntryPoint","urlTemplate":"https:\/\/www.intoscana.it\/it\/?s={search_term_string}"},"query-input":{"@type":"PropertyValueSpecification","valueRequired":true,"valueName":"search_term_string"}}],"inLanguage":"it-IT"},{"@type":"Person","@id":"https:\/\/www.intoscana.it\/it\/#\/schema\/person\/d469f35f09739bdf00bf5dd3f0647a82","name":"Costanza Baldini","url":"https:\/\/www.intoscana.it\/it\/author\/costanza-baldini\/"}]}},"_links":{"self":[{"href":"https:\/\/www.intoscana.it\/it\/wp-json\/wp\/v2\/posts\/358268","targetHints":{"allow":["GET"]}}],"collection":[{"href":"https:\/\/www.intoscana.it\/it\/wp-json\/wp\/v2\/posts"}],"about":[{"href":"https:\/\/www.intoscana.it\/it\/wp-json\/wp\/v2\/types\/post"}],"author":[{"embeddable":true,"href":"https:\/\/www.intoscana.it\/it\/wp-json\/wp\/v2\/users\/518"}],"replies":[{"embeddable":true,"href":"https:\/\/www.intoscana.it\/it\/wp-json\/wp\/v2\/comments?post=358268"}],"version-history":[{"count":12,"href":"https:\/\/www.intoscana.it\/it\/wp-json\/wp\/v2\/posts\/358268\/revisions"}],"predecessor-version":[{"id":358326,"href":"https:\/\/www.intoscana.it\/it\/wp-json\/wp\/v2\/posts\/358268\/revisions\/358326"}],"wp:featuredmedia":[{"embeddable":true,"href":"https:\/\/www.intoscana.it\/it\/wp-json\/wp\/v2\/media\/358269"}],"wp:attachment":[{"href":"https:\/\/www.intoscana.it\/it\/wp-json\/wp\/v2\/media?parent=358268"}],"wp:term":[{"taxonomy":"category","embeddable":true,"href":"https:\/\/www.intoscana.it\/it\/wp-json\/wp\/v2\/categories?post=358268"},{"taxonomy":"post_tag","embeddable":true,"href":"https:\/\/www.intoscana.it\/it\/wp-json\/wp\/v2\/tags?post=358268"}],"curies":[{"name":"wp","href":"https:\/\/api.w.org\/{rel}","templated":true}]}}