{"id":358303,"date":"2024-09-30T10:48:45","date_gmt":"2024-09-30T08:48:45","guid":{"rendered":"https:\/\/www.intoscana.it\/it\/?p=358303"},"modified":"2024-09-30T10:48:45","modified_gmt":"2024-09-30T08:48:45","slug":"coppa-del-mondo-di-pattinaggio-a-prato-brillano-gli-atleti-e-le-atlete-toscane","status":"publish","type":"post","link":"https:\/\/www.intoscana.it\/it\/coppa-del-mondo-di-pattinaggio-a-prato-brillano-gli-atleti-e-le-atlete-toscane\/","title":{"rendered":"Coppa del mondo di pattinaggio a Prato, brillano gli atleti e le atlete toscane"},"content":{"rendered":"<p>Pioggia di medaglie per gli <strong>atleti e le atlete toscane<\/strong> alla <strong>Coppa del Mondo<\/strong> di pattinaggio\u00a0artistico, specialit\u00e0 obbligatoria, andata in scena lo scorso fine settimana al Pala Kobilica di <strong>Prato<\/strong>. La nazionale italiana ha dominato, praticamente, in tutte le categorie: cadetti, jeunesse, junior e senior, salendo sempre sul podio.<\/p>\n<p>La tre giorni di pattinaggio pratese \u00e8 partita subito con il botto: per l&#8217;Italia sono arrivate tre medaglie d&#8217;oro: una nel femminile e due nel maschile. A rendere ancora pi\u00f9 speciale l&#8217;evento \u00e8 stato il fatto che due titoli mondiali sono andati ad altrettanti atleti delle societ\u00e0 che hanno organizzato la manifestazione: Primavera Prato e Dlf Pistoia. Il primo boato al PalaKobilica \u00e8 arrivato per festeggiare il titolo mondiale di <strong>Mattia Danesi<\/strong>, nella categoria Cadetti maschili. Il portacolori azzurro che milita nella Primavera Prato \u00e8 salito sul gradino pi\u00f9 alto del podio mettendosi alle spalle i rivali del team Usa. Una prestazione perfetta quella messa in pista dall&#8217;atleta pratese che ha cos\u00ec conquistato la competizione pi\u00f9 importante della sua giovane carriera. Il secondo boato nel palazzetto dello sport di Prato \u00e8 arrivato durante la prova Jeunesse maschile. Qui a vincere \u00e8 stato il pistoiese <strong>Nicola Cervellera<\/strong>, portacolori del Dlf, che si \u00e8 messo alle spalle i due pattinatori argentini.<\/p>\n<figure id=\"post-358342 media-358342\" class=\"align-none\"><img decoding=\"async\" src=\"https:\/\/www.intoscana.it\/wp-content\/uploads\/pattinaggio-prato-4.jpg\" alt=\"\" \/><\/figure>\n<div class=\"titleimg\">\u00a9 FISR<\/div>\n<p>La giornata si \u00e8 chiusa con l\u2019oro della livornese<strong> Anna Grossi,<\/strong> Pattinaggio La Stella, classe 2010, al primo anno nella categoria Cadetti femminile ha tenuto testa ad altre 19 avversarie eseguendo quattro\u00a0esercizi di altissimo livello che le hanno permesso di salire sul gradino pi\u00f9 alto del podio, a cui si aggiunge il sesto posto ottenuto dalla pratese <strong>Angela Maria Costantino<\/strong>.<\/p>\n<p>Nel secondo giorno di gare ha brillato la stella di <strong>Aurora Bacciottini<\/strong>, pattinatrice della Polisportiva Olimpia di Colle Val d\u2019Elsa che si \u00e8 distinta classificandosi<strong>\u00a0<\/strong>prima\u00a0nella\u00a0categoria jeunesse, bronzo per l\u2019atleta della Dlf Pistoia <strong>Sara Pieracci<\/strong>.<\/p>\n<p><strong>Desir\u00e8e Cocchi<\/strong> nella categoria senior ha centra la medaglia d&#8217;argento. Una prova tutta di qualit\u00e0, precisione e tecnica quella messa in pista dalla portacolori della nazionale azzurra che ha chiuso con un punteggio di 115.800 punti, chiudendo davanti ad Alina de Silva, rappresentante della Germania. L&#8217;unica a sopravanzare Cocchi \u00e8 stata la compagna di nazionale, Ilaria Beretti che cos\u00ec si \u00e8 assicurata l&#8217;oro e la vittoria di categoria della Coppa del Mondo.<\/p>\n<figure id=\"post-358340 media-358340\" class=\"align-none\"><img decoding=\"async\" src=\"https:\/\/www.intoscana.it\/wp-content\/uploads\/pattinaggio-prato-2.jpg\" alt=\"\" \/><\/figure>\n<div class=\"titleimg\">\u00a9 FISR<\/div>\n<p>Un\u2019altra bella soddisfazione per il pattinaggio artistico italiano e, soprattutto,\u00a0<strong>per il DLF Pistoia<\/strong> \u00e8 stato l\u2019oro di<strong> Federico Buracchi,<\/strong>\u00a0che ha avuto accesso alla manifestazione iridata dopo aver vinto\u00a0<strong>il campionato italiano<\/strong>. Il pistoiese ha beffato per alcuni decimi di turno un altro pattinatore toscano, <strong>Luca Innocenti<\/strong> della Firenze Oltrarno.<\/p>\n<p>In ambito junior l\u2019altra atleta della Firenze Oltrarno, <strong>Diletta Rocchi<\/strong> ha vinto la medaglia d\u2019argento dietro solo ad un\u2019altra azzurra Sara Dinoi.<\/p>\n<p>Tra gli ultimi a scendere in pista \u00e8 stato <strong>Niccol\u00f2 Mariotti<\/strong> nella categoria Junior maschile. E anche qui si \u00e8 sfiorato il colpaccio visto che l&#8217;atleta della Primavera Prato ha chiuso in quarta piazza a un soffio dalle medaglie. A vincere il titolo \u00e8 stata ancora una volta l&#8217;Italia con Andrea Zazzaroni, seguita sul podio da Usa e dal Brasile.<\/p>\n<figure id=\"post-358339 media-358339\" class=\"align-none\"><img decoding=\"async\" src=\"https:\/\/www.intoscana.it\/wp-content\/uploads\/pattinaggio-prato-1.jpg\" alt=\"\" \/><\/figure>\n<div class=\"titleimg\">\u00a9 FISR<\/div>\n<p>Si chiude cos\u00ec, con una pioggia di medaglie e di piazzamenti importanti, la Coppa del Mondo organizzata dalla Primavera Prato, in collaborazione col Dlf Pistoia, al palazzetto dello sport PalaKobilica. Una manifestazione incentrata sugli obbligatori, <strong>58 esercizi tecnici<\/strong>, che si sviluppano su un percorso uguale per tutti, e fra i quali gli aspiranti al titolo hanno potuto scegliere. Un evento che ha richiamato a Prato atleti da tutto il mondo: \u201c<em>Ospitare a Prato, nella nostra citt\u00e0 dove ogni giorno ci alleniamo, la Coppa del Mondo \u00e8 stata un&#8217;esperienza fantastica, unica<\/em> \u2013 ha commentato <strong>Marina Magelli<\/strong>, presidente della Primavera Prato -. <em>Un momento reso ancora pi\u00f9 speciale anche dai risultati dei nostri ragazzi\u201d.<\/em><\/p>\n","protected":false},"excerpt":{"rendered":"<p>Ad avere la meglio tra i partecipanti provenienti da tutto il mondo \u00e8 proprio la nazionale italiana che ha dominato in tutte le categorie<\/p>\n","protected":false},"author":507,"featured_media":358341,"comment_status":"open","ping_status":"open","sticky":false,"template":"","format":"standard","meta":{"_acf_changed":false,"footnotes":""},"categories":[494],"tags":[6781,259,159],"class_list":["post-358303","post","type-post","status-publish","format-standard","has-post-thumbnail","hentry","category-attualita","tag-pattinaggio","tag-prato","tag-sport"],"acf":[],"yoast_head":"<!-- This site is optimized with the Yoast SEO Premium plugin v24.2 (Yoast SEO v25.6) - https:\/\/yoast.com\/wordpress\/plugins\/seo\/ -->\n<title>Coppa del mondo di pattinaggio a Prato, brillano gli atleti e le atlete toscane - intoscana<\/title>\n<meta name=\"robots\" content=\"index, follow, max-snippet:-1, max-image-preview:large, max-video-preview:-1\" \/>\n<link rel=\"canonical\" href=\"https:\/\/www.intoscana.it\/it\/coppa-del-mondo-di-pattinaggio-a-prato-brillano-gli-atleti-e-le-atlete-toscane\/\" \/>\n<meta property=\"og:locale\" content=\"it_IT\" \/>\n<meta property=\"og:type\" content=\"article\" \/>\n<meta property=\"og:title\" content=\"Coppa del mondo di pattinaggio a Prato, brillano gli atleti e le atlete toscane\" \/>\n<meta property=\"og:description\" content=\"Ad avere la meglio tra i partecipanti provenienti da tutto il mondo \u00e8 proprio la nazionale italiana che ha dominato in tutte le categorie\" \/>\n<meta property=\"og:url\" content=\"https:\/\/www.intoscana.it\/it\/coppa-del-mondo-di-pattinaggio-a-prato-brillano-gli-atleti-e-le-atlete-toscane\/\" \/>\n<meta property=\"og:site_name\" content=\"intoscana\" \/>\n<meta property=\"article:publisher\" content=\"https:\/\/www.facebook.com\/intoscana.it\" \/>\n<meta property=\"article:published_time\" content=\"2024-09-30T08:48:45+00:00\" \/>\n<meta property=\"og:image\" content=\"https:\/\/www.intoscana.it\/wp-content\/uploads\/pattinaggio-prato-3.jpg\" \/>\n\t<meta property=\"og:image:width\" content=\"1024\" \/>\n\t<meta property=\"og:image:height\" content=\"682\" \/>\n\t<meta property=\"og:image:type\" content=\"image\/jpeg\" \/>\n<meta name=\"author\" content=\"Chiara Bianchini\" \/>\n<meta name=\"twitter:card\" content=\"summary_large_image\" \/>\n<meta name=\"twitter:creator\" content=\"@intoscana\" \/>\n<meta name=\"twitter:site\" content=\"@intoscana\" \/>\n<meta name=\"twitter:label1\" content=\"Written by\" \/>\n\t<meta name=\"twitter:data1\" content=\"Chiara Bianchini\" \/>\n\t<meta name=\"twitter:label2\" content=\"Est. reading time\" \/>\n\t<meta name=\"twitter:data2\" content=\"5 minuti\" \/>\n<script type=\"application\/ld+json\" class=\"yoast-schema-graph\">{\"@context\":\"https:\/\/schema.org\",\"@graph\":[{\"@type\":\"WebPage\",\"@id\":\"https:\/\/www.intoscana.it\/it\/coppa-del-mondo-di-pattinaggio-a-prato-brillano-gli-atleti-e-le-atlete-toscane\/\",\"url\":\"https:\/\/www.intoscana.it\/it\/coppa-del-mondo-di-pattinaggio-a-prato-brillano-gli-atleti-e-le-atlete-toscane\/\",\"name\":\"Coppa del mondo di pattinaggio a Prato, brillano gli atleti e le atlete toscane - intoscana\",\"isPartOf\":{\"@id\":\"https:\/\/www.intoscana.it\/it\/#website\"},\"primaryImageOfPage\":{\"@id\":\"https:\/\/www.intoscana.it\/it\/coppa-del-mondo-di-pattinaggio-a-prato-brillano-gli-atleti-e-le-atlete-toscane\/#primaryimage\"},\"image\":{\"@id\":\"https:\/\/www.intoscana.it\/it\/coppa-del-mondo-di-pattinaggio-a-prato-brillano-gli-atleti-e-le-atlete-toscane\/#primaryimage\"},\"thumbnailUrl\":\"https:\/\/www.intoscana.it\/wp-content\/uploads\/pattinaggio-prato-3.jpg\",\"datePublished\":\"2024-09-30T08:48:45+00:00\",\"author\":{\"@id\":\"https:\/\/www.intoscana.it\/it\/#\/schema\/person\/010af92117f50561886339ad5b873a41\"},\"breadcrumb\":{\"@id\":\"https:\/\/www.intoscana.it\/it\/coppa-del-mondo-di-pattinaggio-a-prato-brillano-gli-atleti-e-le-atlete-toscane\/#breadcrumb\"},\"inLanguage\":\"it-IT\",\"potentialAction\":[{\"@type\":\"ReadAction\",\"target\":[\"https:\/\/www.intoscana.it\/it\/coppa-del-mondo-di-pattinaggio-a-prato-brillano-gli-atleti-e-le-atlete-toscane\/\"]}]},{\"@type\":\"ImageObject\",\"inLanguage\":\"it-IT\",\"@id\":\"https:\/\/www.intoscana.it\/it\/coppa-del-mondo-di-pattinaggio-a-prato-brillano-gli-atleti-e-le-atlete-toscane\/#primaryimage\",\"url\":\"https:\/\/www.intoscana.it\/wp-content\/uploads\/pattinaggio-prato-3.jpg\",\"contentUrl\":\"https:\/\/www.intoscana.it\/wp-content\/uploads\/pattinaggio-prato-3.jpg\",\"width\":1024,\"height\":682},{\"@type\":\"BreadcrumbList\",\"@id\":\"https:\/\/www.intoscana.it\/it\/coppa-del-mondo-di-pattinaggio-a-prato-brillano-gli-atleti-e-le-atlete-toscane\/#breadcrumb\",\"itemListElement\":[{\"@type\":\"ListItem\",\"position\":1,\"name\":\"Home\",\"item\":\"https:\/\/www.intoscana.it\/it\/\"},{\"@type\":\"ListItem\",\"position\":2,\"name\":\"Coppa del mondo di pattinaggio a Prato, brillano gli atleti e le atlete toscane\"}]},{\"@type\":\"WebSite\",\"@id\":\"https:\/\/www.intoscana.it\/it\/#website\",\"url\":\"https:\/\/www.intoscana.it\/it\/\",\"name\":\"intoscana\",\"description\":\"\",\"potentialAction\":[{\"@type\":\"SearchAction\",\"target\":{\"@type\":\"EntryPoint\",\"urlTemplate\":\"https:\/\/www.intoscana.it\/it\/?s={search_term_string}\"},\"query-input\":{\"@type\":\"PropertyValueSpecification\",\"valueRequired\":true,\"valueName\":\"search_term_string\"}}],\"inLanguage\":\"it-IT\"},{\"@type\":\"Person\",\"@id\":\"https:\/\/www.intoscana.it\/it\/#\/schema\/person\/010af92117f50561886339ad5b873a41\",\"name\":\"Chiara Bianchini\",\"sameAs\":[\"c.bianchini@fst.it\"],\"url\":\"https:\/\/www.intoscana.it\/it\/author\/chiara-bianchini\/\"}]}<\/script>\n<!-- \/ Yoast SEO Premium plugin. -->","yoast_head_json":{"title":"Coppa del mondo di pattinaggio a Prato, brillano gli atleti e le atlete toscane - intoscana","robots":{"index":"index","follow":"follow","max-snippet":"max-snippet:-1","max-image-preview":"max-image-preview:large","max-video-preview":"max-video-preview:-1"},"canonical":"https:\/\/www.intoscana.it\/it\/coppa-del-mondo-di-pattinaggio-a-prato-brillano-gli-atleti-e-le-atlete-toscane\/","og_locale":"it_IT","og_type":"article","og_title":"Coppa del mondo di pattinaggio a Prato, brillano gli atleti e le atlete toscane","og_description":"Ad avere la meglio tra i partecipanti provenienti da tutto il mondo \u00e8 proprio la nazionale italiana che ha dominato in tutte le categorie","og_url":"https:\/\/www.intoscana.it\/it\/coppa-del-mondo-di-pattinaggio-a-prato-brillano-gli-atleti-e-le-atlete-toscane\/","og_site_name":"intoscana","article_publisher":"https:\/\/www.facebook.com\/intoscana.it","article_published_time":"2024-09-30T08:48:45+00:00","og_image":[{"width":1024,"height":682,"url":"https:\/\/www.intoscana.it\/wp-content\/uploads\/pattinaggio-prato-3.jpg","type":"image\/jpeg"}],"author":"Chiara Bianchini","twitter_card":"summary_large_image","twitter_creator":"@intoscana","twitter_site":"@intoscana","twitter_misc":{"Written by":"Chiara Bianchini","Est. reading time":"5 minuti"},"schema":{"@context":"https:\/\/schema.org","@graph":[{"@type":"WebPage","@id":"https:\/\/www.intoscana.it\/it\/coppa-del-mondo-di-pattinaggio-a-prato-brillano-gli-atleti-e-le-atlete-toscane\/","url":"https:\/\/www.intoscana.it\/it\/coppa-del-mondo-di-pattinaggio-a-prato-brillano-gli-atleti-e-le-atlete-toscane\/","name":"Coppa del mondo di pattinaggio a Prato, brillano gli atleti e le atlete toscane - intoscana","isPartOf":{"@id":"https:\/\/www.intoscana.it\/it\/#website"},"primaryImageOfPage":{"@id":"https:\/\/www.intoscana.it\/it\/coppa-del-mondo-di-pattinaggio-a-prato-brillano-gli-atleti-e-le-atlete-toscane\/#primaryimage"},"image":{"@id":"https:\/\/www.intoscana.it\/it\/coppa-del-mondo-di-pattinaggio-a-prato-brillano-gli-atleti-e-le-atlete-toscane\/#primaryimage"},"thumbnailUrl":"https:\/\/www.intoscana.it\/wp-content\/uploads\/pattinaggio-prato-3.jpg","datePublished":"2024-09-30T08:48:45+00:00","author":{"@id":"https:\/\/www.intoscana.it\/it\/#\/schema\/person\/010af92117f50561886339ad5b873a41"},"breadcrumb":{"@id":"https:\/\/www.intoscana.it\/it\/coppa-del-mondo-di-pattinaggio-a-prato-brillano-gli-atleti-e-le-atlete-toscane\/#breadcrumb"},"inLanguage":"it-IT","potentialAction":[{"@type":"ReadAction","target":["https:\/\/www.intoscana.it\/it\/coppa-del-mondo-di-pattinaggio-a-prato-brillano-gli-atleti-e-le-atlete-toscane\/"]}]},{"@type":"ImageObject","inLanguage":"it-IT","@id":"https:\/\/www.intoscana.it\/it\/coppa-del-mondo-di-pattinaggio-a-prato-brillano-gli-atleti-e-le-atlete-toscane\/#primaryimage","url":"https:\/\/www.intoscana.it\/wp-content\/uploads\/pattinaggio-prato-3.jpg","contentUrl":"https:\/\/www.intoscana.it\/wp-content\/uploads\/pattinaggio-prato-3.jpg","width":1024,"height":682},{"@type":"BreadcrumbList","@id":"https:\/\/www.intoscana.it\/it\/coppa-del-mondo-di-pattinaggio-a-prato-brillano-gli-atleti-e-le-atlete-toscane\/#breadcrumb","itemListElement":[{"@type":"ListItem","position":1,"name":"Home","item":"https:\/\/www.intoscana.it\/it\/"},{"@type":"ListItem","position":2,"name":"Coppa del mondo di pattinaggio a Prato, brillano gli atleti e le atlete toscane"}]},{"@type":"WebSite","@id":"https:\/\/www.intoscana.it\/it\/#website","url":"https:\/\/www.intoscana.it\/it\/","name":"intoscana","description":"","potentialAction":[{"@type":"SearchAction","target":{"@type":"EntryPoint","urlTemplate":"https:\/\/www.intoscana.it\/it\/?s={search_term_string}"},"query-input":{"@type":"PropertyValueSpecification","valueRequired":true,"valueName":"search_term_string"}}],"inLanguage":"it-IT"},{"@type":"Person","@id":"https:\/\/www.intoscana.it\/it\/#\/schema\/person\/010af92117f50561886339ad5b873a41","name":"Chiara Bianchini","sameAs":["c.bianchini@fst.it"],"url":"https:\/\/www.intoscana.it\/it\/author\/chiara-bianchini\/"}]}},"_links":{"self":[{"href":"https:\/\/www.intoscana.it\/it\/wp-json\/wp\/v2\/posts\/358303","targetHints":{"allow":["GET"]}}],"collection":[{"href":"https:\/\/www.intoscana.it\/it\/wp-json\/wp\/v2\/posts"}],"about":[{"href":"https:\/\/www.intoscana.it\/it\/wp-json\/wp\/v2\/types\/post"}],"author":[{"embeddable":true,"href":"https:\/\/www.intoscana.it\/it\/wp-json\/wp\/v2\/users\/507"}],"replies":[{"embeddable":true,"href":"https:\/\/www.intoscana.it\/it\/wp-json\/wp\/v2\/comments?post=358303"}],"version-history":[{"count":1,"href":"https:\/\/www.intoscana.it\/it\/wp-json\/wp\/v2\/posts\/358303\/revisions"}],"predecessor-version":[{"id":358346,"href":"https:\/\/www.intoscana.it\/it\/wp-json\/wp\/v2\/posts\/358303\/revisions\/358346"}],"wp:featuredmedia":[{"embeddable":true,"href":"https:\/\/www.intoscana.it\/it\/wp-json\/wp\/v2\/media\/358341"}],"wp:attachment":[{"href":"https:\/\/www.intoscana.it\/it\/wp-json\/wp\/v2\/media?parent=358303"}],"wp:term":[{"taxonomy":"category","embeddable":true,"href":"https:\/\/www.intoscana.it\/it\/wp-json\/wp\/v2\/categories?post=358303"},{"taxonomy":"post_tag","embeddable":true,"href":"https:\/\/www.intoscana.it\/it\/wp-json\/wp\/v2\/tags?post=358303"}],"curies":[{"name":"wp","href":"https:\/\/api.w.org\/{rel}","templated":true}]}}