{"id":358448,"date":"2024-09-30T15:16:08","date_gmt":"2024-09-30T13:16:08","guid":{"rendered":"https:\/\/www.intoscana.it\/it\/?p=358448"},"modified":"2024-09-30T15:23:07","modified_gmt":"2024-09-30T13:23:07","slug":"fiera-toscana-del-lavoro-fortezza","status":"publish","type":"post","link":"https:\/\/www.intoscana.it\/it\/fiera-toscana-del-lavoro-fortezza\/","title":{"rendered":"Firenze, in Fortezza la terza edizione della Fiera Toscana del Lavoro per far incontrare cittadini e aziende"},"content":{"rendered":"<p><mark>100 le aziende presenti, 8200 le candidature gi\u00e0 inoltrate, oltre 400 le offerte di lavoro per 800 posti di lavoro disponibili <\/mark>. Sono questi i numeri, ad oggi, della <strong>Fiera Toscana del Lavoro<\/strong>, evento di Regione Toscana e Agenzia regionale toscana per l\u2019impiego che fa incontrare direttamente cittadine e cittadini in cerca di occupazione e aziende in cerca di personale.<\/p>\n<p>La fiera, giunta alla sua terza edizione, si terr\u00e0 alla <strong>Fortezza da Basso<\/strong> a Firenze dall<strong>\u20198 al 10 ottobre<\/strong> ma, novit\u00e0 di quest&#8217;anno, la <strong>formula diffusa:<\/strong> la manifestazione si terr\u00e0 anche nei Centri dell\u2019impiego di tutta la regione nelle giornate di luned\u00ec 7 e venerd\u00ec 11 ottobre in tutta la Toscana: sono gi\u00e0 332 candidature inviate per la Fiera diffusa, una ventina le aziende, 28 le offerte per 60 posti disponibili. Nella tre giorni non mancheranno convegni, dibattiti, seminari informativi e formativi rivolti alle persone in cerca di occupazione, alle aziende, alle addette e agli addetti ai lavori.<\/p>\n<p>\u201cGli ottimi risultati delle precedenti edizioni ci hanno portato ad arricchire la Fiere diffondendola in tutta la Toscana&#8221;, ha spiegato il presidente della Regione Toscana <strong>Eugenio Giani.<\/strong> &#8220;Con la Fiera &#8211; ha aggiunto &#8211; da un lato rendiamo ancora pi\u00f9 visibile l\u2019impegno che la Regione e Arti mettono quotidianamente in campo per <mark>contrastare il disallineamento tra domanda e offerta di lavoro <\/mark>, dall\u2019altro puntiamo a far conoscere sempre di pi\u00f9 i servizi pubblici per l\u2019impiego che in questi anni abbiamo potenziato costruendo una rete capillare di circa 80 punti di accesso, tra Cpi e sportelli decentrati, e arrivando a quasi 1000 operatori\u201d.<\/p>\n<p>Con il presidente, l\u2019assessora alla formazione professionale e al lavoro <strong>Alessandra Nardini<\/strong> che ha cos\u00ec commentato i numeri (le aziende presenti, le offerte di lavoro e le candidature gi\u00e0 arrivate): \u201cE&#8217; gi\u00e0 un grande successo che d\u00e0 ulteriore dimostrazione degli sforzi compiuti in questi anni su formazione e politiche attive del lavoro, anche attraverso la concertazione con le parti sociali. Tutto questo \u00e8 reso possibile grazie al rafforzamento della nostra rete regionale dei Centri per l&#8217;Impiego diventata sempre pi\u00f9 punto di riferimento per superare il cosiddetto skill mismatch, il disallineamento di competenze, migliorando l\u2019incrocio tra domanda e offerta, e promuovendo buona occupazione, stabile, sicura e giustamente retribuita\u201d.<\/p>\n<h3>Come partecipare alla Fiera<\/h3>\n<p>Gi\u00e0 da alcune settimane candidate e candidati \u00e8 possibile inviare il proprio curriculum sulla piattaforma <a href=\"http:\/\/fieratoscanadellavoro.it\">fieratoscanadellavoro.it<\/a>, grazie al quale Arti proceder\u00e0 ad una prima preselezione. Nei giorni della Fiera le aziende avranno <strong>spazi dedicati<\/strong> per gli incontri mirati alle posizione ricercate.<\/p>\n<p>Allo stesso tempo operatrici e operatori della rete di Arti saranno a disposizione per svolgere colloqui informativi e di orientamento, e far conoscere le misure messe in campo dalla Regione sul fronte delle politiche attive, tra cui i numerosi <strong>percorsi formativi di riqualificazione professionale<\/strong> e aggiornamento di competenze. E&#8217; ancora possibile candidarsi alla preselezione realizzata da Arti, consultando le offerte in continuo aggiornamento sul <a href=\"https:\/\/www.fieratoscanalavoro.it\/\">sito web<\/a> della Fiera.<\/p>\n<h3>Le aziende presenti<\/h3>\n<p>Le societ\u00e0 e le imprese che hanno gi\u00e0 aderito sono attive nei principali settori dell&#8217;economia toscana. Presenti anche realt\u00e0 aziendali di livello nazionale ed internazionale tra le pi\u00f9 dinamiche del sistema produttivo.<\/p>\n","protected":false},"excerpt":{"rendered":"<p>La manifestazione, organizzata da Regione e Arti, \u00e8 in programma dall&#8217;8 al 10 ottobre. Quest&#8217;anno si svolger\u00e0 anche in modalit\u00e0 diffusa nei Centri dell\u2019impiego della regione. Finora oltre 8500 candidature, 120 aziende, quasi 900 posti di lavoro ricercati<\/p>\n","protected":false},"author":503,"featured_media":358478,"comment_status":"open","ping_status":"open","sticky":false,"template":"","format":"standard","meta":{"_acf_changed":false,"footnotes":""},"categories":[494],"tags":[211,388,260,6094],"class_list":["post-358448","post","type-post","status-publish","format-standard","has-post-thumbnail","hentry","category-attualita","tag-economia","tag-eventi-a-firenze","tag-lavoro","tag-occupazione"],"acf":[],"yoast_head":"<!-- This site is optimized with the Yoast SEO Premium plugin v24.2 (Yoast SEO v25.6) - https:\/\/yoast.com\/wordpress\/plugins\/seo\/ -->\n<title>Firenze, in Fortezza la terza edizione della Fiera Toscana del Lavoro per far incontrare cittadini e aziende - intoscana<\/title>\n<meta name=\"description\" content=\"E&#039; in programma dall&#039;8 al 10 ottobre: finora oltre 8500 candidature, 120 aziende, quasi 900 posti di lavoro ricercati\" \/>\n<meta name=\"robots\" content=\"index, follow, max-snippet:-1, max-image-preview:large, max-video-preview:-1\" \/>\n<link rel=\"canonical\" href=\"https:\/\/www.intoscana.it\/it\/fiera-toscana-del-lavoro-fortezza\/\" \/>\n<meta property=\"og:locale\" content=\"it_IT\" \/>\n<meta property=\"og:type\" content=\"article\" \/>\n<meta property=\"og:title\" content=\"Firenze, in Fortezza la terza edizione della Fiera Toscana del Lavoro per far incontrare cittadini e aziende\" \/>\n<meta property=\"og:description\" content=\"E&#039; in programma dall&#039;8 al 10 ottobre: finora oltre 8500 candidature, 120 aziende, quasi 900 posti di lavoro ricercati\" \/>\n<meta property=\"og:url\" content=\"https:\/\/www.intoscana.it\/it\/fiera-toscana-del-lavoro-fortezza\/\" \/>\n<meta property=\"og:site_name\" content=\"intoscana\" \/>\n<meta property=\"article:publisher\" content=\"https:\/\/www.facebook.com\/intoscana.it\" \/>\n<meta property=\"article:published_time\" content=\"2024-09-30T13:16:08+00:00\" \/>\n<meta property=\"article:modified_time\" content=\"2024-09-30T13:23:07+00:00\" \/>\n<meta property=\"og:image\" content=\"https:\/\/www.intoscana.it\/wp-content\/uploads\/Cerco-e-offro-lavoro.jpg\" \/>\n\t<meta property=\"og:image:width\" content=\"1280\" \/>\n\t<meta property=\"og:image:height\" content=\"853\" \/>\n\t<meta property=\"og:image:type\" content=\"image\/jpeg\" \/>\n<meta name=\"author\" content=\"Giulia Rafanelli\" \/>\n<meta name=\"twitter:card\" content=\"summary_large_image\" \/>\n<meta name=\"twitter:creator\" content=\"@intoscana\" \/>\n<meta name=\"twitter:site\" content=\"@intoscana\" \/>\n<meta name=\"twitter:label1\" content=\"Written by\" \/>\n\t<meta name=\"twitter:data1\" content=\"Giulia Rafanelli\" \/>\n\t<meta name=\"twitter:label2\" content=\"Est. reading time\" \/>\n\t<meta name=\"twitter:data2\" content=\"3 minuti\" \/>\n<script type=\"application\/ld+json\" class=\"yoast-schema-graph\">{\"@context\":\"https:\/\/schema.org\",\"@graph\":[{\"@type\":\"WebPage\",\"@id\":\"https:\/\/www.intoscana.it\/it\/fiera-toscana-del-lavoro-fortezza\/\",\"url\":\"https:\/\/www.intoscana.it\/it\/fiera-toscana-del-lavoro-fortezza\/\",\"name\":\"Firenze, in Fortezza la terza edizione della Fiera Toscana del Lavoro per far incontrare cittadini e aziende - intoscana\",\"isPartOf\":{\"@id\":\"https:\/\/www.intoscana.it\/it\/#website\"},\"primaryImageOfPage\":{\"@id\":\"https:\/\/www.intoscana.it\/it\/fiera-toscana-del-lavoro-fortezza\/#primaryimage\"},\"image\":{\"@id\":\"https:\/\/www.intoscana.it\/it\/fiera-toscana-del-lavoro-fortezza\/#primaryimage\"},\"thumbnailUrl\":\"https:\/\/www.intoscana.it\/wp-content\/uploads\/Cerco-e-offro-lavoro.jpg\",\"datePublished\":\"2024-09-30T13:16:08+00:00\",\"dateModified\":\"2024-09-30T13:23:07+00:00\",\"author\":{\"@id\":\"https:\/\/www.intoscana.it\/it\/#\/schema\/person\/333569b367b301e30262defcea56c939\"},\"description\":\"E' in programma dall'8 al 10 ottobre: finora oltre 8500 candidature, 120 aziende, quasi 900 posti di lavoro ricercati\",\"breadcrumb\":{\"@id\":\"https:\/\/www.intoscana.it\/it\/fiera-toscana-del-lavoro-fortezza\/#breadcrumb\"},\"inLanguage\":\"it-IT\",\"potentialAction\":[{\"@type\":\"ReadAction\",\"target\":[\"https:\/\/www.intoscana.it\/it\/fiera-toscana-del-lavoro-fortezza\/\"]}]},{\"@type\":\"ImageObject\",\"inLanguage\":\"it-IT\",\"@id\":\"https:\/\/www.intoscana.it\/it\/fiera-toscana-del-lavoro-fortezza\/#primaryimage\",\"url\":\"https:\/\/www.intoscana.it\/wp-content\/uploads\/Cerco-e-offro-lavoro.jpg\",\"contentUrl\":\"https:\/\/www.intoscana.it\/wp-content\/uploads\/Cerco-e-offro-lavoro.jpg\",\"width\":1280,\"height\":853,\"caption\":\"Cerco e offro lavoro\"},{\"@type\":\"BreadcrumbList\",\"@id\":\"https:\/\/www.intoscana.it\/it\/fiera-toscana-del-lavoro-fortezza\/#breadcrumb\",\"itemListElement\":[{\"@type\":\"ListItem\",\"position\":1,\"name\":\"Home\",\"item\":\"https:\/\/www.intoscana.it\/it\/\"},{\"@type\":\"ListItem\",\"position\":2,\"name\":\"Firenze, in Fortezza la terza edizione della Fiera Toscana del Lavoro per far incontrare cittadini e aziende\"}]},{\"@type\":\"WebSite\",\"@id\":\"https:\/\/www.intoscana.it\/it\/#website\",\"url\":\"https:\/\/www.intoscana.it\/it\/\",\"name\":\"intoscana\",\"description\":\"\",\"potentialAction\":[{\"@type\":\"SearchAction\",\"target\":{\"@type\":\"EntryPoint\",\"urlTemplate\":\"https:\/\/www.intoscana.it\/it\/?s={search_term_string}\"},\"query-input\":{\"@type\":\"PropertyValueSpecification\",\"valueRequired\":true,\"valueName\":\"search_term_string\"}}],\"inLanguage\":\"it-IT\"},{\"@type\":\"Person\",\"@id\":\"https:\/\/www.intoscana.it\/it\/#\/schema\/person\/333569b367b301e30262defcea56c939\",\"name\":\"Giulia Rafanelli\",\"url\":\"https:\/\/www.intoscana.it\/it\/author\/giulia-rafanelli\/\"}]}<\/script>\n<!-- \/ Yoast SEO Premium plugin. -->","yoast_head_json":{"title":"Firenze, in Fortezza la terza edizione della Fiera Toscana del Lavoro per far incontrare cittadini e aziende - intoscana","description":"E' in programma dall'8 al 10 ottobre: finora oltre 8500 candidature, 120 aziende, quasi 900 posti di lavoro ricercati","robots":{"index":"index","follow":"follow","max-snippet":"max-snippet:-1","max-image-preview":"max-image-preview:large","max-video-preview":"max-video-preview:-1"},"canonical":"https:\/\/www.intoscana.it\/it\/fiera-toscana-del-lavoro-fortezza\/","og_locale":"it_IT","og_type":"article","og_title":"Firenze, in Fortezza la terza edizione della Fiera Toscana del Lavoro per far incontrare cittadini e aziende","og_description":"E' in programma dall'8 al 10 ottobre: finora oltre 8500 candidature, 120 aziende, quasi 900 posti di lavoro ricercati","og_url":"https:\/\/www.intoscana.it\/it\/fiera-toscana-del-lavoro-fortezza\/","og_site_name":"intoscana","article_publisher":"https:\/\/www.facebook.com\/intoscana.it","article_published_time":"2024-09-30T13:16:08+00:00","article_modified_time":"2024-09-30T13:23:07+00:00","og_image":[{"width":1280,"height":853,"url":"https:\/\/www.intoscana.it\/wp-content\/uploads\/Cerco-e-offro-lavoro.jpg","type":"image\/jpeg"}],"author":"Giulia Rafanelli","twitter_card":"summary_large_image","twitter_creator":"@intoscana","twitter_site":"@intoscana","twitter_misc":{"Written by":"Giulia Rafanelli","Est. reading time":"3 minuti"},"schema":{"@context":"https:\/\/schema.org","@graph":[{"@type":"WebPage","@id":"https:\/\/www.intoscana.it\/it\/fiera-toscana-del-lavoro-fortezza\/","url":"https:\/\/www.intoscana.it\/it\/fiera-toscana-del-lavoro-fortezza\/","name":"Firenze, in Fortezza la terza edizione della Fiera Toscana del Lavoro per far incontrare cittadini e aziende - intoscana","isPartOf":{"@id":"https:\/\/www.intoscana.it\/it\/#website"},"primaryImageOfPage":{"@id":"https:\/\/www.intoscana.it\/it\/fiera-toscana-del-lavoro-fortezza\/#primaryimage"},"image":{"@id":"https:\/\/www.intoscana.it\/it\/fiera-toscana-del-lavoro-fortezza\/#primaryimage"},"thumbnailUrl":"https:\/\/www.intoscana.it\/wp-content\/uploads\/Cerco-e-offro-lavoro.jpg","datePublished":"2024-09-30T13:16:08+00:00","dateModified":"2024-09-30T13:23:07+00:00","author":{"@id":"https:\/\/www.intoscana.it\/it\/#\/schema\/person\/333569b367b301e30262defcea56c939"},"description":"E' in programma dall'8 al 10 ottobre: finora oltre 8500 candidature, 120 aziende, quasi 900 posti di lavoro ricercati","breadcrumb":{"@id":"https:\/\/www.intoscana.it\/it\/fiera-toscana-del-lavoro-fortezza\/#breadcrumb"},"inLanguage":"it-IT","potentialAction":[{"@type":"ReadAction","target":["https:\/\/www.intoscana.it\/it\/fiera-toscana-del-lavoro-fortezza\/"]}]},{"@type":"ImageObject","inLanguage":"it-IT","@id":"https:\/\/www.intoscana.it\/it\/fiera-toscana-del-lavoro-fortezza\/#primaryimage","url":"https:\/\/www.intoscana.it\/wp-content\/uploads\/Cerco-e-offro-lavoro.jpg","contentUrl":"https:\/\/www.intoscana.it\/wp-content\/uploads\/Cerco-e-offro-lavoro.jpg","width":1280,"height":853,"caption":"Cerco e offro lavoro"},{"@type":"BreadcrumbList","@id":"https:\/\/www.intoscana.it\/it\/fiera-toscana-del-lavoro-fortezza\/#breadcrumb","itemListElement":[{"@type":"ListItem","position":1,"name":"Home","item":"https:\/\/www.intoscana.it\/it\/"},{"@type":"ListItem","position":2,"name":"Firenze, in Fortezza la terza edizione della Fiera Toscana del Lavoro per far incontrare cittadini e aziende"}]},{"@type":"WebSite","@id":"https:\/\/www.intoscana.it\/it\/#website","url":"https:\/\/www.intoscana.it\/it\/","name":"intoscana","description":"","potentialAction":[{"@type":"SearchAction","target":{"@type":"EntryPoint","urlTemplate":"https:\/\/www.intoscana.it\/it\/?s={search_term_string}"},"query-input":{"@type":"PropertyValueSpecification","valueRequired":true,"valueName":"search_term_string"}}],"inLanguage":"it-IT"},{"@type":"Person","@id":"https:\/\/www.intoscana.it\/it\/#\/schema\/person\/333569b367b301e30262defcea56c939","name":"Giulia Rafanelli","url":"https:\/\/www.intoscana.it\/it\/author\/giulia-rafanelli\/"}]}},"_links":{"self":[{"href":"https:\/\/www.intoscana.it\/it\/wp-json\/wp\/v2\/posts\/358448","targetHints":{"allow":["GET"]}}],"collection":[{"href":"https:\/\/www.intoscana.it\/it\/wp-json\/wp\/v2\/posts"}],"about":[{"href":"https:\/\/www.intoscana.it\/it\/wp-json\/wp\/v2\/types\/post"}],"author":[{"embeddable":true,"href":"https:\/\/www.intoscana.it\/it\/wp-json\/wp\/v2\/users\/503"}],"replies":[{"embeddable":true,"href":"https:\/\/www.intoscana.it\/it\/wp-json\/wp\/v2\/comments?post=358448"}],"version-history":[{"count":2,"href":"https:\/\/www.intoscana.it\/it\/wp-json\/wp\/v2\/posts\/358448\/revisions"}],"predecessor-version":[{"id":358482,"href":"https:\/\/www.intoscana.it\/it\/wp-json\/wp\/v2\/posts\/358448\/revisions\/358482"}],"wp:featuredmedia":[{"embeddable":true,"href":"https:\/\/www.intoscana.it\/it\/wp-json\/wp\/v2\/media\/358478"}],"wp:attachment":[{"href":"https:\/\/www.intoscana.it\/it\/wp-json\/wp\/v2\/media?parent=358448"}],"wp:term":[{"taxonomy":"category","embeddable":true,"href":"https:\/\/www.intoscana.it\/it\/wp-json\/wp\/v2\/categories?post=358448"},{"taxonomy":"post_tag","embeddable":true,"href":"https:\/\/www.intoscana.it\/it\/wp-json\/wp\/v2\/tags?post=358448"}],"curies":[{"name":"wp","href":"https:\/\/api.w.org\/{rel}","templated":true}]}}