{"id":358453,"date":"2024-09-30T15:13:18","date_gmt":"2024-09-30T13:13:18","guid":{"rendered":"https:\/\/www.intoscana.it\/it\/?p=358453"},"modified":"2024-09-30T15:13:18","modified_gmt":"2024-09-30T13:13:18","slug":"corpi-liberi-di-danzare-al-cango-torna-la-democrazia-di-virgilio-sieni","status":"publish","type":"post","link":"https:\/\/www.intoscana.it\/it\/corpi-liberi-di-danzare-al-cango-torna-la-democrazia-di-virgilio-sieni\/","title":{"rendered":"Corpi liberi di danzare: al Cango torna la &#8220;Democrazia&#8221; di Virgilio Sieni"},"content":{"rendered":"<p><strong>Dal 5 ottobre al 22 dicembre<\/strong> il teatro <strong>Cango di Firenze<\/strong> torna ad ospitare <strong><em>&#8220;La Democrazia del Corpo&#8221;<\/em><\/strong>, il festival a cura di <a href=\"http:\/\/www.virgiliosieni.it\/\" target=\"_blank\" rel=\"noopener\"><strong>Virgilio Sieni<\/strong> <\/a>che alterner\u00e0 <strong>performance di danza a dialoghi e incontri con filosofi, sociologi, antropologi.<\/strong><\/p>\n<p>Saranno ospiti <strong>artisti nazionali e internazionali<\/strong> tra i pi\u00f9 interessanti della scena contemporanea: Compagnia Enzo Cosimi, Claudia Catarzi, Camilla Monga e Federica Furlani, Zoo\/Thomas Hauert, Giorgia Lolli, Operabianco, Cristina Abati e Spartaco Cortesi, Collettivo Cinetico, Annamaria Ajmone, Ilenia Romano, Kinkaleri, Compagnia Virgilio Sieni.<\/p>\n<p>All\u2019interno della rassegna si inseriscono anche <strong>due proposte<\/strong> che vogliono aprire nuove riflessioni: <strong><em>Vivente. Festival sulla fragilit\u00e0 sorgiva,<\/em><\/strong> (1, 2 e 3 dicembre) una tre giorni dedicata alle persone fragili, in occasione della <strong>Giornata internazionale delle persone con disabilit\u00e0<\/strong>, proclamata nel 1981 con lo scopo di promuovere i diritti e il benessere dei disabili.<\/p>\n<p>Il convegno<strong><em> Abitare il museo. Il corpo dell\u2019arte <\/em><\/strong>che vuole investigare le <strong>nuove prassi di fruizione degli spazi museali<\/strong> e del patrimonio culturale nell\u2019ottica di un welfare culturale, luned\u00ec <strong>25 novembre<\/strong> (dalle 10 alle 17).<p><span class=\"citazione\">sostare col corpo \u00e8 una forma di accesso alla prossimit\u00e0 e alla vicinanza, equilibra il nostro essere per essere accolto dall\u2019ambiente. Ascoltare, frequentare, conoscere attraverso il corpo induce a sviluppare il senso di cura nei confronti degli altri e delle cose<\/span><\/p><\/p>\n<p>A questa giornata di studi, si affiancano due appuntamenti, a cura di Virgilio Sieni, in luoghi preziosi della citt\u00e0: sabato <strong>23 novembre<\/strong> (ore 17) al <strong>Cenacolo di Andrea del Sarto<\/strong> una Lezione sul gesto davanti all\u2019affresco con l\u2019Ultima Cena e al <strong>Museo di San Marco<\/strong> un progetto che esplora la risonanza tra il corpo e l\u2019opera d\u2019arte, il <strong>25 novembre<\/strong> (ore 20).<\/p>\n<p>Il <strong>13, 14 e 15 dicembre<\/strong> Cango ospiter\u00e0 inoltre la V edizione di <strong>Lucia Festival &#8211; Storie audio dal mondo.<\/strong><\/p>\n<p><strong>Virgilio Sieni ha dichiarato:<\/strong> &#8220;<em>Che importa chi parla, qualcuno ha detto, che importa chi parla. Come emerge chiaramente dalla citazione di Samuel Beckett, questo continuo cessare di sparire da parte dell\u2019autore, la singolarit\u00e0 della sua assenza, ci induce oggi, come ieri, ma oggi forse con pi\u00f9 urgenza, a stare col corpo. Questo sostare col corpo \u00e8 una forma di accesso alla prossimit\u00e0 e alla vicinanza, equilibra il nostro essere per essere accolto dall\u2019ambiente. Ascoltare, frequentare, conoscere attraverso il corpo induce a sviluppare il senso di cura nei confronti degli altri e delle cose. Importa recuperare allo stesso tempo la postura dell\u2019ascolto e le pratiche di osservazione secondo l\u2019atto della partecipazione. L\u2019invito che La democrazia del corpo rivolge \u00e8 sempre verso le forme di incontro attraverso il gesto. La democrazia del corpo include inoltre due contesti speculari che indagano alcune criticit\u00e0 del vivere in citt\u00e0 in questa epoca: apriremo una riflessione sull\u2019abitare i musei in relazione alla geografia emozionale dei cittadini e approfondiremo con Vivente \/ Festival sulla fragilit\u00e0 sorgiva la bellezza della mancanza e la disabilit\u00e0 come forma di vita.&#8221;<\/em><\/p>\n<figure id=\"post-358451 media-358451\" class=\"align-none\"><img decoding=\"async\" src=\"https:\/\/www.intoscana.it\/wp-content\/uploads\/8.-COLLETTIVO-CINETICO-_-age-_-ph.-Nikola-Blagojevic-_.jpg\" alt=\"\" \/><\/figure>\n<div class=\"titleimg\"><em>Collettivo cinetico, foto di Nikola Blagojevi\u0107\u00a0<\/em><\/div>\n<h3>Il programma degli spettacoli<\/h3>\n<p><strong>La Democrazia del Corpo<\/strong> prender\u00e0 il via <strong>sabato 5 e domenica 6 ottobre<\/strong> con <em><strong>&#8220;Venere vs Adone&#8221;<\/strong><\/em> nuova creazione della <strong>Compagnia Enzo Cosimi<\/strong> che approfondisce la sua ricerca concentrandosi sul celebre poema shakespeariano. In un percorso attraversato da linguaggi e media diversi,<strong> Cosimi rilegge la poetica del drammaturgo inglese<\/strong> focalizzandosi sulle due figure shakespeariane: <strong>Adone<\/strong> rappresentato emblematicamente da un corpo fit, \u00e8 ossessionato non pi\u00f9 dalla caccia, quanto dalla costruzione della sua macchina\/corpo sculturalizzata. Viceversa <strong>Venere \u00e8 una figura lacerata<\/strong> che cerca disperatamente di accenderne il desiderio.<\/p>\n<p><strong>Sabato 12 e domenica 13 ottobre<\/strong> in scena <strong>Claudia Catarzi<\/strong> con <strong><em>&#8220;14.610&#8221;<\/em> <\/strong>un\u2019astrazione, seppur molto concreta, di un tempo totalmente personale. Senza prendere ispirazione da niente che possa arrivare in salvo, senza appoggiarsi a rimandi di senso o storie gi\u00e0 scritte -eccetto ci\u00f2 che gi\u00e0, consciamente o inconsciamente, \u00e8 parte acquisita dalla vita. Invece stare con ci\u00f2 che resta, in una dimensione nuda, vulnerabile, forse inattraente. Eppure la cosa che ora mi interessa. L\u2019irresistibile attrazione indistinta per il popolare e l\u2019impopolare.<\/p>\n<p><strong>Sabato 19 e domenica 20 ottobre Camilla Monga<\/strong> presenta <strong><em>&#8220;Passage\/Paysage&#8221;<\/em><\/strong> uno spettacolo che presenta un immaginario in costante evoluzione, tra cambiamenti di prospettiva e ripetizione con la stessa Monga e Chiara Montalbani a interpretare due quadri distinti.<\/p>\n<p><strong>Venerd\u00ec 25 e sabato 26 ottobre<\/strong> sar\u00e0 protagonista nel suo nuovo solo lo svizzero <strong>Thomas Hauert<\/strong> che approfondir\u00e0 un processo creativo gi\u00e0 presente nelle sue ultime due creazioni: fare della psiche, delle emozioni e dell&#8217;inconscio la forza motrice del movimento. Il punto di partenza di<strong><em> Troglodyte<\/em> <\/strong>\u00e8 una sorta di complesso enigma psicologico, incentrato sull&#8217;esperienza della posizione dell\u2019outsider, di colui che non fa parte del gruppo, di colui che guarda dall&#8217;esterno.<\/p>\n<p><strong>Mercoled\u00ec 30 ottobre Giorgia Lolli<\/strong> presenta<strong><em> &#8220;Eat me&#8221;<\/em> <\/strong>una riflessione sul fare del corpo osservato. Le forme morbide delle due danzatrici delineano le curve di posture astratte: memorie dal topos del ritratto femminile sdraiato e gesti quotidiani disegnano immagini di una progressiva emancipazione dal pavimento, rimanendo sfacciatamente frontali ma celati.<\/p>\n<p><strong>Sabato 9 e domenica 10 novembre<em> &#8220;JUMP!&#8221;<\/em><\/strong> della compagnia<strong> Operabianco<\/strong> affronta il problema del ritmo dell\u2019uomo in dialogo con il ritmo del mondo. La danza \u00e8 la risposta a una domanda implicita nell\u2019ambiente che ci circonda: come continuare a camminare nonostante tutto stia crollando?<\/p>\n<p><strong>Mercoled\u00ec 13 novembre<\/strong> la performer Cristina Abati e il musicista e sound designer Spartaco Cortesi presentano <strong><em>&#8220;Dio-Ti-(A)ma&#8221;<\/em><\/strong> lavoro che esplora il tema della parola e del corpo. La parte sonora del lavoro \u00e8 realizzata usando solo la voce registrata e live della performer, con suoni dal vivo, registrati e campionamenti live.<\/p>\n<figure id=\"post-358445 media-358445\" class=\"align-none\"><img decoding=\"async\" src=\"https:\/\/www.intoscana.it\/wp-content\/uploads\/6.-OPERABIANCO-_-jump-_-ph.-Marco-Boschetti-1-scaled.jpg\" alt=\"\" \/><\/figure>\n<div class=\"titleimg\"><em>OPERABIANCO, JUMP!, foto di Marco Boschetti\u00a0<\/em><\/div>\n<p><strong>Sabato 16 e domenica 17 novembre<\/strong> arriva al Cango il <strong>Collettivo Cinetico<\/strong> che presenter\u00e0 un incandescente ritratto dell\u2019umano. <strong>Sul palco un gruppo di adolescenti<\/strong> a cavallo di quella soglia alchemica che \u00e8 la maggiore et\u00e0. Si raccontano, si definiscono senza mai finirsi, si cercano a ogni passo maneggiando la materia iridescente della realt\u00e0, entrando in scena senza sapere cosa accadr\u00e0 ogni sera.<\/p>\n<p><strong>Sabato 23 e domenica 24 novembre <em>&#8220;I pianti e i lamenti dei pesci fossili&#8221;<\/em><\/strong> di Annamaria Ajmone. Uno spettacolo che si colloca al\u00a0<strong>confine sfumato tra organico e inorganico<\/strong>, tra vita e non-vita, ispirandosi a queste suggestioni tenta di costruire relazioni tra corpi e tempi incommensurabilmente distanti e differenti, piangendo il ciclo eterno della trasformazione della materia, della vita e della morte, nel contesto della Sesta Estinzione.<\/p>\n<p><strong>Luned\u00ec 25 novembre<\/strong> al Museo di San Marco Virgilio Sieni sar\u00e0 in scena con <strong><em>&#8220;Lumen Naturae&#8221;.<\/em><\/strong> Saranno creati spazi d\u2019azione in cui il pubblico pu\u00f2 liberamente e silenziosamente predisporsi al gesto. Accanto alle opere d\u2019arte il danzatore sar\u00e0 disponibile a trasmettere brevi sequenze fisiche, forme di meditazione sul gesto in risonanza con l\u2019opera. Nel brusio di origine sacra, il luogo del Museo diviene lo spazio condiviso di un rito comune che accoglie le opere, un\u2019aula che esplode in atti di consapevolezza e conoscenza.<\/p>\n<p><strong>Gioved\u00ec 28 novembre Ilenia Romano<\/strong> in <strong><em>&#8220;Strings&#8221;<\/em> <\/strong>un lavoro di sperimentazione sul rapporto di assonanza-dissonanza-risonanza tra movimento e musica.<\/p>\n<p><strong>Venerd\u00ec 6 e sabato 7 dicembre<\/strong> tornano i<strong> Kinkaleri<\/strong> con <strong><em>&#8220;Some dances on dickfaces&#8221; <\/em><\/strong>spettacolo ispirato al<strong> Giardino delle delizie di Hieronymus Bosh,<\/strong> con la volont\u00e0 di comporre un inno fuori dal tempo, una ricerca e un incontro con i corpi degli altri, creature che nella loro unicit\u00e0 diffondono ricchezza e meraviglia.<\/p>\n<p>Il <strong>19, 20, 21 e 22 \u00a0dicembre<\/strong> la <strong>Compagnia Virgilio Sieni<\/strong> propone<strong><em> &#8220;Sonate Bach Di fronte al dolore degli altri&#8221; . <\/em><\/strong>Sono <strong>11 coreografie che deflagrano nel gesto del dolore e della pittura,<\/strong> per ricordare avvenimenti tragici accaduti nei conflitti recenti: Sarajevo, Kigali in Rwanda, Srebrenica, Tel Aviv, Jenin, Baghdad, Istanbul, Beslan, Gaza, Bentalha, Kabul.<\/p>\n<p><strong>11 date emblematiche<\/strong> raccolte intorno agli 11 brani che compongono le <strong>3 Sonate di J.S.Bach<\/strong>. Fotografie di corpi che si diluiscono attraversando la dinamica e la figura, cercando un approccio irrisolvibile all\u2019orrore. La danza qui afferma lo sforzo di evocare da queste macerie di esistenza una bellezza impossibile e paradossale, da cesellare con lo strumento etico e politico per eccellenza: il gesto.<\/p>\n<figure id=\"post-358437 media-358437\" class=\"align-none\"><img decoding=\"async\" src=\"https:\/\/www.intoscana.it\/wp-content\/uploads\/1.-ENZO-COSIMI-_-ph.-luigi-gasparroniFLV_2985-scaled.jpg\" alt=\"\" \/><\/figure>\n<div class=\"titleimg\"><em>Enzo Cosimi, foto di Luigi Gasparroni\u00a0<\/em><\/div>\n","protected":false},"excerpt":{"rendered":"<p>Dal 5 ottobre al 22 dicembre torna a Firenze il festival che alterner\u00e0 performance di danza a dialoghi e incontri con filosofi, sociologi, antropologi<\/p>\n","protected":false},"author":518,"featured_media":358452,"comment_status":"open","ping_status":"open","sticky":false,"template":"","format":"standard","meta":{"_acf_changed":false,"footnotes":""},"categories":[493],"tags":[5564,4474,228,202,151,236],"class_list":["post-358453","post","type-post","status-publish","format-standard","has-post-thumbnail","hentry","category-cultura","tag-danza","tag-eventi","tag-festival","tag-firenze","tag-regione-toscana","tag-teatro"],"acf":[],"yoast_head":"<!-- This site is optimized with the Yoast SEO Premium plugin v24.2 (Yoast SEO v25.6) - https:\/\/yoast.com\/wordpress\/plugins\/seo\/ -->\n<title>Corpi liberi di danzare: al Cango torna la &quot;Democrazia&quot; di Virgilio Sieni - intoscana<\/title>\n<meta name=\"description\" content=\"Dal 5 ottobre al 22 dicembre torna a Firenze il festival che alterner\u00e0 performance di danza a dialoghi e incontri con filosofi e sociologi\" \/>\n<meta name=\"robots\" content=\"index, follow, max-snippet:-1, max-image-preview:large, max-video-preview:-1\" \/>\n<link rel=\"canonical\" href=\"https:\/\/www.intoscana.it\/it\/corpi-liberi-di-danzare-al-cango-torna-la-democrazia-di-virgilio-sieni\/\" \/>\n<meta property=\"og:locale\" content=\"it_IT\" \/>\n<meta property=\"og:type\" content=\"article\" \/>\n<meta property=\"og:title\" content=\"Corpi liberi di danzare: al Cango torna la &quot;Democrazia&quot; di Virgilio Sieni\" \/>\n<meta property=\"og:description\" content=\"Dal 5 ottobre al 22 dicembre torna a Firenze il festival che alterner\u00e0 performance di danza a dialoghi e incontri con filosofi e sociologi\" \/>\n<meta property=\"og:url\" content=\"https:\/\/www.intoscana.it\/it\/corpi-liberi-di-danzare-al-cango-torna-la-democrazia-di-virgilio-sieni\/\" \/>\n<meta property=\"og:site_name\" content=\"intoscana\" \/>\n<meta property=\"article:publisher\" content=\"https:\/\/www.facebook.com\/intoscana.it\" \/>\n<meta property=\"article:published_time\" content=\"2024-09-30T13:13:18+00:00\" \/>\n<meta property=\"og:image\" content=\"https:\/\/www.intoscana.it\/wp-content\/uploads\/1.-ENZO-COSIMI-_-ph.-luigi-gasparroniFLV_1-scaled.jpeg\" \/>\n\t<meta property=\"og:image:width\" content=\"2048\" \/>\n\t<meta property=\"og:image:height\" content=\"1365\" \/>\n\t<meta property=\"og:image:type\" content=\"image\/jpeg\" \/>\n<meta name=\"author\" content=\"Costanza Baldini\" \/>\n<meta name=\"twitter:card\" content=\"summary_large_image\" \/>\n<meta name=\"twitter:creator\" content=\"@intoscana\" \/>\n<meta name=\"twitter:site\" content=\"@intoscana\" \/>\n<meta name=\"twitter:label1\" content=\"Written by\" \/>\n\t<meta name=\"twitter:data1\" content=\"Costanza Baldini\" \/>\n\t<meta name=\"twitter:label2\" content=\"Est. reading time\" \/>\n\t<meta name=\"twitter:data2\" content=\"8 minuti\" \/>\n<script type=\"application\/ld+json\" class=\"yoast-schema-graph\">{\"@context\":\"https:\/\/schema.org\",\"@graph\":[{\"@type\":\"WebPage\",\"@id\":\"https:\/\/www.intoscana.it\/it\/corpi-liberi-di-danzare-al-cango-torna-la-democrazia-di-virgilio-sieni\/\",\"url\":\"https:\/\/www.intoscana.it\/it\/corpi-liberi-di-danzare-al-cango-torna-la-democrazia-di-virgilio-sieni\/\",\"name\":\"Corpi liberi di danzare: al Cango torna la \\\"Democrazia\\\" di Virgilio Sieni - intoscana\",\"isPartOf\":{\"@id\":\"https:\/\/www.intoscana.it\/it\/#website\"},\"primaryImageOfPage\":{\"@id\":\"https:\/\/www.intoscana.it\/it\/corpi-liberi-di-danzare-al-cango-torna-la-democrazia-di-virgilio-sieni\/#primaryimage\"},\"image\":{\"@id\":\"https:\/\/www.intoscana.it\/it\/corpi-liberi-di-danzare-al-cango-torna-la-democrazia-di-virgilio-sieni\/#primaryimage\"},\"thumbnailUrl\":\"https:\/\/www.intoscana.it\/wp-content\/uploads\/1.-ENZO-COSIMI-_-ph.-luigi-gasparroniFLV_1-scaled.jpeg\",\"datePublished\":\"2024-09-30T13:13:18+00:00\",\"author\":{\"@id\":\"https:\/\/www.intoscana.it\/it\/#\/schema\/person\/d469f35f09739bdf00bf5dd3f0647a82\"},\"description\":\"Dal 5 ottobre al 22 dicembre torna a Firenze il festival che alterner\u00e0 performance di danza a dialoghi e incontri con filosofi e sociologi\",\"breadcrumb\":{\"@id\":\"https:\/\/www.intoscana.it\/it\/corpi-liberi-di-danzare-al-cango-torna-la-democrazia-di-virgilio-sieni\/#breadcrumb\"},\"inLanguage\":\"it-IT\",\"potentialAction\":[{\"@type\":\"ReadAction\",\"target\":[\"https:\/\/www.intoscana.it\/it\/corpi-liberi-di-danzare-al-cango-torna-la-democrazia-di-virgilio-sieni\/\"]}]},{\"@type\":\"ImageObject\",\"inLanguage\":\"it-IT\",\"@id\":\"https:\/\/www.intoscana.it\/it\/corpi-liberi-di-danzare-al-cango-torna-la-democrazia-di-virgilio-sieni\/#primaryimage\",\"url\":\"https:\/\/www.intoscana.it\/wp-content\/uploads\/1.-ENZO-COSIMI-_-ph.-luigi-gasparroniFLV_1-scaled.jpeg\",\"contentUrl\":\"https:\/\/www.intoscana.it\/wp-content\/uploads\/1.-ENZO-COSIMI-_-ph.-luigi-gasparroniFLV_1-scaled.jpeg\",\"width\":2048,\"height\":1365},{\"@type\":\"BreadcrumbList\",\"@id\":\"https:\/\/www.intoscana.it\/it\/corpi-liberi-di-danzare-al-cango-torna-la-democrazia-di-virgilio-sieni\/#breadcrumb\",\"itemListElement\":[{\"@type\":\"ListItem\",\"position\":1,\"name\":\"Home\",\"item\":\"https:\/\/www.intoscana.it\/it\/\"},{\"@type\":\"ListItem\",\"position\":2,\"name\":\"Corpi liberi di danzare: al Cango torna la &#8220;Democrazia&#8221; di Virgilio Sieni\"}]},{\"@type\":\"WebSite\",\"@id\":\"https:\/\/www.intoscana.it\/it\/#website\",\"url\":\"https:\/\/www.intoscana.it\/it\/\",\"name\":\"intoscana\",\"description\":\"\",\"potentialAction\":[{\"@type\":\"SearchAction\",\"target\":{\"@type\":\"EntryPoint\",\"urlTemplate\":\"https:\/\/www.intoscana.it\/it\/?s={search_term_string}\"},\"query-input\":{\"@type\":\"PropertyValueSpecification\",\"valueRequired\":true,\"valueName\":\"search_term_string\"}}],\"inLanguage\":\"it-IT\"},{\"@type\":\"Person\",\"@id\":\"https:\/\/www.intoscana.it\/it\/#\/schema\/person\/d469f35f09739bdf00bf5dd3f0647a82\",\"name\":\"Costanza Baldini\",\"url\":\"https:\/\/www.intoscana.it\/it\/author\/costanza-baldini\/\"}]}<\/script>\n<!-- \/ Yoast SEO Premium plugin. -->","yoast_head_json":{"title":"Corpi liberi di danzare: al Cango torna la \"Democrazia\" di Virgilio Sieni - intoscana","description":"Dal 5 ottobre al 22 dicembre torna a Firenze il festival che alterner\u00e0 performance di danza a dialoghi e incontri con filosofi e sociologi","robots":{"index":"index","follow":"follow","max-snippet":"max-snippet:-1","max-image-preview":"max-image-preview:large","max-video-preview":"max-video-preview:-1"},"canonical":"https:\/\/www.intoscana.it\/it\/corpi-liberi-di-danzare-al-cango-torna-la-democrazia-di-virgilio-sieni\/","og_locale":"it_IT","og_type":"article","og_title":"Corpi liberi di danzare: al Cango torna la \"Democrazia\" di Virgilio Sieni","og_description":"Dal 5 ottobre al 22 dicembre torna a Firenze il festival che alterner\u00e0 performance di danza a dialoghi e incontri con filosofi e sociologi","og_url":"https:\/\/www.intoscana.it\/it\/corpi-liberi-di-danzare-al-cango-torna-la-democrazia-di-virgilio-sieni\/","og_site_name":"intoscana","article_publisher":"https:\/\/www.facebook.com\/intoscana.it","article_published_time":"2024-09-30T13:13:18+00:00","og_image":[{"width":2048,"height":1365,"url":"https:\/\/www.intoscana.it\/wp-content\/uploads\/1.-ENZO-COSIMI-_-ph.-luigi-gasparroniFLV_1-scaled.jpeg","type":"image\/jpeg"}],"author":"Costanza Baldini","twitter_card":"summary_large_image","twitter_creator":"@intoscana","twitter_site":"@intoscana","twitter_misc":{"Written by":"Costanza Baldini","Est. reading time":"8 minuti"},"schema":{"@context":"https:\/\/schema.org","@graph":[{"@type":"WebPage","@id":"https:\/\/www.intoscana.it\/it\/corpi-liberi-di-danzare-al-cango-torna-la-democrazia-di-virgilio-sieni\/","url":"https:\/\/www.intoscana.it\/it\/corpi-liberi-di-danzare-al-cango-torna-la-democrazia-di-virgilio-sieni\/","name":"Corpi liberi di danzare: al Cango torna la \"Democrazia\" di Virgilio Sieni - intoscana","isPartOf":{"@id":"https:\/\/www.intoscana.it\/it\/#website"},"primaryImageOfPage":{"@id":"https:\/\/www.intoscana.it\/it\/corpi-liberi-di-danzare-al-cango-torna-la-democrazia-di-virgilio-sieni\/#primaryimage"},"image":{"@id":"https:\/\/www.intoscana.it\/it\/corpi-liberi-di-danzare-al-cango-torna-la-democrazia-di-virgilio-sieni\/#primaryimage"},"thumbnailUrl":"https:\/\/www.intoscana.it\/wp-content\/uploads\/1.-ENZO-COSIMI-_-ph.-luigi-gasparroniFLV_1-scaled.jpeg","datePublished":"2024-09-30T13:13:18+00:00","author":{"@id":"https:\/\/www.intoscana.it\/it\/#\/schema\/person\/d469f35f09739bdf00bf5dd3f0647a82"},"description":"Dal 5 ottobre al 22 dicembre torna a Firenze il festival che alterner\u00e0 performance di danza a dialoghi e incontri con filosofi e sociologi","breadcrumb":{"@id":"https:\/\/www.intoscana.it\/it\/corpi-liberi-di-danzare-al-cango-torna-la-democrazia-di-virgilio-sieni\/#breadcrumb"},"inLanguage":"it-IT","potentialAction":[{"@type":"ReadAction","target":["https:\/\/www.intoscana.it\/it\/corpi-liberi-di-danzare-al-cango-torna-la-democrazia-di-virgilio-sieni\/"]}]},{"@type":"ImageObject","inLanguage":"it-IT","@id":"https:\/\/www.intoscana.it\/it\/corpi-liberi-di-danzare-al-cango-torna-la-democrazia-di-virgilio-sieni\/#primaryimage","url":"https:\/\/www.intoscana.it\/wp-content\/uploads\/1.-ENZO-COSIMI-_-ph.-luigi-gasparroniFLV_1-scaled.jpeg","contentUrl":"https:\/\/www.intoscana.it\/wp-content\/uploads\/1.-ENZO-COSIMI-_-ph.-luigi-gasparroniFLV_1-scaled.jpeg","width":2048,"height":1365},{"@type":"BreadcrumbList","@id":"https:\/\/www.intoscana.it\/it\/corpi-liberi-di-danzare-al-cango-torna-la-democrazia-di-virgilio-sieni\/#breadcrumb","itemListElement":[{"@type":"ListItem","position":1,"name":"Home","item":"https:\/\/www.intoscana.it\/it\/"},{"@type":"ListItem","position":2,"name":"Corpi liberi di danzare: al Cango torna la &#8220;Democrazia&#8221; di Virgilio Sieni"}]},{"@type":"WebSite","@id":"https:\/\/www.intoscana.it\/it\/#website","url":"https:\/\/www.intoscana.it\/it\/","name":"intoscana","description":"","potentialAction":[{"@type":"SearchAction","target":{"@type":"EntryPoint","urlTemplate":"https:\/\/www.intoscana.it\/it\/?s={search_term_string}"},"query-input":{"@type":"PropertyValueSpecification","valueRequired":true,"valueName":"search_term_string"}}],"inLanguage":"it-IT"},{"@type":"Person","@id":"https:\/\/www.intoscana.it\/it\/#\/schema\/person\/d469f35f09739bdf00bf5dd3f0647a82","name":"Costanza Baldini","url":"https:\/\/www.intoscana.it\/it\/author\/costanza-baldini\/"}]}},"_links":{"self":[{"href":"https:\/\/www.intoscana.it\/it\/wp-json\/wp\/v2\/posts\/358453","targetHints":{"allow":["GET"]}}],"collection":[{"href":"https:\/\/www.intoscana.it\/it\/wp-json\/wp\/v2\/posts"}],"about":[{"href":"https:\/\/www.intoscana.it\/it\/wp-json\/wp\/v2\/types\/post"}],"author":[{"embeddable":true,"href":"https:\/\/www.intoscana.it\/it\/wp-json\/wp\/v2\/users\/518"}],"replies":[{"embeddable":true,"href":"https:\/\/www.intoscana.it\/it\/wp-json\/wp\/v2\/comments?post=358453"}],"version-history":[{"count":15,"href":"https:\/\/www.intoscana.it\/it\/wp-json\/wp\/v2\/posts\/358453\/revisions"}],"predecessor-version":[{"id":358477,"href":"https:\/\/www.intoscana.it\/it\/wp-json\/wp\/v2\/posts\/358453\/revisions\/358477"}],"wp:featuredmedia":[{"embeddable":true,"href":"https:\/\/www.intoscana.it\/it\/wp-json\/wp\/v2\/media\/358452"}],"wp:attachment":[{"href":"https:\/\/www.intoscana.it\/it\/wp-json\/wp\/v2\/media?parent=358453"}],"wp:term":[{"taxonomy":"category","embeddable":true,"href":"https:\/\/www.intoscana.it\/it\/wp-json\/wp\/v2\/categories?post=358453"},{"taxonomy":"post_tag","embeddable":true,"href":"https:\/\/www.intoscana.it\/it\/wp-json\/wp\/v2\/tags?post=358453"}],"curies":[{"name":"wp","href":"https:\/\/api.w.org\/{rel}","templated":true}]}}