{"id":358732,"date":"2024-10-02T15:33:33","date_gmt":"2024-10-02T13:33:33","guid":{"rendered":"https:\/\/www.intoscana.it\/it\/?p=358732"},"modified":"2024-10-02T15:33:33","modified_gmt":"2024-10-02T13:33:33","slug":"moda-sostenibile-cenciaioli-pratesi","status":"publish","type":"post","link":"https:\/\/www.intoscana.it\/it\/moda-sostenibile-cenciaioli-pratesi\/","title":{"rendered":"Il futuro della moda (e del pianeta) \u00e8 sostenibile e passa anche dalla tradizione dei &#8220;cenciaioli&#8221; pratesi"},"content":{"rendered":"<p>Negli ultimi anni il concetto di <strong>sostenibilit\u00e0<\/strong> \u00e8 diventato centrale per il mondo del fashion. Con una crescente consapevolezza ambientale e sociale, i consumatori e i marchi stanno riconsiderando il loro approccio al consumo e alla produzione di abbigliamento. <mark>Non si tratta semplicemente di accogliere la transizione verde in corso e accettare i nuovi paradigmi di mercato, basare la produzione su una filiera sostenibile, in linea con gli standard fissati dall\u2019Europa in tema di sostenibilit\u00e0 ambientale e responsabilit\u00e0 sociale, \u00e8 oggi fondamentale per garantire la sopravvivenza stessa del made in Italy e fare in modo che possa continuare ad essere baluardo di eccellenza e autenticit\u00e0 nel mondo <\/mark>. Adottare una filiera di produzione etica e responsabile e utilizzare materie prime sostenibili \u00e8 anche un modo per prendere le distanze dal fast fashion, la moda veloce, a bassi costi e di \u201cdubbia\u201d qualit\u00e0.<\/p>\n<p>Oltre a tutto ci\u00f2, i brand hanno anche l\u2019esigenza di <mark>adeguarsi alle nuove richieste della clientela <\/mark>, soprattutto della clientela giovane sempre pi\u00f9 attenta all\u2019impatto che ci\u00f2 che indossa ha sul pianeta.<\/p>\n<h3>A Prato l\u2019economia \u00e8 circolare grazie ai moderni \u201d cenciaioli\u201d<\/h3>\n<p>Tra le prime azioni per convertire il settore della moda, notoriamente tra i pi\u00f9 inquinanti al mondo, c\u2019\u00e8 sicuramente l\u2019<mark>utilizzo di tessuti riciclati per dare vita a nuove collezioni e produzioni <\/mark>. \u00a0A Prato, citt\u00e0 tessile per eccellenza, lo fanno da sempre. Basta fare una semplice ricerca online per imbattersi in aziende tessili e industriali che hanno fatto dell\u2019economia circolare il proprio core business rigenerando gli stracci, ovvero i materiali che un tempo recuperavano i \u201c<strong>cenciaioli<\/strong>\u201d, e che oggi vengono lavorati e trasformati in lana o in altri e nuovi filati riciclati e tessuti di alta qualit\u00e0 destinati all\u2019alta moda.<\/p>\n<p>I \u201ccenciaioli\u201d, cos\u00ec sono chiamati colori che lavoravano \u201ci<strong> cenci\u201d<\/strong> ovvero gli stracci, hanno fatto la fortuna di Prato nel secondo dopoguerra. Tutti potevano fare i cenciaioli. Era un lavoro ben pagato che non conosceva crisi (all\u2019epoca). Si andava nei magazzini che erano pieni di tessuti, abiti o scampoli di abiti, spesso ammucchiati e da quei mucchi mani nude che piano piano erano diventate abili a riconoscere i tessuti che valeva la pena recuperare e quali no, strappavano i \u201ccenci\u201d, gli stracci appunto, separandoli per colore e consistenza. Quei nuovi cumoli di cenci, una volta rilavorati, diventavano nuovi tessuti.<\/p>\n<h3>L&#8217;esempio di Rif\u00f2<\/h3>\n<p>Rif\u00f2, azienda tessile nata nel 2017, ha deciso di <mark>recuperare questa vecchia tradizione pratese e di rinvigorire il concetto di economia circolare che i pratesi praticavano gi\u00e0 nel XII secolo senza esserne consapevoli <\/mark>. Il progetto Rif\u00f2 nasce da un\u2019idea di <strong>Niccol\u00f2 Cipriani<\/strong> e da una raccolta fondi. Oggi questa idea d\u00e0 lavoro al territorio, i prodotti Rif\u00f2 sono venduti online e in pi\u00f9 di 300 negozi in Italia e all&#8217;estero e ha sviluppato progetti di sostenibilit\u00e0 e responsabilit\u00e0 sociale offrendo percorsi formativo per cenciaioli, filatori e nuovi artigiani, a persone provenienti dalle attivit\u00e0 di accoglienza e per migranti che vivono sul territorio.<\/p>\n<p>Rif\u00f2 ha recentemente avviato una collaborazione anche con l\u2019<strong>istituto Modartech<\/strong> di Pontedera che d\u00e0 sempre coniuga sostenibilit\u00e0 e innovazione. Insieme hanno presentato la collezione <strong>\u201cElements of Nature\u201d<\/strong> di Giada Rinaldi, rivolta a bambini e adulti, basata su cashmere e denim rigenerati, con incluso un kit per personalizzare i capi in totale sicurezza e rispetto per l\u2019ambiente.<\/p>\n<p>Nella citt\u00e0 del tessile comunque non c\u2019\u00e8 solo Rif\u00f2, ormai sono la maggior parte le realt\u00e0 che si sono convertite e hanno riportato in auge il vecchio mestiere del cenciaiolo (a cui nel 2022 \u00a0Tommaso Santi\u00a0 e Silvia Gambi hanno anche dedicato un documentario) e la filiera sostenibile della moda a partire dal recupero dei tessuti non pi\u00f9 utilizzati.<\/p>\n<h3>Non solo abiti, anche gli accessori sono sostenibili<\/h3>\n<p>Moda sostenibile per\u00f2 non significa solo abiti. Anche il settore dei gioielli e dei metalli ha ormai sposato la rivoluzione green. Spostandoci da Prato pi\u00f9 verso Firenze, nella zona industriale di Campi Bisenzio, <strong>Fondazione Leaf<\/strong>\u00a0 si occupa di certificare i cicli di produzione della filiera dei metalli. \u201cLe imprese svolgono un ruolo chiave nella creazione di un\u2019economia circolare e di una societ\u00e0 sostenibile ed equa\u201d, ha dichiarato <strong>Luca Cartocci<\/strong> presidente di Fondazione Leaf entrando nel merito della questione e anche delle problematiche che talvolta rendono complicato per un\u2019azienda adottare un ciclo di vita del prodotto interamente e veramente sostenibile. \u201cNon si pu\u00f2 negare \u2013 ha detto &#8211; che tutto ci\u00f2 abbia un costo economico non indifferente. Senza contare che la crescente complessit\u00e0 e la natura globale delle catene di approvvigionamento rendono difficile per le aziende stesse ottenere informazioni affidabili sulle operazioni dei fornitori. Ci\u00f3 \u2013 ha specificato \u2013 rischia di generare l\u2019effetto opposto dell\u2019intento iniziale, addirittura dando origine a fenomeni di greenwashing (<em>comunicazioni di sostenibilit\u00e0 non chiare e corrette sui prodotti, a volte rilasciate dalle aziende inconsapevolmente per mancanza di regole oggettive e universali, ndr)<\/em>. Per questo lo standard di Leaf ha come obiettivo quello di mettere a disposizione anche delle aziende degli accessori di lusso criteri chiari e misurabili\u201d.<\/p>\n<p>Lo standard sviluppato da Fondazione Leaf, Leaf Hardware, \u00e8 frutto di un lavoro interno durato due anni, basato sul monitoraggio di aziende europee e asiatiche per risponde ad una specifica richiesta proveniente dal settore e colmare un vuoto esistente. Non esisteva infatti alcuno standard di sostenibilit\u00e0 specifico per gli accessori metallici (ne esistono invece per quanto riguarda gli abiti e i tessuti). <mark>Quella introdotta nel mercato da Luca Cartocci \u00e8 la prima esperienza nazionale e internazionale di questo tipo. Ed \u00e8 nata in Italia, in Toscana <\/mark><\/p>\n<h3>Il Cardato riciclato garanzia di sostenibilit\u00e0<\/h3>\n<p>Quelli fin qui citati sono solo alcuni esempi di aziende che hanno trasformato i processi produttivi per ridurre l\u2019impatto ecologico delle loro operazioni a partire dal riuso delle materie prime. Non ho menzionato il cardato riciclato ma sempre a Prato esiste <mark>una vera e propria filiera certificata<\/mark>.<\/p>\n<p>Per fregiarsi del marchio <strong>\u201cCardato Recycled\u201d<\/strong> i tessuti e i filati devono essere prodotti all\u2019interno del distretto pratese; realizzati con almeno il 65% di materiale riciclato (abiti o scarti di lavorazione tessile), aver misurato l\u2019impatto ambientale dell\u2019intero ciclo di produzione tenendo conto dell\u2019impatto del consumo di acqua, di energia e di CO2.<\/p>\n<p>La vera spinta per una produzione davvero sostenibile arriva e arriver\u00e0 anche in futuro dalle richieste del mercato. <mark>La crescente richiesta da parte dei consumatori di prodotti sostenibili \u00e8 infatti destinata a spingere sempre pi\u00f9 brand a ripensare i propri metodi produttivi e a guidare questa rivoluzione saranno soprattutto le esigenze della Gen Z alle quale il made Italy non pu\u00f2 che adattarsi <\/mark>.<\/p>\n","protected":false},"excerpt":{"rendered":"<p>Il concetto di sostenibilit\u00e0 \u00e8 diventato centrale per il mondo del fashion. Tra le prime azioni che i brand hanno adottato c&#8217;\u00e8 il riutilizzo delle materie prime, una tradizione che a Prato risale al XII secolo. Il nostro viaggio alla scoperta dei trend sostenibili del mondo del fashion<\/p>\n","protected":false},"author":503,"featured_media":358755,"comment_status":"open","ping_status":"open","sticky":false,"template":"","format":"standard","meta":{"_acf_changed":false,"footnotes":""},"categories":[475],"tags":[211,189,259,371],"class_list":["post-358732","post","type-post","status-publish","format-standard","has-post-thumbnail","hentry","category-innovazione","tag-economia","tag-moda","tag-prato","tag-sostenibilita"],"acf":[],"yoast_head":"<!-- This site is optimized with the Yoast SEO Premium plugin v24.2 (Yoast SEO v25.6) - https:\/\/yoast.com\/wordpress\/plugins\/seo\/ -->\n<title>Il futuro della moda (e del pianeta) \u00e8 sostenibile e passa anche dalla tradizione dei &quot;cenciaioli&quot; pratesi - intoscana<\/title>\n<meta name=\"description\" content=\"Il concetto di sostenibilit\u00e0 \u00e8 diventato centrale per il mondo della moda. Vi portiamo alla scoperta dei trend nel settore\" \/>\n<meta name=\"robots\" content=\"index, follow, max-snippet:-1, max-image-preview:large, max-video-preview:-1\" \/>\n<link rel=\"canonical\" href=\"https:\/\/www.intoscana.it\/it\/moda-sostenibile-cenciaioli-pratesi\/\" \/>\n<meta property=\"og:locale\" content=\"it_IT\" \/>\n<meta property=\"og:type\" content=\"article\" \/>\n<meta property=\"og:title\" content=\"Il futuro della moda (e del pianeta) \u00e8 sostenibile e passa anche dalla tradizione dei &quot;cenciaioli&quot; pratesi\" \/>\n<meta property=\"og:description\" content=\"Il concetto di sostenibilit\u00e0 \u00e8 diventato centrale per il mondo della moda. Vi portiamo alla scoperta dei trend nel settore\" \/>\n<meta property=\"og:url\" content=\"https:\/\/www.intoscana.it\/it\/moda-sostenibile-cenciaioli-pratesi\/\" \/>\n<meta property=\"og:site_name\" content=\"intoscana\" \/>\n<meta property=\"article:publisher\" content=\"https:\/\/www.facebook.com\/intoscana.it\" \/>\n<meta property=\"article:published_time\" content=\"2024-10-02T13:33:33+00:00\" \/>\n<meta property=\"og:image\" content=\"https:\/\/www.intoscana.it\/wp-content\/uploads\/fabric-210900_1280.jpg\" \/>\n\t<meta property=\"og:image:width\" content=\"1280\" \/>\n\t<meta property=\"og:image:height\" content=\"855\" \/>\n\t<meta property=\"og:image:type\" content=\"image\/jpeg\" \/>\n<meta name=\"author\" content=\"Giulia Rafanelli\" \/>\n<meta name=\"twitter:card\" content=\"summary_large_image\" \/>\n<meta name=\"twitter:creator\" content=\"@intoscana\" \/>\n<meta name=\"twitter:site\" content=\"@intoscana\" \/>\n<meta name=\"twitter:label1\" content=\"Written by\" \/>\n\t<meta name=\"twitter:data1\" content=\"Giulia Rafanelli\" \/>\n\t<meta name=\"twitter:label2\" content=\"Est. reading time\" \/>\n\t<meta name=\"twitter:data2\" content=\"6 minuti\" \/>\n<script type=\"application\/ld+json\" class=\"yoast-schema-graph\">{\"@context\":\"https:\/\/schema.org\",\"@graph\":[{\"@type\":\"WebPage\",\"@id\":\"https:\/\/www.intoscana.it\/it\/moda-sostenibile-cenciaioli-pratesi\/\",\"url\":\"https:\/\/www.intoscana.it\/it\/moda-sostenibile-cenciaioli-pratesi\/\",\"name\":\"Il futuro della moda (e del pianeta) \u00e8 sostenibile e passa anche dalla tradizione dei \\\"cenciaioli\\\" pratesi - intoscana\",\"isPartOf\":{\"@id\":\"https:\/\/www.intoscana.it\/it\/#website\"},\"primaryImageOfPage\":{\"@id\":\"https:\/\/www.intoscana.it\/it\/moda-sostenibile-cenciaioli-pratesi\/#primaryimage\"},\"image\":{\"@id\":\"https:\/\/www.intoscana.it\/it\/moda-sostenibile-cenciaioli-pratesi\/#primaryimage\"},\"thumbnailUrl\":\"https:\/\/www.intoscana.it\/wp-content\/uploads\/fabric-210900_1280.jpg\",\"datePublished\":\"2024-10-02T13:33:33+00:00\",\"author\":{\"@id\":\"https:\/\/www.intoscana.it\/it\/#\/schema\/person\/333569b367b301e30262defcea56c939\"},\"description\":\"Il concetto di sostenibilit\u00e0 \u00e8 diventato centrale per il mondo della moda. Vi portiamo alla scoperta dei trend nel settore\",\"breadcrumb\":{\"@id\":\"https:\/\/www.intoscana.it\/it\/moda-sostenibile-cenciaioli-pratesi\/#breadcrumb\"},\"inLanguage\":\"it-IT\",\"potentialAction\":[{\"@type\":\"ReadAction\",\"target\":[\"https:\/\/www.intoscana.it\/it\/moda-sostenibile-cenciaioli-pratesi\/\"]}]},{\"@type\":\"ImageObject\",\"inLanguage\":\"it-IT\",\"@id\":\"https:\/\/www.intoscana.it\/it\/moda-sostenibile-cenciaioli-pratesi\/#primaryimage\",\"url\":\"https:\/\/www.intoscana.it\/wp-content\/uploads\/fabric-210900_1280.jpg\",\"contentUrl\":\"https:\/\/www.intoscana.it\/wp-content\/uploads\/fabric-210900_1280.jpg\",\"width\":1280,\"height\":855,\"caption\":\"Tessuti generici\"},{\"@type\":\"BreadcrumbList\",\"@id\":\"https:\/\/www.intoscana.it\/it\/moda-sostenibile-cenciaioli-pratesi\/#breadcrumb\",\"itemListElement\":[{\"@type\":\"ListItem\",\"position\":1,\"name\":\"Home\",\"item\":\"https:\/\/www.intoscana.it\/it\/\"},{\"@type\":\"ListItem\",\"position\":2,\"name\":\"Il futuro della moda (e del pianeta) \u00e8 sostenibile e passa anche dalla tradizione dei &#8220;cenciaioli&#8221; pratesi\"}]},{\"@type\":\"WebSite\",\"@id\":\"https:\/\/www.intoscana.it\/it\/#website\",\"url\":\"https:\/\/www.intoscana.it\/it\/\",\"name\":\"intoscana\",\"description\":\"\",\"potentialAction\":[{\"@type\":\"SearchAction\",\"target\":{\"@type\":\"EntryPoint\",\"urlTemplate\":\"https:\/\/www.intoscana.it\/it\/?s={search_term_string}\"},\"query-input\":{\"@type\":\"PropertyValueSpecification\",\"valueRequired\":true,\"valueName\":\"search_term_string\"}}],\"inLanguage\":\"it-IT\"},{\"@type\":\"Person\",\"@id\":\"https:\/\/www.intoscana.it\/it\/#\/schema\/person\/333569b367b301e30262defcea56c939\",\"name\":\"Giulia Rafanelli\",\"url\":\"https:\/\/www.intoscana.it\/it\/author\/giulia-rafanelli\/\"}]}<\/script>\n<!-- \/ Yoast SEO Premium plugin. -->","yoast_head_json":{"title":"Il futuro della moda (e del pianeta) \u00e8 sostenibile e passa anche dalla tradizione dei \"cenciaioli\" pratesi - intoscana","description":"Il concetto di sostenibilit\u00e0 \u00e8 diventato centrale per il mondo della moda. Vi portiamo alla scoperta dei trend nel settore","robots":{"index":"index","follow":"follow","max-snippet":"max-snippet:-1","max-image-preview":"max-image-preview:large","max-video-preview":"max-video-preview:-1"},"canonical":"https:\/\/www.intoscana.it\/it\/moda-sostenibile-cenciaioli-pratesi\/","og_locale":"it_IT","og_type":"article","og_title":"Il futuro della moda (e del pianeta) \u00e8 sostenibile e passa anche dalla tradizione dei \"cenciaioli\" pratesi","og_description":"Il concetto di sostenibilit\u00e0 \u00e8 diventato centrale per il mondo della moda. Vi portiamo alla scoperta dei trend nel settore","og_url":"https:\/\/www.intoscana.it\/it\/moda-sostenibile-cenciaioli-pratesi\/","og_site_name":"intoscana","article_publisher":"https:\/\/www.facebook.com\/intoscana.it","article_published_time":"2024-10-02T13:33:33+00:00","og_image":[{"width":1280,"height":855,"url":"https:\/\/www.intoscana.it\/wp-content\/uploads\/fabric-210900_1280.jpg","type":"image\/jpeg"}],"author":"Giulia Rafanelli","twitter_card":"summary_large_image","twitter_creator":"@intoscana","twitter_site":"@intoscana","twitter_misc":{"Written by":"Giulia Rafanelli","Est. reading time":"6 minuti"},"schema":{"@context":"https:\/\/schema.org","@graph":[{"@type":"WebPage","@id":"https:\/\/www.intoscana.it\/it\/moda-sostenibile-cenciaioli-pratesi\/","url":"https:\/\/www.intoscana.it\/it\/moda-sostenibile-cenciaioli-pratesi\/","name":"Il futuro della moda (e del pianeta) \u00e8 sostenibile e passa anche dalla tradizione dei \"cenciaioli\" pratesi - intoscana","isPartOf":{"@id":"https:\/\/www.intoscana.it\/it\/#website"},"primaryImageOfPage":{"@id":"https:\/\/www.intoscana.it\/it\/moda-sostenibile-cenciaioli-pratesi\/#primaryimage"},"image":{"@id":"https:\/\/www.intoscana.it\/it\/moda-sostenibile-cenciaioli-pratesi\/#primaryimage"},"thumbnailUrl":"https:\/\/www.intoscana.it\/wp-content\/uploads\/fabric-210900_1280.jpg","datePublished":"2024-10-02T13:33:33+00:00","author":{"@id":"https:\/\/www.intoscana.it\/it\/#\/schema\/person\/333569b367b301e30262defcea56c939"},"description":"Il concetto di sostenibilit\u00e0 \u00e8 diventato centrale per il mondo della moda. Vi portiamo alla scoperta dei trend nel settore","breadcrumb":{"@id":"https:\/\/www.intoscana.it\/it\/moda-sostenibile-cenciaioli-pratesi\/#breadcrumb"},"inLanguage":"it-IT","potentialAction":[{"@type":"ReadAction","target":["https:\/\/www.intoscana.it\/it\/moda-sostenibile-cenciaioli-pratesi\/"]}]},{"@type":"ImageObject","inLanguage":"it-IT","@id":"https:\/\/www.intoscana.it\/it\/moda-sostenibile-cenciaioli-pratesi\/#primaryimage","url":"https:\/\/www.intoscana.it\/wp-content\/uploads\/fabric-210900_1280.jpg","contentUrl":"https:\/\/www.intoscana.it\/wp-content\/uploads\/fabric-210900_1280.jpg","width":1280,"height":855,"caption":"Tessuti generici"},{"@type":"BreadcrumbList","@id":"https:\/\/www.intoscana.it\/it\/moda-sostenibile-cenciaioli-pratesi\/#breadcrumb","itemListElement":[{"@type":"ListItem","position":1,"name":"Home","item":"https:\/\/www.intoscana.it\/it\/"},{"@type":"ListItem","position":2,"name":"Il futuro della moda (e del pianeta) \u00e8 sostenibile e passa anche dalla tradizione dei &#8220;cenciaioli&#8221; pratesi"}]},{"@type":"WebSite","@id":"https:\/\/www.intoscana.it\/it\/#website","url":"https:\/\/www.intoscana.it\/it\/","name":"intoscana","description":"","potentialAction":[{"@type":"SearchAction","target":{"@type":"EntryPoint","urlTemplate":"https:\/\/www.intoscana.it\/it\/?s={search_term_string}"},"query-input":{"@type":"PropertyValueSpecification","valueRequired":true,"valueName":"search_term_string"}}],"inLanguage":"it-IT"},{"@type":"Person","@id":"https:\/\/www.intoscana.it\/it\/#\/schema\/person\/333569b367b301e30262defcea56c939","name":"Giulia Rafanelli","url":"https:\/\/www.intoscana.it\/it\/author\/giulia-rafanelli\/"}]}},"_links":{"self":[{"href":"https:\/\/www.intoscana.it\/it\/wp-json\/wp\/v2\/posts\/358732","targetHints":{"allow":["GET"]}}],"collection":[{"href":"https:\/\/www.intoscana.it\/it\/wp-json\/wp\/v2\/posts"}],"about":[{"href":"https:\/\/www.intoscana.it\/it\/wp-json\/wp\/v2\/types\/post"}],"author":[{"embeddable":true,"href":"https:\/\/www.intoscana.it\/it\/wp-json\/wp\/v2\/users\/503"}],"replies":[{"embeddable":true,"href":"https:\/\/www.intoscana.it\/it\/wp-json\/wp\/v2\/comments?post=358732"}],"version-history":[{"count":3,"href":"https:\/\/www.intoscana.it\/it\/wp-json\/wp\/v2\/posts\/358732\/revisions"}],"predecessor-version":[{"id":358756,"href":"https:\/\/www.intoscana.it\/it\/wp-json\/wp\/v2\/posts\/358732\/revisions\/358756"}],"wp:featuredmedia":[{"embeddable":true,"href":"https:\/\/www.intoscana.it\/it\/wp-json\/wp\/v2\/media\/358755"}],"wp:attachment":[{"href":"https:\/\/www.intoscana.it\/it\/wp-json\/wp\/v2\/media?parent=358732"}],"wp:term":[{"taxonomy":"category","embeddable":true,"href":"https:\/\/www.intoscana.it\/it\/wp-json\/wp\/v2\/categories?post=358732"},{"taxonomy":"post_tag","embeddable":true,"href":"https:\/\/www.intoscana.it\/it\/wp-json\/wp\/v2\/tags?post=358732"}],"curies":[{"name":"wp","href":"https:\/\/api.w.org\/{rel}","templated":true}]}}