{"id":358826,"date":"2024-10-03T11:38:50","date_gmt":"2024-10-03T09:38:50","guid":{"rendered":"https:\/\/www.intoscana.it\/it\/?p=358826"},"modified":"2024-10-03T11:38:50","modified_gmt":"2024-10-03T09:38:50","slug":"la-cometa-del-secolo-su-volterra-il-nuovo-scatto-eccezionale-e-spaziale-di-longaron","status":"publish","type":"post","link":"https:\/\/www.intoscana.it\/it\/la-cometa-del-secolo-su-volterra-il-nuovo-scatto-eccezionale-e-spaziale-di-longaron\/","title":{"rendered":"La cometa del secolo su Volterra: il nuovo scatto eccezionale (e spaziale) di Longaron"},"content":{"rendered":"<p><strong>Fabio Longaron<\/strong> continua a regalare scatti magici dalla Toscana. Pazienza e tecnica le sue doti e le ha dovute utilizzare tutte al meglio per immortalare addirittura la <strong>cometa del secolo<\/strong>, altrimenti, tecnicamente, detta C\/2023 A3 Tsuchinshan-ATLAS e individuata per la prima volta dall\u2019osservatorio cinese Tsuchinshan.<\/p>\n<p>Lo studente toscano di appena 25 anni <a href=\"https:\/\/www.intoscana.it\/it\/fabio-longaron-influencer-delle-previsioni-versilia\/\" target=\"_blank\" rel=\"noopener\">ha due grandi passioni: la fotografia e la metereologia<\/a>. Studia Scienze naturali all&#8217;Universit\u00e0 di Pisa e quando pu\u00f2 cerca la foto perfetta da punti diversi della regione: un&#8217;altra recente e divenuta virale \u00e8 quella che da <strong>Pedona<\/strong>, nel comune di Camaiore &#8211; a 11,2 chilometri di distanza dal pontile di Forte dei Marmi &#8211; <a href=\"https:\/\/www.intoscana.it\/it\/dalla-versilia-si-vede-il-monviso-la-foto-magica-di-fabio-longaron\/\" target=\"_blank\" rel=\"noopener\">immortala il Monviso, il re di pietra del cuunese<\/a>.<\/p>\n<div class=\"titleimg\">\n<figure id=\"post-356793 media-356793\" class=\"align-none\"><img decoding=\"async\" src=\"https:\/\/www.intoscana.it\/wp-content\/uploads\/Screenshot-2024-09-19-09.30.15-e1726731254739.jpeg\" alt=\"\" \/><\/figure>\n<div class=\"titleimg\">Monviso fotografato dalla Versilia &#8211; \u00a9 Fabio Longaron<\/div>\n<\/div>\n<h3><em>La foto della cometa del secolo<\/em><\/h3>\n<p><em>&#8220;Alle 6:14 di questa mattina, piccola e lontana, quasi invisibile per adesso all&#8217;occhio umano, ma che promette di dare spettacolo durante il mese di ottobre, la cometa di Tsuchinshan sorgeva su Volterra. Foto scattata dalle campagne di Montecatini Val di Cecina, a 8,6 chilometri dal centro storico della cittadina pisana&#8221;<\/em>, cos\u00ec scrive il giovane fotografo sul suo profilo Instagram.<\/p>\n<p>La <strong>C\/2023 A3 Tsuchinshan-Atlas<\/strong> sta gi\u00e0 mandando in fibrillazione i curiosi e gli appassionati del cielo. <mark>In questi giorni \u00e8 visibile a occhi esperti\u00a0 all&#8217;alba, ma dal 9 ottobre potrebbe mostrarsi spettacolare al tramonto.<\/mark><\/p>\n<p>E c&#8217;\u00e8 di pi\u00f9: \u00e8 stata individuata da pochissimi giorni anche una <strong>nuova cometa<\/strong>, la A11bP7I, che si preannuncia anche pi\u00f9 sorprendente.\u00a0 Individuata da uno dei telescopi della survey Atlas alle Hawaii, \u00e8 ora in attesa della designazione ufficiale da parte del Minor Planet Center. <em>&#8220;Sin da subito si \u00e8 intuito che l&#8217;orbita di A11bP7I poteva renderla una cometa speciale, di quelle spericolate che passano radenti al Sole, tanto da distruggersi il pi\u00f9 delle volte&#8221;<\/em>, spiega l&#8217;astrofisico <strong>Gianluca Masi <\/strong>che l&#8217;ha osservata il 29 e il 30 settembre attraverso uno degli strumenti robotici del Virtual Telescope Project installati a Manciano (Grosseto). Forse un&#8217;altra sfida per Longaron?<\/p>\n<p>&nbsp;<\/p>\n","protected":false},"excerpt":{"rendered":"<p>Dopo il Monviso immortalato dalla Versilia, il giovane studente toscano sorprende tutti con un&#8217;altra fotografia bellissima scattata dalle campagne di Montecatini Val di Cecina<\/p>\n","protected":false},"author":545,"featured_media":358827,"comment_status":"open","ping_status":"open","sticky":false,"template":"","format":"standard","meta":{"_acf_changed":false,"footnotes":""},"categories":[4],"tags":[242,6349,2404],"class_list":["post-358826","post","type-post","status-publish","format-standard","has-post-thumbnail","hentry","category-storie","tag-fotografia","tag-spazio","tag-volterra"],"acf":[],"yoast_head":"<!-- This site is optimized with the Yoast SEO Premium plugin v24.2 (Yoast SEO v25.6) - https:\/\/yoast.com\/wordpress\/plugins\/seo\/ -->\n<title>La cometa del secolo su Volterra: il nuovo scatto eccezionale (e spaziale) di Longaron - intoscana<\/title>\n<meta name=\"description\" content=\"Dopo il Monviso immortalato dalla Versilia, il giovane studente toscano sorprende tutti con un&#039;altra fotografia bellissima scattata dalle campagne di Montecatini Val di Cecina\" \/>\n<meta name=\"robots\" content=\"index, follow, max-snippet:-1, max-image-preview:large, max-video-preview:-1\" \/>\n<link rel=\"canonical\" href=\"https:\/\/www.intoscana.it\/it\/la-cometa-del-secolo-su-volterra-il-nuovo-scatto-eccezionale-e-spaziale-di-longaron\/\" \/>\n<meta property=\"og:locale\" content=\"it_IT\" \/>\n<meta property=\"og:type\" content=\"article\" \/>\n<meta property=\"og:title\" content=\"La cometa del secolo su Volterra: il nuovo scatto eccezionale (e spaziale) di Longaron\" \/>\n<meta property=\"og:description\" content=\"Dopo il Monviso immortalato dalla Versilia, il giovane studente toscano sorprende tutti con un&#039;altra fotografia bellissima scattata dalle campagne di Montecatini Val di Cecina\" \/>\n<meta property=\"og:url\" content=\"https:\/\/www.intoscana.it\/it\/la-cometa-del-secolo-su-volterra-il-nuovo-scatto-eccezionale-e-spaziale-di-longaron\/\" \/>\n<meta property=\"og:site_name\" content=\"intoscana\" \/>\n<meta property=\"article:publisher\" content=\"https:\/\/www.facebook.com\/intoscana.it\" \/>\n<meta property=\"article:published_time\" content=\"2024-10-03T09:38:50+00:00\" \/>\n<meta property=\"og:image\" content=\"https:\/\/www.intoscana.it\/wp-content\/uploads\/Screenshot-2024-10-03-09.27.32.jpeg\" \/>\n\t<meta property=\"og:image:width\" content=\"1170\" \/>\n\t<meta property=\"og:image:height\" content=\"841\" \/>\n\t<meta property=\"og:image:type\" content=\"image\/jpeg\" \/>\n<meta name=\"author\" content=\"Clara D&#039;Acunto\" \/>\n<meta name=\"twitter:card\" content=\"summary_large_image\" \/>\n<meta name=\"twitter:creator\" content=\"@intoscana\" \/>\n<meta name=\"twitter:site\" content=\"@intoscana\" \/>\n<meta name=\"twitter:label1\" content=\"Written by\" \/>\n\t<meta name=\"twitter:data1\" content=\"Clara D&#039;Acunto\" \/>\n\t<meta name=\"twitter:label2\" content=\"Est. reading time\" \/>\n\t<meta name=\"twitter:data2\" content=\"3 minuti\" \/>\n<script type=\"application\/ld+json\" class=\"yoast-schema-graph\">{\"@context\":\"https:\/\/schema.org\",\"@graph\":[{\"@type\":\"WebPage\",\"@id\":\"https:\/\/www.intoscana.it\/it\/la-cometa-del-secolo-su-volterra-il-nuovo-scatto-eccezionale-e-spaziale-di-longaron\/\",\"url\":\"https:\/\/www.intoscana.it\/it\/la-cometa-del-secolo-su-volterra-il-nuovo-scatto-eccezionale-e-spaziale-di-longaron\/\",\"name\":\"La cometa del secolo su Volterra: il nuovo scatto eccezionale (e spaziale) di Longaron - intoscana\",\"isPartOf\":{\"@id\":\"https:\/\/www.intoscana.it\/it\/#website\"},\"primaryImageOfPage\":{\"@id\":\"https:\/\/www.intoscana.it\/it\/la-cometa-del-secolo-su-volterra-il-nuovo-scatto-eccezionale-e-spaziale-di-longaron\/#primaryimage\"},\"image\":{\"@id\":\"https:\/\/www.intoscana.it\/it\/la-cometa-del-secolo-su-volterra-il-nuovo-scatto-eccezionale-e-spaziale-di-longaron\/#primaryimage\"},\"thumbnailUrl\":\"https:\/\/www.intoscana.it\/wp-content\/uploads\/Screenshot-2024-10-03-09.27.32.jpeg\",\"datePublished\":\"2024-10-03T09:38:50+00:00\",\"author\":{\"@id\":\"https:\/\/www.intoscana.it\/it\/#\/schema\/person\/137419af9ef5d385bde52864a841e6ce\"},\"description\":\"Dopo il Monviso immortalato dalla Versilia, il giovane studente toscano sorprende tutti con un'altra fotografia bellissima scattata dalle campagne di Montecatini Val di Cecina\",\"breadcrumb\":{\"@id\":\"https:\/\/www.intoscana.it\/it\/la-cometa-del-secolo-su-volterra-il-nuovo-scatto-eccezionale-e-spaziale-di-longaron\/#breadcrumb\"},\"inLanguage\":\"it-IT\",\"potentialAction\":[{\"@type\":\"ReadAction\",\"target\":[\"https:\/\/www.intoscana.it\/it\/la-cometa-del-secolo-su-volterra-il-nuovo-scatto-eccezionale-e-spaziale-di-longaron\/\"]}]},{\"@type\":\"ImageObject\",\"inLanguage\":\"it-IT\",\"@id\":\"https:\/\/www.intoscana.it\/it\/la-cometa-del-secolo-su-volterra-il-nuovo-scatto-eccezionale-e-spaziale-di-longaron\/#primaryimage\",\"url\":\"https:\/\/www.intoscana.it\/wp-content\/uploads\/Screenshot-2024-10-03-09.27.32.jpeg\",\"contentUrl\":\"https:\/\/www.intoscana.it\/wp-content\/uploads\/Screenshot-2024-10-03-09.27.32.jpeg\",\"width\":1170,\"height\":841},{\"@type\":\"BreadcrumbList\",\"@id\":\"https:\/\/www.intoscana.it\/it\/la-cometa-del-secolo-su-volterra-il-nuovo-scatto-eccezionale-e-spaziale-di-longaron\/#breadcrumb\",\"itemListElement\":[{\"@type\":\"ListItem\",\"position\":1,\"name\":\"Home\",\"item\":\"https:\/\/www.intoscana.it\/it\/\"},{\"@type\":\"ListItem\",\"position\":2,\"name\":\"La cometa del secolo su Volterra: il nuovo scatto eccezionale (e spaziale) di Longaron\"}]},{\"@type\":\"WebSite\",\"@id\":\"https:\/\/www.intoscana.it\/it\/#website\",\"url\":\"https:\/\/www.intoscana.it\/it\/\",\"name\":\"intoscana\",\"description\":\"\",\"potentialAction\":[{\"@type\":\"SearchAction\",\"target\":{\"@type\":\"EntryPoint\",\"urlTemplate\":\"https:\/\/www.intoscana.it\/it\/?s={search_term_string}\"},\"query-input\":{\"@type\":\"PropertyValueSpecification\",\"valueRequired\":true,\"valueName\":\"search_term_string\"}}],\"inLanguage\":\"it-IT\"},{\"@type\":\"Person\",\"@id\":\"https:\/\/www.intoscana.it\/it\/#\/schema\/person\/137419af9ef5d385bde52864a841e6ce\",\"name\":\"Clara D'Acunto\",\"url\":\"https:\/\/www.intoscana.it\/it\/author\/clara-d_acunto\/\"}]}<\/script>\n<!-- \/ Yoast SEO Premium plugin. -->","yoast_head_json":{"title":"La cometa del secolo su Volterra: il nuovo scatto eccezionale (e spaziale) di Longaron - intoscana","description":"Dopo il Monviso immortalato dalla Versilia, il giovane studente toscano sorprende tutti con un'altra fotografia bellissima scattata dalle campagne di Montecatini Val di Cecina","robots":{"index":"index","follow":"follow","max-snippet":"max-snippet:-1","max-image-preview":"max-image-preview:large","max-video-preview":"max-video-preview:-1"},"canonical":"https:\/\/www.intoscana.it\/it\/la-cometa-del-secolo-su-volterra-il-nuovo-scatto-eccezionale-e-spaziale-di-longaron\/","og_locale":"it_IT","og_type":"article","og_title":"La cometa del secolo su Volterra: il nuovo scatto eccezionale (e spaziale) di Longaron","og_description":"Dopo il Monviso immortalato dalla Versilia, il giovane studente toscano sorprende tutti con un'altra fotografia bellissima scattata dalle campagne di Montecatini Val di Cecina","og_url":"https:\/\/www.intoscana.it\/it\/la-cometa-del-secolo-su-volterra-il-nuovo-scatto-eccezionale-e-spaziale-di-longaron\/","og_site_name":"intoscana","article_publisher":"https:\/\/www.facebook.com\/intoscana.it","article_published_time":"2024-10-03T09:38:50+00:00","og_image":[{"width":1170,"height":841,"url":"https:\/\/www.intoscana.it\/wp-content\/uploads\/Screenshot-2024-10-03-09.27.32.jpeg","type":"image\/jpeg"}],"author":"Clara D'Acunto","twitter_card":"summary_large_image","twitter_creator":"@intoscana","twitter_site":"@intoscana","twitter_misc":{"Written by":"Clara D'Acunto","Est. reading time":"3 minuti"},"schema":{"@context":"https:\/\/schema.org","@graph":[{"@type":"WebPage","@id":"https:\/\/www.intoscana.it\/it\/la-cometa-del-secolo-su-volterra-il-nuovo-scatto-eccezionale-e-spaziale-di-longaron\/","url":"https:\/\/www.intoscana.it\/it\/la-cometa-del-secolo-su-volterra-il-nuovo-scatto-eccezionale-e-spaziale-di-longaron\/","name":"La cometa del secolo su Volterra: il nuovo scatto eccezionale (e spaziale) di Longaron - intoscana","isPartOf":{"@id":"https:\/\/www.intoscana.it\/it\/#website"},"primaryImageOfPage":{"@id":"https:\/\/www.intoscana.it\/it\/la-cometa-del-secolo-su-volterra-il-nuovo-scatto-eccezionale-e-spaziale-di-longaron\/#primaryimage"},"image":{"@id":"https:\/\/www.intoscana.it\/it\/la-cometa-del-secolo-su-volterra-il-nuovo-scatto-eccezionale-e-spaziale-di-longaron\/#primaryimage"},"thumbnailUrl":"https:\/\/www.intoscana.it\/wp-content\/uploads\/Screenshot-2024-10-03-09.27.32.jpeg","datePublished":"2024-10-03T09:38:50+00:00","author":{"@id":"https:\/\/www.intoscana.it\/it\/#\/schema\/person\/137419af9ef5d385bde52864a841e6ce"},"description":"Dopo il Monviso immortalato dalla Versilia, il giovane studente toscano sorprende tutti con un'altra fotografia bellissima scattata dalle campagne di Montecatini Val di Cecina","breadcrumb":{"@id":"https:\/\/www.intoscana.it\/it\/la-cometa-del-secolo-su-volterra-il-nuovo-scatto-eccezionale-e-spaziale-di-longaron\/#breadcrumb"},"inLanguage":"it-IT","potentialAction":[{"@type":"ReadAction","target":["https:\/\/www.intoscana.it\/it\/la-cometa-del-secolo-su-volterra-il-nuovo-scatto-eccezionale-e-spaziale-di-longaron\/"]}]},{"@type":"ImageObject","inLanguage":"it-IT","@id":"https:\/\/www.intoscana.it\/it\/la-cometa-del-secolo-su-volterra-il-nuovo-scatto-eccezionale-e-spaziale-di-longaron\/#primaryimage","url":"https:\/\/www.intoscana.it\/wp-content\/uploads\/Screenshot-2024-10-03-09.27.32.jpeg","contentUrl":"https:\/\/www.intoscana.it\/wp-content\/uploads\/Screenshot-2024-10-03-09.27.32.jpeg","width":1170,"height":841},{"@type":"BreadcrumbList","@id":"https:\/\/www.intoscana.it\/it\/la-cometa-del-secolo-su-volterra-il-nuovo-scatto-eccezionale-e-spaziale-di-longaron\/#breadcrumb","itemListElement":[{"@type":"ListItem","position":1,"name":"Home","item":"https:\/\/www.intoscana.it\/it\/"},{"@type":"ListItem","position":2,"name":"La cometa del secolo su Volterra: il nuovo scatto eccezionale (e spaziale) di Longaron"}]},{"@type":"WebSite","@id":"https:\/\/www.intoscana.it\/it\/#website","url":"https:\/\/www.intoscana.it\/it\/","name":"intoscana","description":"","potentialAction":[{"@type":"SearchAction","target":{"@type":"EntryPoint","urlTemplate":"https:\/\/www.intoscana.it\/it\/?s={search_term_string}"},"query-input":{"@type":"PropertyValueSpecification","valueRequired":true,"valueName":"search_term_string"}}],"inLanguage":"it-IT"},{"@type":"Person","@id":"https:\/\/www.intoscana.it\/it\/#\/schema\/person\/137419af9ef5d385bde52864a841e6ce","name":"Clara D'Acunto","url":"https:\/\/www.intoscana.it\/it\/author\/clara-d_acunto\/"}]}},"_links":{"self":[{"href":"https:\/\/www.intoscana.it\/it\/wp-json\/wp\/v2\/posts\/358826","targetHints":{"allow":["GET"]}}],"collection":[{"href":"https:\/\/www.intoscana.it\/it\/wp-json\/wp\/v2\/posts"}],"about":[{"href":"https:\/\/www.intoscana.it\/it\/wp-json\/wp\/v2\/types\/post"}],"author":[{"embeddable":true,"href":"https:\/\/www.intoscana.it\/it\/wp-json\/wp\/v2\/users\/545"}],"replies":[{"embeddable":true,"href":"https:\/\/www.intoscana.it\/it\/wp-json\/wp\/v2\/comments?post=358826"}],"version-history":[{"count":12,"href":"https:\/\/www.intoscana.it\/it\/wp-json\/wp\/v2\/posts\/358826\/revisions"}],"predecessor-version":[{"id":358900,"href":"https:\/\/www.intoscana.it\/it\/wp-json\/wp\/v2\/posts\/358826\/revisions\/358900"}],"wp:featuredmedia":[{"embeddable":true,"href":"https:\/\/www.intoscana.it\/it\/wp-json\/wp\/v2\/media\/358827"}],"wp:attachment":[{"href":"https:\/\/www.intoscana.it\/it\/wp-json\/wp\/v2\/media?parent=358826"}],"wp:term":[{"taxonomy":"category","embeddable":true,"href":"https:\/\/www.intoscana.it\/it\/wp-json\/wp\/v2\/categories?post=358826"},{"taxonomy":"post_tag","embeddable":true,"href":"https:\/\/www.intoscana.it\/it\/wp-json\/wp\/v2\/tags?post=358826"}],"curies":[{"name":"wp","href":"https:\/\/api.w.org\/{rel}","templated":true}]}}