{"id":359059,"date":"2024-10-04T11:58:26","date_gmt":"2024-10-04T09:58:26","guid":{"rendered":"https:\/\/www.intoscana.it\/it\/?p=359059"},"modified":"2024-10-04T12:00:01","modified_gmt":"2024-10-04T10:00:01","slug":"larte-contemporanea-nelle-case-del-popolo-e-nei-circoli-di-quartiere-con-la-rassegna-scripta-larte-a-parole","status":"publish","type":"post","link":"https:\/\/www.intoscana.it\/it\/larte-contemporanea-nelle-case-del-popolo-e-nei-circoli-di-quartiere-con-la-rassegna-scripta-larte-a-parole\/","title":{"rendered":"L&#8217;arte contemporanea nelle case del popolo e nei circoli di quartiere con la rassegna &#8220;Scripta l\u2019arte a parole\u201d"},"content":{"rendered":"<p><strong>Dal 7 ottobre all&#8217;11 novembre<\/strong> torna a Firenze l\u2019iniziativa <strong><em>&#8220;Scripta. L\u2019arte a parole&#8221;<\/em><\/strong> curata e ideata da <strong>Pietro Gaglian\u00f2, <\/strong>che vuole portare l&#8217;arte contemporanea in ambiti meno canonici, <strong>nelle case del popolo e nei circoli di quartiere,<\/strong> per rendere accessibili i linguaggi dell\u2019arte a nuovi pubblici, in <strong>un dialogo vivo e vitale.<\/strong><\/p>\n<p>In programma <strong>incontri con gli autori e le autrici, interventi e residenze artistiche,<\/strong> <strong>produzione di opere<\/strong> permanenti, iniziative didattiche ed editoriali ed <strong>eventi performativi.<\/strong><\/p>\n<p>Quest\u2019anno il titolo dell\u2019iniziativa \u00e8 <strong><em>&#8220;La grande bellezza&#8221;<\/em><\/strong>, <strong>scrive il curatore Gaglian\u00f2<\/strong>, \u201c<em>parla di una dimensione estetica ugualmente lontana dal sentimentalismo oleografico e dalla monumentalit\u00e0 magniloquente. La bellezza \u00e8 quella delle persone che fanno esperienza dell\u2019arte e si riconoscono nelle sue forme, nelle storie raccontate, nei mondi evocati\u201d.<\/em><\/p>\n<figure id=\"post-359043 media-359043\" class=\"align-none\"><img decoding=\"async\" src=\"https:\/\/www.intoscana.it\/wp-content\/uploads\/Immagine-guida_orizzontale.jpg\" alt=\"\" \/><\/figure>\n<h3>Il programma delle iniziative<\/h3>\n<p>L\u2019iniziativa prender\u00e0 avvio il <strong>7 ottobre alla Libreria Brac,<\/strong> dove sar\u00e0 protagonista <strong>l\u2019artista Roberto Paci Dal\u00f2<\/strong> con il libro <strong><em>eBAU<\/em><\/strong>, una raccolta di pensieri e idee su cosa potrebbe essere un Nuovo Bauhaus europeo. Un libro d&#8217;artista, una raccolta leggera di intuizioni e stimoli che svolazzano fuori dalla pagina, per indicare altre realt\u00e0 che sono nostre da inventare.<\/p>\n<p>Alla <strong>Casa del Popolo dell\u2019Impruneta<\/strong> volge a conclusione la residenza d\u2019artista di <strong>Eva Sauer e Fiammetta Perugi<\/strong> il cui esito sar\u00e0 presentato al pubblico<strong> venerd\u00ec 11 ottobre.<\/strong><\/p>\n<p>Le due artiste presentano <strong><em>Ricordare il futuro,<\/em><\/strong> un lavoro sulla memoria storica della cittadina toscana, focalizzandosi sui bombardamenti delle forze alleate che nel luglio 1944 distrussero il centro e causarono 77 vittime. <strong>Tra racconto orale e performance<\/strong>, la memoria di quella strage viene riportata ai sensi dei contemporanei, grazie alla partecipazione dei consueti frequentatori della casa del popolo, in un dialogo intergenerazionale. Il progetto prevede anche un laboratorio per bambini.<\/p>\n<p>Nella stessa occasione si terr\u00e0 la presentazione del libro <strong><em>Oltre la catastrofe. Ecologie, visualit\u00e0 e immaginari nelle arti contemporanee<\/em><\/strong> a cura di Daniel Borselli, Arianna Casarini, Raffaella Perna, Roberto Pinto, Jannik Pra Levis, edito da Postmedia Books.<\/p>\n<p>La seconda residenza d\u2019artista di questa edizione di Scripta vede protagonisti <strong>Robert Pettena<\/strong> affiancato dal duo di giovani artisti<strong> Irene Scartoni e Giacomo Donati<\/strong> e si svolger\u00e0 presso il <strong>Circolo Ricreativo tra i Lavoratori di Porta al Prato<\/strong>, Firenze, dove si concluder\u00e0 il <strong>19 ottobre<\/strong> con la presentazione del progetto <strong><em>+ ( | ) x tutti.<\/em><\/strong><\/p>\n<p><strong>Scartoni\/Donati<\/strong>, entrambi formatisi all\u2019Accademia di Belle Arti di Firenze, lavorano a progetti che riflettono sul <strong>rapporto tra abitante e citt\u00e0<\/strong> utilizzando l&#8217;intermedialit\u00e0 dei linguaggi, tra sperimentazione sonora, linguaggio performativo e nuovi media per la riproduzione di immagini.<\/p>\n<p>Nella stessa occasione \u00e8 prevista la presentazione del volume di <strong>Viviana Gravano <em>Di-scordare. Ricerche artistiche sulle eredit\u00e0 del fascismo in Italia,<\/em><\/strong> Derive&amp;Approdi 2024.<\/p>\n<figure id=\"post-341899 media-341899\" class=\"align-none\"><img decoding=\"async\" src=\"https:\/\/www.intoscana.it\/wp-content\/uploads\/03-BRAC_ph-Anna-Positano-scaled-e1716545309914.jpg\" alt=\"\" \/><\/figure>\n<div class=\"titleimg\"><em>La libreria Brac \u2013 foto di Anna Positano<\/em><\/div>\n<p>La<strong> libreria Brac di Via de\u2019 Vagellai a Firenze<\/strong> sar\u00e0 sede degli ultimi due appuntamenti della rassegna.<\/p>\n<p>L\u2019appuntamento del<strong> 26 ottobre<\/strong> avr\u00e0 come protagonisti <strong>Elvira Frosini e Daniele Timpano<\/strong> con <strong><em>Uccisi dal chiaro di luna,<\/em><\/strong> conversazione e letture. Frosini e Timpano incontreranno il pubblico per <strong>una conversazione sul Futurismo<\/strong>, sulla sua attualit\u00e0 nel dibattito sui diritti e sulla parit\u00e0 di genere come dimostrano i materiali della pi\u00e8ce \u201c<strong><em>Disprezzo della donna. Il futurismo della specie\u201d<\/em><\/strong>: uno spettacolo, come affermano i due artisti, \u201cfemminista, composto da materiali che non sono affatto femministi\u201d. Frosini e Timpano proporranno al pubblico di Scripta un reading di alcuni testi tratti dallo spettacolo.<\/p>\n<p>Infine la libreria Brac ospiter\u00e0 la giornata conclusiva della manifestazione l\u2019<strong>11 novembre<\/strong>. <strong>Loredana Longo<\/strong> presenter\u00e0 <strong><em>Victory,<\/em><\/strong> un\u2019installazione pensata per la libreria Brac. L\u2019artista \u00e8 nota per le sue opere legate all\u2019estetica della distruzione e ai conflitti culturali e sociali del mondo contemporaneo.<\/p>\n<p>Seguir\u00e0 la presentazione del libro di <strong>Gloria Calderone <em>CoRprogettazioni. Posture artistiche per coreografare la citt\u00e0,<\/em> <\/strong>Gli Ori 2024, esito della seconda edizione del Premio Scripta 2023. Il libro \u00e8 dedicato al <strong>ruolo delle arti performative nella progettazione dello spazio pubblico,<\/strong> pensando i corpi dei performer come soggetti capaci di espandere le possibilit\u00e0 di lettura e scrittura della citt\u00e0.<\/p>\n<p>Infine sar\u00e0 reso noto il nome del vincitore, o della vincitrice, del <strong>Premio Scripta 2024.<\/strong><\/p>\n<figure id=\"post-359044 media-359044\" class=\"align-none\"><img decoding=\"async\" src=\"https:\/\/www.intoscana.it\/wp-content\/uploads\/Immagine-guida_quadrata.jpg\" alt=\"\" \/><\/figure>\n<div class=\"titleimg\"><\/div>\n","protected":false},"excerpt":{"rendered":"<p>Dal 7 ottobre all&#8217;11 novembre tanti appuntamenti a Firenze per la rassegna curata e ideata da Pietro Gaglian\u00f2 in un dialogo vivo e vitale tra gli artisti e il pubblico<\/p>\n","protected":false},"author":518,"featured_media":359045,"comment_status":"open","ping_status":"open","sticky":false,"template":"","format":"standard","meta":{"_acf_changed":false,"footnotes":""},"categories":[493],"tags":[227,4474,228,202],"class_list":["post-359059","post","type-post","status-publish","format-standard","has-post-thumbnail","hentry","category-cultura","tag-arte-contemporanea","tag-eventi","tag-festival","tag-firenze"],"acf":[],"yoast_head":"<!-- This site is optimized with the Yoast SEO Premium plugin v24.2 (Yoast SEO v25.6) - https:\/\/yoast.com\/wordpress\/plugins\/seo\/ -->\n<title>L&#039;arte contemporanea nelle case del popolo e nei circoli di quartiere con la rassegna &quot;Scripta l\u2019arte a parole\u201d - intoscana<\/title>\n<meta name=\"description\" content=\"Dal 7 ottobre all&#039;11 novembre tanti appuntamenti a Firenze per la rassegna curata da Gaglian\u00f2 in un dialogo tra gli artisti e il pubblico\" \/>\n<meta name=\"robots\" content=\"index, follow, max-snippet:-1, max-image-preview:large, max-video-preview:-1\" \/>\n<link rel=\"canonical\" href=\"https:\/\/www.intoscana.it\/it\/larte-contemporanea-nelle-case-del-popolo-e-nei-circoli-di-quartiere-con-la-rassegna-scripta-larte-a-parole\/\" \/>\n<meta property=\"og:locale\" content=\"it_IT\" \/>\n<meta property=\"og:type\" content=\"article\" \/>\n<meta property=\"og:title\" content=\"L&#039;arte contemporanea nelle case del popolo e nei circoli di quartiere con la rassegna &quot;Scripta l\u2019arte a parole\u201d\" \/>\n<meta property=\"og:description\" content=\"Dal 7 ottobre all&#039;11 novembre tanti appuntamenti a Firenze per la rassegna curata da Gaglian\u00f2 in un dialogo tra gli artisti e il pubblico\" \/>\n<meta property=\"og:url\" content=\"https:\/\/www.intoscana.it\/it\/larte-contemporanea-nelle-case-del-popolo-e-nei-circoli-di-quartiere-con-la-rassegna-scripta-larte-a-parole\/\" \/>\n<meta property=\"og:site_name\" content=\"intoscana\" \/>\n<meta property=\"article:publisher\" content=\"https:\/\/www.facebook.com\/intoscana.it\" \/>\n<meta property=\"article:published_time\" content=\"2024-10-04T09:58:26+00:00\" \/>\n<meta property=\"article:modified_time\" content=\"2024-10-04T10:00:01+00:00\" \/>\n<meta property=\"og:image\" content=\"https:\/\/www.intoscana.it\/wp-content\/uploads\/2photo-courtesy-Francesco-Lo-Bianco-scaled-e1728025531173.jpeg\" \/>\n\t<meta property=\"og:image:width\" content=\"1365\" \/>\n\t<meta property=\"og:image:height\" content=\"1000\" \/>\n\t<meta property=\"og:image:type\" content=\"image\/jpeg\" \/>\n<meta name=\"author\" content=\"Costanza Baldini\" \/>\n<meta name=\"twitter:card\" content=\"summary_large_image\" \/>\n<meta name=\"twitter:creator\" content=\"@intoscana\" \/>\n<meta name=\"twitter:site\" content=\"@intoscana\" \/>\n<meta name=\"twitter:label1\" content=\"Written by\" \/>\n\t<meta name=\"twitter:data1\" content=\"Costanza Baldini\" \/>\n\t<meta name=\"twitter:label2\" content=\"Est. reading time\" \/>\n\t<meta name=\"twitter:data2\" content=\"5 minuti\" \/>\n<script type=\"application\/ld+json\" class=\"yoast-schema-graph\">{\"@context\":\"https:\/\/schema.org\",\"@graph\":[{\"@type\":\"WebPage\",\"@id\":\"https:\/\/www.intoscana.it\/it\/larte-contemporanea-nelle-case-del-popolo-e-nei-circoli-di-quartiere-con-la-rassegna-scripta-larte-a-parole\/\",\"url\":\"https:\/\/www.intoscana.it\/it\/larte-contemporanea-nelle-case-del-popolo-e-nei-circoli-di-quartiere-con-la-rassegna-scripta-larte-a-parole\/\",\"name\":\"L'arte contemporanea nelle case del popolo e nei circoli di quartiere con la rassegna \\\"Scripta l\u2019arte a parole\u201d - intoscana\",\"isPartOf\":{\"@id\":\"https:\/\/www.intoscana.it\/it\/#website\"},\"primaryImageOfPage\":{\"@id\":\"https:\/\/www.intoscana.it\/it\/larte-contemporanea-nelle-case-del-popolo-e-nei-circoli-di-quartiere-con-la-rassegna-scripta-larte-a-parole\/#primaryimage\"},\"image\":{\"@id\":\"https:\/\/www.intoscana.it\/it\/larte-contemporanea-nelle-case-del-popolo-e-nei-circoli-di-quartiere-con-la-rassegna-scripta-larte-a-parole\/#primaryimage\"},\"thumbnailUrl\":\"https:\/\/www.intoscana.it\/wp-content\/uploads\/2photo-courtesy-Francesco-Lo-Bianco-scaled-e1728025531173.jpeg\",\"datePublished\":\"2024-10-04T09:58:26+00:00\",\"dateModified\":\"2024-10-04T10:00:01+00:00\",\"author\":{\"@id\":\"https:\/\/www.intoscana.it\/it\/#\/schema\/person\/d469f35f09739bdf00bf5dd3f0647a82\"},\"description\":\"Dal 7 ottobre all'11 novembre tanti appuntamenti a Firenze per la rassegna curata da Gaglian\u00f2 in un dialogo tra gli artisti e il pubblico\",\"breadcrumb\":{\"@id\":\"https:\/\/www.intoscana.it\/it\/larte-contemporanea-nelle-case-del-popolo-e-nei-circoli-di-quartiere-con-la-rassegna-scripta-larte-a-parole\/#breadcrumb\"},\"inLanguage\":\"it-IT\",\"potentialAction\":[{\"@type\":\"ReadAction\",\"target\":[\"https:\/\/www.intoscana.it\/it\/larte-contemporanea-nelle-case-del-popolo-e-nei-circoli-di-quartiere-con-la-rassegna-scripta-larte-a-parole\/\"]}]},{\"@type\":\"ImageObject\",\"inLanguage\":\"it-IT\",\"@id\":\"https:\/\/www.intoscana.it\/it\/larte-contemporanea-nelle-case-del-popolo-e-nei-circoli-di-quartiere-con-la-rassegna-scripta-larte-a-parole\/#primaryimage\",\"url\":\"https:\/\/www.intoscana.it\/wp-content\/uploads\/2photo-courtesy-Francesco-Lo-Bianco-scaled-e1728025531173.jpeg\",\"contentUrl\":\"https:\/\/www.intoscana.it\/wp-content\/uploads\/2photo-courtesy-Francesco-Lo-Bianco-scaled-e1728025531173.jpeg\",\"width\":1365,\"height\":1000},{\"@type\":\"BreadcrumbList\",\"@id\":\"https:\/\/www.intoscana.it\/it\/larte-contemporanea-nelle-case-del-popolo-e-nei-circoli-di-quartiere-con-la-rassegna-scripta-larte-a-parole\/#breadcrumb\",\"itemListElement\":[{\"@type\":\"ListItem\",\"position\":1,\"name\":\"Home\",\"item\":\"https:\/\/www.intoscana.it\/it\/\"},{\"@type\":\"ListItem\",\"position\":2,\"name\":\"L&#8217;arte contemporanea nelle case del popolo e nei circoli di quartiere con la rassegna &#8220;Scripta l\u2019arte a parole\u201d\"}]},{\"@type\":\"WebSite\",\"@id\":\"https:\/\/www.intoscana.it\/it\/#website\",\"url\":\"https:\/\/www.intoscana.it\/it\/\",\"name\":\"intoscana\",\"description\":\"\",\"potentialAction\":[{\"@type\":\"SearchAction\",\"target\":{\"@type\":\"EntryPoint\",\"urlTemplate\":\"https:\/\/www.intoscana.it\/it\/?s={search_term_string}\"},\"query-input\":{\"@type\":\"PropertyValueSpecification\",\"valueRequired\":true,\"valueName\":\"search_term_string\"}}],\"inLanguage\":\"it-IT\"},{\"@type\":\"Person\",\"@id\":\"https:\/\/www.intoscana.it\/it\/#\/schema\/person\/d469f35f09739bdf00bf5dd3f0647a82\",\"name\":\"Costanza Baldini\",\"url\":\"https:\/\/www.intoscana.it\/it\/author\/costanza-baldini\/\"}]}<\/script>\n<!-- \/ Yoast SEO Premium plugin. -->","yoast_head_json":{"title":"L'arte contemporanea nelle case del popolo e nei circoli di quartiere con la rassegna \"Scripta l\u2019arte a parole\u201d - intoscana","description":"Dal 7 ottobre all'11 novembre tanti appuntamenti a Firenze per la rassegna curata da Gaglian\u00f2 in un dialogo tra gli artisti e il pubblico","robots":{"index":"index","follow":"follow","max-snippet":"max-snippet:-1","max-image-preview":"max-image-preview:large","max-video-preview":"max-video-preview:-1"},"canonical":"https:\/\/www.intoscana.it\/it\/larte-contemporanea-nelle-case-del-popolo-e-nei-circoli-di-quartiere-con-la-rassegna-scripta-larte-a-parole\/","og_locale":"it_IT","og_type":"article","og_title":"L'arte contemporanea nelle case del popolo e nei circoli di quartiere con la rassegna \"Scripta l\u2019arte a parole\u201d","og_description":"Dal 7 ottobre all'11 novembre tanti appuntamenti a Firenze per la rassegna curata da Gaglian\u00f2 in un dialogo tra gli artisti e il pubblico","og_url":"https:\/\/www.intoscana.it\/it\/larte-contemporanea-nelle-case-del-popolo-e-nei-circoli-di-quartiere-con-la-rassegna-scripta-larte-a-parole\/","og_site_name":"intoscana","article_publisher":"https:\/\/www.facebook.com\/intoscana.it","article_published_time":"2024-10-04T09:58:26+00:00","article_modified_time":"2024-10-04T10:00:01+00:00","og_image":[{"width":1365,"height":1000,"url":"https:\/\/www.intoscana.it\/wp-content\/uploads\/2photo-courtesy-Francesco-Lo-Bianco-scaled-e1728025531173.jpeg","type":"image\/jpeg"}],"author":"Costanza Baldini","twitter_card":"summary_large_image","twitter_creator":"@intoscana","twitter_site":"@intoscana","twitter_misc":{"Written by":"Costanza Baldini","Est. reading time":"5 minuti"},"schema":{"@context":"https:\/\/schema.org","@graph":[{"@type":"WebPage","@id":"https:\/\/www.intoscana.it\/it\/larte-contemporanea-nelle-case-del-popolo-e-nei-circoli-di-quartiere-con-la-rassegna-scripta-larte-a-parole\/","url":"https:\/\/www.intoscana.it\/it\/larte-contemporanea-nelle-case-del-popolo-e-nei-circoli-di-quartiere-con-la-rassegna-scripta-larte-a-parole\/","name":"L'arte contemporanea nelle case del popolo e nei circoli di quartiere con la rassegna \"Scripta l\u2019arte a parole\u201d - intoscana","isPartOf":{"@id":"https:\/\/www.intoscana.it\/it\/#website"},"primaryImageOfPage":{"@id":"https:\/\/www.intoscana.it\/it\/larte-contemporanea-nelle-case-del-popolo-e-nei-circoli-di-quartiere-con-la-rassegna-scripta-larte-a-parole\/#primaryimage"},"image":{"@id":"https:\/\/www.intoscana.it\/it\/larte-contemporanea-nelle-case-del-popolo-e-nei-circoli-di-quartiere-con-la-rassegna-scripta-larte-a-parole\/#primaryimage"},"thumbnailUrl":"https:\/\/www.intoscana.it\/wp-content\/uploads\/2photo-courtesy-Francesco-Lo-Bianco-scaled-e1728025531173.jpeg","datePublished":"2024-10-04T09:58:26+00:00","dateModified":"2024-10-04T10:00:01+00:00","author":{"@id":"https:\/\/www.intoscana.it\/it\/#\/schema\/person\/d469f35f09739bdf00bf5dd3f0647a82"},"description":"Dal 7 ottobre all'11 novembre tanti appuntamenti a Firenze per la rassegna curata da Gaglian\u00f2 in un dialogo tra gli artisti e il pubblico","breadcrumb":{"@id":"https:\/\/www.intoscana.it\/it\/larte-contemporanea-nelle-case-del-popolo-e-nei-circoli-di-quartiere-con-la-rassegna-scripta-larte-a-parole\/#breadcrumb"},"inLanguage":"it-IT","potentialAction":[{"@type":"ReadAction","target":["https:\/\/www.intoscana.it\/it\/larte-contemporanea-nelle-case-del-popolo-e-nei-circoli-di-quartiere-con-la-rassegna-scripta-larte-a-parole\/"]}]},{"@type":"ImageObject","inLanguage":"it-IT","@id":"https:\/\/www.intoscana.it\/it\/larte-contemporanea-nelle-case-del-popolo-e-nei-circoli-di-quartiere-con-la-rassegna-scripta-larte-a-parole\/#primaryimage","url":"https:\/\/www.intoscana.it\/wp-content\/uploads\/2photo-courtesy-Francesco-Lo-Bianco-scaled-e1728025531173.jpeg","contentUrl":"https:\/\/www.intoscana.it\/wp-content\/uploads\/2photo-courtesy-Francesco-Lo-Bianco-scaled-e1728025531173.jpeg","width":1365,"height":1000},{"@type":"BreadcrumbList","@id":"https:\/\/www.intoscana.it\/it\/larte-contemporanea-nelle-case-del-popolo-e-nei-circoli-di-quartiere-con-la-rassegna-scripta-larte-a-parole\/#breadcrumb","itemListElement":[{"@type":"ListItem","position":1,"name":"Home","item":"https:\/\/www.intoscana.it\/it\/"},{"@type":"ListItem","position":2,"name":"L&#8217;arte contemporanea nelle case del popolo e nei circoli di quartiere con la rassegna &#8220;Scripta l\u2019arte a parole\u201d"}]},{"@type":"WebSite","@id":"https:\/\/www.intoscana.it\/it\/#website","url":"https:\/\/www.intoscana.it\/it\/","name":"intoscana","description":"","potentialAction":[{"@type":"SearchAction","target":{"@type":"EntryPoint","urlTemplate":"https:\/\/www.intoscana.it\/it\/?s={search_term_string}"},"query-input":{"@type":"PropertyValueSpecification","valueRequired":true,"valueName":"search_term_string"}}],"inLanguage":"it-IT"},{"@type":"Person","@id":"https:\/\/www.intoscana.it\/it\/#\/schema\/person\/d469f35f09739bdf00bf5dd3f0647a82","name":"Costanza Baldini","url":"https:\/\/www.intoscana.it\/it\/author\/costanza-baldini\/"}]}},"_links":{"self":[{"href":"https:\/\/www.intoscana.it\/it\/wp-json\/wp\/v2\/posts\/359059","targetHints":{"allow":["GET"]}}],"collection":[{"href":"https:\/\/www.intoscana.it\/it\/wp-json\/wp\/v2\/posts"}],"about":[{"href":"https:\/\/www.intoscana.it\/it\/wp-json\/wp\/v2\/types\/post"}],"author":[{"embeddable":true,"href":"https:\/\/www.intoscana.it\/it\/wp-json\/wp\/v2\/users\/518"}],"replies":[{"embeddable":true,"href":"https:\/\/www.intoscana.it\/it\/wp-json\/wp\/v2\/comments?post=359059"}],"version-history":[{"count":9,"href":"https:\/\/www.intoscana.it\/it\/wp-json\/wp\/v2\/posts\/359059\/revisions"}],"predecessor-version":[{"id":359119,"href":"https:\/\/www.intoscana.it\/it\/wp-json\/wp\/v2\/posts\/359059\/revisions\/359119"}],"wp:featuredmedia":[{"embeddable":true,"href":"https:\/\/www.intoscana.it\/it\/wp-json\/wp\/v2\/media\/359045"}],"wp:attachment":[{"href":"https:\/\/www.intoscana.it\/it\/wp-json\/wp\/v2\/media?parent=359059"}],"wp:term":[{"taxonomy":"category","embeddable":true,"href":"https:\/\/www.intoscana.it\/it\/wp-json\/wp\/v2\/categories?post=359059"},{"taxonomy":"post_tag","embeddable":true,"href":"https:\/\/www.intoscana.it\/it\/wp-json\/wp\/v2\/tags?post=359059"}],"curies":[{"name":"wp","href":"https:\/\/api.w.org\/{rel}","templated":true}]}}