{"id":359198,"date":"2024-10-05T09:59:46","date_gmt":"2024-10-05T07:59:46","guid":{"rendered":"https:\/\/www.intoscana.it\/it\/?p=359198"},"modified":"2024-10-07T10:17:58","modified_gmt":"2024-10-07T08:17:58","slug":"carrara-nella-rosa-dei-cinque-comuni-candidati-a-capitale-dellarte-contemporanea","status":"publish","type":"post","link":"https:\/\/www.intoscana.it\/it\/carrara-nella-rosa-dei-cinque-comuni-candidati-a-capitale-dellarte-contemporanea\/","title":{"rendered":"Carrara nella rosa dei cinque comuni candidati a Capitale italiana dell\u2019Arte contemporanea 2026"},"content":{"rendered":"<p><strong>Carrara<\/strong> \u00e8 stata inserita tra i cinque comuni candidati al ruolo di <strong>Capitale italiana dell\u2019Arte contemporanea 2026.<\/strong><\/p>\n<p>Oltre a Carrara parteciperanno alla fase finale della selezione i Comuni di <strong>Gallarate (Va), Gibellina (Tp), Pescara e Todi (Pg).<\/strong><\/p>\n<p>Il riconoscimento \u00e8 stato istituito dal <strong>Ministero della Cultura<\/strong> per<strong> incoraggiare e sostenere la capacit\u00e0 progettuale e attuativa delle citt\u00e0 italiane<\/strong> nel campo della promozione e valorizzazione dell\u2019<strong>arte contemporanea.<\/strong><\/p>\n<p><strong>Il bando finanzia progetti culturali<\/strong> che prevedono attivit\u00e0 come <strong>mostre, festival e rassegne<\/strong>, oltre alla realizzazione e la riqualificazione di spazi e aree.<\/p>\n<p><em>\u201cQuesta \u00e8 una bella notizia. Ci conferma che Carrara ha tutte le carte in regola per poter ambire a questo prestigioso riconoscimento\u201d<\/em> &#8211; <strong>ha commentato il presidente della Regione Toscana Eugenio Giani<\/strong> &#8211; &#8220;<em>Con il suo marmo, con il suo genio creativo, con tutte le potenzialit\u00e0 che continua a esprimere, Carrara pu\u00f2 dare piena continuit\u00e0 a quel patrimonio artistico che ha reso meravigliosa e unica la nostra terra in passato e che pu\u00f2 mantenerla fortemente attrattiva anche nel futuro: non a caso il progetto con cui concorre ha per titolo \u201c<strong>Carrara \u2013 da 2000 anni contemporanea<\/strong>\u201d.<\/em><\/p>\n<p><em>\u201cSpero che questo progetto &#8211;<\/em><strong> ha concluso il governatore- <\/strong><em>possa raggiungere questo importante obiettivo per dare un ulteriore slancio alla promozione dell\u2019arte contemporanea, che \u00e8 elemento centrale nelle politiche culturali della nostra regione\u201d.<\/em><\/p>\n<h3>I comuni finalisti<\/h3>\n<p>&#8211; Carrara (MS):<strong> \u201cCarrara &#8211; Da 2000 anni contemporanea\u201d<\/strong><\/p>\n<p>&#8211; Gallarate (VA): <strong>\u201cLa Cultura del Fare. Il Fare della Cultura\u201d<\/strong><\/p>\n<p>&#8211; Gibellina (TP): <strong>\u201cPortami il futuro\u201d<\/strong><\/p>\n<p>&#8211; Pescara (PE): <strong>\u201cPescara citt\u00e0 contemporanea \u2013 Una porta aperta ai sogni\u201d<\/strong><\/p>\n<p>&#8211; Todi (PG): \u201c<strong>Ponte contemporaneo\u201d<\/strong><\/p>\n<p><strong>I Comuni selezionati saranno convocati a Roma il 25 ottobre 2024<\/strong> per le audizioni pubbliche. Sar\u00e0 l\u2019occasione per ogni citt\u00e0 candidata di illustrare nel dettaglio il proprio progetto agli esperti che dovranno valutarli.<\/p>\n<p>Per ciascun dossier <strong>le audizioni avranno una durata di massimo 60 minuti,<\/strong> di cui 30 per la presentazione del progetto e 30 per una sessione di domande effettuate dalla giuria.<\/p>\n<p>I dettagli delle audizioni pubbliche saranno resi noti in <strong>un successivo comunicato.<\/strong><\/p>\n<p>La citt\u00e0 che sar\u00e0 insignita del titolo di <strong>Capitale italiana dell\u2019Arte contemporanea 2026<\/strong>, godr\u00e0 di <strong>un finanziamento di un milione di euro<\/strong> per la realizzazione delle attivit\u00e0 progettate nel dossier.<\/p>\n","protected":false},"excerpt":{"rendered":"<p>Oltre a Carrara parteciperanno alla fase finale della selezione i Comuni di Gallarate (Va), Gibellina (Tp), Pescara e Todi (Pg). Saranno convocati a Roma per la fase finale delle selezioni il 25 ottobre 2024<\/p>\n","protected":false},"author":518,"featured_media":345288,"comment_status":"open","ping_status":"open","sticky":false,"template":"","format":"standard","meta":{"_acf_changed":false,"footnotes":""},"categories":[493],"tags":[227,268,151],"class_list":["post-359198","post","type-post","status-publish","format-standard","has-post-thumbnail","hentry","category-cultura","tag-arte-contemporanea","tag-carrara","tag-regione-toscana"],"acf":[],"yoast_head":"<!-- This site is optimized with the Yoast SEO Premium plugin v24.2 (Yoast SEO v25.6) - https:\/\/yoast.com\/wordpress\/plugins\/seo\/ -->\n<title>Carrara nella rosa dei cinque comuni candidati a Capitale italiana dell\u2019Arte contemporanea 2026 - intoscana<\/title>\n<meta name=\"description\" content=\"Oltre a Carrara parteciperanno alla fase finale della selezione i Comuni di Gallarate (Va), Gibellina (Tp), Pescara e Todi (Pg)\" \/>\n<meta name=\"robots\" content=\"index, follow, max-snippet:-1, max-image-preview:large, max-video-preview:-1\" \/>\n<link rel=\"canonical\" href=\"https:\/\/www.intoscana.it\/it\/carrara-nella-rosa-dei-cinque-comuni-candidati-a-capitale-dellarte-contemporanea\/\" \/>\n<meta property=\"og:locale\" content=\"it_IT\" \/>\n<meta property=\"og:type\" content=\"article\" \/>\n<meta property=\"og:title\" content=\"Carrara nella rosa dei cinque comuni candidati a Capitale italiana dell\u2019Arte contemporanea 2026\" \/>\n<meta property=\"og:description\" content=\"Oltre a Carrara parteciperanno alla fase finale della selezione i Comuni di Gallarate (Va), Gibellina (Tp), Pescara e Todi (Pg)\" \/>\n<meta property=\"og:url\" content=\"https:\/\/www.intoscana.it\/it\/carrara-nella-rosa-dei-cinque-comuni-candidati-a-capitale-dellarte-contemporanea\/\" \/>\n<meta property=\"og:site_name\" content=\"intoscana\" \/>\n<meta property=\"article:publisher\" content=\"https:\/\/www.facebook.com\/intoscana.it\" \/>\n<meta property=\"article:published_time\" content=\"2024-10-05T07:59:46+00:00\" \/>\n<meta property=\"article:modified_time\" content=\"2024-10-07T08:17:58+00:00\" \/>\n<meta property=\"og:image\" content=\"https:\/\/www.intoscana.it\/wp-content\/uploads\/White-Carrara-Design-is-back-Carrara-2024.-Ph.-Giuseppe-DAleo-5.jpg\" \/>\n\t<meta property=\"og:image:width\" content=\"1600\" \/>\n\t<meta property=\"og:image:height\" content=\"1067\" \/>\n\t<meta property=\"og:image:type\" content=\"image\/jpeg\" \/>\n<meta name=\"author\" content=\"Costanza Baldini\" \/>\n<meta name=\"twitter:card\" content=\"summary_large_image\" \/>\n<meta name=\"twitter:creator\" content=\"@intoscana\" \/>\n<meta name=\"twitter:site\" content=\"@intoscana\" \/>\n<meta name=\"twitter:label1\" content=\"Written by\" \/>\n\t<meta name=\"twitter:data1\" content=\"Costanza Baldini\" \/>\n\t<meta name=\"twitter:label2\" content=\"Est. reading time\" \/>\n\t<meta name=\"twitter:data2\" content=\"3 minuti\" \/>\n<script type=\"application\/ld+json\" class=\"yoast-schema-graph\">{\"@context\":\"https:\/\/schema.org\",\"@graph\":[{\"@type\":\"WebPage\",\"@id\":\"https:\/\/www.intoscana.it\/it\/carrara-nella-rosa-dei-cinque-comuni-candidati-a-capitale-dellarte-contemporanea\/\",\"url\":\"https:\/\/www.intoscana.it\/it\/carrara-nella-rosa-dei-cinque-comuni-candidati-a-capitale-dellarte-contemporanea\/\",\"name\":\"Carrara nella rosa dei cinque comuni candidati a Capitale italiana dell\u2019Arte contemporanea 2026 - intoscana\",\"isPartOf\":{\"@id\":\"https:\/\/www.intoscana.it\/it\/#website\"},\"primaryImageOfPage\":{\"@id\":\"https:\/\/www.intoscana.it\/it\/carrara-nella-rosa-dei-cinque-comuni-candidati-a-capitale-dellarte-contemporanea\/#primaryimage\"},\"image\":{\"@id\":\"https:\/\/www.intoscana.it\/it\/carrara-nella-rosa-dei-cinque-comuni-candidati-a-capitale-dellarte-contemporanea\/#primaryimage\"},\"thumbnailUrl\":\"https:\/\/www.intoscana.it\/wp-content\/uploads\/White-Carrara-Design-is-back-Carrara-2024.-Ph.-Giuseppe-DAleo-5.jpg\",\"datePublished\":\"2024-10-05T07:59:46+00:00\",\"dateModified\":\"2024-10-07T08:17:58+00:00\",\"author\":{\"@id\":\"https:\/\/www.intoscana.it\/it\/#\/schema\/person\/d469f35f09739bdf00bf5dd3f0647a82\"},\"description\":\"Oltre a Carrara parteciperanno alla fase finale della selezione i Comuni di Gallarate (Va), Gibellina (Tp), Pescara e Todi (Pg)\",\"breadcrumb\":{\"@id\":\"https:\/\/www.intoscana.it\/it\/carrara-nella-rosa-dei-cinque-comuni-candidati-a-capitale-dellarte-contemporanea\/#breadcrumb\"},\"inLanguage\":\"it-IT\",\"potentialAction\":[{\"@type\":\"ReadAction\",\"target\":[\"https:\/\/www.intoscana.it\/it\/carrara-nella-rosa-dei-cinque-comuni-candidati-a-capitale-dellarte-contemporanea\/\"]}]},{\"@type\":\"ImageObject\",\"inLanguage\":\"it-IT\",\"@id\":\"https:\/\/www.intoscana.it\/it\/carrara-nella-rosa-dei-cinque-comuni-candidati-a-capitale-dellarte-contemporanea\/#primaryimage\",\"url\":\"https:\/\/www.intoscana.it\/wp-content\/uploads\/White-Carrara-Design-is-back-Carrara-2024.-Ph.-Giuseppe-DAleo-5.jpg\",\"contentUrl\":\"https:\/\/www.intoscana.it\/wp-content\/uploads\/White-Carrara-Design-is-back-Carrara-2024.-Ph.-Giuseppe-DAleo-5.jpg\",\"width\":1600,\"height\":1067},{\"@type\":\"BreadcrumbList\",\"@id\":\"https:\/\/www.intoscana.it\/it\/carrara-nella-rosa-dei-cinque-comuni-candidati-a-capitale-dellarte-contemporanea\/#breadcrumb\",\"itemListElement\":[{\"@type\":\"ListItem\",\"position\":1,\"name\":\"Home\",\"item\":\"https:\/\/www.intoscana.it\/it\/\"},{\"@type\":\"ListItem\",\"position\":2,\"name\":\"Carrara nella rosa dei cinque comuni candidati a Capitale italiana dell\u2019Arte contemporanea 2026\"}]},{\"@type\":\"WebSite\",\"@id\":\"https:\/\/www.intoscana.it\/it\/#website\",\"url\":\"https:\/\/www.intoscana.it\/it\/\",\"name\":\"intoscana\",\"description\":\"\",\"potentialAction\":[{\"@type\":\"SearchAction\",\"target\":{\"@type\":\"EntryPoint\",\"urlTemplate\":\"https:\/\/www.intoscana.it\/it\/?s={search_term_string}\"},\"query-input\":{\"@type\":\"PropertyValueSpecification\",\"valueRequired\":true,\"valueName\":\"search_term_string\"}}],\"inLanguage\":\"it-IT\"},{\"@type\":\"Person\",\"@id\":\"https:\/\/www.intoscana.it\/it\/#\/schema\/person\/d469f35f09739bdf00bf5dd3f0647a82\",\"name\":\"Costanza Baldini\",\"url\":\"https:\/\/www.intoscana.it\/it\/author\/costanza-baldini\/\"}]}<\/script>\n<!-- \/ Yoast SEO Premium plugin. -->","yoast_head_json":{"title":"Carrara nella rosa dei cinque comuni candidati a Capitale italiana dell\u2019Arte contemporanea 2026 - intoscana","description":"Oltre a Carrara parteciperanno alla fase finale della selezione i Comuni di Gallarate (Va), Gibellina (Tp), Pescara e Todi (Pg)","robots":{"index":"index","follow":"follow","max-snippet":"max-snippet:-1","max-image-preview":"max-image-preview:large","max-video-preview":"max-video-preview:-1"},"canonical":"https:\/\/www.intoscana.it\/it\/carrara-nella-rosa-dei-cinque-comuni-candidati-a-capitale-dellarte-contemporanea\/","og_locale":"it_IT","og_type":"article","og_title":"Carrara nella rosa dei cinque comuni candidati a Capitale italiana dell\u2019Arte contemporanea 2026","og_description":"Oltre a Carrara parteciperanno alla fase finale della selezione i Comuni di Gallarate (Va), Gibellina (Tp), Pescara e Todi (Pg)","og_url":"https:\/\/www.intoscana.it\/it\/carrara-nella-rosa-dei-cinque-comuni-candidati-a-capitale-dellarte-contemporanea\/","og_site_name":"intoscana","article_publisher":"https:\/\/www.facebook.com\/intoscana.it","article_published_time":"2024-10-05T07:59:46+00:00","article_modified_time":"2024-10-07T08:17:58+00:00","og_image":[{"width":1600,"height":1067,"url":"https:\/\/www.intoscana.it\/wp-content\/uploads\/White-Carrara-Design-is-back-Carrara-2024.-Ph.-Giuseppe-DAleo-5.jpg","type":"image\/jpeg"}],"author":"Costanza Baldini","twitter_card":"summary_large_image","twitter_creator":"@intoscana","twitter_site":"@intoscana","twitter_misc":{"Written by":"Costanza Baldini","Est. reading time":"3 minuti"},"schema":{"@context":"https:\/\/schema.org","@graph":[{"@type":"WebPage","@id":"https:\/\/www.intoscana.it\/it\/carrara-nella-rosa-dei-cinque-comuni-candidati-a-capitale-dellarte-contemporanea\/","url":"https:\/\/www.intoscana.it\/it\/carrara-nella-rosa-dei-cinque-comuni-candidati-a-capitale-dellarte-contemporanea\/","name":"Carrara nella rosa dei cinque comuni candidati a Capitale italiana dell\u2019Arte contemporanea 2026 - intoscana","isPartOf":{"@id":"https:\/\/www.intoscana.it\/it\/#website"},"primaryImageOfPage":{"@id":"https:\/\/www.intoscana.it\/it\/carrara-nella-rosa-dei-cinque-comuni-candidati-a-capitale-dellarte-contemporanea\/#primaryimage"},"image":{"@id":"https:\/\/www.intoscana.it\/it\/carrara-nella-rosa-dei-cinque-comuni-candidati-a-capitale-dellarte-contemporanea\/#primaryimage"},"thumbnailUrl":"https:\/\/www.intoscana.it\/wp-content\/uploads\/White-Carrara-Design-is-back-Carrara-2024.-Ph.-Giuseppe-DAleo-5.jpg","datePublished":"2024-10-05T07:59:46+00:00","dateModified":"2024-10-07T08:17:58+00:00","author":{"@id":"https:\/\/www.intoscana.it\/it\/#\/schema\/person\/d469f35f09739bdf00bf5dd3f0647a82"},"description":"Oltre a Carrara parteciperanno alla fase finale della selezione i Comuni di Gallarate (Va), Gibellina (Tp), Pescara e Todi (Pg)","breadcrumb":{"@id":"https:\/\/www.intoscana.it\/it\/carrara-nella-rosa-dei-cinque-comuni-candidati-a-capitale-dellarte-contemporanea\/#breadcrumb"},"inLanguage":"it-IT","potentialAction":[{"@type":"ReadAction","target":["https:\/\/www.intoscana.it\/it\/carrara-nella-rosa-dei-cinque-comuni-candidati-a-capitale-dellarte-contemporanea\/"]}]},{"@type":"ImageObject","inLanguage":"it-IT","@id":"https:\/\/www.intoscana.it\/it\/carrara-nella-rosa-dei-cinque-comuni-candidati-a-capitale-dellarte-contemporanea\/#primaryimage","url":"https:\/\/www.intoscana.it\/wp-content\/uploads\/White-Carrara-Design-is-back-Carrara-2024.-Ph.-Giuseppe-DAleo-5.jpg","contentUrl":"https:\/\/www.intoscana.it\/wp-content\/uploads\/White-Carrara-Design-is-back-Carrara-2024.-Ph.-Giuseppe-DAleo-5.jpg","width":1600,"height":1067},{"@type":"BreadcrumbList","@id":"https:\/\/www.intoscana.it\/it\/carrara-nella-rosa-dei-cinque-comuni-candidati-a-capitale-dellarte-contemporanea\/#breadcrumb","itemListElement":[{"@type":"ListItem","position":1,"name":"Home","item":"https:\/\/www.intoscana.it\/it\/"},{"@type":"ListItem","position":2,"name":"Carrara nella rosa dei cinque comuni candidati a Capitale italiana dell\u2019Arte contemporanea 2026"}]},{"@type":"WebSite","@id":"https:\/\/www.intoscana.it\/it\/#website","url":"https:\/\/www.intoscana.it\/it\/","name":"intoscana","description":"","potentialAction":[{"@type":"SearchAction","target":{"@type":"EntryPoint","urlTemplate":"https:\/\/www.intoscana.it\/it\/?s={search_term_string}"},"query-input":{"@type":"PropertyValueSpecification","valueRequired":true,"valueName":"search_term_string"}}],"inLanguage":"it-IT"},{"@type":"Person","@id":"https:\/\/www.intoscana.it\/it\/#\/schema\/person\/d469f35f09739bdf00bf5dd3f0647a82","name":"Costanza Baldini","url":"https:\/\/www.intoscana.it\/it\/author\/costanza-baldini\/"}]}},"_links":{"self":[{"href":"https:\/\/www.intoscana.it\/it\/wp-json\/wp\/v2\/posts\/359198","targetHints":{"allow":["GET"]}}],"collection":[{"href":"https:\/\/www.intoscana.it\/it\/wp-json\/wp\/v2\/posts"}],"about":[{"href":"https:\/\/www.intoscana.it\/it\/wp-json\/wp\/v2\/types\/post"}],"author":[{"embeddable":true,"href":"https:\/\/www.intoscana.it\/it\/wp-json\/wp\/v2\/users\/518"}],"replies":[{"embeddable":true,"href":"https:\/\/www.intoscana.it\/it\/wp-json\/wp\/v2\/comments?post=359198"}],"version-history":[{"count":10,"href":"https:\/\/www.intoscana.it\/it\/wp-json\/wp\/v2\/posts\/359198\/revisions"}],"predecessor-version":[{"id":359292,"href":"https:\/\/www.intoscana.it\/it\/wp-json\/wp\/v2\/posts\/359198\/revisions\/359292"}],"wp:featuredmedia":[{"embeddable":true,"href":"https:\/\/www.intoscana.it\/it\/wp-json\/wp\/v2\/media\/345288"}],"wp:attachment":[{"href":"https:\/\/www.intoscana.it\/it\/wp-json\/wp\/v2\/media?parent=359198"}],"wp:term":[{"taxonomy":"category","embeddable":true,"href":"https:\/\/www.intoscana.it\/it\/wp-json\/wp\/v2\/categories?post=359198"},{"taxonomy":"post_tag","embeddable":true,"href":"https:\/\/www.intoscana.it\/it\/wp-json\/wp\/v2\/tags?post=359198"}],"curies":[{"name":"wp","href":"https:\/\/api.w.org\/{rel}","templated":true}]}}