{"id":359322,"date":"2024-10-07T12:30:14","date_gmt":"2024-10-07T10:30:14","guid":{"rendered":"https:\/\/www.intoscana.it\/it\/?p=359322"},"modified":"2024-10-07T12:39:11","modified_gmt":"2024-10-07T10:39:11","slug":"la-nuova-tecnologia-intelligente-ed-empatica-levoluzione-dei-robot-sempre-piu-simili-alluomo","status":"publish","type":"post","link":"https:\/\/www.intoscana.it\/it\/la-nuova-tecnologia-intelligente-ed-empatica-levoluzione-dei-robot-sempre-piu-simili-alluomo\/","title":{"rendered":"La nuova tecnologia intelligente: l&#8217;evoluzione dei robot"},"content":{"rendered":"<p style=\"font-weight: 400;\">Avanza una nuova generazione di <strong>tecnologia intelligente<\/strong>, empatica e sempre pi\u00f9 simile all\u2019uomo, progettata per interagire e svolgere funzioni specifiche, in aiuto o forse in sostituzione dell&#8217;uomo. Alla nuova frontiera della robotica \u00e8 dedicato ampio spazio all&#8217;<a href=\"https:\/\/www.intoscana.it\/it\/internet-festival-2024-a-pisa-le-novita-del-mondo-digitale-dal-10-al-13-ottobre-la-toscana-si-apre-al-futuro\/\" target=\"_blank\" rel=\"noopener\">Internet Festival di Pisa<\/a>, in programma dal 10 al 13 ottobre.<\/p>\n<p style=\"font-weight: 400;\">Ci sarannno esperti, scienziati, sociologi e filosofi e speaker molto particolari, come <strong>Abel<\/strong>, il \u201crobot ragazzino\u201d dalle fattezze umane che per la prima volta uscir\u00e0 dai laboratori dell\u2019Universit\u00e0 di Pisa per interagire con il pubblico al Centro Congressi Le Benedettine nei giorni 11, 12 e 13 ottobre.<\/p>\n<h3>Chi \u00e8 Abel?<\/h3>\n<p style=\"font-weight: 400;\">Abel \u00e8 un progetto di ricerca nato all&#8217;interno del Centro Piaggio e portato avanti grazie alla stretta collaborazione tra il Centro Piaggio e il Dipartimento di Ingegneria dell&#8217;Informazione dell&#8217;<strong>Universit\u00e0 di Pisa.<\/strong> Abel \u00e8 un robot umanoide iperrealistico, progettato per essere capace di provare empatia: <mark>non solo parla e muove il volto, ma comprende lo stato emotivo del suo interlocutore ed interagisce in modo appropriato con lui anche con una risata.<\/mark><\/p>\n<figure id=\"post-359326 media-359326\" class=\"align-none\"><img decoding=\"async\" src=\"https:\/\/www.intoscana.it\/wp-content\/uploads\/Abel3-scaled.jpeg\" alt=\"\" \/><\/figure>\n<div class=\"titleimg\"><\/div>\n<p style=\"font-weight: 400;\">Il suo aspetto \u00e8 quello di un ragazzino di 11-12 anni, composto da una sofisticata meccatronica all\u2019interno della testa, che gli consente di esprimere un\u2019ampia gamma di emozioni attraverso la mimica facciale.<mark> L\u2019umanoide \u00e8 inoltre dotato di una telecamera integrata nel torso e di microfoni che emulano la percezione acustica umana, oltre ad un altoparlante interno per la riproduzione vocale.<\/mark> Il suo sistema cognitivo si basa su un\u2019architettura ibrida ispirata ai principi delle <strong>neuroscienze<\/strong> e pu\u00f2 essere ulteriormente ampliato attraverso sensori indossabili o ambientali che gli permettono di stimare lo stato psico-fisico degli interlocutori, offrendo cos\u00ec una rimposta ancora pi\u00f9 empatica.<\/p>\n<h3><em>ICub, il robot bambino<\/em><\/h3>\n<p style=\"font-weight: 400;\">Un altro protagonista di Internet Festival \u00e8 <strong>iCub<\/strong>, robot-bambino in grado di riconoscere le emozioni e guardare il mondo attraverso gli occhi dell&#8217;uomo. \u00c8 il risultato di un progetto tutto italiano che studia come avviene l\u2019apprendimento dei bambini. Il team di ricerca \u00e8 guidato da <strong>Alessandra Sciutti<\/strong>, responsabile dell\u2019unit\u00e0 CONTACT \u2013 Architetture Cognitive per Tecnologie Collaborative presso l\u2019<strong>Istituto Italiano di Tecnologia<\/strong>, e \u201callena\u201d il piccolo robot a capire meglio gli esseri umani.<\/p>\n<p style=\"font-weight: 400;\">iCub \u00e8 infatti <mark>in grado di essere predittivo ed intuitivo, comprende il nostro stato d\u2019animo e cerca di aiutarci di conseguenza, sa riconoscere il linguaggio del corpo ed \u00e8 capace di decifrare le espressioni facciali.<\/mark> Non solo, sa anche riconoscere un oggetto che teniamo in mano e di capire se \u00e8 fragile o importante per noi, in modo che quando toccher\u00e0 a lui prenderlo sapr\u00e0 come comportarsi senza aver bisogno di ulteriori istruzioni.<\/p>\n<h3><em>I robot a scuola, un supporto alla disabilit\u00e0<\/em><\/h3>\n<p>L&#8217;<b>Istituto Modartech<\/b> di Pontedera presenta un innovativo progetto per introdurre la robotica educativa all\u2019interno della scuola, con particolare attenzione alla disabilit\u00e0. <mark>L\u2019istituto sar\u00e0 infatti tra i primi, in Italia, a sperimentare all\u2019interno dei propri laboratori, una serie di strumenti in grado di supportare gli studenti con disturbi specifici dell\u2019spprendimento.<\/mark><\/p>\n<p>Si va dai robot che affiancano lo studente per le <strong>interazioni<\/strong> sociali e la didattica, a specifici software di traduzione capaci di fornire agli studenti sordi un\u2019esperienza pi\u00f9 fluida, fino a strumenti di analisi semantica e di sintetizzazione vocale per gli ipovedenti. La parte di sperimentazione partir\u00e0 nell\u2019anno accademico 2025\/2026.<\/p>\n","protected":false},"excerpt":{"rendered":"<p style=\"font-weight: 400;\">All&#8217;Internet Festival di Pisa, in programma dal 10 al 13 ottobre, ci sarannno esperti, scienziati, sociologi e filosofi e speaker molto particolari, come Abel e iCub, il robot-bambino in grado di riconoscere le emozioni<\/p>\n","protected":false},"author":525,"featured_media":359327,"comment_status":"open","ping_status":"open","sticky":false,"template":"","format":"standard","meta":{"_acf_changed":false,"footnotes":""},"categories":[475],"tags":[176,213,4376,368],"class_list":["post-359322","post","type-post","status-publish","format-standard","has-post-thumbnail","hentry","category-innovazione","tag-internet-festival","tag-ricerca","tag-robot","tag-universita-di-pisa"],"acf":[],"yoast_head":"<!-- This site is optimized with the Yoast SEO Premium plugin v24.2 (Yoast SEO v25.6) - https:\/\/yoast.com\/wordpress\/plugins\/seo\/ -->\n<title>La nuova tecnologia intelligente: l&#039;evoluzione dei robot - intoscana<\/title>\n<meta name=\"description\" content=\"All&#039;Internet Festival di Pisa, in programma dal 10 al 13 ottobre, ci sarannno esperti, scienziati, sociologi e filosofi e speaker molto particolari, come Abel e iCub, il robot-bambino in grado di riconoscere le emozioni\" \/>\n<meta name=\"robots\" content=\"index, follow, max-snippet:-1, max-image-preview:large, max-video-preview:-1\" \/>\n<link rel=\"canonical\" href=\"https:\/\/www.intoscana.it\/it\/la-nuova-tecnologia-intelligente-ed-empatica-levoluzione-dei-robot-sempre-piu-simili-alluomo\/\" \/>\n<meta property=\"og:locale\" content=\"it_IT\" \/>\n<meta property=\"og:type\" content=\"article\" \/>\n<meta property=\"og:title\" content=\"La nuova tecnologia intelligente: l&#039;evoluzione dei robot\" \/>\n<meta property=\"og:description\" content=\"All&#039;Internet Festival di Pisa, in programma dal 10 al 13 ottobre, ci sarannno esperti, scienziati, sociologi e filosofi e speaker molto particolari, come Abel e iCub, il robot-bambino in grado di riconoscere le emozioni\" \/>\n<meta property=\"og:url\" content=\"https:\/\/www.intoscana.it\/it\/la-nuova-tecnologia-intelligente-ed-empatica-levoluzione-dei-robot-sempre-piu-simili-alluomo\/\" \/>\n<meta property=\"og:site_name\" content=\"intoscana\" \/>\n<meta property=\"article:publisher\" content=\"https:\/\/www.facebook.com\/intoscana.it\" \/>\n<meta property=\"article:published_time\" content=\"2024-10-07T10:30:14+00:00\" \/>\n<meta property=\"article:modified_time\" content=\"2024-10-07T10:39:11+00:00\" \/>\n<meta property=\"og:image\" content=\"https:\/\/www.intoscana.it\/wp-content\/uploads\/Contact_Icub_3-ridotta-e1728296102151.jpg\" \/>\n\t<meta property=\"og:image:width\" content=\"1323\" \/>\n\t<meta property=\"og:image:height\" content=\"1189\" \/>\n\t<meta property=\"og:image:type\" content=\"image\/jpeg\" \/>\n<meta name=\"author\" content=\"Redazione\" \/>\n<meta name=\"twitter:card\" content=\"summary_large_image\" \/>\n<meta name=\"twitter:creator\" content=\"@intoscana\" \/>\n<meta name=\"twitter:site\" content=\"@intoscana\" \/>\n<meta name=\"twitter:label1\" content=\"Written by\" \/>\n\t<meta name=\"twitter:data1\" content=\"Redazione\" \/>\n\t<meta name=\"twitter:label2\" content=\"Est. reading time\" \/>\n\t<meta name=\"twitter:data2\" content=\"4 minuti\" \/>\n<script type=\"application\/ld+json\" class=\"yoast-schema-graph\">{\"@context\":\"https:\/\/schema.org\",\"@graph\":[{\"@type\":\"WebPage\",\"@id\":\"https:\/\/www.intoscana.it\/it\/la-nuova-tecnologia-intelligente-ed-empatica-levoluzione-dei-robot-sempre-piu-simili-alluomo\/\",\"url\":\"https:\/\/www.intoscana.it\/it\/la-nuova-tecnologia-intelligente-ed-empatica-levoluzione-dei-robot-sempre-piu-simili-alluomo\/\",\"name\":\"La nuova tecnologia intelligente: l'evoluzione dei robot - intoscana\",\"isPartOf\":{\"@id\":\"https:\/\/www.intoscana.it\/it\/#website\"},\"primaryImageOfPage\":{\"@id\":\"https:\/\/www.intoscana.it\/it\/la-nuova-tecnologia-intelligente-ed-empatica-levoluzione-dei-robot-sempre-piu-simili-alluomo\/#primaryimage\"},\"image\":{\"@id\":\"https:\/\/www.intoscana.it\/it\/la-nuova-tecnologia-intelligente-ed-empatica-levoluzione-dei-robot-sempre-piu-simili-alluomo\/#primaryimage\"},\"thumbnailUrl\":\"https:\/\/www.intoscana.it\/wp-content\/uploads\/Contact_Icub_3-ridotta-e1728296102151.jpg\",\"datePublished\":\"2024-10-07T10:30:14+00:00\",\"dateModified\":\"2024-10-07T10:39:11+00:00\",\"author\":{\"@id\":\"https:\/\/www.intoscana.it\/it\/#\/schema\/person\/9223810753230f20bd670fdd322661f8\"},\"description\":\"All'Internet Festival di Pisa, in programma dal 10 al 13 ottobre, ci sarannno esperti, scienziati, sociologi e filosofi e speaker molto particolari, come Abel e iCub, il robot-bambino in grado di riconoscere le emozioni\",\"breadcrumb\":{\"@id\":\"https:\/\/www.intoscana.it\/it\/la-nuova-tecnologia-intelligente-ed-empatica-levoluzione-dei-robot-sempre-piu-simili-alluomo\/#breadcrumb\"},\"inLanguage\":\"it-IT\",\"potentialAction\":[{\"@type\":\"ReadAction\",\"target\":[\"https:\/\/www.intoscana.it\/it\/la-nuova-tecnologia-intelligente-ed-empatica-levoluzione-dei-robot-sempre-piu-simili-alluomo\/\"]}]},{\"@type\":\"ImageObject\",\"inLanguage\":\"it-IT\",\"@id\":\"https:\/\/www.intoscana.it\/it\/la-nuova-tecnologia-intelligente-ed-empatica-levoluzione-dei-robot-sempre-piu-simili-alluomo\/#primaryimage\",\"url\":\"https:\/\/www.intoscana.it\/wp-content\/uploads\/Contact_Icub_3-ridotta-e1728296102151.jpg\",\"contentUrl\":\"https:\/\/www.intoscana.it\/wp-content\/uploads\/Contact_Icub_3-ridotta-e1728296102151.jpg\",\"width\":1323,\"height\":1189},{\"@type\":\"BreadcrumbList\",\"@id\":\"https:\/\/www.intoscana.it\/it\/la-nuova-tecnologia-intelligente-ed-empatica-levoluzione-dei-robot-sempre-piu-simili-alluomo\/#breadcrumb\",\"itemListElement\":[{\"@type\":\"ListItem\",\"position\":1,\"name\":\"Home\",\"item\":\"https:\/\/www.intoscana.it\/it\/\"},{\"@type\":\"ListItem\",\"position\":2,\"name\":\"La nuova tecnologia intelligente: l&#8217;evoluzione dei robot\"}]},{\"@type\":\"WebSite\",\"@id\":\"https:\/\/www.intoscana.it\/it\/#website\",\"url\":\"https:\/\/www.intoscana.it\/it\/\",\"name\":\"intoscana\",\"description\":\"\",\"potentialAction\":[{\"@type\":\"SearchAction\",\"target\":{\"@type\":\"EntryPoint\",\"urlTemplate\":\"https:\/\/www.intoscana.it\/it\/?s={search_term_string}\"},\"query-input\":{\"@type\":\"PropertyValueSpecification\",\"valueRequired\":true,\"valueName\":\"search_term_string\"}}],\"inLanguage\":\"it-IT\"},{\"@type\":\"Person\",\"@id\":\"https:\/\/www.intoscana.it\/it\/#\/schema\/person\/9223810753230f20bd670fdd322661f8\",\"name\":\"Redazione\",\"url\":\"https:\/\/www.intoscana.it\/it\/author\/redazione\/\"}]}<\/script>\n<!-- \/ Yoast SEO Premium plugin. -->","yoast_head_json":{"title":"La nuova tecnologia intelligente: l'evoluzione dei robot - intoscana","description":"All'Internet Festival di Pisa, in programma dal 10 al 13 ottobre, ci sarannno esperti, scienziati, sociologi e filosofi e speaker molto particolari, come Abel e iCub, il robot-bambino in grado di riconoscere le emozioni","robots":{"index":"index","follow":"follow","max-snippet":"max-snippet:-1","max-image-preview":"max-image-preview:large","max-video-preview":"max-video-preview:-1"},"canonical":"https:\/\/www.intoscana.it\/it\/la-nuova-tecnologia-intelligente-ed-empatica-levoluzione-dei-robot-sempre-piu-simili-alluomo\/","og_locale":"it_IT","og_type":"article","og_title":"La nuova tecnologia intelligente: l'evoluzione dei robot","og_description":"All'Internet Festival di Pisa, in programma dal 10 al 13 ottobre, ci sarannno esperti, scienziati, sociologi e filosofi e speaker molto particolari, come Abel e iCub, il robot-bambino in grado di riconoscere le emozioni","og_url":"https:\/\/www.intoscana.it\/it\/la-nuova-tecnologia-intelligente-ed-empatica-levoluzione-dei-robot-sempre-piu-simili-alluomo\/","og_site_name":"intoscana","article_publisher":"https:\/\/www.facebook.com\/intoscana.it","article_published_time":"2024-10-07T10:30:14+00:00","article_modified_time":"2024-10-07T10:39:11+00:00","og_image":[{"width":1323,"height":1189,"url":"https:\/\/www.intoscana.it\/wp-content\/uploads\/Contact_Icub_3-ridotta-e1728296102151.jpg","type":"image\/jpeg"}],"author":"Redazione","twitter_card":"summary_large_image","twitter_creator":"@intoscana","twitter_site":"@intoscana","twitter_misc":{"Written by":"Redazione","Est. reading time":"4 minuti"},"schema":{"@context":"https:\/\/schema.org","@graph":[{"@type":"WebPage","@id":"https:\/\/www.intoscana.it\/it\/la-nuova-tecnologia-intelligente-ed-empatica-levoluzione-dei-robot-sempre-piu-simili-alluomo\/","url":"https:\/\/www.intoscana.it\/it\/la-nuova-tecnologia-intelligente-ed-empatica-levoluzione-dei-robot-sempre-piu-simili-alluomo\/","name":"La nuova tecnologia intelligente: l'evoluzione dei robot - intoscana","isPartOf":{"@id":"https:\/\/www.intoscana.it\/it\/#website"},"primaryImageOfPage":{"@id":"https:\/\/www.intoscana.it\/it\/la-nuova-tecnologia-intelligente-ed-empatica-levoluzione-dei-robot-sempre-piu-simili-alluomo\/#primaryimage"},"image":{"@id":"https:\/\/www.intoscana.it\/it\/la-nuova-tecnologia-intelligente-ed-empatica-levoluzione-dei-robot-sempre-piu-simili-alluomo\/#primaryimage"},"thumbnailUrl":"https:\/\/www.intoscana.it\/wp-content\/uploads\/Contact_Icub_3-ridotta-e1728296102151.jpg","datePublished":"2024-10-07T10:30:14+00:00","dateModified":"2024-10-07T10:39:11+00:00","author":{"@id":"https:\/\/www.intoscana.it\/it\/#\/schema\/person\/9223810753230f20bd670fdd322661f8"},"description":"All'Internet Festival di Pisa, in programma dal 10 al 13 ottobre, ci sarannno esperti, scienziati, sociologi e filosofi e speaker molto particolari, come Abel e iCub, il robot-bambino in grado di riconoscere le emozioni","breadcrumb":{"@id":"https:\/\/www.intoscana.it\/it\/la-nuova-tecnologia-intelligente-ed-empatica-levoluzione-dei-robot-sempre-piu-simili-alluomo\/#breadcrumb"},"inLanguage":"it-IT","potentialAction":[{"@type":"ReadAction","target":["https:\/\/www.intoscana.it\/it\/la-nuova-tecnologia-intelligente-ed-empatica-levoluzione-dei-robot-sempre-piu-simili-alluomo\/"]}]},{"@type":"ImageObject","inLanguage":"it-IT","@id":"https:\/\/www.intoscana.it\/it\/la-nuova-tecnologia-intelligente-ed-empatica-levoluzione-dei-robot-sempre-piu-simili-alluomo\/#primaryimage","url":"https:\/\/www.intoscana.it\/wp-content\/uploads\/Contact_Icub_3-ridotta-e1728296102151.jpg","contentUrl":"https:\/\/www.intoscana.it\/wp-content\/uploads\/Contact_Icub_3-ridotta-e1728296102151.jpg","width":1323,"height":1189},{"@type":"BreadcrumbList","@id":"https:\/\/www.intoscana.it\/it\/la-nuova-tecnologia-intelligente-ed-empatica-levoluzione-dei-robot-sempre-piu-simili-alluomo\/#breadcrumb","itemListElement":[{"@type":"ListItem","position":1,"name":"Home","item":"https:\/\/www.intoscana.it\/it\/"},{"@type":"ListItem","position":2,"name":"La nuova tecnologia intelligente: l&#8217;evoluzione dei robot"}]},{"@type":"WebSite","@id":"https:\/\/www.intoscana.it\/it\/#website","url":"https:\/\/www.intoscana.it\/it\/","name":"intoscana","description":"","potentialAction":[{"@type":"SearchAction","target":{"@type":"EntryPoint","urlTemplate":"https:\/\/www.intoscana.it\/it\/?s={search_term_string}"},"query-input":{"@type":"PropertyValueSpecification","valueRequired":true,"valueName":"search_term_string"}}],"inLanguage":"it-IT"},{"@type":"Person","@id":"https:\/\/www.intoscana.it\/it\/#\/schema\/person\/9223810753230f20bd670fdd322661f8","name":"Redazione","url":"https:\/\/www.intoscana.it\/it\/author\/redazione\/"}]}},"_links":{"self":[{"href":"https:\/\/www.intoscana.it\/it\/wp-json\/wp\/v2\/posts\/359322","targetHints":{"allow":["GET"]}}],"collection":[{"href":"https:\/\/www.intoscana.it\/it\/wp-json\/wp\/v2\/posts"}],"about":[{"href":"https:\/\/www.intoscana.it\/it\/wp-json\/wp\/v2\/types\/post"}],"author":[{"embeddable":true,"href":"https:\/\/www.intoscana.it\/it\/wp-json\/wp\/v2\/users\/525"}],"replies":[{"embeddable":true,"href":"https:\/\/www.intoscana.it\/it\/wp-json\/wp\/v2\/comments?post=359322"}],"version-history":[{"count":7,"href":"https:\/\/www.intoscana.it\/it\/wp-json\/wp\/v2\/posts\/359322\/revisions"}],"predecessor-version":[{"id":359338,"href":"https:\/\/www.intoscana.it\/it\/wp-json\/wp\/v2\/posts\/359322\/revisions\/359338"}],"wp:featuredmedia":[{"embeddable":true,"href":"https:\/\/www.intoscana.it\/it\/wp-json\/wp\/v2\/media\/359327"}],"wp:attachment":[{"href":"https:\/\/www.intoscana.it\/it\/wp-json\/wp\/v2\/media?parent=359322"}],"wp:term":[{"taxonomy":"category","embeddable":true,"href":"https:\/\/www.intoscana.it\/it\/wp-json\/wp\/v2\/categories?post=359322"},{"taxonomy":"post_tag","embeddable":true,"href":"https:\/\/www.intoscana.it\/it\/wp-json\/wp\/v2\/tags?post=359322"}],"curies":[{"name":"wp","href":"https:\/\/api.w.org\/{rel}","templated":true}]}}