{"id":359344,"date":"2024-10-07T14:09:33","date_gmt":"2024-10-07T12:09:33","guid":{"rendered":"https:\/\/www.intoscana.it\/it\/?p=359344"},"modified":"2024-10-07T14:40:12","modified_gmt":"2024-10-07T12:40:12","slug":"la-musica-sotterranea-di-ze-in-the-clouds-a-firenze-per-la-rassegna-a-jazz-supreme","status":"publish","type":"post","link":"https:\/\/www.intoscana.it\/it\/la-musica-sotterranea-di-ze-in-the-clouds-a-firenze-per-la-rassegna-a-jazz-supreme\/","title":{"rendered":"La musica &#8220;sotterranea&#8221; di Ze in The Clouds a Firenze per la rassegna A Jazz Supreme"},"content":{"rendered":"<p><strong>Venerd\u00ec 18 ottobre<\/strong> arriva in concerto in sala Vanni a Firenze all&#8217;interno della rassegna <a href=\"https:\/\/www.musicusconcentus.com\/event\/ze-in-the-clouds\/\" target=\"_blank\" rel=\"noopener\"><strong>A Jazz Supreme<\/strong><\/a> di <strong>Musicus Concentus<\/strong> uno dei musicisti pi\u00f9 interessanti della scena sperimentale italiana:<strong> Ze in The Clouds.<\/strong><\/p>\n<p><strong>Giuseppe Vitale<\/strong> (in arte <strong><a href=\"https:\/\/www.musicusconcentus.com\/event\/ze-in-the-clouds\/\" target=\"_blank\" rel=\"noopener\">Ze in The Clouds<\/a>)<\/strong> \u00e8 un polistrumentista e produttore di base a Milano, <strong>attivo dall&#8217;et\u00e0 di 15 anni,<\/strong> periodo in cui ha iniziato a suonare in tantissimi locali e festival come <strong>Umbria Jazz, Edinburgh Jazz Festival, Montreux Jazz Festival,<\/strong> Time in Jazz, Torino Jazz Festival<strong>, Miami Fest, Estate Sforzesca Milano.<\/strong><\/p>\n<p>\u00c8 stato in tourn\u00e9e sia come sideman con artisti del calibro di <strong>MEG, LNDFK<\/strong>, sia come <strong>Ze in the Clouds<\/strong>, aprendo i concerti di <strong>Thundercat, Anderson Paak e PJ Morton.<\/strong><\/p>\n<p><strong>Jazz:Re:Found,<\/strong> affascinato dal suo stile inimitabile, ha deciso di premiare il suo genio inaugurando il catalogo della nuova etichetta<strong><em> \u201cTime is The Enemy\u201d<\/em><\/strong> con il suo album di debutto <em><strong>MAGICAL<\/strong>.<\/em><\/p>\n<p>Negli ultimi anni ha iniziato a lavorare maggiormente sulla produzione e sulla composizione del proprio linguaggio unico, collaborando anche con artisti italiani come <strong>Mistaman, LNDFK e Willie Peyote.<\/strong><\/p>\n<p>Il suo ultimo lavoro \u00e8 <strong><em>Oportet 475,<\/em> <\/strong>album di<strong> musica classica-contemporanea-avanguardia jazz,<\/strong> uscito per l\u2019etichetta Tuk Music di <strong>Paolo Fresu nel 2023.<\/strong><\/p>\n<h3>Ecco la nostra intervista a Ze in The Clouds<\/h3>\n<p><strong>Ciao Giuseppe, hai cominciato\u00a0giovanissimo, com&#8217;\u00e8 nata la tua passione per la musica?<\/strong><\/p>\n<p>Mio padre era musicista, mi ha educato da piccolo e poi quando ho iniziato a 14 anni ero abbastanza cosciente di quello che volevo fare &#8220;da grande&#8221;.<p><span class=\"citazione\">La mia \u00e8 musica sommersa fatta senza scopo di lucro. Mi sono focalizzato sulla ricerca artistica pi\u00f9 che sulla monetizzazione, \u00e8 un privilegio per me e in Italia non \u00e8 scontato<\/span><\/p><\/p>\n<p><strong>Quindi a 14 anni sapevi gi\u00e0 che nella\u00a0vita volevi fare il musicista?<\/strong><\/p>\n<p>In realt\u00e0 anche da prima, solo che a 14 anni ho iniziato a studiare tanto, in modo ossessivo.<\/p>\n<p><strong>Tantissime influenze nella tua musica, quali sono gli artisti che per te sono stati fondamentali?<\/strong><\/p>\n<p>Sicuramente i <strong>Beatles, Stevie Wonder,<\/strong>\u00a0tutta la classica europea e la black music.<\/p>\n<p><iframe loading=\"lazy\" title=\"YouTube video player\" src=\"https:\/\/www.youtube.com\/embed\/un7xIwh5Smk?si=R7WpZSp5SHtkwOAW\" width=\"800\" height=\"450\" frameborder=\"0\" allowfullscreen=\"allowfullscreen\"><\/iframe><\/p>\n<p><strong>\u00c8 difficile dare una definizione alla tua musica e forse non c&#8217;\u00e8 neanche bisogno di darla, ma se dovessi usare un aggettivo per descriverla che aggettivo sarebbe?<\/strong><\/p>\n<p>Direi forse &#8221; di ricerca&#8221;, perch\u00e9 fin&#8217;ora la mia musica \u00e8 stata una ricerca contro il mercato, alla riscoperta della tradizione.\u00a0\u00a0<div class=\"focuson\"><a href=\"https:\/\/www.intoscana.it\/it\/musicus-concentus-autunno-2024-concerti\/\"><img decoding=\"async\" class=\"lazy\" src=\"https:\/\/www.intoscana.it\/wp-content\/uploads\/Sala-Vanni-Federico-Ciapijpg.jpg\" style=\"\">\n                <div class=\"cat\">I concerti del Musicus Concentus<\/div>\n                <h4>Giovani talenti e ospiti internazionali<\/h4><\/a>\n              <\/div><\/p>\n<p><strong>Che cosa vuol dire per te essere &#8220;contro il mercato&#8221;?<\/strong><\/p>\n<p>Semplicemente\u00a0non farne parte, non lavorare per il mondo musicale di oggi che \u00e8 un mondo fatto di soldi. <strong>La mia \u00e8 musica sommersa fatta senza scopo di lucro<\/strong>. Fino ad ora mi sono focalizzato sulla ricerca artistica pi\u00f9 che sulla monetizzazione, <strong>\u00e8 un privilegio per me e in Italia non \u00e8 scontato.<\/strong><\/p>\n<p><strong>Il tuo primo disco si intitolava\u00a0&#8220;Magical&#8221;, bel titolo, cos&#8217;\u00e8 la magia per te?<\/strong><\/p>\n<p>Ai tempi di Magical era qualcosa che cercavo di intercettare nell&#8217;arte e nella musica. Cercavo qualcosa che facesse vibrare, che desse idea di qualcosa di magico. <strong>Quanto \u00e8 onirico un cartone Disney per un bambino?<\/strong> Io cercavo lo stesso effetto, <strong>volevo ricordare emozioni che gi\u00e0 abbiamo tutti dentro di noi,<\/strong> ma che non sono ben definibili.<\/p>\n<p><strong>Quando componi pensi a chi ti ascolter\u00e0 oppure non ti interessa?<\/strong><\/p>\n<p>Fino a Oportet 475 \u00e8 stato cos\u00ec. <strong>Da Oportet 475 in poi \u00e8 diventato un discorso di ricerca e divulgazione di cose<\/strong> che stanno scomparendo. Quindi non ho pensato a chi ascoltasse, volevo solo che il mio lavoro arrivasse a pi\u00f9 gente possibile. Credo sia sbagliato focalizzarsi su cosa penser\u00e0 chi ascolta, anche se \u00e8 inevitabile.<\/p>\n<p><strong>A Firenze cosa ci farai ascoltare?<\/strong><\/p>\n<p><strong>Eseguir\u00f2 per la prima e forse unica volta Oportet 475<\/strong>, perch\u00e9 non \u00e8 facile come disco. Non \u00e8 adatto alla maggior parte dei luoghi dove suono in Italia, come i club o posti per i giovani. <strong>La sala Vanni secondo me \u00e8 perfetta<\/strong> essendo un disco che riassume il lascito europeo dal <strong>Rinascimento<\/strong> in poi. Penso che <strong>sia l&#8217;unica possibilit\u00e0 per me di dare vita a Oportet 475 in un contesto adeguato.<\/strong><\/p>\n<h3>In apertura Giuditta Franco &amp; Francesco Bordignon<\/h3>\n<p>Nato all\u2019Accademia Siena Jazz, il duo \u00e8 formato da <strong>Giuditta Franco,<\/strong> cantante trevigiana formatasi in Italia e all\u2019estero, e dal contrabbassista e compositore vicentino<strong> Francesco Bordignon<\/strong>, entrambi vincitori del Premio Bettinardi 2024.<\/p>\n<p>L\u2019intimit\u00e0 e il calore della formazione riflettono un mondo di immagini sonore che trovano le proprie radici sull\u2019<strong>improvvisazione e sulla ricerca di melodie<\/strong>, attraverso una sonorit\u00e0 prettamente acustica.<\/p>\n<p>Il connubio tra la scelta di brani originali e non, porta alla condivisione di un percorso sonoro il cui obiettivo \u00e8 la <strong>ricerca di essenzialit\u00e0, espressivit\u00e0 e unione timbrica dei due strumenti.<\/strong><\/p>\n<figure id=\"post-359346 media-359346\" class=\"align-none\"><img decoding=\"async\" src=\"https:\/\/www.intoscana.it\/wp-content\/uploads\/Franco-Bordignon-duo-1024x512-1.png\" alt=\"\" \/><\/figure>\n<div class=\"titleimg\">Franco Bordignon duo<\/div>\n","protected":false},"excerpt":{"rendered":"<p>Venerd\u00ec 18 ottobre in sala Vanni, in piazza del Carmine a Firenze torna la rassegna a cura di Musicus Concentus con il polistrumentista protagonista della nuova scena d\u2019avanguardia legata al jazz e alla musica elettronica<\/p>\n","protected":false},"author":518,"featured_media":359345,"comment_status":"open","ping_status":"open","sticky":false,"template":"","format":"standard","meta":{"_acf_changed":false,"footnotes":""},"categories":[14],"tags":[216,202,258],"class_list":["post-359344","post","type-post","status-publish","format-standard","has-post-thumbnail","hentry","category-musica","tag-concerti","tag-firenze","tag-musicus-concentus"],"acf":[],"yoast_head":"<!-- This site is optimized with the Yoast SEO Premium plugin v24.2 (Yoast SEO v25.6) - https:\/\/yoast.com\/wordpress\/plugins\/seo\/ -->\n<title>La musica &quot;sotterranea&quot; di Ze in The Clouds a Firenze per la rassegna A Jazz Supreme - intoscana<\/title>\n<meta name=\"description\" content=\"Venerd\u00ec 18 ottobre in sala Vanni, in piazza del Carmine a Firenze torna la rassegna a cura di Musicus Concentus\" \/>\n<meta name=\"robots\" content=\"index, follow, max-snippet:-1, max-image-preview:large, max-video-preview:-1\" \/>\n<link rel=\"canonical\" href=\"https:\/\/www.intoscana.it\/it\/la-musica-sotterranea-di-ze-in-the-clouds-a-firenze-per-la-rassegna-a-jazz-supreme\/\" \/>\n<meta property=\"og:locale\" content=\"it_IT\" \/>\n<meta property=\"og:type\" content=\"article\" \/>\n<meta property=\"og:title\" content=\"La musica &quot;sotterranea&quot; di Ze in The Clouds a Firenze per la rassegna A Jazz Supreme\" \/>\n<meta property=\"og:description\" content=\"Venerd\u00ec 18 ottobre in sala Vanni, in piazza del Carmine a Firenze torna la rassegna a cura di Musicus Concentus\" \/>\n<meta property=\"og:url\" content=\"https:\/\/www.intoscana.it\/it\/la-musica-sotterranea-di-ze-in-the-clouds-a-firenze-per-la-rassegna-a-jazz-supreme\/\" \/>\n<meta property=\"og:site_name\" content=\"intoscana\" \/>\n<meta property=\"article:publisher\" content=\"https:\/\/www.facebook.com\/intoscana.it\" \/>\n<meta property=\"article:published_time\" content=\"2024-10-07T12:09:33+00:00\" \/>\n<meta property=\"article:modified_time\" content=\"2024-10-07T12:40:12+00:00\" \/>\n<meta property=\"og:image\" content=\"https:\/\/www.intoscana.it\/wp-content\/uploads\/Ze-in-the-Clouds-cover-1024x512-1.png\" \/>\n\t<meta property=\"og:image:width\" content=\"1024\" \/>\n\t<meta property=\"og:image:height\" content=\"512\" \/>\n\t<meta property=\"og:image:type\" content=\"image\/png\" \/>\n<meta name=\"author\" content=\"Costanza Baldini\" \/>\n<meta name=\"twitter:card\" content=\"summary_large_image\" \/>\n<meta name=\"twitter:creator\" content=\"@intoscana\" \/>\n<meta name=\"twitter:site\" content=\"@intoscana\" \/>\n<meta name=\"twitter:label1\" content=\"Written by\" \/>\n\t<meta name=\"twitter:data1\" content=\"Costanza Baldini\" \/>\n\t<meta name=\"twitter:label2\" content=\"Est. reading time\" \/>\n\t<meta name=\"twitter:data2\" content=\"5 minuti\" \/>\n<script type=\"application\/ld+json\" class=\"yoast-schema-graph\">{\"@context\":\"https:\/\/schema.org\",\"@graph\":[{\"@type\":\"WebPage\",\"@id\":\"https:\/\/www.intoscana.it\/it\/la-musica-sotterranea-di-ze-in-the-clouds-a-firenze-per-la-rassegna-a-jazz-supreme\/\",\"url\":\"https:\/\/www.intoscana.it\/it\/la-musica-sotterranea-di-ze-in-the-clouds-a-firenze-per-la-rassegna-a-jazz-supreme\/\",\"name\":\"La musica \\\"sotterranea\\\" di Ze in The Clouds a Firenze per la rassegna A Jazz Supreme - intoscana\",\"isPartOf\":{\"@id\":\"https:\/\/www.intoscana.it\/it\/#website\"},\"primaryImageOfPage\":{\"@id\":\"https:\/\/www.intoscana.it\/it\/la-musica-sotterranea-di-ze-in-the-clouds-a-firenze-per-la-rassegna-a-jazz-supreme\/#primaryimage\"},\"image\":{\"@id\":\"https:\/\/www.intoscana.it\/it\/la-musica-sotterranea-di-ze-in-the-clouds-a-firenze-per-la-rassegna-a-jazz-supreme\/#primaryimage\"},\"thumbnailUrl\":\"https:\/\/www.intoscana.it\/wp-content\/uploads\/Ze-in-the-Clouds-cover-1024x512-1.png\",\"datePublished\":\"2024-10-07T12:09:33+00:00\",\"dateModified\":\"2024-10-07T12:40:12+00:00\",\"author\":{\"@id\":\"https:\/\/www.intoscana.it\/it\/#\/schema\/person\/d469f35f09739bdf00bf5dd3f0647a82\"},\"description\":\"Venerd\u00ec 18 ottobre in sala Vanni, in piazza del Carmine a Firenze torna la rassegna a cura di Musicus Concentus\",\"breadcrumb\":{\"@id\":\"https:\/\/www.intoscana.it\/it\/la-musica-sotterranea-di-ze-in-the-clouds-a-firenze-per-la-rassegna-a-jazz-supreme\/#breadcrumb\"},\"inLanguage\":\"it-IT\",\"potentialAction\":[{\"@type\":\"ReadAction\",\"target\":[\"https:\/\/www.intoscana.it\/it\/la-musica-sotterranea-di-ze-in-the-clouds-a-firenze-per-la-rassegna-a-jazz-supreme\/\"]}]},{\"@type\":\"ImageObject\",\"inLanguage\":\"it-IT\",\"@id\":\"https:\/\/www.intoscana.it\/it\/la-musica-sotterranea-di-ze-in-the-clouds-a-firenze-per-la-rassegna-a-jazz-supreme\/#primaryimage\",\"url\":\"https:\/\/www.intoscana.it\/wp-content\/uploads\/Ze-in-the-Clouds-cover-1024x512-1.png\",\"contentUrl\":\"https:\/\/www.intoscana.it\/wp-content\/uploads\/Ze-in-the-Clouds-cover-1024x512-1.png\",\"width\":1024,\"height\":512},{\"@type\":\"BreadcrumbList\",\"@id\":\"https:\/\/www.intoscana.it\/it\/la-musica-sotterranea-di-ze-in-the-clouds-a-firenze-per-la-rassegna-a-jazz-supreme\/#breadcrumb\",\"itemListElement\":[{\"@type\":\"ListItem\",\"position\":1,\"name\":\"Home\",\"item\":\"https:\/\/www.intoscana.it\/it\/\"},{\"@type\":\"ListItem\",\"position\":2,\"name\":\"La musica &#8220;sotterranea&#8221; di Ze in The Clouds a Firenze per la rassegna A Jazz Supreme\"}]},{\"@type\":\"WebSite\",\"@id\":\"https:\/\/www.intoscana.it\/it\/#website\",\"url\":\"https:\/\/www.intoscana.it\/it\/\",\"name\":\"intoscana\",\"description\":\"\",\"potentialAction\":[{\"@type\":\"SearchAction\",\"target\":{\"@type\":\"EntryPoint\",\"urlTemplate\":\"https:\/\/www.intoscana.it\/it\/?s={search_term_string}\"},\"query-input\":{\"@type\":\"PropertyValueSpecification\",\"valueRequired\":true,\"valueName\":\"search_term_string\"}}],\"inLanguage\":\"it-IT\"},{\"@type\":\"Person\",\"@id\":\"https:\/\/www.intoscana.it\/it\/#\/schema\/person\/d469f35f09739bdf00bf5dd3f0647a82\",\"name\":\"Costanza Baldini\",\"url\":\"https:\/\/www.intoscana.it\/it\/author\/costanza-baldini\/\"}]}<\/script>\n<!-- \/ Yoast SEO Premium plugin. -->","yoast_head_json":{"title":"La musica \"sotterranea\" di Ze in The Clouds a Firenze per la rassegna A Jazz Supreme - intoscana","description":"Venerd\u00ec 18 ottobre in sala Vanni, in piazza del Carmine a Firenze torna la rassegna a cura di Musicus Concentus","robots":{"index":"index","follow":"follow","max-snippet":"max-snippet:-1","max-image-preview":"max-image-preview:large","max-video-preview":"max-video-preview:-1"},"canonical":"https:\/\/www.intoscana.it\/it\/la-musica-sotterranea-di-ze-in-the-clouds-a-firenze-per-la-rassegna-a-jazz-supreme\/","og_locale":"it_IT","og_type":"article","og_title":"La musica \"sotterranea\" di Ze in The Clouds a Firenze per la rassegna A Jazz Supreme","og_description":"Venerd\u00ec 18 ottobre in sala Vanni, in piazza del Carmine a Firenze torna la rassegna a cura di Musicus Concentus","og_url":"https:\/\/www.intoscana.it\/it\/la-musica-sotterranea-di-ze-in-the-clouds-a-firenze-per-la-rassegna-a-jazz-supreme\/","og_site_name":"intoscana","article_publisher":"https:\/\/www.facebook.com\/intoscana.it","article_published_time":"2024-10-07T12:09:33+00:00","article_modified_time":"2024-10-07T12:40:12+00:00","og_image":[{"width":1024,"height":512,"url":"https:\/\/www.intoscana.it\/wp-content\/uploads\/Ze-in-the-Clouds-cover-1024x512-1.png","type":"image\/png"}],"author":"Costanza Baldini","twitter_card":"summary_large_image","twitter_creator":"@intoscana","twitter_site":"@intoscana","twitter_misc":{"Written by":"Costanza Baldini","Est. reading time":"5 minuti"},"schema":{"@context":"https:\/\/schema.org","@graph":[{"@type":"WebPage","@id":"https:\/\/www.intoscana.it\/it\/la-musica-sotterranea-di-ze-in-the-clouds-a-firenze-per-la-rassegna-a-jazz-supreme\/","url":"https:\/\/www.intoscana.it\/it\/la-musica-sotterranea-di-ze-in-the-clouds-a-firenze-per-la-rassegna-a-jazz-supreme\/","name":"La musica \"sotterranea\" di Ze in The Clouds a Firenze per la rassegna A Jazz Supreme - intoscana","isPartOf":{"@id":"https:\/\/www.intoscana.it\/it\/#website"},"primaryImageOfPage":{"@id":"https:\/\/www.intoscana.it\/it\/la-musica-sotterranea-di-ze-in-the-clouds-a-firenze-per-la-rassegna-a-jazz-supreme\/#primaryimage"},"image":{"@id":"https:\/\/www.intoscana.it\/it\/la-musica-sotterranea-di-ze-in-the-clouds-a-firenze-per-la-rassegna-a-jazz-supreme\/#primaryimage"},"thumbnailUrl":"https:\/\/www.intoscana.it\/wp-content\/uploads\/Ze-in-the-Clouds-cover-1024x512-1.png","datePublished":"2024-10-07T12:09:33+00:00","dateModified":"2024-10-07T12:40:12+00:00","author":{"@id":"https:\/\/www.intoscana.it\/it\/#\/schema\/person\/d469f35f09739bdf00bf5dd3f0647a82"},"description":"Venerd\u00ec 18 ottobre in sala Vanni, in piazza del Carmine a Firenze torna la rassegna a cura di Musicus Concentus","breadcrumb":{"@id":"https:\/\/www.intoscana.it\/it\/la-musica-sotterranea-di-ze-in-the-clouds-a-firenze-per-la-rassegna-a-jazz-supreme\/#breadcrumb"},"inLanguage":"it-IT","potentialAction":[{"@type":"ReadAction","target":["https:\/\/www.intoscana.it\/it\/la-musica-sotterranea-di-ze-in-the-clouds-a-firenze-per-la-rassegna-a-jazz-supreme\/"]}]},{"@type":"ImageObject","inLanguage":"it-IT","@id":"https:\/\/www.intoscana.it\/it\/la-musica-sotterranea-di-ze-in-the-clouds-a-firenze-per-la-rassegna-a-jazz-supreme\/#primaryimage","url":"https:\/\/www.intoscana.it\/wp-content\/uploads\/Ze-in-the-Clouds-cover-1024x512-1.png","contentUrl":"https:\/\/www.intoscana.it\/wp-content\/uploads\/Ze-in-the-Clouds-cover-1024x512-1.png","width":1024,"height":512},{"@type":"BreadcrumbList","@id":"https:\/\/www.intoscana.it\/it\/la-musica-sotterranea-di-ze-in-the-clouds-a-firenze-per-la-rassegna-a-jazz-supreme\/#breadcrumb","itemListElement":[{"@type":"ListItem","position":1,"name":"Home","item":"https:\/\/www.intoscana.it\/it\/"},{"@type":"ListItem","position":2,"name":"La musica &#8220;sotterranea&#8221; di Ze in The Clouds a Firenze per la rassegna A Jazz Supreme"}]},{"@type":"WebSite","@id":"https:\/\/www.intoscana.it\/it\/#website","url":"https:\/\/www.intoscana.it\/it\/","name":"intoscana","description":"","potentialAction":[{"@type":"SearchAction","target":{"@type":"EntryPoint","urlTemplate":"https:\/\/www.intoscana.it\/it\/?s={search_term_string}"},"query-input":{"@type":"PropertyValueSpecification","valueRequired":true,"valueName":"search_term_string"}}],"inLanguage":"it-IT"},{"@type":"Person","@id":"https:\/\/www.intoscana.it\/it\/#\/schema\/person\/d469f35f09739bdf00bf5dd3f0647a82","name":"Costanza Baldini","url":"https:\/\/www.intoscana.it\/it\/author\/costanza-baldini\/"}]}},"_links":{"self":[{"href":"https:\/\/www.intoscana.it\/it\/wp-json\/wp\/v2\/posts\/359344","targetHints":{"allow":["GET"]}}],"collection":[{"href":"https:\/\/www.intoscana.it\/it\/wp-json\/wp\/v2\/posts"}],"about":[{"href":"https:\/\/www.intoscana.it\/it\/wp-json\/wp\/v2\/types\/post"}],"author":[{"embeddable":true,"href":"https:\/\/www.intoscana.it\/it\/wp-json\/wp\/v2\/users\/518"}],"replies":[{"embeddable":true,"href":"https:\/\/www.intoscana.it\/it\/wp-json\/wp\/v2\/comments?post=359344"}],"version-history":[{"count":23,"href":"https:\/\/www.intoscana.it\/it\/wp-json\/wp\/v2\/posts\/359344\/revisions"}],"predecessor-version":[{"id":359392,"href":"https:\/\/www.intoscana.it\/it\/wp-json\/wp\/v2\/posts\/359344\/revisions\/359392"}],"wp:featuredmedia":[{"embeddable":true,"href":"https:\/\/www.intoscana.it\/it\/wp-json\/wp\/v2\/media\/359345"}],"wp:attachment":[{"href":"https:\/\/www.intoscana.it\/it\/wp-json\/wp\/v2\/media?parent=359344"}],"wp:term":[{"taxonomy":"category","embeddable":true,"href":"https:\/\/www.intoscana.it\/it\/wp-json\/wp\/v2\/categories?post=359344"},{"taxonomy":"post_tag","embeddable":true,"href":"https:\/\/www.intoscana.it\/it\/wp-json\/wp\/v2\/tags?post=359344"}],"curies":[{"name":"wp","href":"https:\/\/api.w.org\/{rel}","templated":true}]}}