{"id":359651,"date":"2024-10-09T14:33:53","date_gmt":"2024-10-09T12:33:53","guid":{"rendered":"https:\/\/www.intoscana.it\/it\/?p=359651"},"modified":"2024-10-10T10:58:23","modified_gmt":"2024-10-10T08:58:23","slug":"a-lucca-protagonista-la-cultura-al-via-la-decima-edizione-di-lubec-lucca-beni-culturali","status":"publish","type":"post","link":"https:\/\/www.intoscana.it\/it\/a-lucca-protagonista-la-cultura-al-via-la-decima-edizione-di-lubec-lucca-beni-culturali\/","title":{"rendered":"A Lucca protagonista la cultura, al via la decima edizione di LuBeC-Lucca Beni Culturali"},"content":{"rendered":"<p>Si \u00e8 aperto oggi la <strong>XX edizione\u00a0di\u00a0LuBeC \u2013 Lucca Beni Culturali<\/strong>, l\u2018incontro internazionale organizzato e promosso Promo PA Fondazione dedicato all\u2019innovazione e allo sviluppo del sistema pubblico e privato della <strong>cultura<\/strong>.<\/p>\n<p>Ad inaugurare la manifestazione l\u2019Orchestra dell\u2019Istituto comprensivo \u201cMilani\u201d di Caivano\u00a0composta da\u00a0oltre trenta ragazzi\u00a0che,\u00a0introdotti dalla\u00a0presidente del Conservatorio di Musica \u2018Luigi Boccherini\u2019 di Lucca\u00a0Maria Talarico.<\/p>\n<p>Dopo i saluti in videomessaggio del\u00a0ministro per la Pubblica Amministrazione <strong>Paolo Zangrillo,<\/strong> del\u00a0presidente della Regione Toscana\u00a0Eugenio Giani\u00a0e di\u00a0Angela Acordon,\u00a0sovrintendente Archeologia, Belle Arti e Paesaggio di Lucca e Massa Carrara,\u00a0 il dibattito\u00a0Cultura e culture nella prossima\u00a0Europa (ore 10,30)\u00a0con protagonisti il presidente della Fondazione \u2018Il Vittoriale degli Italiani\u2019\u00a0Giordano Bruno Guerri\u00a0e lo scrittore\u00a0Paolo Nori.<\/p>\n<h3>Il videomessaggio del ministro Zangrillo<\/h3>\n<p>\u201cIn un contesto sempre pi\u00f9 interconnesso e globale, la cultura riveste un ruolo ancora pi\u00f9 cruciale: ci insegna ad essere aperti, curiosi e a costruire un futuro sempre pi\u00f9 inclusivo e sostenibile: <mark>il progresso, dunque, che sia tecnologico o sociale, non pu\u00f2 prescindere dalla cultura, poich\u00e9 essa definisce chi siamo e cosa possiamo diventare <\/mark>&#8220;, ha detto il ministro.<\/p>\n<p>&#8220;La giornata di oggi &#8211; ha aggiunto &#8211; vuole dimostrare anche quanto sia vitale il <mark>dialogo tra le istituzioni, le imprese, le scuole, le universit\u00e0, i centri di ricerca per dare vita a veri e propri &#8216;ecosistemi&#8217; in cui i vari attori coinvolti possono dare il loro contributo in termini di conoscenze ed esperienze al fine di costruire insieme una visione che sappia davvero generare valore pubblico <\/mark>&#8220;. Secondo Zangrillo &#8220;la buona riuscita del cambiamento culturale e strutturale da cui le nostre organizzazioni non possono pi\u00f9 esimersi, necessita di azioni concrete che consentano il raggiungimento di diversi e ambiziosi obiettivi. Obiettivi che non possono essere raggiunti senza il coinvolgimento attivo delle nostre persone. \u00c8 con questo spirito costruttivo che abbiamo portato avanti, da subito, una serie di misure destinate ad innescare un circolo virtuoso in grado di generare un cambio culturale nelle organizzazioni pubbliche, coinvolgere le giovani generazioni e offrire servizi sempre pi\u00f9 efficienti ai nostri utenti, cittadini e imprese&#8221;<\/p>\n<h3>Il premio LubeC 2024<\/h3>\n<p>Come da programma oggi \u00e8 stato il momento della consegna del\u00a0<strong>Premio LuBeC2024,<\/strong> che ogni anno \u00e8 attribuito a chi si \u00e8 distinto nella valorizzazione del nostro patrimonio culturale.\u00a0\u00a0Quest\u2019anno \u00e8 stato conferito alla\u00a0<strong>Famiglia Gori\u00a0di\u00a0Villa di Celle\u00a0<\/strong>.<\/p>\n<p>La Famiglia Gori \u00e8 stata scelta <mark>\u201cper aver raccolto il testimone di Giuliano, curando con passione l&#8217;eccezionale collezione di capolavori dell&#8217;arte contemporanea e creando \u00a0la Fondazione Gori di Villa Celle per favorirne la fruizione e farne un polo di attivit\u00e0 culturali\u201d. <\/mark><\/p>\n<p>La Villa di Celle (Santomato, Pistoia) \u00e8 una collezione di Arte Ambientale che accoglie progetti artistici nei quali lo spazio cessa il suo rituale ruolo di semplice contenitore, per divenire parte integrante dell\u2019opera. Il progetto comprende una vastissima quantit\u00e0 di opere d\u2019arte distribuite prevalentemente nel parco circostante la Villa: alla base c\u2019\u00e8 il massimo rispetto della natura, di cui \u00e8 vietato cambiare la conformazione ai fini della creazione dell\u2019opera. Fedele a questi principi, la Collezione Gori ospita ad oggi pi\u00f9 di 80 opere ambientali realizzate da artisti provenienti da ogni parte del mondo, disseminate negli spazi esterni ed interni della tenuta.<\/p>\n<h3>L\u2019omaggio a Giacomo Puccini<\/h3>\n<p>Nell\u2019anno delle celebrazioni per il centenario della morte di <strong>Giacomo Puccini,<\/strong> LuBeC ha deciso di omaggiare il celebre compositore lucchese con un dibattito su\u00a0Puccini e l\u2019eredit\u00e0 contemporanea\u00a0(ore 11,45).\u00a0 I giovani musicisti del \u2018Milani\u2019 chiudono la sessione con un\u00a0Medley Pucciniano.<\/p>\n<p>La manifestazione \u00e8 articolata in <a href=\"https:\/\/www.intoscana.it\/it\/venti-di-cultura-al-real-collegio-per-la-xx-edizione-di-lubec\/\">cantieri tematici,<\/a> che spaziano da confronti, interventi e presentazioni di ricerche fino a veri e propri laboratori di co-progettazione.<\/p>\n<h3>Il programma di gioved\u00ec 10 ottobre<\/h3>\n<p>La seconda giornata di\u00a0LuBeC \u2013 Lucca Beni Culturali quella di domani, gioved\u00ec 10 ottobre,\u00a0offrir\u00e0 un <a href=\"https:\/\/www.lubec.it\/\">calendario<\/a> di appuntamenti ricco e variegato, che spazieranno dall\u2019immersivit\u00e0 digitale all\u2019accessibilit\u00e0, dall\u2019intelligenza artificiale al welfare culturale e alla sostenibilit\u00e0, dal worlding alla transizione green della cultura.<\/p>\n<p>La due giorni si chiuder\u00e0 con l\u2019incontro\u00a0<strong>Quale\u00a0cultura sopravvivr\u00e0 alle sfide della contemporaneit\u00e0?<\/strong>\u00a0(ore 18,00).\u00a0Un\u2019intervista esclusiva al filosofo, scrittore e giornalista\u00a0Marcello Veneziani\u00a0che, a dialogo con il\u00a0Prof. Danilo Breschi,associato di Storia delle dottrine politiche presso l&#8217;Universit\u00e0 degli Studi Internazionali di Roma,<\/p>\n","protected":false},"excerpt":{"rendered":"<p>Oggi la prima delle due giornate della manifestazione. Il ministro Zangrillo: &#8220;Il progresso che sia tecnologico o sociale, non pu\u00f2 prescindere dalla cultura, poich\u00e9 essa definisce chi siamo e cosa possiamo diventare&#8221;<\/p>\n","protected":false},"author":503,"featured_media":359652,"comment_status":"open","ping_status":"open","sticky":false,"template":"","format":"standard","meta":{"_acf_changed":false,"footnotes":""},"categories":[494],"tags":[6552,148,170,141],"class_list":["post-359651","post","type-post","status-publish","format-standard","has-post-thumbnail","hentry","category-attualita","tag-beni-culturali","tag-cultura","tag-lucca","tag-tecnologia"],"acf":[],"yoast_head":"<!-- This site is optimized with the Yoast SEO Premium plugin v24.2 (Yoast SEO v25.6) - https:\/\/yoast.com\/wordpress\/plugins\/seo\/ -->\n<title>A Lucca protagonista la cultura, al via la decima edizione di LuBeC-Lucca Beni Culturali - intoscana<\/title>\n<meta name=\"description\" content=\"Zangrillo: &quot;Il progresso non pu\u00f2 prescindere dalla cultura, poich\u00e9 essa definisce chi siamo e cosa possiamo diventare&quot;\" \/>\n<meta name=\"robots\" content=\"index, follow, max-snippet:-1, max-image-preview:large, max-video-preview:-1\" \/>\n<link rel=\"canonical\" href=\"https:\/\/www.intoscana.it\/it\/a-lucca-protagonista-la-cultura-al-via-la-decima-edizione-di-lubec-lucca-beni-culturali\/\" \/>\n<meta property=\"og:locale\" content=\"it_IT\" \/>\n<meta property=\"og:type\" content=\"article\" \/>\n<meta property=\"og:title\" content=\"A Lucca protagonista la cultura, al via la decima edizione di LuBeC-Lucca Beni Culturali\" \/>\n<meta property=\"og:description\" content=\"Zangrillo: &quot;Il progresso non pu\u00f2 prescindere dalla cultura, poich\u00e9 essa definisce chi siamo e cosa possiamo diventare&quot;\" \/>\n<meta property=\"og:url\" content=\"https:\/\/www.intoscana.it\/it\/a-lucca-protagonista-la-cultura-al-via-la-decima-edizione-di-lubec-lucca-beni-culturali\/\" \/>\n<meta property=\"og:site_name\" content=\"intoscana\" \/>\n<meta property=\"article:publisher\" content=\"https:\/\/www.facebook.com\/intoscana.it\" \/>\n<meta property=\"article:published_time\" content=\"2024-10-09T12:33:53+00:00\" \/>\n<meta property=\"article:modified_time\" content=\"2024-10-10T08:58:23+00:00\" \/>\n<meta property=\"og:image\" content=\"https:\/\/www.intoscana.it\/wp-content\/uploads\/Premio-Lubec2024.jpg\" \/>\n\t<meta property=\"og:image:width\" content=\"960\" \/>\n\t<meta property=\"og:image:height\" content=\"773\" \/>\n\t<meta property=\"og:image:type\" content=\"image\/jpeg\" \/>\n<meta name=\"author\" content=\"Giulia Rafanelli\" \/>\n<meta name=\"twitter:card\" content=\"summary_large_image\" \/>\n<meta name=\"twitter:creator\" content=\"@intoscana\" \/>\n<meta name=\"twitter:site\" content=\"@intoscana\" \/>\n<meta name=\"twitter:label1\" content=\"Written by\" \/>\n\t<meta name=\"twitter:data1\" content=\"Giulia Rafanelli\" \/>\n\t<meta name=\"twitter:label2\" content=\"Est. reading time\" \/>\n\t<meta name=\"twitter:data2\" content=\"4 minuti\" \/>\n<script type=\"application\/ld+json\" class=\"yoast-schema-graph\">{\"@context\":\"https:\/\/schema.org\",\"@graph\":[{\"@type\":\"WebPage\",\"@id\":\"https:\/\/www.intoscana.it\/it\/a-lucca-protagonista-la-cultura-al-via-la-decima-edizione-di-lubec-lucca-beni-culturali\/\",\"url\":\"https:\/\/www.intoscana.it\/it\/a-lucca-protagonista-la-cultura-al-via-la-decima-edizione-di-lubec-lucca-beni-culturali\/\",\"name\":\"A Lucca protagonista la cultura, al via la decima edizione di LuBeC-Lucca Beni Culturali - intoscana\",\"isPartOf\":{\"@id\":\"https:\/\/www.intoscana.it\/it\/#website\"},\"primaryImageOfPage\":{\"@id\":\"https:\/\/www.intoscana.it\/it\/a-lucca-protagonista-la-cultura-al-via-la-decima-edizione-di-lubec-lucca-beni-culturali\/#primaryimage\"},\"image\":{\"@id\":\"https:\/\/www.intoscana.it\/it\/a-lucca-protagonista-la-cultura-al-via-la-decima-edizione-di-lubec-lucca-beni-culturali\/#primaryimage\"},\"thumbnailUrl\":\"https:\/\/www.intoscana.it\/wp-content\/uploads\/Premio-Lubec2024.jpg\",\"datePublished\":\"2024-10-09T12:33:53+00:00\",\"dateModified\":\"2024-10-10T08:58:23+00:00\",\"author\":{\"@id\":\"https:\/\/www.intoscana.it\/it\/#\/schema\/person\/333569b367b301e30262defcea56c939\"},\"description\":\"Zangrillo: \\\"Il progresso non pu\u00f2 prescindere dalla cultura, poich\u00e9 essa definisce chi siamo e cosa possiamo diventare\\\"\",\"breadcrumb\":{\"@id\":\"https:\/\/www.intoscana.it\/it\/a-lucca-protagonista-la-cultura-al-via-la-decima-edizione-di-lubec-lucca-beni-culturali\/#breadcrumb\"},\"inLanguage\":\"it-IT\",\"potentialAction\":[{\"@type\":\"ReadAction\",\"target\":[\"https:\/\/www.intoscana.it\/it\/a-lucca-protagonista-la-cultura-al-via-la-decima-edizione-di-lubec-lucca-beni-culturali\/\"]}]},{\"@type\":\"ImageObject\",\"inLanguage\":\"it-IT\",\"@id\":\"https:\/\/www.intoscana.it\/it\/a-lucca-protagonista-la-cultura-al-via-la-decima-edizione-di-lubec-lucca-beni-culturali\/#primaryimage\",\"url\":\"https:\/\/www.intoscana.it\/wp-content\/uploads\/Premio-Lubec2024.jpg\",\"contentUrl\":\"https:\/\/www.intoscana.it\/wp-content\/uploads\/Premio-Lubec2024.jpg\",\"width\":960,\"height\":773},{\"@type\":\"BreadcrumbList\",\"@id\":\"https:\/\/www.intoscana.it\/it\/a-lucca-protagonista-la-cultura-al-via-la-decima-edizione-di-lubec-lucca-beni-culturali\/#breadcrumb\",\"itemListElement\":[{\"@type\":\"ListItem\",\"position\":1,\"name\":\"Home\",\"item\":\"https:\/\/www.intoscana.it\/it\/\"},{\"@type\":\"ListItem\",\"position\":2,\"name\":\"A Lucca protagonista la cultura, al via la decima edizione di LuBeC-Lucca Beni Culturali\"}]},{\"@type\":\"WebSite\",\"@id\":\"https:\/\/www.intoscana.it\/it\/#website\",\"url\":\"https:\/\/www.intoscana.it\/it\/\",\"name\":\"intoscana\",\"description\":\"\",\"potentialAction\":[{\"@type\":\"SearchAction\",\"target\":{\"@type\":\"EntryPoint\",\"urlTemplate\":\"https:\/\/www.intoscana.it\/it\/?s={search_term_string}\"},\"query-input\":{\"@type\":\"PropertyValueSpecification\",\"valueRequired\":true,\"valueName\":\"search_term_string\"}}],\"inLanguage\":\"it-IT\"},{\"@type\":\"Person\",\"@id\":\"https:\/\/www.intoscana.it\/it\/#\/schema\/person\/333569b367b301e30262defcea56c939\",\"name\":\"Giulia Rafanelli\",\"url\":\"https:\/\/www.intoscana.it\/it\/author\/giulia-rafanelli\/\"}]}<\/script>\n<!-- \/ Yoast SEO Premium plugin. -->","yoast_head_json":{"title":"A Lucca protagonista la cultura, al via la decima edizione di LuBeC-Lucca Beni Culturali - intoscana","description":"Zangrillo: \"Il progresso non pu\u00f2 prescindere dalla cultura, poich\u00e9 essa definisce chi siamo e cosa possiamo diventare\"","robots":{"index":"index","follow":"follow","max-snippet":"max-snippet:-1","max-image-preview":"max-image-preview:large","max-video-preview":"max-video-preview:-1"},"canonical":"https:\/\/www.intoscana.it\/it\/a-lucca-protagonista-la-cultura-al-via-la-decima-edizione-di-lubec-lucca-beni-culturali\/","og_locale":"it_IT","og_type":"article","og_title":"A Lucca protagonista la cultura, al via la decima edizione di LuBeC-Lucca Beni Culturali","og_description":"Zangrillo: \"Il progresso non pu\u00f2 prescindere dalla cultura, poich\u00e9 essa definisce chi siamo e cosa possiamo diventare\"","og_url":"https:\/\/www.intoscana.it\/it\/a-lucca-protagonista-la-cultura-al-via-la-decima-edizione-di-lubec-lucca-beni-culturali\/","og_site_name":"intoscana","article_publisher":"https:\/\/www.facebook.com\/intoscana.it","article_published_time":"2024-10-09T12:33:53+00:00","article_modified_time":"2024-10-10T08:58:23+00:00","og_image":[{"width":960,"height":773,"url":"https:\/\/www.intoscana.it\/wp-content\/uploads\/Premio-Lubec2024.jpg","type":"image\/jpeg"}],"author":"Giulia Rafanelli","twitter_card":"summary_large_image","twitter_creator":"@intoscana","twitter_site":"@intoscana","twitter_misc":{"Written by":"Giulia Rafanelli","Est. reading time":"4 minuti"},"schema":{"@context":"https:\/\/schema.org","@graph":[{"@type":"WebPage","@id":"https:\/\/www.intoscana.it\/it\/a-lucca-protagonista-la-cultura-al-via-la-decima-edizione-di-lubec-lucca-beni-culturali\/","url":"https:\/\/www.intoscana.it\/it\/a-lucca-protagonista-la-cultura-al-via-la-decima-edizione-di-lubec-lucca-beni-culturali\/","name":"A Lucca protagonista la cultura, al via la decima edizione di LuBeC-Lucca Beni Culturali - intoscana","isPartOf":{"@id":"https:\/\/www.intoscana.it\/it\/#website"},"primaryImageOfPage":{"@id":"https:\/\/www.intoscana.it\/it\/a-lucca-protagonista-la-cultura-al-via-la-decima-edizione-di-lubec-lucca-beni-culturali\/#primaryimage"},"image":{"@id":"https:\/\/www.intoscana.it\/it\/a-lucca-protagonista-la-cultura-al-via-la-decima-edizione-di-lubec-lucca-beni-culturali\/#primaryimage"},"thumbnailUrl":"https:\/\/www.intoscana.it\/wp-content\/uploads\/Premio-Lubec2024.jpg","datePublished":"2024-10-09T12:33:53+00:00","dateModified":"2024-10-10T08:58:23+00:00","author":{"@id":"https:\/\/www.intoscana.it\/it\/#\/schema\/person\/333569b367b301e30262defcea56c939"},"description":"Zangrillo: \"Il progresso non pu\u00f2 prescindere dalla cultura, poich\u00e9 essa definisce chi siamo e cosa possiamo diventare\"","breadcrumb":{"@id":"https:\/\/www.intoscana.it\/it\/a-lucca-protagonista-la-cultura-al-via-la-decima-edizione-di-lubec-lucca-beni-culturali\/#breadcrumb"},"inLanguage":"it-IT","potentialAction":[{"@type":"ReadAction","target":["https:\/\/www.intoscana.it\/it\/a-lucca-protagonista-la-cultura-al-via-la-decima-edizione-di-lubec-lucca-beni-culturali\/"]}]},{"@type":"ImageObject","inLanguage":"it-IT","@id":"https:\/\/www.intoscana.it\/it\/a-lucca-protagonista-la-cultura-al-via-la-decima-edizione-di-lubec-lucca-beni-culturali\/#primaryimage","url":"https:\/\/www.intoscana.it\/wp-content\/uploads\/Premio-Lubec2024.jpg","contentUrl":"https:\/\/www.intoscana.it\/wp-content\/uploads\/Premio-Lubec2024.jpg","width":960,"height":773},{"@type":"BreadcrumbList","@id":"https:\/\/www.intoscana.it\/it\/a-lucca-protagonista-la-cultura-al-via-la-decima-edizione-di-lubec-lucca-beni-culturali\/#breadcrumb","itemListElement":[{"@type":"ListItem","position":1,"name":"Home","item":"https:\/\/www.intoscana.it\/it\/"},{"@type":"ListItem","position":2,"name":"A Lucca protagonista la cultura, al via la decima edizione di LuBeC-Lucca Beni Culturali"}]},{"@type":"WebSite","@id":"https:\/\/www.intoscana.it\/it\/#website","url":"https:\/\/www.intoscana.it\/it\/","name":"intoscana","description":"","potentialAction":[{"@type":"SearchAction","target":{"@type":"EntryPoint","urlTemplate":"https:\/\/www.intoscana.it\/it\/?s={search_term_string}"},"query-input":{"@type":"PropertyValueSpecification","valueRequired":true,"valueName":"search_term_string"}}],"inLanguage":"it-IT"},{"@type":"Person","@id":"https:\/\/www.intoscana.it\/it\/#\/schema\/person\/333569b367b301e30262defcea56c939","name":"Giulia Rafanelli","url":"https:\/\/www.intoscana.it\/it\/author\/giulia-rafanelli\/"}]}},"_links":{"self":[{"href":"https:\/\/www.intoscana.it\/it\/wp-json\/wp\/v2\/posts\/359651","targetHints":{"allow":["GET"]}}],"collection":[{"href":"https:\/\/www.intoscana.it\/it\/wp-json\/wp\/v2\/posts"}],"about":[{"href":"https:\/\/www.intoscana.it\/it\/wp-json\/wp\/v2\/types\/post"}],"author":[{"embeddable":true,"href":"https:\/\/www.intoscana.it\/it\/wp-json\/wp\/v2\/users\/503"}],"replies":[{"embeddable":true,"href":"https:\/\/www.intoscana.it\/it\/wp-json\/wp\/v2\/comments?post=359651"}],"version-history":[{"count":2,"href":"https:\/\/www.intoscana.it\/it\/wp-json\/wp\/v2\/posts\/359651\/revisions"}],"predecessor-version":[{"id":359739,"href":"https:\/\/www.intoscana.it\/it\/wp-json\/wp\/v2\/posts\/359651\/revisions\/359739"}],"wp:featuredmedia":[{"embeddable":true,"href":"https:\/\/www.intoscana.it\/it\/wp-json\/wp\/v2\/media\/359652"}],"wp:attachment":[{"href":"https:\/\/www.intoscana.it\/it\/wp-json\/wp\/v2\/media?parent=359651"}],"wp:term":[{"taxonomy":"category","embeddable":true,"href":"https:\/\/www.intoscana.it\/it\/wp-json\/wp\/v2\/categories?post=359651"},{"taxonomy":"post_tag","embeddable":true,"href":"https:\/\/www.intoscana.it\/it\/wp-json\/wp\/v2\/tags?post=359651"}],"curies":[{"name":"wp","href":"https:\/\/api.w.org\/{rel}","templated":true}]}}