{"id":359686,"date":"2024-10-09T18:41:41","date_gmt":"2024-10-09T16:41:41","guid":{"rendered":"https:\/\/www.intoscana.it\/it\/?p=359686"},"modified":"2024-10-09T18:46:51","modified_gmt":"2024-10-09T16:46:51","slug":"la-cantautrice-sara-rados-torna-con-disco-vivo-sono-una-punk-da-appartamento","status":"publish","type":"post","link":"https:\/\/www.intoscana.it\/it\/la-cantautrice-sara-rados-torna-con-disco-vivo-sono-una-punk-da-appartamento\/","title":{"rendered":"La cantautrice Sara Rados torna con &#8220;Disco vivo&#8221;: &#8220;Sono una punk da appartamento&#8221;"},"content":{"rendered":"<p><strong>Sara Rados<\/strong> \u00e8 nata e cresciuta a Firenze, in una famiglia dove si pensa e si mangia meridionale, ma con un cognome slavo.<\/p>\n<p>Ha iniziato come<strong> vocalist in un gruppo punk<\/strong> e da allora registra i suoi pensieri, i sogni, i desideri su mangianastri, foglietti, mani, telefonini, e trasforma tutto in<strong> musica.<\/strong><\/p>\n<p>La sua \u00e8 una musica, vera, sincera, che non si preoccupa di piacere agli altri, ma solo di <strong>seguire il cuore.<\/strong><\/p>\n<p>Il nuovo album di <strong>Sara Rados<\/strong> si intitola<strong><em> &#8220;Disco vivo&#8221;, <\/em><\/strong>\u00e8 uscito per <a href=\"https:\/\/www.blackcandy.it\" target=\"_blank\" rel=\"noopener\" class=\"broken_link\"><strong>Blackcandy Produzioni,<\/strong><\/a>\u00a0ed \u00e8 stato registrato grazie alla collaborazione coi <strong>Progetti Futuri<\/strong>: <strong>Michele Staino<\/strong> al contrabbasso, <strong>Sergio Zanforlin<\/strong> al violino, e <strong>Gabriele Pozzolini<\/strong> alla batteria e percussioni.<\/p>\n<p>Raccoglie un&#8217;esperienza di anni,che parte dalla scrittura delle prime melodie dentro casa, ai <strong>concerti e concertacci a giro per i club di Firenze,<\/strong> fino alle serate \u00a0in sala di registrazione con i ragazzi della band.<\/p>\n<p>Tutto questo<strong> universo di emozioni<\/strong> \u00e8 approdato una sera di febbraio del 2024 presso il <strong><a href=\"https:\/\/www.facebook.com\/GRSfirenze\/?locale=it_IT\" target=\"_blank\" rel=\"noopener\">GRS Studio<\/a> di Firenze.<\/strong><\/p>\n<p>Sara e i Progetti Futuri hanno invitato gli amici, li hanno fatti accomodare su un grande tappeto, e hanno suonato tutto il disco. Poi il produttore <strong>Taketo Gohara<\/strong> ci ha messo su le mani per il mix e <strong>Giovanni Versari<\/strong> per il mastering.<\/p>\n<p><strong>Sara Rados<\/strong> porter\u00e0 live il suo <strong><em>&#8220;Disco vivo&#8221;<\/em><\/strong> live <strong>venerd\u00ec 11 ottobre<\/strong> in concerto al <strong><a href=\"https:\/\/www.circoloilprogresso.it\" target=\"_blank\" rel=\"noopener\">Circolo Arci Il Progresso<\/a> di Firenze.<\/strong><\/p>\n<h3>Ecco la nostra intervista a Sara Rados<\/h3>\n<p><strong>Ciao Sara! Il tuo <em>&#8220;Disco Vivo&#8221;<\/em> \u00e8 stato registrato dal vivo, appunto, nel GRS Studio a Firenze. Come mai questa decisione? C&#8217;era la volont\u00e0 di tornare all&#8217;autenticit\u00e0 del suono?<\/strong><\/p>\n<p>S\u00ec \u00e8 esattamente questo il motivo principale per cui l&#8217;ho voluto fare. Pu\u00f2 apparire una scelta tecnica un po&#8217; manieristica oppure anche legata (e lo \u00e8) anche a degli aspetti meramente pratici, essendo una auto-produzione in collaborazione con <strong>Blackcandy.<\/strong> Ma in realt\u00e0 prima di tutto questo c&#8217;era anche <strong>un discorso squisitamente politico<\/strong>, legato alla voglia di trasmettere un certo modo di pensare e fare musica, che cio\u00e8 <strong>non deve essere sempre tutto carino e perfetto ma si pu\u00f2 contemplare anche lo sbaglio, l&#8217;errore, l&#8217;emozione anzi se ci sono tutti questi elementi pu\u00f2 essere anche pi\u00f9 bello per chi ascolta.<\/strong> <p><span class=\"citazione\">non deve essere sempre tutto carino e perfetto, nella musica si pu\u00f2 contemplare anche lo sbaglio, l&#8217;errore, l&#8217;emozione anzi se ci sono tutti questi elementi pu\u00f2 essere anche pi\u00f9 bello per chi ascolta<\/span><\/p><\/p>\n<p><strong>Da quanto tempo lavori a queste canzoni?<\/strong><\/p>\n<p>Nella vita <strong>sono lenta a fare tutto, soprattutto con le cose a cui tengo,<\/strong> penso che il tempo sia molto, molto importante. Nella societ\u00e0 in cui viviamo ci sono tanti imput che cercano di farci dimenticare il fatto che per far uscire delle cose il tempo deve passare, che non vuol dire stare in ozio. Un altro aspetto \u00e8 il fatto che<strong> la quotidianit\u00e0 non \u00e8 solo musica, ma \u00e8 fatta anche di lavoro, impegni familiari, vicende personali<\/strong> che a volte ci bloccano e fanno passare la creativit\u00e0. Non sempre c&#8217;\u00e8 la voglia di scrivere o di andare a suonare in giro. Questi sono i motivi per cui ci ho messo cos\u00ec tanto tempo a fare questo disco. Le canzoni hanno cominciato ad uscire poco prima del Covid, in una fase di vita particolare, come sempre la forma migliore che ho trovato per documentare tutto \u00e8 stato attraverso la musica.<\/p>\n<p><iframe loading=\"lazy\" title=\"YouTube video player\" src=\"https:\/\/www.youtube.com\/embed\/vf9P270jThg?si=uFU4W3b-XWZc5GXm\" width=\"800\" height=\"450\" frameborder=\"0\" allowfullscreen=\"allowfullscreen\"><\/iframe><\/p>\n<p><strong>&#8220;Bandiere sporche&#8221; il primo singolo \u00e8 nato in un modo un po&#8217; buffo, eri in un parco e una bambina ti ha presa a calci, \u00e8 vero?<br \/>\n<\/strong><br \/>\nS\u00ec, eravamo sotto Natale, io ero al parco con la mia bimba ed ero in uno dei miei giorni di depressione che nel tempo ho imparato a gestire come un amico fidato con cui andare in giro. <strong>Forse si vedeva sul mio viso che non ero allegra<\/strong>, cos\u00ec si \u00e8 avvicinata questa bambina sui quattro anni che ha cominciato a prendermi a calci negli stinchi e a urlare<strong><em> &#8220;Sorridi \u00e8 Natale&#8221;<\/em><\/strong>. Questa cosa mi ha fatto sorridere, mi ha risollevato la giornata e mi ha portata a fare delle riflessioni che la sera dopo cena sono riuscita a buttare fuori.<\/p>\n<p><strong>Ascoltando le tue canzoni ho notato che sono molto potenti le immagini che riesci ad evocare con le tue parole, per esempio quando canti <em>&#8220;occhi persi come pozzanghere dentro ai cellulari&#8221;<\/em>. Da dove ti viene questa particolare abilit\u00e0 nella scrittura? Hai sempre scritto?<br \/>\n<\/strong><br \/>\nLa scrittura me la porto dietro da sempre, fin dal diario segreto delle elementari. Da l\u00ec in poi <strong>ho litigato spesso con il foglio bianco, ho fatto tanti esperimenti,<\/strong> in periodi difficili \u00e8 stata una forma di introspezione anche un po&#8217; violenta. <strong>Per me la scrittura si lega molto anche all&#8217;inconscio.<\/strong> Adesso \u00e8 una sintesi di tanti aspetti pi\u00f9 onirici oppure pi\u00f9 razionali.<\/p>\n<p><strong>Mi ha colpito la cover degli Skiantos nel tuo disco che immagino sia legata al tuo passato punk. Io sono preoccupata che i giovani oggi non li ascoltino pi\u00f9, per la nostra generazione invece sono stati una band fondamentale<\/strong><\/p>\n<p>In realt\u00e0 questa cover la portavo in giro per i locali da un po&#8217; di tempo. Poi ho scoperto che Fedez a X-Factor ha assegnato questo pezzo a Big Mama, lo so sembra un incubo. <strong>Per me \u00e8 molto punk il concetto di originalit\u00e0, ed \u00e8 per questo che l&#8217;ho voluta inserire,<\/strong> la mia versione \u00e8 molto diversa da quella degli Skiantos. L&#8217;ho fatto anche prendendomi in giro perch\u00e9 io per prima sono stata una<strong> &#8220;punk da appartamento&#8221;.<\/strong> Nella vita bisogna anche avere il coraggio di rimettersi sempre in discussione e fare le cose anche se le ha gi\u00e0 fatte qualcun altro, chi se ne frega.<\/p>\n<p><strong>Quando si pubblica un disco ci vuole sempre una bella dose di coraggio. Come affronti i prossimi mesi che ti aspettano?<br \/>\n<\/strong><br \/>\n<strong>Sono in un bel turbine emotivo,<\/strong> sono curiosa perch\u00e9 questo disco \u00e8 una cosa molto lavorata e curata nel tempo, ma non pianificata in maniera aziendale, quindi per me sar\u00e0 un esperimento vedere come reagisce la gente. Ogni mattina mi sveglio e mi chiedo chiss\u00e0 cosa succeder\u00e0!?<\/p>\n<p><strong>Ultimissima domanda, che cos&#8217;\u00e8 per te la musica?<\/strong><\/p>\n<p><strong>Io sono anche musicoterapeuta<\/strong> e spesso i parenti dei miei utenti mi dicono che la musica \u00e8 magica, risolve tutti i problemi. A me viene da ridere perch\u00e9 <strong>penso che la musica pu\u00f2 fare molto bene, ma anche molto male.<\/strong> A volte \u00e8 bella, a volte \u00e8 anche molto fastidiosa. Quindi pu\u00f2 essere molte cose diverse.<strong> Spesso si dice che \u00e8 una cosa fantastica, ma spesso non lo \u00e8.<\/strong><\/p>\n<h3>Tutte le date del tour di Sara Rados<\/h3>\n<p><strong>11 ottobre,<\/strong> Circolo Arci Il Progresso di Firenze<br \/>\n<strong>3 novembre<\/strong>, Consonanze Festival, Casalmaggiore (Bologna)<br \/>\n<strong>14 dicembre,<\/strong> Ex Atomic Bar, Milano<br \/>\n<strong>21 dicembre,<\/strong> Casa del Popolo di Settignano (Firenze)<\/p>\n<figure id=\"post-359664 media-359664\" class=\"align-none\"><img decoding=\"async\" src=\"https:\/\/www.intoscana.it\/wp-content\/uploads\/unnamed-4-25.jpg\" alt=\"\" \/><\/figure>\n<div class=\"titleimg\">Sara Rados<\/div>\n","protected":false},"excerpt":{"rendered":"<p>Venerd\u00ec 11 ottobre Sara Rados sar\u00e0 in concerto al Circolo Arci Il Progresso di Firenze, insieme alla band Progetti Futuri per presentare &#8220;Disco vivo&#8221;<\/p>\n","protected":false},"author":518,"featured_media":359665,"comment_status":"open","ping_status":"open","sticky":false,"template":"","format":"standard","meta":{"_acf_changed":false,"footnotes":""},"categories":[14],"tags":[216,3138],"class_list":["post-359686","post","type-post","status-publish","format-standard","has-post-thumbnail","hentry","category-musica","tag-concerti","tag-interviste-agli-artisti"],"acf":[],"yoast_head":"<!-- This site is optimized with the Yoast SEO Premium plugin v24.2 (Yoast SEO v25.6) - https:\/\/yoast.com\/wordpress\/plugins\/seo\/ -->\n<title>La cantautrice Sara Rados torna con &quot;Disco vivo&quot;: &quot;Sono una punk da appartamento&quot; - intoscana<\/title>\n<meta name=\"description\" content=\"Venerd\u00ec 11 ottobre Sara Rados sar\u00e0 in concerto al Circolo Arci Il Progresso di Firenze, ad accompagnarla la band Progetti Futuri\" \/>\n<meta name=\"robots\" content=\"index, follow, max-snippet:-1, max-image-preview:large, max-video-preview:-1\" \/>\n<link rel=\"canonical\" href=\"https:\/\/www.intoscana.it\/it\/la-cantautrice-sara-rados-torna-con-disco-vivo-sono-una-punk-da-appartamento\/\" \/>\n<meta property=\"og:locale\" content=\"it_IT\" \/>\n<meta property=\"og:type\" content=\"article\" \/>\n<meta property=\"og:title\" content=\"La cantautrice Sara Rados torna con &quot;Disco vivo&quot;: &quot;Sono una punk da appartamento&quot;\" \/>\n<meta property=\"og:description\" content=\"Venerd\u00ec 11 ottobre Sara Rados sar\u00e0 in concerto al Circolo Arci Il Progresso di Firenze, ad accompagnarla la band Progetti Futuri\" \/>\n<meta property=\"og:url\" content=\"https:\/\/www.intoscana.it\/it\/la-cantautrice-sara-rados-torna-con-disco-vivo-sono-una-punk-da-appartamento\/\" \/>\n<meta property=\"og:site_name\" content=\"intoscana\" \/>\n<meta property=\"article:publisher\" content=\"https:\/\/www.facebook.com\/intoscana.it\" \/>\n<meta property=\"article:published_time\" content=\"2024-10-09T16:41:41+00:00\" \/>\n<meta property=\"article:modified_time\" content=\"2024-10-09T16:46:51+00:00\" \/>\n<meta property=\"og:image\" content=\"https:\/\/www.intoscana.it\/wp-content\/uploads\/unnamed-3-25.jpg\" \/>\n\t<meta property=\"og:image:width\" content=\"1200\" \/>\n\t<meta property=\"og:image:height\" content=\"675\" \/>\n\t<meta property=\"og:image:type\" content=\"image\/jpeg\" \/>\n<meta name=\"author\" content=\"Costanza Baldini\" \/>\n<meta name=\"twitter:card\" content=\"summary_large_image\" \/>\n<meta name=\"twitter:creator\" content=\"@intoscana\" \/>\n<meta name=\"twitter:site\" content=\"@intoscana\" \/>\n<meta name=\"twitter:label1\" content=\"Written by\" \/>\n\t<meta name=\"twitter:data1\" content=\"Costanza Baldini\" \/>\n\t<meta name=\"twitter:label2\" content=\"Est. reading time\" \/>\n\t<meta name=\"twitter:data2\" content=\"7 minuti\" \/>\n<script type=\"application\/ld+json\" class=\"yoast-schema-graph\">{\"@context\":\"https:\/\/schema.org\",\"@graph\":[{\"@type\":\"WebPage\",\"@id\":\"https:\/\/www.intoscana.it\/it\/la-cantautrice-sara-rados-torna-con-disco-vivo-sono-una-punk-da-appartamento\/\",\"url\":\"https:\/\/www.intoscana.it\/it\/la-cantautrice-sara-rados-torna-con-disco-vivo-sono-una-punk-da-appartamento\/\",\"name\":\"La cantautrice Sara Rados torna con \\\"Disco vivo\\\": \\\"Sono una punk da appartamento\\\" - intoscana\",\"isPartOf\":{\"@id\":\"https:\/\/www.intoscana.it\/it\/#website\"},\"primaryImageOfPage\":{\"@id\":\"https:\/\/www.intoscana.it\/it\/la-cantautrice-sara-rados-torna-con-disco-vivo-sono-una-punk-da-appartamento\/#primaryimage\"},\"image\":{\"@id\":\"https:\/\/www.intoscana.it\/it\/la-cantautrice-sara-rados-torna-con-disco-vivo-sono-una-punk-da-appartamento\/#primaryimage\"},\"thumbnailUrl\":\"https:\/\/www.intoscana.it\/wp-content\/uploads\/unnamed-3-25.jpg\",\"datePublished\":\"2024-10-09T16:41:41+00:00\",\"dateModified\":\"2024-10-09T16:46:51+00:00\",\"author\":{\"@id\":\"https:\/\/www.intoscana.it\/it\/#\/schema\/person\/d469f35f09739bdf00bf5dd3f0647a82\"},\"description\":\"Venerd\u00ec 11 ottobre Sara Rados sar\u00e0 in concerto al Circolo Arci Il Progresso di Firenze, ad accompagnarla la band Progetti Futuri\",\"breadcrumb\":{\"@id\":\"https:\/\/www.intoscana.it\/it\/la-cantautrice-sara-rados-torna-con-disco-vivo-sono-una-punk-da-appartamento\/#breadcrumb\"},\"inLanguage\":\"it-IT\",\"potentialAction\":[{\"@type\":\"ReadAction\",\"target\":[\"https:\/\/www.intoscana.it\/it\/la-cantautrice-sara-rados-torna-con-disco-vivo-sono-una-punk-da-appartamento\/\"]}]},{\"@type\":\"ImageObject\",\"inLanguage\":\"it-IT\",\"@id\":\"https:\/\/www.intoscana.it\/it\/la-cantautrice-sara-rados-torna-con-disco-vivo-sono-una-punk-da-appartamento\/#primaryimage\",\"url\":\"https:\/\/www.intoscana.it\/wp-content\/uploads\/unnamed-3-25.jpg\",\"contentUrl\":\"https:\/\/www.intoscana.it\/wp-content\/uploads\/unnamed-3-25.jpg\",\"width\":1200,\"height\":675},{\"@type\":\"BreadcrumbList\",\"@id\":\"https:\/\/www.intoscana.it\/it\/la-cantautrice-sara-rados-torna-con-disco-vivo-sono-una-punk-da-appartamento\/#breadcrumb\",\"itemListElement\":[{\"@type\":\"ListItem\",\"position\":1,\"name\":\"Home\",\"item\":\"https:\/\/www.intoscana.it\/it\/\"},{\"@type\":\"ListItem\",\"position\":2,\"name\":\"La cantautrice Sara Rados torna con &#8220;Disco vivo&#8221;: &#8220;Sono una punk da appartamento&#8221;\"}]},{\"@type\":\"WebSite\",\"@id\":\"https:\/\/www.intoscana.it\/it\/#website\",\"url\":\"https:\/\/www.intoscana.it\/it\/\",\"name\":\"intoscana\",\"description\":\"\",\"potentialAction\":[{\"@type\":\"SearchAction\",\"target\":{\"@type\":\"EntryPoint\",\"urlTemplate\":\"https:\/\/www.intoscana.it\/it\/?s={search_term_string}\"},\"query-input\":{\"@type\":\"PropertyValueSpecification\",\"valueRequired\":true,\"valueName\":\"search_term_string\"}}],\"inLanguage\":\"it-IT\"},{\"@type\":\"Person\",\"@id\":\"https:\/\/www.intoscana.it\/it\/#\/schema\/person\/d469f35f09739bdf00bf5dd3f0647a82\",\"name\":\"Costanza Baldini\",\"url\":\"https:\/\/www.intoscana.it\/it\/author\/costanza-baldini\/\"}]}<\/script>\n<!-- \/ Yoast SEO Premium plugin. -->","yoast_head_json":{"title":"La cantautrice Sara Rados torna con \"Disco vivo\": \"Sono una punk da appartamento\" - intoscana","description":"Venerd\u00ec 11 ottobre Sara Rados sar\u00e0 in concerto al Circolo Arci Il Progresso di Firenze, ad accompagnarla la band Progetti Futuri","robots":{"index":"index","follow":"follow","max-snippet":"max-snippet:-1","max-image-preview":"max-image-preview:large","max-video-preview":"max-video-preview:-1"},"canonical":"https:\/\/www.intoscana.it\/it\/la-cantautrice-sara-rados-torna-con-disco-vivo-sono-una-punk-da-appartamento\/","og_locale":"it_IT","og_type":"article","og_title":"La cantautrice Sara Rados torna con \"Disco vivo\": \"Sono una punk da appartamento\"","og_description":"Venerd\u00ec 11 ottobre Sara Rados sar\u00e0 in concerto al Circolo Arci Il Progresso di Firenze, ad accompagnarla la band Progetti Futuri","og_url":"https:\/\/www.intoscana.it\/it\/la-cantautrice-sara-rados-torna-con-disco-vivo-sono-una-punk-da-appartamento\/","og_site_name":"intoscana","article_publisher":"https:\/\/www.facebook.com\/intoscana.it","article_published_time":"2024-10-09T16:41:41+00:00","article_modified_time":"2024-10-09T16:46:51+00:00","og_image":[{"width":1200,"height":675,"url":"https:\/\/www.intoscana.it\/wp-content\/uploads\/unnamed-3-25.jpg","type":"image\/jpeg"}],"author":"Costanza Baldini","twitter_card":"summary_large_image","twitter_creator":"@intoscana","twitter_site":"@intoscana","twitter_misc":{"Written by":"Costanza Baldini","Est. reading time":"7 minuti"},"schema":{"@context":"https:\/\/schema.org","@graph":[{"@type":"WebPage","@id":"https:\/\/www.intoscana.it\/it\/la-cantautrice-sara-rados-torna-con-disco-vivo-sono-una-punk-da-appartamento\/","url":"https:\/\/www.intoscana.it\/it\/la-cantautrice-sara-rados-torna-con-disco-vivo-sono-una-punk-da-appartamento\/","name":"La cantautrice Sara Rados torna con \"Disco vivo\": \"Sono una punk da appartamento\" - intoscana","isPartOf":{"@id":"https:\/\/www.intoscana.it\/it\/#website"},"primaryImageOfPage":{"@id":"https:\/\/www.intoscana.it\/it\/la-cantautrice-sara-rados-torna-con-disco-vivo-sono-una-punk-da-appartamento\/#primaryimage"},"image":{"@id":"https:\/\/www.intoscana.it\/it\/la-cantautrice-sara-rados-torna-con-disco-vivo-sono-una-punk-da-appartamento\/#primaryimage"},"thumbnailUrl":"https:\/\/www.intoscana.it\/wp-content\/uploads\/unnamed-3-25.jpg","datePublished":"2024-10-09T16:41:41+00:00","dateModified":"2024-10-09T16:46:51+00:00","author":{"@id":"https:\/\/www.intoscana.it\/it\/#\/schema\/person\/d469f35f09739bdf00bf5dd3f0647a82"},"description":"Venerd\u00ec 11 ottobre Sara Rados sar\u00e0 in concerto al Circolo Arci Il Progresso di Firenze, ad accompagnarla la band Progetti Futuri","breadcrumb":{"@id":"https:\/\/www.intoscana.it\/it\/la-cantautrice-sara-rados-torna-con-disco-vivo-sono-una-punk-da-appartamento\/#breadcrumb"},"inLanguage":"it-IT","potentialAction":[{"@type":"ReadAction","target":["https:\/\/www.intoscana.it\/it\/la-cantautrice-sara-rados-torna-con-disco-vivo-sono-una-punk-da-appartamento\/"]}]},{"@type":"ImageObject","inLanguage":"it-IT","@id":"https:\/\/www.intoscana.it\/it\/la-cantautrice-sara-rados-torna-con-disco-vivo-sono-una-punk-da-appartamento\/#primaryimage","url":"https:\/\/www.intoscana.it\/wp-content\/uploads\/unnamed-3-25.jpg","contentUrl":"https:\/\/www.intoscana.it\/wp-content\/uploads\/unnamed-3-25.jpg","width":1200,"height":675},{"@type":"BreadcrumbList","@id":"https:\/\/www.intoscana.it\/it\/la-cantautrice-sara-rados-torna-con-disco-vivo-sono-una-punk-da-appartamento\/#breadcrumb","itemListElement":[{"@type":"ListItem","position":1,"name":"Home","item":"https:\/\/www.intoscana.it\/it\/"},{"@type":"ListItem","position":2,"name":"La cantautrice Sara Rados torna con &#8220;Disco vivo&#8221;: &#8220;Sono una punk da appartamento&#8221;"}]},{"@type":"WebSite","@id":"https:\/\/www.intoscana.it\/it\/#website","url":"https:\/\/www.intoscana.it\/it\/","name":"intoscana","description":"","potentialAction":[{"@type":"SearchAction","target":{"@type":"EntryPoint","urlTemplate":"https:\/\/www.intoscana.it\/it\/?s={search_term_string}"},"query-input":{"@type":"PropertyValueSpecification","valueRequired":true,"valueName":"search_term_string"}}],"inLanguage":"it-IT"},{"@type":"Person","@id":"https:\/\/www.intoscana.it\/it\/#\/schema\/person\/d469f35f09739bdf00bf5dd3f0647a82","name":"Costanza Baldini","url":"https:\/\/www.intoscana.it\/it\/author\/costanza-baldini\/"}]}},"_links":{"self":[{"href":"https:\/\/www.intoscana.it\/it\/wp-json\/wp\/v2\/posts\/359686","targetHints":{"allow":["GET"]}}],"collection":[{"href":"https:\/\/www.intoscana.it\/it\/wp-json\/wp\/v2\/posts"}],"about":[{"href":"https:\/\/www.intoscana.it\/it\/wp-json\/wp\/v2\/types\/post"}],"author":[{"embeddable":true,"href":"https:\/\/www.intoscana.it\/it\/wp-json\/wp\/v2\/users\/518"}],"replies":[{"embeddable":true,"href":"https:\/\/www.intoscana.it\/it\/wp-json\/wp\/v2\/comments?post=359686"}],"version-history":[{"count":23,"href":"https:\/\/www.intoscana.it\/it\/wp-json\/wp\/v2\/posts\/359686\/revisions"}],"predecessor-version":[{"id":359721,"href":"https:\/\/www.intoscana.it\/it\/wp-json\/wp\/v2\/posts\/359686\/revisions\/359721"}],"wp:featuredmedia":[{"embeddable":true,"href":"https:\/\/www.intoscana.it\/it\/wp-json\/wp\/v2\/media\/359665"}],"wp:attachment":[{"href":"https:\/\/www.intoscana.it\/it\/wp-json\/wp\/v2\/media?parent=359686"}],"wp:term":[{"taxonomy":"category","embeddable":true,"href":"https:\/\/www.intoscana.it\/it\/wp-json\/wp\/v2\/categories?post=359686"},{"taxonomy":"post_tag","embeddable":true,"href":"https:\/\/www.intoscana.it\/it\/wp-json\/wp\/v2\/tags?post=359686"}],"curies":[{"name":"wp","href":"https:\/\/api.w.org\/{rel}","templated":true}]}}