{"id":359975,"date":"2024-10-12T11:20:15","date_gmt":"2024-10-12T09:20:15","guid":{"rendered":"https:\/\/www.intoscana.it\/it\/?p=359975"},"modified":"2024-10-12T11:21:19","modified_gmt":"2024-10-12T09:21:19","slug":"sanita-undici-milioni-per-creare-lospedale-di-comunita-a-livorno","status":"publish","type":"post","link":"https:\/\/www.intoscana.it\/it\/sanita-undici-milioni-per-creare-lospedale-di-comunita-a-livorno\/","title":{"rendered":"Sanit\u00e0, cinque milioni e mezzo per creare l&#8217;ospedale di comunit\u00e0 a Livorno"},"content":{"rendered":"<p>Un <strong>ospedale di comunit\u00e0<\/strong> da 40 posti nell&#8217;attesa della <strong>casa di comunit\u00e0<\/strong> che sorger\u00e0 nel padiglione 24. Il presidente della Toscana <strong>Eugenio Giani<\/strong> ha effettuato un sopralluogo al 5\/o padiglione dell&#8217;<strong>ospedale di Livorno<\/strong> dove sono in corso di realizzazione i lavori.<\/p>\n<p>&#8220;<em>Con il sindaco Salvetti<\/em> &#8211; ha detto <strong>il presidente Giani<\/strong> &#8211;<em>, abbiamo programmato il nuovo ospedale ma abbiamo anche deciso di intervenire sulla struttura del vecchio perch\u00e9 il nuovo ospedale avr\u00e0 i suoi tempi di realizzazione, mentre la cittadinanza ha bisogno di risposte anche adesso&#8221;.<\/em><\/p>\n<h3>L&#8217;impegno della Regione per la sanit\u00e0 a Livorno<\/h3>\n<p>Questi interventi, ha sottolineato Giani, rappresentano una <strong>precisa volont\u00e0<\/strong> della Regione, che su Livorno vuole investire e l&#8217;ha dimostrato fin dall&#8217;inizio: &#8220;<em>In questo caso 5 milioni e mezzo servono per il restyling del padiglione ed altri 5 milioni e mezzo per la realizzazione dell&#8217;ospedale di comunit\u00e0 con 40 posti, dove trover\u00e0 spazio chi ha determinate patologie o chi deve stare ancora per alcuni giorni all&#8217;ospedale ma deve essere dimesso dal reparto specialistico perch\u00e9 il posto letto serve ad altri pazienti&#8221;. <\/em><\/p>\n<p>Per Giani <em>&#8220;\u00e8 un intervento che volentieri facciamo, per quanto il nuovo ospedale nell&#8217;area ex Pirelli \u00e8 un intervento che ci coster\u00e0 pi\u00f9 di 200 milioni, perch\u00e9 Livorno ha bisogno di una fase intermedia in cui sar\u00e0 necessario mettere insieme le funzioni dell&#8217;ospedale di comunit\u00e0 con quelle della casa di comunit\u00e0 al padiglione 24 che riguarder\u00e0 i servizi territoriali e tutti gli altri servizi sanitari e sociosanitari&#8221;.<\/em><\/p>\n<p>Per <strong>Luca Salvetti<\/strong>, sindaco di Livorno il sopralluogo \u00e8 stato un momento per fare il punto della situazione lavori insieme al presidente della Regione Toscana <strong>Eugenio Giani<\/strong>, al consigliere regionale <strong>Francesco Gazzetti e a Maria Letizia Casani<\/strong> direttrice generale dell&#8217;Azienda Usl Toscana nord ovest.<\/p>\n<p>&#8220;<em>Un momento anche per me per dare risposte a tutti quei cittadini che mi hanno chiesto cosa accadr\u00e0 tra adesso e il nuovo ospedale&#8221;<\/em> ha aggiunto <strong>il sindaco di Livorno<\/strong>.<\/p>\n<h3>Il reparto hospice all&#8217;ospedale Villamarina<\/h3>\n<p>Giani ha anche partecipato all&#8217;inaugurazione del reparto hospice dell&#8217;<strong>ospedale Villamarina<\/strong> di Piombino ed effettuato un sopralluogo per i lavori che porteranno all&#8217;apertura del nuovo <strong>servizio psichiatrico<\/strong> di diagnosi e cura (Spdc) destinato alla <strong>salute mentale<\/strong> delle Valli Etrusche.<\/p>\n<p>&#8220;<em>Sul territorio delle Valli Etrusche<\/em> &#8211; ha spiegato<strong> la direttrice Casani<\/strong> &#8211; <em>stiamo concentrando i nostri sforzi come dimostrano i circa 28 milioni di euro di investimenti fatti. I 9 posti letto del reparto di psichiatria e i 4 letti di hospice, sono una risorsa importante per questo territorio che ne era sprovvisto permettendo ai cittadini di non dover pi\u00f9 far riferimento ad altri ospedali&#8221;. <\/em><\/p>\n<p><em>&#8220;Conto molto sull&#8217;incontro che avremo con la Regione e la Asl per disegnare il futuro sanitario del territorio e dell&#8217;ospedale unico per un&#8217;organizzazione ottimale dei servizi&#8221;,<\/em> le parole del sindaco di Piombino <strong>Francesco Ferrari<\/strong>.<\/p>\n","protected":false},"excerpt":{"rendered":"<p>Il sopralluogo del presidente della Regione, Eugenio Giani al quinto padiglione dove \u00e8 in corso di realizzazione l\u2019opera<\/p>\n","protected":false},"author":525,"featured_media":359991,"comment_status":"open","ping_status":"open","sticky":false,"template":"","format":"standard","meta":{"_acf_changed":false,"footnotes":""},"categories":[494],"tags":[158,273,151,349],"class_list":["post-359975","post","type-post","status-publish","format-standard","has-post-thumbnail","hentry","category-attualita","tag-eugenio-giani","tag-livorno","tag-regione-toscana","tag-sanita"],"acf":[],"yoast_head":"<!-- This site is optimized with the Yoast SEO Premium plugin v24.2 (Yoast SEO v25.6) - https:\/\/yoast.com\/wordpress\/plugins\/seo\/ -->\n<title>Sanit\u00e0, cinque milioni e mezzo per creare l&#039;ospedale di comunit\u00e0 a Livorno - intoscana<\/title>\n<meta name=\"description\" content=\"Il sopralluogo del presidente della Regione, Eugenio Giani al quinto padiglione dove \u00e8 in corso di realizzazione l\u2019opera\" \/>\n<meta name=\"robots\" content=\"index, follow, max-snippet:-1, max-image-preview:large, max-video-preview:-1\" \/>\n<link rel=\"canonical\" href=\"https:\/\/www.intoscana.it\/it\/sanita-undici-milioni-per-creare-lospedale-di-comunita-a-livorno\/\" \/>\n<meta property=\"og:locale\" content=\"it_IT\" \/>\n<meta property=\"og:type\" content=\"article\" \/>\n<meta property=\"og:title\" content=\"Sanit\u00e0, cinque milioni e mezzo per creare l&#039;ospedale di comunit\u00e0 a Livorno\" \/>\n<meta property=\"og:description\" content=\"Il sopralluogo del presidente della Regione, Eugenio Giani al quinto padiglione dove \u00e8 in corso di realizzazione l\u2019opera\" \/>\n<meta property=\"og:url\" content=\"https:\/\/www.intoscana.it\/it\/sanita-undici-milioni-per-creare-lospedale-di-comunita-a-livorno\/\" \/>\n<meta property=\"og:site_name\" content=\"intoscana\" \/>\n<meta property=\"article:publisher\" content=\"https:\/\/www.facebook.com\/intoscana.it\" \/>\n<meta property=\"article:published_time\" content=\"2024-10-12T09:20:15+00:00\" \/>\n<meta property=\"article:modified_time\" content=\"2024-10-12T09:21:19+00:00\" \/>\n<meta property=\"og:image\" content=\"https:\/\/www.intoscana.it\/wp-content\/uploads\/Il-sopralluogo-del-presidente-Giani-allospedale-di-comunita-di-Livorno.jpeg\" \/>\n\t<meta property=\"og:image:width\" content=\"2048\" \/>\n\t<meta property=\"og:image:height\" content=\"1536\" \/>\n\t<meta property=\"og:image:type\" content=\"image\/jpeg\" \/>\n<meta name=\"author\" content=\"Redazione\" \/>\n<meta name=\"twitter:card\" content=\"summary_large_image\" \/>\n<meta name=\"twitter:creator\" content=\"@intoscana\" \/>\n<meta name=\"twitter:site\" content=\"@intoscana\" \/>\n<meta name=\"twitter:label1\" content=\"Written by\" \/>\n\t<meta name=\"twitter:data1\" content=\"Redazione\" \/>\n\t<meta name=\"twitter:label2\" content=\"Est. reading time\" \/>\n\t<meta name=\"twitter:data2\" content=\"3 minuti\" \/>\n<script type=\"application\/ld+json\" class=\"yoast-schema-graph\">{\"@context\":\"https:\/\/schema.org\",\"@graph\":[{\"@type\":\"WebPage\",\"@id\":\"https:\/\/www.intoscana.it\/it\/sanita-undici-milioni-per-creare-lospedale-di-comunita-a-livorno\/\",\"url\":\"https:\/\/www.intoscana.it\/it\/sanita-undici-milioni-per-creare-lospedale-di-comunita-a-livorno\/\",\"name\":\"Sanit\u00e0, cinque milioni e mezzo per creare l'ospedale di comunit\u00e0 a Livorno - intoscana\",\"isPartOf\":{\"@id\":\"https:\/\/www.intoscana.it\/it\/#website\"},\"primaryImageOfPage\":{\"@id\":\"https:\/\/www.intoscana.it\/it\/sanita-undici-milioni-per-creare-lospedale-di-comunita-a-livorno\/#primaryimage\"},\"image\":{\"@id\":\"https:\/\/www.intoscana.it\/it\/sanita-undici-milioni-per-creare-lospedale-di-comunita-a-livorno\/#primaryimage\"},\"thumbnailUrl\":\"https:\/\/www.intoscana.it\/wp-content\/uploads\/Il-sopralluogo-del-presidente-Giani-allospedale-di-comunita-di-Livorno.jpeg\",\"datePublished\":\"2024-10-12T09:20:15+00:00\",\"dateModified\":\"2024-10-12T09:21:19+00:00\",\"author\":{\"@id\":\"https:\/\/www.intoscana.it\/it\/#\/schema\/person\/9223810753230f20bd670fdd322661f8\"},\"description\":\"Il sopralluogo del presidente della Regione, Eugenio Giani al quinto padiglione dove \u00e8 in corso di realizzazione l\u2019opera\",\"breadcrumb\":{\"@id\":\"https:\/\/www.intoscana.it\/it\/sanita-undici-milioni-per-creare-lospedale-di-comunita-a-livorno\/#breadcrumb\"},\"inLanguage\":\"it-IT\",\"potentialAction\":[{\"@type\":\"ReadAction\",\"target\":[\"https:\/\/www.intoscana.it\/it\/sanita-undici-milioni-per-creare-lospedale-di-comunita-a-livorno\/\"]}]},{\"@type\":\"ImageObject\",\"inLanguage\":\"it-IT\",\"@id\":\"https:\/\/www.intoscana.it\/it\/sanita-undici-milioni-per-creare-lospedale-di-comunita-a-livorno\/#primaryimage\",\"url\":\"https:\/\/www.intoscana.it\/wp-content\/uploads\/Il-sopralluogo-del-presidente-Giani-allospedale-di-comunita-di-Livorno.jpeg\",\"contentUrl\":\"https:\/\/www.intoscana.it\/wp-content\/uploads\/Il-sopralluogo-del-presidente-Giani-allospedale-di-comunita-di-Livorno.jpeg\",\"width\":2048,\"height\":1536},{\"@type\":\"BreadcrumbList\",\"@id\":\"https:\/\/www.intoscana.it\/it\/sanita-undici-milioni-per-creare-lospedale-di-comunita-a-livorno\/#breadcrumb\",\"itemListElement\":[{\"@type\":\"ListItem\",\"position\":1,\"name\":\"Home\",\"item\":\"https:\/\/www.intoscana.it\/it\/\"},{\"@type\":\"ListItem\",\"position\":2,\"name\":\"Sanit\u00e0, cinque milioni e mezzo per creare l&#8217;ospedale di comunit\u00e0 a Livorno\"}]},{\"@type\":\"WebSite\",\"@id\":\"https:\/\/www.intoscana.it\/it\/#website\",\"url\":\"https:\/\/www.intoscana.it\/it\/\",\"name\":\"intoscana\",\"description\":\"\",\"potentialAction\":[{\"@type\":\"SearchAction\",\"target\":{\"@type\":\"EntryPoint\",\"urlTemplate\":\"https:\/\/www.intoscana.it\/it\/?s={search_term_string}\"},\"query-input\":{\"@type\":\"PropertyValueSpecification\",\"valueRequired\":true,\"valueName\":\"search_term_string\"}}],\"inLanguage\":\"it-IT\"},{\"@type\":\"Person\",\"@id\":\"https:\/\/www.intoscana.it\/it\/#\/schema\/person\/9223810753230f20bd670fdd322661f8\",\"name\":\"Redazione\",\"url\":\"https:\/\/www.intoscana.it\/it\/author\/redazione\/\"}]}<\/script>\n<!-- \/ Yoast SEO Premium plugin. -->","yoast_head_json":{"title":"Sanit\u00e0, cinque milioni e mezzo per creare l'ospedale di comunit\u00e0 a Livorno - intoscana","description":"Il sopralluogo del presidente della Regione, Eugenio Giani al quinto padiglione dove \u00e8 in corso di realizzazione l\u2019opera","robots":{"index":"index","follow":"follow","max-snippet":"max-snippet:-1","max-image-preview":"max-image-preview:large","max-video-preview":"max-video-preview:-1"},"canonical":"https:\/\/www.intoscana.it\/it\/sanita-undici-milioni-per-creare-lospedale-di-comunita-a-livorno\/","og_locale":"it_IT","og_type":"article","og_title":"Sanit\u00e0, cinque milioni e mezzo per creare l'ospedale di comunit\u00e0 a Livorno","og_description":"Il sopralluogo del presidente della Regione, Eugenio Giani al quinto padiglione dove \u00e8 in corso di realizzazione l\u2019opera","og_url":"https:\/\/www.intoscana.it\/it\/sanita-undici-milioni-per-creare-lospedale-di-comunita-a-livorno\/","og_site_name":"intoscana","article_publisher":"https:\/\/www.facebook.com\/intoscana.it","article_published_time":"2024-10-12T09:20:15+00:00","article_modified_time":"2024-10-12T09:21:19+00:00","og_image":[{"width":2048,"height":1536,"url":"https:\/\/www.intoscana.it\/wp-content\/uploads\/Il-sopralluogo-del-presidente-Giani-allospedale-di-comunita-di-Livorno.jpeg","type":"image\/jpeg"}],"author":"Redazione","twitter_card":"summary_large_image","twitter_creator":"@intoscana","twitter_site":"@intoscana","twitter_misc":{"Written by":"Redazione","Est. reading time":"3 minuti"},"schema":{"@context":"https:\/\/schema.org","@graph":[{"@type":"WebPage","@id":"https:\/\/www.intoscana.it\/it\/sanita-undici-milioni-per-creare-lospedale-di-comunita-a-livorno\/","url":"https:\/\/www.intoscana.it\/it\/sanita-undici-milioni-per-creare-lospedale-di-comunita-a-livorno\/","name":"Sanit\u00e0, cinque milioni e mezzo per creare l'ospedale di comunit\u00e0 a Livorno - intoscana","isPartOf":{"@id":"https:\/\/www.intoscana.it\/it\/#website"},"primaryImageOfPage":{"@id":"https:\/\/www.intoscana.it\/it\/sanita-undici-milioni-per-creare-lospedale-di-comunita-a-livorno\/#primaryimage"},"image":{"@id":"https:\/\/www.intoscana.it\/it\/sanita-undici-milioni-per-creare-lospedale-di-comunita-a-livorno\/#primaryimage"},"thumbnailUrl":"https:\/\/www.intoscana.it\/wp-content\/uploads\/Il-sopralluogo-del-presidente-Giani-allospedale-di-comunita-di-Livorno.jpeg","datePublished":"2024-10-12T09:20:15+00:00","dateModified":"2024-10-12T09:21:19+00:00","author":{"@id":"https:\/\/www.intoscana.it\/it\/#\/schema\/person\/9223810753230f20bd670fdd322661f8"},"description":"Il sopralluogo del presidente della Regione, Eugenio Giani al quinto padiglione dove \u00e8 in corso di realizzazione l\u2019opera","breadcrumb":{"@id":"https:\/\/www.intoscana.it\/it\/sanita-undici-milioni-per-creare-lospedale-di-comunita-a-livorno\/#breadcrumb"},"inLanguage":"it-IT","potentialAction":[{"@type":"ReadAction","target":["https:\/\/www.intoscana.it\/it\/sanita-undici-milioni-per-creare-lospedale-di-comunita-a-livorno\/"]}]},{"@type":"ImageObject","inLanguage":"it-IT","@id":"https:\/\/www.intoscana.it\/it\/sanita-undici-milioni-per-creare-lospedale-di-comunita-a-livorno\/#primaryimage","url":"https:\/\/www.intoscana.it\/wp-content\/uploads\/Il-sopralluogo-del-presidente-Giani-allospedale-di-comunita-di-Livorno.jpeg","contentUrl":"https:\/\/www.intoscana.it\/wp-content\/uploads\/Il-sopralluogo-del-presidente-Giani-allospedale-di-comunita-di-Livorno.jpeg","width":2048,"height":1536},{"@type":"BreadcrumbList","@id":"https:\/\/www.intoscana.it\/it\/sanita-undici-milioni-per-creare-lospedale-di-comunita-a-livorno\/#breadcrumb","itemListElement":[{"@type":"ListItem","position":1,"name":"Home","item":"https:\/\/www.intoscana.it\/it\/"},{"@type":"ListItem","position":2,"name":"Sanit\u00e0, cinque milioni e mezzo per creare l&#8217;ospedale di comunit\u00e0 a Livorno"}]},{"@type":"WebSite","@id":"https:\/\/www.intoscana.it\/it\/#website","url":"https:\/\/www.intoscana.it\/it\/","name":"intoscana","description":"","potentialAction":[{"@type":"SearchAction","target":{"@type":"EntryPoint","urlTemplate":"https:\/\/www.intoscana.it\/it\/?s={search_term_string}"},"query-input":{"@type":"PropertyValueSpecification","valueRequired":true,"valueName":"search_term_string"}}],"inLanguage":"it-IT"},{"@type":"Person","@id":"https:\/\/www.intoscana.it\/it\/#\/schema\/person\/9223810753230f20bd670fdd322661f8","name":"Redazione","url":"https:\/\/www.intoscana.it\/it\/author\/redazione\/"}]}},"_links":{"self":[{"href":"https:\/\/www.intoscana.it\/it\/wp-json\/wp\/v2\/posts\/359975","targetHints":{"allow":["GET"]}}],"collection":[{"href":"https:\/\/www.intoscana.it\/it\/wp-json\/wp\/v2\/posts"}],"about":[{"href":"https:\/\/www.intoscana.it\/it\/wp-json\/wp\/v2\/types\/post"}],"author":[{"embeddable":true,"href":"https:\/\/www.intoscana.it\/it\/wp-json\/wp\/v2\/users\/525"}],"replies":[{"embeddable":true,"href":"https:\/\/www.intoscana.it\/it\/wp-json\/wp\/v2\/comments?post=359975"}],"version-history":[{"count":7,"href":"https:\/\/www.intoscana.it\/it\/wp-json\/wp\/v2\/posts\/359975\/revisions"}],"predecessor-version":[{"id":360006,"href":"https:\/\/www.intoscana.it\/it\/wp-json\/wp\/v2\/posts\/359975\/revisions\/360006"}],"wp:featuredmedia":[{"embeddable":true,"href":"https:\/\/www.intoscana.it\/it\/wp-json\/wp\/v2\/media\/359991"}],"wp:attachment":[{"href":"https:\/\/www.intoscana.it\/it\/wp-json\/wp\/v2\/media?parent=359975"}],"wp:term":[{"taxonomy":"category","embeddable":true,"href":"https:\/\/www.intoscana.it\/it\/wp-json\/wp\/v2\/categories?post=359975"},{"taxonomy":"post_tag","embeddable":true,"href":"https:\/\/www.intoscana.it\/it\/wp-json\/wp\/v2\/tags?post=359975"}],"curies":[{"name":"wp","href":"https:\/\/api.w.org\/{rel}","templated":true}]}}