{"id":360236,"date":"2024-10-14T11:54:13","date_gmt":"2024-10-14T09:54:13","guid":{"rendered":"https:\/\/www.intoscana.it\/it\/?p=360236"},"modified":"2024-10-14T11:54:13","modified_gmt":"2024-10-14T09:54:13","slug":"calcio-il-pisa-e-il-primo-club-italiano-ad-avere-un-partner-per-la-salute-mentale","status":"publish","type":"post","link":"https:\/\/www.intoscana.it\/it\/calcio-il-pisa-e-il-primo-club-italiano-ad-avere-un-partner-per-la-salute-mentale\/","title":{"rendered":"Calcio, il Pisa \u00e8 il primo club italiano ad avere un partner per la salute mentale"},"content":{"rendered":"<p>Il <strong>Pisa Calcio<\/strong> \u00e8 la prima squadra in Italia ad avere un partener che si occupa della salute mentale dei giocatori. Una rivoluzione in un settore, quello sportivo, dalle aspettative altissime e dalla pressione altrettanto forte. <mark>La squadra toscana ha infranto cos\u00ec un tab\u00f9, perch\u00e9 se di salute mentale oggi, per fortuna, se ne parla tanto \u00e8 indubbio che nel calcio sia argomento ancora poco affrontato.<\/mark><\/p>\n<p>La<strong> competizione<\/strong> ai massimi livelli pu\u00f2 incidere molto sullo stato mentale delle persone, anche se si parla di calciatori e quindi sportivi considerati privilegiati. Partendo da qui, il club di serie B allenato da <strong>Filippo Inzaghi<\/strong> ha scelto come partner <mark>Serenis, la piattaforma digitale per il benessere mentale e centro medico autorizzato. I calciatori nerazzurri avranno cos\u00ec sempre a disposizione terapeuti per sedute di psicoterapia.<\/mark><\/p>\n<p>Benessere psichico al pari di quello fisico, dunque, per un&#8217;iniziativa inedita lanciata lo scorso 1o ottore, proprio in occasione della <strong>giornata mondiale della salute mentale<\/strong>. Come si legge sui profili social del club, <mark>&#8220;I calciatori sono innanzitutto delle persone. Riconoscere che possono avere delle difficolt\u00e0 psicologiche non toglie nulla ai nostri problemi. Anzi: ci ricorda che siamo tutti esseri umani&#8221;.<\/mark><\/p>\n<p>&nbsp;<\/p>\n<p>&nbsp;<\/p>\n<blockquote class=\"instagram-media\" style=\"background: #FFF; border: 0; border-radius: 3px; box-shadow: 0 0 1px 0 rgba(0,0,0,0.5),0 1px 10px 0 rgba(0,0,0,0.15); margin: 1px; max-width: 540px; min-width: 326px; padding: 0; width: calc(100% - 2px);\" data-instgrm-captioned=\"\" data-instgrm-permalink=\"https:\/\/www.instagram.com\/reel\/DA76hGqIaH1\/?utm_source=ig_embed&amp;utm_campaign=loading\" data-instgrm-version=\"14\">\n<div style=\"padding: 16px;\">\n<p>&nbsp;<\/p>\n<div style=\"display: flex; flex-direction: row; align-items: center;\">\n<div style=\"background-color: #f4f4f4; border-radius: 50%; flex-grow: 0; height: 40px; margin-right: 14px; width: 40px;\"><\/div>\n<div style=\"display: flex; flex-direction: column; flex-grow: 1; justify-content: center;\">\n<div style=\"background-color: #f4f4f4; border-radius: 4px; flex-grow: 0; height: 14px; margin-bottom: 6px; width: 100px;\"><\/div>\n<div style=\"background-color: #f4f4f4; border-radius: 4px; flex-grow: 0; height: 14px; width: 60px;\"><\/div>\n<\/div>\n<\/div>\n<div style=\"padding: 19% 0;\"><\/div>\n<div style=\"display: block; height: 50px; margin: 0 auto 12px; width: 50px;\"><\/div>\n<div style=\"padding-top: 8px;\">\n<div style=\"color: #3897f0; font-family: Arial,sans-serif; font-size: 14px; font-style: normal; font-weight: 550; line-height: 18px;\">Visualizza questo post su Instagram<\/div>\n<\/div>\n<div style=\"padding: 12.5% 0;\"><\/div>\n<div style=\"display: flex; flex-direction: row; margin-bottom: 14px; align-items: center;\">\n<div>\n<div style=\"background-color: #f4f4f4; border-radius: 50%; height: 12.5px; width: 12.5px; transform: translateX(0px) translateY(7px);\"><\/div>\n<div style=\"background-color: #f4f4f4; height: 12.5px; transform: rotate(-45deg) translateX(3px) translateY(1px); width: 12.5px; flex-grow: 0; margin-right: 14px; margin-left: 2px;\"><\/div>\n<div style=\"background-color: #f4f4f4; border-radius: 50%; height: 12.5px; width: 12.5px; transform: translateX(9px) translateY(-18px);\"><\/div>\n<\/div>\n<div style=\"margin-left: 8px;\">\n<div style=\"background-color: #f4f4f4; border-radius: 50%; flex-grow: 0; height: 20px; width: 20px;\"><\/div>\n<div style=\"width: 0; height: 0; border-top: 2px solid transparent; border-left: 6px solid #f4f4f4; border-bottom: 2px solid transparent; transform: translateX(16px) translateY(-4px) rotate(30deg);\"><\/div>\n<\/div>\n<div style=\"margin-left: auto;\">\n<div style=\"width: 0px; border-top: 8px solid #F4F4F4; border-right: 8px solid transparent; transform: translateY(16px);\"><\/div>\n<div style=\"background-color: #f4f4f4; flex-grow: 0; height: 12px; width: 16px; transform: translateY(-4px);\"><\/div>\n<div style=\"width: 0; height: 0; border-top: 8px solid #F4F4F4; border-left: 8px solid transparent; transform: translateY(-4px) translateX(8px);\"><\/div>\n<\/div>\n<\/div>\n<div style=\"display: flex; flex-direction: column; flex-grow: 1; justify-content: center; margin-bottom: 24px;\">\n<div style=\"background-color: #f4f4f4; border-radius: 4px; flex-grow: 0; height: 14px; margin-bottom: 6px; width: 224px;\"><\/div>\n<div style=\"background-color: #f4f4f4; border-radius: 4px; flex-grow: 0; height: 14px; width: 144px;\"><\/div>\n<\/div>\n<p>&nbsp;<\/p>\n<p style=\"color: #c9c8cd; font-family: Arial,sans-serif; font-size: 14px; line-height: 17px; margin-bottom: 0; margin-top: 8px; overflow: hidden; padding: 8px 0 7px; text-align: center; text-overflow: ellipsis; white-space: nowrap;\"><a style=\"color: #c9c8cd; font-family: Arial,sans-serif; font-size: 14px; font-style: normal; font-weight: normal; line-height: 17px; text-decoration: none;\" href=\"https:\/\/www.instagram.com\/reel\/DA76hGqIaH1\/?utm_source=ig_embed&amp;utm_campaign=loading\" target=\"_blank\" rel=\"noopener\">Un post condiviso da Serenis (@serenis.it)<\/a><\/p>\n<\/div>\n<\/blockquote>\n<p><script async src=\"\/\/www.instagram.com\/embed.js\"><\/script><\/p>\n<p>&nbsp;<\/p>\n<p>Pisa Sporting Club capofila di un grande cambiamento che, come sottoline il presidente <strong>Giuseppe Corrado<\/strong>, \u00e8 &#8220;<em>destinato a cambiare in pochi anni gli scenari del nostro mondo<\/em>. <em>Nel calcio, cos\u00ec come in ogni altro sport, specialmente se a livello agonistico, la gestione dello \u2018sforzo\u2019 fisico, oltrech\u00e9 quello mentale, sta diventando sempre pi\u00f9 importante per poter raggiungere e conservare nel tempo certi standard; ed \u00e8 per questo che abbiamo accolto con grande entusiasmo la nascita di questa partnership che senza dubbio <mark>aiuter\u00e0 la crescita dei nostri calciatori, dal punto di vista professionale ma anche soprattutto dal lato umano attraverso un importante \u2018lavoro\u2019 su loro stessi\u201d<\/em><em>.<\/mark><\/em><\/p>\n<p>Il logo di <strong>Serenis<\/strong> sar\u00e0 presente in qualit\u00e0 di co-sponsor sulle maglie da gioco ufficiali del Club.<\/p>\n<figure id=\"post-360240 media-360240\" class=\"align-none\"><img decoding=\"async\" src=\"https:\/\/www.intoscana.it\/wp-content\/uploads\/PISA-SC-X-SERENIS-FOTO.jpg\" alt=\"\" \/><\/figure>\n<div class=\"titleimg\"><\/div>\n<p class=\"Text-sc-32ad4498-0 sc-b9813ba0-0 dyPOaz cywZqA\">\n","protected":false},"excerpt":{"rendered":"<p>La squadra di serie B allenata da Filippo Inzaghi ha scelto Serenis, piattaforma digitale e centro medico autorizzato: i calciatori nerazzurri avranno sempre a disposizione terapeuti per sedute di psicoterapia<\/p>\n","protected":false},"author":545,"featured_media":360241,"comment_status":"open","ping_status":"open","sticky":false,"template":"","format":"standard","meta":{"_acf_changed":false,"footnotes":""},"categories":[4],"tags":[290,203,6690,159],"class_list":["post-360236","post","type-post","status-publish","format-standard","has-post-thumbnail","hentry","category-storie","tag-calcio","tag-pisa","tag-salute-mentale","tag-sport"],"acf":[],"yoast_head":"<!-- This site is optimized with the Yoast SEO Premium plugin v24.2 (Yoast SEO v25.6) - https:\/\/yoast.com\/wordpress\/plugins\/seo\/ -->\n<title>Calcio, il Pisa \u00e8 il primo club italiano ad avere un partner per la salute mentale - intoscana<\/title>\n<meta name=\"description\" content=\"La squadra di serie B allenata da Filippo Inzaghi ha scelto Serenis, piattaforma digitale e centro medico autorizzato: i calciatori nerazzurri avranno cos\u00ec sempre a disposizione terapeuti per sedute di psicoterapia\" \/>\n<meta name=\"robots\" content=\"index, follow, max-snippet:-1, max-image-preview:large, max-video-preview:-1\" \/>\n<link rel=\"canonical\" href=\"https:\/\/www.intoscana.it\/it\/calcio-il-pisa-e-il-primo-club-italiano-ad-avere-un-partner-per-la-salute-mentale\/\" \/>\n<meta property=\"og:locale\" content=\"it_IT\" \/>\n<meta property=\"og:type\" content=\"article\" \/>\n<meta property=\"og:title\" content=\"Calcio, il Pisa \u00e8 il primo club italiano ad avere un partner per la salute mentale\" \/>\n<meta property=\"og:description\" content=\"La squadra di serie B allenata da Filippo Inzaghi ha scelto Serenis, piattaforma digitale e centro medico autorizzato: i calciatori nerazzurri avranno cos\u00ec sempre a disposizione terapeuti per sedute di psicoterapia\" \/>\n<meta property=\"og:url\" content=\"https:\/\/www.intoscana.it\/it\/calcio-il-pisa-e-il-primo-club-italiano-ad-avere-un-partner-per-la-salute-mentale\/\" \/>\n<meta property=\"og:site_name\" content=\"intoscana\" \/>\n<meta property=\"article:publisher\" content=\"https:\/\/www.facebook.com\/intoscana.it\" \/>\n<meta property=\"article:published_time\" content=\"2024-10-14T09:54:13+00:00\" \/>\n<meta property=\"og:image\" content=\"https:\/\/www.intoscana.it\/wp-content\/uploads\/Screenshot-2024-10-14-10.59.30.jpeg\" \/>\n\t<meta property=\"og:image:width\" content=\"1170\" \/>\n\t<meta property=\"og:image:height\" content=\"645\" \/>\n\t<meta property=\"og:image:type\" content=\"image\/jpeg\" \/>\n<meta name=\"author\" content=\"Clara D&#039;Acunto\" \/>\n<meta name=\"twitter:card\" content=\"summary_large_image\" \/>\n<meta name=\"twitter:creator\" content=\"@intoscana\" \/>\n<meta name=\"twitter:site\" content=\"@intoscana\" \/>\n<meta name=\"twitter:label1\" content=\"Written by\" \/>\n\t<meta name=\"twitter:data1\" content=\"Clara D&#039;Acunto\" \/>\n\t<meta name=\"twitter:label2\" content=\"Est. reading time\" \/>\n\t<meta name=\"twitter:data2\" content=\"3 minuti\" \/>\n<script type=\"application\/ld+json\" class=\"yoast-schema-graph\">{\"@context\":\"https:\/\/schema.org\",\"@graph\":[{\"@type\":\"WebPage\",\"@id\":\"https:\/\/www.intoscana.it\/it\/calcio-il-pisa-e-il-primo-club-italiano-ad-avere-un-partner-per-la-salute-mentale\/\",\"url\":\"https:\/\/www.intoscana.it\/it\/calcio-il-pisa-e-il-primo-club-italiano-ad-avere-un-partner-per-la-salute-mentale\/\",\"name\":\"Calcio, il Pisa \u00e8 il primo club italiano ad avere un partner per la salute mentale - intoscana\",\"isPartOf\":{\"@id\":\"https:\/\/www.intoscana.it\/it\/#website\"},\"primaryImageOfPage\":{\"@id\":\"https:\/\/www.intoscana.it\/it\/calcio-il-pisa-e-il-primo-club-italiano-ad-avere-un-partner-per-la-salute-mentale\/#primaryimage\"},\"image\":{\"@id\":\"https:\/\/www.intoscana.it\/it\/calcio-il-pisa-e-il-primo-club-italiano-ad-avere-un-partner-per-la-salute-mentale\/#primaryimage\"},\"thumbnailUrl\":\"https:\/\/www.intoscana.it\/wp-content\/uploads\/Screenshot-2024-10-14-10.59.30.jpeg\",\"datePublished\":\"2024-10-14T09:54:13+00:00\",\"author\":{\"@id\":\"https:\/\/www.intoscana.it\/it\/#\/schema\/person\/137419af9ef5d385bde52864a841e6ce\"},\"description\":\"La squadra di serie B allenata da Filippo Inzaghi ha scelto Serenis, piattaforma digitale e centro medico autorizzato: i calciatori nerazzurri avranno cos\u00ec sempre a disposizione terapeuti per sedute di psicoterapia\",\"breadcrumb\":{\"@id\":\"https:\/\/www.intoscana.it\/it\/calcio-il-pisa-e-il-primo-club-italiano-ad-avere-un-partner-per-la-salute-mentale\/#breadcrumb\"},\"inLanguage\":\"it-IT\",\"potentialAction\":[{\"@type\":\"ReadAction\",\"target\":[\"https:\/\/www.intoscana.it\/it\/calcio-il-pisa-e-il-primo-club-italiano-ad-avere-un-partner-per-la-salute-mentale\/\"]}]},{\"@type\":\"ImageObject\",\"inLanguage\":\"it-IT\",\"@id\":\"https:\/\/www.intoscana.it\/it\/calcio-il-pisa-e-il-primo-club-italiano-ad-avere-un-partner-per-la-salute-mentale\/#primaryimage\",\"url\":\"https:\/\/www.intoscana.it\/wp-content\/uploads\/Screenshot-2024-10-14-10.59.30.jpeg\",\"contentUrl\":\"https:\/\/www.intoscana.it\/wp-content\/uploads\/Screenshot-2024-10-14-10.59.30.jpeg\",\"width\":1170,\"height\":645},{\"@type\":\"BreadcrumbList\",\"@id\":\"https:\/\/www.intoscana.it\/it\/calcio-il-pisa-e-il-primo-club-italiano-ad-avere-un-partner-per-la-salute-mentale\/#breadcrumb\",\"itemListElement\":[{\"@type\":\"ListItem\",\"position\":1,\"name\":\"Home\",\"item\":\"https:\/\/www.intoscana.it\/it\/\"},{\"@type\":\"ListItem\",\"position\":2,\"name\":\"Calcio, il Pisa \u00e8 il primo club italiano ad avere un partner per la salute mentale\"}]},{\"@type\":\"WebSite\",\"@id\":\"https:\/\/www.intoscana.it\/it\/#website\",\"url\":\"https:\/\/www.intoscana.it\/it\/\",\"name\":\"intoscana\",\"description\":\"\",\"potentialAction\":[{\"@type\":\"SearchAction\",\"target\":{\"@type\":\"EntryPoint\",\"urlTemplate\":\"https:\/\/www.intoscana.it\/it\/?s={search_term_string}\"},\"query-input\":{\"@type\":\"PropertyValueSpecification\",\"valueRequired\":true,\"valueName\":\"search_term_string\"}}],\"inLanguage\":\"it-IT\"},{\"@type\":\"Person\",\"@id\":\"https:\/\/www.intoscana.it\/it\/#\/schema\/person\/137419af9ef5d385bde52864a841e6ce\",\"name\":\"Clara D'Acunto\",\"url\":\"https:\/\/www.intoscana.it\/it\/author\/clara-d_acunto\/\"}]}<\/script>\n<!-- \/ Yoast SEO Premium plugin. -->","yoast_head_json":{"title":"Calcio, il Pisa \u00e8 il primo club italiano ad avere un partner per la salute mentale - intoscana","description":"La squadra di serie B allenata da Filippo Inzaghi ha scelto Serenis, piattaforma digitale e centro medico autorizzato: i calciatori nerazzurri avranno cos\u00ec sempre a disposizione terapeuti per sedute di psicoterapia","robots":{"index":"index","follow":"follow","max-snippet":"max-snippet:-1","max-image-preview":"max-image-preview:large","max-video-preview":"max-video-preview:-1"},"canonical":"https:\/\/www.intoscana.it\/it\/calcio-il-pisa-e-il-primo-club-italiano-ad-avere-un-partner-per-la-salute-mentale\/","og_locale":"it_IT","og_type":"article","og_title":"Calcio, il Pisa \u00e8 il primo club italiano ad avere un partner per la salute mentale","og_description":"La squadra di serie B allenata da Filippo Inzaghi ha scelto Serenis, piattaforma digitale e centro medico autorizzato: i calciatori nerazzurri avranno cos\u00ec sempre a disposizione terapeuti per sedute di psicoterapia","og_url":"https:\/\/www.intoscana.it\/it\/calcio-il-pisa-e-il-primo-club-italiano-ad-avere-un-partner-per-la-salute-mentale\/","og_site_name":"intoscana","article_publisher":"https:\/\/www.facebook.com\/intoscana.it","article_published_time":"2024-10-14T09:54:13+00:00","og_image":[{"width":1170,"height":645,"url":"https:\/\/www.intoscana.it\/wp-content\/uploads\/Screenshot-2024-10-14-10.59.30.jpeg","type":"image\/jpeg"}],"author":"Clara D'Acunto","twitter_card":"summary_large_image","twitter_creator":"@intoscana","twitter_site":"@intoscana","twitter_misc":{"Written by":"Clara D'Acunto","Est. reading time":"3 minuti"},"schema":{"@context":"https:\/\/schema.org","@graph":[{"@type":"WebPage","@id":"https:\/\/www.intoscana.it\/it\/calcio-il-pisa-e-il-primo-club-italiano-ad-avere-un-partner-per-la-salute-mentale\/","url":"https:\/\/www.intoscana.it\/it\/calcio-il-pisa-e-il-primo-club-italiano-ad-avere-un-partner-per-la-salute-mentale\/","name":"Calcio, il Pisa \u00e8 il primo club italiano ad avere un partner per la salute mentale - intoscana","isPartOf":{"@id":"https:\/\/www.intoscana.it\/it\/#website"},"primaryImageOfPage":{"@id":"https:\/\/www.intoscana.it\/it\/calcio-il-pisa-e-il-primo-club-italiano-ad-avere-un-partner-per-la-salute-mentale\/#primaryimage"},"image":{"@id":"https:\/\/www.intoscana.it\/it\/calcio-il-pisa-e-il-primo-club-italiano-ad-avere-un-partner-per-la-salute-mentale\/#primaryimage"},"thumbnailUrl":"https:\/\/www.intoscana.it\/wp-content\/uploads\/Screenshot-2024-10-14-10.59.30.jpeg","datePublished":"2024-10-14T09:54:13+00:00","author":{"@id":"https:\/\/www.intoscana.it\/it\/#\/schema\/person\/137419af9ef5d385bde52864a841e6ce"},"description":"La squadra di serie B allenata da Filippo Inzaghi ha scelto Serenis, piattaforma digitale e centro medico autorizzato: i calciatori nerazzurri avranno cos\u00ec sempre a disposizione terapeuti per sedute di psicoterapia","breadcrumb":{"@id":"https:\/\/www.intoscana.it\/it\/calcio-il-pisa-e-il-primo-club-italiano-ad-avere-un-partner-per-la-salute-mentale\/#breadcrumb"},"inLanguage":"it-IT","potentialAction":[{"@type":"ReadAction","target":["https:\/\/www.intoscana.it\/it\/calcio-il-pisa-e-il-primo-club-italiano-ad-avere-un-partner-per-la-salute-mentale\/"]}]},{"@type":"ImageObject","inLanguage":"it-IT","@id":"https:\/\/www.intoscana.it\/it\/calcio-il-pisa-e-il-primo-club-italiano-ad-avere-un-partner-per-la-salute-mentale\/#primaryimage","url":"https:\/\/www.intoscana.it\/wp-content\/uploads\/Screenshot-2024-10-14-10.59.30.jpeg","contentUrl":"https:\/\/www.intoscana.it\/wp-content\/uploads\/Screenshot-2024-10-14-10.59.30.jpeg","width":1170,"height":645},{"@type":"BreadcrumbList","@id":"https:\/\/www.intoscana.it\/it\/calcio-il-pisa-e-il-primo-club-italiano-ad-avere-un-partner-per-la-salute-mentale\/#breadcrumb","itemListElement":[{"@type":"ListItem","position":1,"name":"Home","item":"https:\/\/www.intoscana.it\/it\/"},{"@type":"ListItem","position":2,"name":"Calcio, il Pisa \u00e8 il primo club italiano ad avere un partner per la salute mentale"}]},{"@type":"WebSite","@id":"https:\/\/www.intoscana.it\/it\/#website","url":"https:\/\/www.intoscana.it\/it\/","name":"intoscana","description":"","potentialAction":[{"@type":"SearchAction","target":{"@type":"EntryPoint","urlTemplate":"https:\/\/www.intoscana.it\/it\/?s={search_term_string}"},"query-input":{"@type":"PropertyValueSpecification","valueRequired":true,"valueName":"search_term_string"}}],"inLanguage":"it-IT"},{"@type":"Person","@id":"https:\/\/www.intoscana.it\/it\/#\/schema\/person\/137419af9ef5d385bde52864a841e6ce","name":"Clara D'Acunto","url":"https:\/\/www.intoscana.it\/it\/author\/clara-d_acunto\/"}]}},"_links":{"self":[{"href":"https:\/\/www.intoscana.it\/it\/wp-json\/wp\/v2\/posts\/360236","targetHints":{"allow":["GET"]}}],"collection":[{"href":"https:\/\/www.intoscana.it\/it\/wp-json\/wp\/v2\/posts"}],"about":[{"href":"https:\/\/www.intoscana.it\/it\/wp-json\/wp\/v2\/types\/post"}],"author":[{"embeddable":true,"href":"https:\/\/www.intoscana.it\/it\/wp-json\/wp\/v2\/users\/545"}],"replies":[{"embeddable":true,"href":"https:\/\/www.intoscana.it\/it\/wp-json\/wp\/v2\/comments?post=360236"}],"version-history":[{"count":9,"href":"https:\/\/www.intoscana.it\/it\/wp-json\/wp\/v2\/posts\/360236\/revisions"}],"predecessor-version":[{"id":360258,"href":"https:\/\/www.intoscana.it\/it\/wp-json\/wp\/v2\/posts\/360236\/revisions\/360258"}],"wp:featuredmedia":[{"embeddable":true,"href":"https:\/\/www.intoscana.it\/it\/wp-json\/wp\/v2\/media\/360241"}],"wp:attachment":[{"href":"https:\/\/www.intoscana.it\/it\/wp-json\/wp\/v2\/media?parent=360236"}],"wp:term":[{"taxonomy":"category","embeddable":true,"href":"https:\/\/www.intoscana.it\/it\/wp-json\/wp\/v2\/categories?post=360236"},{"taxonomy":"post_tag","embeddable":true,"href":"https:\/\/www.intoscana.it\/it\/wp-json\/wp\/v2\/tags?post=360236"}],"curies":[{"name":"wp","href":"https:\/\/api.w.org\/{rel}","templated":true}]}}