{"id":360393,"date":"2024-10-14T16:51:08","date_gmt":"2024-10-14T14:51:08","guid":{"rendered":"https:\/\/www.intoscana.it\/it\/?p=360393"},"modified":"2024-10-16T14:53:47","modified_gmt":"2024-10-16T12:53:47","slug":"sanita-territoriale-una-casa-e-un-ospedale-di-comunita-nella-valle-del-serchio","status":"publish","type":"post","link":"https:\/\/www.intoscana.it\/it\/sanita-territoriale-una-casa-e-un-ospedale-di-comunita-nella-valle-del-serchio\/","title":{"rendered":"Sanit\u00e0 territoriale, una casa e un ospedale di comunit\u00e0 nella Valle del Serchio"},"content":{"rendered":"<p>Al via la realizzazione del nuovo <strong>Ospedale di Comunit\u00e0 di Barga<\/strong>: un investimento da 5 milioni di euro di cui la met\u00e0 grazie ai fondi Pnrr. Un&#8217;opera importante e attesa, operativa entro la fine del 2025. Sempre nella Valle del Serchio, a marzo 2025 dovrebbe essere pienamente attiva la nuova <strong>Casa della Comunit\u00e0 in via Beata Elena Guerra a Gallicano<\/strong>, che ospita anche alcuni servizi della Prevenzione in integrazione con l\u2019altra sede di via Serchio. Il presidente della\u00a0Regione Toscana\u00a0<b>Eugenio Giani\u00a0<\/b>ha fatto il punto sui lavori nel corso di un sopralluogo.<\/p>\n<h3><em>A Barga un nuovo ospedale di comunit\u00e0<\/em><\/h3>\n<p>\u201cGrazie alla missione 6 del Pnrr &#8211; ha detto il presidente Giani nel corso della visita insieme al consigliere regionale\u00a0<b>Mario Puppa<\/b>, alla direttrice generale dell\u2019Azienda USL Toscana nord ovest <b>Maria Letizia Casani<\/b> e alla sindaca di Barga<b> Caterina Campani<\/b>. &#8211; stiamo definendo vari progetti come quello dell\u2019Ospedale di Comunit\u00e0 di Barga che insieme alla Casa di comunit\u00e0 andr\u00e0 a rafforzare la dimensione del rapporto con il territorio e a costituire una cittadella della salute&#8221;.<\/p>\n<p>L\u2019Ospedale di Comunit\u00e0,\u00a0 vicino all&#8217;Ospedale San Francesco di Barga, <mark>&#8220;pu\u00f2 consentire di integrare un\u2019offerta che \u00e8 quella di un sistema sanitario che risponde in tutte le sue dimensioni: quella della cura, quella della lungodegenza, della riabilitazione e via dicendo. Grazie alla sinergia con Asl e Comune di Barga verr\u00e0 costruita una nuova struttura moderna, sicura e funzionale.<\/mark> Con il <strong>Pnrr<\/strong> la nostra Regione ha avuto circa 450 milioni di euro da investire sul territorio e queste risorse, insieme ad altri finanziamenti nostri e delle Aziende sanitarie, ci permettono di effettuare interventi rilevanti come questo\u201d.<\/p>\n<figure id=\"post-360404 media-360404\" class=\"align-none\"><img decoding=\"async\" src=\"https:\/\/www.intoscana.it\/wp-content\/uploads\/Barga-8.jpg\" alt=\"\" \/><\/figure>\n<div class=\"titleimg\"><\/div>\n<p>Il progetto prevede &#8211; dopo il trasferimento temporaneo dell&#8217;attivit\u00e0 in altri locali e la demolizione del fabbricato esistente &#8211; la realizzazione di un nuovo Ospedale di Comunit\u00e0 di 1.360 metri quadrati cos\u00ec suddiviso. Nel piano seminterrato sorger\u00e0 la continuit\u00e0 assistenziale, sala riunioni, palestra riabilitativa (pi\u00f9 spogliatoi e locali tecnici). <mark>Al piano terra \u00e8 previsto lo spazio per le degenze (20 posti letto &#8211; anche per pazienti potenzialmente infetti),<\/mark> soggiorno &#8211; zona pranzo, ambulatorio &#8211; medicheria, locali infermieri, locali accessori.<\/p>\n<figure id=\"post-360403 media-360403\" class=\"align-none\"><img decoding=\"async\" src=\"https:\/\/www.intoscana.it\/wp-content\/uploads\/Barga-2.jpg\" alt=\"\" \/><\/figure>\n<div class=\"titleimg\"><\/div>\n<h3><em>La nuova struttura a Gallicano<\/em><\/h3>\n<p>A <strong>Gallicano<\/strong> sorger\u00e0 entro marzo 2025 la nuova casa di comunit\u00e0, strutture che, come ha spiegato Giani nel corso del sopralluogo, <mark>&#8220;sono un modello organizzativo fondato sulla pi\u00f9 stretta integrazione possibile e costituiscono il primo elemento di contatto tra il cittadino e il sistema sanitario pubblico&#8221;.<\/mark><\/p>\n<p>Qui saranno presenti i medici di medicina generale e i pediatri di libera scelta. L\u2019 edificio ex Scuola Poli \u00e8 diviso in due parti. La parte pi\u00f9 vecchia ristrutturata anni fa ospita il SERD e alcuni uffici del Dipartimento della Prevenzione. La parte rimanente della ex scuola \u00e8 stata demolita e ricostruita con fondi statali (2 milioni di euro) e con fondi PNC (565.000 euro).<\/p>\n<figure id=\"post-360405 media-360405\" class=\"align-none\"><img decoding=\"async\" src=\"https:\/\/www.intoscana.it\/wp-content\/uploads\/Gallicano-1.jpg\" alt=\"\" \/><\/figure>\n<div class=\"titleimg\"><\/div>\n<p>Al primo piano, nella parte gi\u00e0 ristrutturata, saranno collocati gli operatori della <strong>Sicurezza alimentare e Sanit\u00e0 pubblica veterinaria<\/strong> (SASPV) e dell\u2019 Igiene pubblica e nutrizione (IPN). Allo stesso piano trover\u00e0 inoltre collocazione l\u2019ufficio dell\u2019Educazione e promozione della salute. Presente inoltre il servizio PISLL. Al piano terra viene confermata l\u2019attuale collocazione del SERD. Ai vari piani nella parte nuova \u00e8 stata rimodulata la distribuzione delle stanze, relativamente al servizio ADI, agli ambulatori specialistici e alle Cure primarie.<\/p>\n<p>In un altro edificio di propriet\u00e0 Asl, nella vicina via Serchio sempre a Gallicano, \u00e8 invece prevista la collocazione di altre attivit\u00e0 legate alla <strong>prevenzione<\/strong>: Medicina legale, ambulatorio veterinario, oltre agli uffici amministrativi dell\u2019unit\u00e0 operativa Gestione amministrativa di Dipartimento di prevenzione e Medicina legale.<\/p>\n<p>&nbsp;<\/p>\n","protected":false},"excerpt":{"rendered":"<p>Due nuove strutture a Barga e Gallicano. Il punto dei lavori durante il sopralluogo del presidente della Regione, Eugenio Giani<\/p>\n","protected":false},"author":525,"featured_media":360406,"comment_status":"open","ping_status":"open","sticky":false,"template":"","format":"standard","meta":{"_acf_changed":false,"footnotes":""},"categories":[18],"tags":[349],"class_list":["post-360393","post","type-post","status-publish","format-standard","has-post-thumbnail","hentry","category-salute","tag-sanita"],"acf":[],"yoast_head":"<!-- This site is optimized with the Yoast SEO Premium plugin v24.2 (Yoast SEO v25.6) - https:\/\/yoast.com\/wordpress\/plugins\/seo\/ -->\n<title>Sanit\u00e0 territoriale, una casa e un ospedale di comunit\u00e0 nella Valle del Serchio - intoscana<\/title>\n<meta name=\"description\" content=\"Due nuove strutture a Barga e Gallicano. Il punto dei lavori durante il sopralluogo del presidente della Regione, Eugenio Giani\" \/>\n<meta name=\"robots\" content=\"index, follow, max-snippet:-1, max-image-preview:large, max-video-preview:-1\" \/>\n<link rel=\"canonical\" href=\"https:\/\/www.intoscana.it\/it\/sanita-territoriale-una-casa-e-un-ospedale-di-comunita-nella-valle-del-serchio\/\" \/>\n<meta property=\"og:locale\" content=\"it_IT\" \/>\n<meta property=\"og:type\" content=\"article\" \/>\n<meta property=\"og:title\" content=\"Sanit\u00e0 territoriale, una casa e un ospedale di comunit\u00e0 nella Valle del Serchio\" \/>\n<meta property=\"og:description\" content=\"Due nuove strutture a Barga e Gallicano. Il punto dei lavori durante il sopralluogo del presidente della Regione, Eugenio Giani\" \/>\n<meta property=\"og:url\" content=\"https:\/\/www.intoscana.it\/it\/sanita-territoriale-una-casa-e-un-ospedale-di-comunita-nella-valle-del-serchio\/\" \/>\n<meta property=\"og:site_name\" content=\"intoscana\" \/>\n<meta property=\"article:publisher\" content=\"https:\/\/www.facebook.com\/intoscana.it\" \/>\n<meta property=\"article:published_time\" content=\"2024-10-14T14:51:08+00:00\" \/>\n<meta property=\"article:modified_time\" content=\"2024-10-16T12:53:47+00:00\" \/>\n<meta property=\"og:image\" content=\"https:\/\/www.intoscana.it\/wp-content\/uploads\/Gallicano-13.jpg\" \/>\n\t<meta property=\"og:image:width\" content=\"1280\" \/>\n\t<meta property=\"og:image:height\" content=\"960\" \/>\n\t<meta property=\"og:image:type\" content=\"image\/jpeg\" \/>\n<meta name=\"author\" content=\"Redazione\" \/>\n<meta name=\"twitter:card\" content=\"summary_large_image\" \/>\n<meta name=\"twitter:creator\" content=\"@intoscana\" \/>\n<meta name=\"twitter:site\" content=\"@intoscana\" \/>\n<meta name=\"twitter:label1\" content=\"Written by\" \/>\n\t<meta name=\"twitter:data1\" content=\"Redazione\" \/>\n\t<meta name=\"twitter:label2\" content=\"Est. reading time\" \/>\n\t<meta name=\"twitter:data2\" content=\"4 minuti\" \/>\n<script type=\"application\/ld+json\" class=\"yoast-schema-graph\">{\"@context\":\"https:\/\/schema.org\",\"@graph\":[{\"@type\":\"WebPage\",\"@id\":\"https:\/\/www.intoscana.it\/it\/sanita-territoriale-una-casa-e-un-ospedale-di-comunita-nella-valle-del-serchio\/\",\"url\":\"https:\/\/www.intoscana.it\/it\/sanita-territoriale-una-casa-e-un-ospedale-di-comunita-nella-valle-del-serchio\/\",\"name\":\"Sanit\u00e0 territoriale, una casa e un ospedale di comunit\u00e0 nella Valle del Serchio - intoscana\",\"isPartOf\":{\"@id\":\"https:\/\/www.intoscana.it\/it\/#website\"},\"primaryImageOfPage\":{\"@id\":\"https:\/\/www.intoscana.it\/it\/sanita-territoriale-una-casa-e-un-ospedale-di-comunita-nella-valle-del-serchio\/#primaryimage\"},\"image\":{\"@id\":\"https:\/\/www.intoscana.it\/it\/sanita-territoriale-una-casa-e-un-ospedale-di-comunita-nella-valle-del-serchio\/#primaryimage\"},\"thumbnailUrl\":\"https:\/\/www.intoscana.it\/wp-content\/uploads\/Gallicano-13.jpg\",\"datePublished\":\"2024-10-14T14:51:08+00:00\",\"dateModified\":\"2024-10-16T12:53:47+00:00\",\"author\":{\"@id\":\"https:\/\/www.intoscana.it\/it\/#\/schema\/person\/9223810753230f20bd670fdd322661f8\"},\"description\":\"Due nuove strutture a Barga e Gallicano. Il punto dei lavori durante il sopralluogo del presidente della Regione, Eugenio Giani\",\"breadcrumb\":{\"@id\":\"https:\/\/www.intoscana.it\/it\/sanita-territoriale-una-casa-e-un-ospedale-di-comunita-nella-valle-del-serchio\/#breadcrumb\"},\"inLanguage\":\"it-IT\",\"potentialAction\":[{\"@type\":\"ReadAction\",\"target\":[\"https:\/\/www.intoscana.it\/it\/sanita-territoriale-una-casa-e-un-ospedale-di-comunita-nella-valle-del-serchio\/\"]}]},{\"@type\":\"ImageObject\",\"inLanguage\":\"it-IT\",\"@id\":\"https:\/\/www.intoscana.it\/it\/sanita-territoriale-una-casa-e-un-ospedale-di-comunita-nella-valle-del-serchio\/#primaryimage\",\"url\":\"https:\/\/www.intoscana.it\/wp-content\/uploads\/Gallicano-13.jpg\",\"contentUrl\":\"https:\/\/www.intoscana.it\/wp-content\/uploads\/Gallicano-13.jpg\",\"width\":1280,\"height\":960},{\"@type\":\"BreadcrumbList\",\"@id\":\"https:\/\/www.intoscana.it\/it\/sanita-territoriale-una-casa-e-un-ospedale-di-comunita-nella-valle-del-serchio\/#breadcrumb\",\"itemListElement\":[{\"@type\":\"ListItem\",\"position\":1,\"name\":\"Home\",\"item\":\"https:\/\/www.intoscana.it\/it\/\"},{\"@type\":\"ListItem\",\"position\":2,\"name\":\"Sanit\u00e0 territoriale, una casa e un ospedale di comunit\u00e0 nella Valle del Serchio\"}]},{\"@type\":\"WebSite\",\"@id\":\"https:\/\/www.intoscana.it\/it\/#website\",\"url\":\"https:\/\/www.intoscana.it\/it\/\",\"name\":\"intoscana\",\"description\":\"\",\"potentialAction\":[{\"@type\":\"SearchAction\",\"target\":{\"@type\":\"EntryPoint\",\"urlTemplate\":\"https:\/\/www.intoscana.it\/it\/?s={search_term_string}\"},\"query-input\":{\"@type\":\"PropertyValueSpecification\",\"valueRequired\":true,\"valueName\":\"search_term_string\"}}],\"inLanguage\":\"it-IT\"},{\"@type\":\"Person\",\"@id\":\"https:\/\/www.intoscana.it\/it\/#\/schema\/person\/9223810753230f20bd670fdd322661f8\",\"name\":\"Redazione\",\"url\":\"https:\/\/www.intoscana.it\/it\/author\/redazione\/\"}]}<\/script>\n<!-- \/ Yoast SEO Premium plugin. -->","yoast_head_json":{"title":"Sanit\u00e0 territoriale, una casa e un ospedale di comunit\u00e0 nella Valle del Serchio - intoscana","description":"Due nuove strutture a Barga e Gallicano. Il punto dei lavori durante il sopralluogo del presidente della Regione, Eugenio Giani","robots":{"index":"index","follow":"follow","max-snippet":"max-snippet:-1","max-image-preview":"max-image-preview:large","max-video-preview":"max-video-preview:-1"},"canonical":"https:\/\/www.intoscana.it\/it\/sanita-territoriale-una-casa-e-un-ospedale-di-comunita-nella-valle-del-serchio\/","og_locale":"it_IT","og_type":"article","og_title":"Sanit\u00e0 territoriale, una casa e un ospedale di comunit\u00e0 nella Valle del Serchio","og_description":"Due nuove strutture a Barga e Gallicano. Il punto dei lavori durante il sopralluogo del presidente della Regione, Eugenio Giani","og_url":"https:\/\/www.intoscana.it\/it\/sanita-territoriale-una-casa-e-un-ospedale-di-comunita-nella-valle-del-serchio\/","og_site_name":"intoscana","article_publisher":"https:\/\/www.facebook.com\/intoscana.it","article_published_time":"2024-10-14T14:51:08+00:00","article_modified_time":"2024-10-16T12:53:47+00:00","og_image":[{"width":1280,"height":960,"url":"https:\/\/www.intoscana.it\/wp-content\/uploads\/Gallicano-13.jpg","type":"image\/jpeg"}],"author":"Redazione","twitter_card":"summary_large_image","twitter_creator":"@intoscana","twitter_site":"@intoscana","twitter_misc":{"Written by":"Redazione","Est. reading time":"4 minuti"},"schema":{"@context":"https:\/\/schema.org","@graph":[{"@type":"WebPage","@id":"https:\/\/www.intoscana.it\/it\/sanita-territoriale-una-casa-e-un-ospedale-di-comunita-nella-valle-del-serchio\/","url":"https:\/\/www.intoscana.it\/it\/sanita-territoriale-una-casa-e-un-ospedale-di-comunita-nella-valle-del-serchio\/","name":"Sanit\u00e0 territoriale, una casa e un ospedale di comunit\u00e0 nella Valle del Serchio - intoscana","isPartOf":{"@id":"https:\/\/www.intoscana.it\/it\/#website"},"primaryImageOfPage":{"@id":"https:\/\/www.intoscana.it\/it\/sanita-territoriale-una-casa-e-un-ospedale-di-comunita-nella-valle-del-serchio\/#primaryimage"},"image":{"@id":"https:\/\/www.intoscana.it\/it\/sanita-territoriale-una-casa-e-un-ospedale-di-comunita-nella-valle-del-serchio\/#primaryimage"},"thumbnailUrl":"https:\/\/www.intoscana.it\/wp-content\/uploads\/Gallicano-13.jpg","datePublished":"2024-10-14T14:51:08+00:00","dateModified":"2024-10-16T12:53:47+00:00","author":{"@id":"https:\/\/www.intoscana.it\/it\/#\/schema\/person\/9223810753230f20bd670fdd322661f8"},"description":"Due nuove strutture a Barga e Gallicano. Il punto dei lavori durante il sopralluogo del presidente della Regione, Eugenio Giani","breadcrumb":{"@id":"https:\/\/www.intoscana.it\/it\/sanita-territoriale-una-casa-e-un-ospedale-di-comunita-nella-valle-del-serchio\/#breadcrumb"},"inLanguage":"it-IT","potentialAction":[{"@type":"ReadAction","target":["https:\/\/www.intoscana.it\/it\/sanita-territoriale-una-casa-e-un-ospedale-di-comunita-nella-valle-del-serchio\/"]}]},{"@type":"ImageObject","inLanguage":"it-IT","@id":"https:\/\/www.intoscana.it\/it\/sanita-territoriale-una-casa-e-un-ospedale-di-comunita-nella-valle-del-serchio\/#primaryimage","url":"https:\/\/www.intoscana.it\/wp-content\/uploads\/Gallicano-13.jpg","contentUrl":"https:\/\/www.intoscana.it\/wp-content\/uploads\/Gallicano-13.jpg","width":1280,"height":960},{"@type":"BreadcrumbList","@id":"https:\/\/www.intoscana.it\/it\/sanita-territoriale-una-casa-e-un-ospedale-di-comunita-nella-valle-del-serchio\/#breadcrumb","itemListElement":[{"@type":"ListItem","position":1,"name":"Home","item":"https:\/\/www.intoscana.it\/it\/"},{"@type":"ListItem","position":2,"name":"Sanit\u00e0 territoriale, una casa e un ospedale di comunit\u00e0 nella Valle del Serchio"}]},{"@type":"WebSite","@id":"https:\/\/www.intoscana.it\/it\/#website","url":"https:\/\/www.intoscana.it\/it\/","name":"intoscana","description":"","potentialAction":[{"@type":"SearchAction","target":{"@type":"EntryPoint","urlTemplate":"https:\/\/www.intoscana.it\/it\/?s={search_term_string}"},"query-input":{"@type":"PropertyValueSpecification","valueRequired":true,"valueName":"search_term_string"}}],"inLanguage":"it-IT"},{"@type":"Person","@id":"https:\/\/www.intoscana.it\/it\/#\/schema\/person\/9223810753230f20bd670fdd322661f8","name":"Redazione","url":"https:\/\/www.intoscana.it\/it\/author\/redazione\/"}]}},"_links":{"self":[{"href":"https:\/\/www.intoscana.it\/it\/wp-json\/wp\/v2\/posts\/360393","targetHints":{"allow":["GET"]}}],"collection":[{"href":"https:\/\/www.intoscana.it\/it\/wp-json\/wp\/v2\/posts"}],"about":[{"href":"https:\/\/www.intoscana.it\/it\/wp-json\/wp\/v2\/types\/post"}],"author":[{"embeddable":true,"href":"https:\/\/www.intoscana.it\/it\/wp-json\/wp\/v2\/users\/525"}],"replies":[{"embeddable":true,"href":"https:\/\/www.intoscana.it\/it\/wp-json\/wp\/v2\/comments?post=360393"}],"version-history":[{"count":9,"href":"https:\/\/www.intoscana.it\/it\/wp-json\/wp\/v2\/posts\/360393\/revisions"}],"predecessor-version":[{"id":360607,"href":"https:\/\/www.intoscana.it\/it\/wp-json\/wp\/v2\/posts\/360393\/revisions\/360607"}],"wp:featuredmedia":[{"embeddable":true,"href":"https:\/\/www.intoscana.it\/it\/wp-json\/wp\/v2\/media\/360406"}],"wp:attachment":[{"href":"https:\/\/www.intoscana.it\/it\/wp-json\/wp\/v2\/media?parent=360393"}],"wp:term":[{"taxonomy":"category","embeddable":true,"href":"https:\/\/www.intoscana.it\/it\/wp-json\/wp\/v2\/categories?post=360393"},{"taxonomy":"post_tag","embeddable":true,"href":"https:\/\/www.intoscana.it\/it\/wp-json\/wp\/v2\/tags?post=360393"}],"curies":[{"name":"wp","href":"https:\/\/api.w.org\/{rel}","templated":true}]}}