{"id":360611,"date":"2024-12-11T17:02:36","date_gmt":"2024-12-11T16:02:36","guid":{"rendered":"https:\/\/www.intoscana.it\/it\/?p=360611"},"modified":"2024-12-11T17:02:36","modified_gmt":"2024-12-11T16:02:36","slug":"drupi-in-concerto-al-verdi-di-montecatini-la-musica-oggi-sta-diventando-apparenza","status":"publish","type":"post","link":"https:\/\/www.intoscana.it\/it\/drupi-in-concerto-al-verdi-di-montecatini-la-musica-oggi-sta-diventando-apparenza\/","title":{"rendered":"Drupi in concerto al Verdi di Montecatini. La musica oggi? Sta diventando apparenza"},"content":{"rendered":"<p><span style=\"font-weight: 400;\">Se \u00e8 vero che la musica non si pu\u00f2 incasellare con i numeri \u00e8 altrettanto vero che i numeri aiutano a comprendere la portata di una carriera lunga oltre 50 anni. <strong>Quindici milioni<\/strong> di <strong>dischi<\/strong> venduti, tour in ogni parte del globo, otto festival di <strong>Sanremo<\/strong>, <strong>14 dischi d\u2019oro<\/strong> in Italia e la lista potrebbe allungarsi. La carriera \u00e8 quella di <strong>Giampiero Anelli<\/strong>, in arte <strong>Drupi<\/strong>. <\/span><\/p>\n<p><span style=\"font-weight: 400;\"><mark><strong>&#8220;Vado via&#8221;<\/strong>,<strong> &#8220;Piccola e fragile&#8221;<\/strong>, &#8220;<strong>Sereno \u00e8&#8221;<\/strong>, &#8220;<strong>Regalami un sorriso&#8221; <\/strong>sono tra i suoi pezzi pi\u00f9 amati, nei quali la sua voce graffiante e sincera \u00e8 l\u2019impronta stilistica del cantautore, quello che ha portato la sua musica in tutto il mondo ma che \u00e8 rimasto sempre nella sua Pavia, la sua citt\u00e0, la provincia, le radici che l\u2019hanno sempre ben tenuto con i piedi saldi, a terra.<\/mark><\/span><\/p>\n<p><span style=\"font-weight: 400;\">Un artista autentico Drupi, uno che ha scelto la libert\u00e0 in campo professionale fondando insieme alla moglie Dorina un\u2019etichetta discografica indipendente per rimanere fedele a se stesso.<\/span><\/p>\n<p>Lo raggiungo al telefono, in vista del<strong> concerto<\/strong> in Toscana il prossimo <strong>28 febbraio 2025<\/strong>. Una lunga chiacchierata tra ricordi, emozioni e un&#8217;analisi, amara, del panorama musicale contemporaneo in Italia.<\/p>\n<p><strong>Sarai al Verdi di Montecatini con uno spettacolo che porta il tuo nome e che vede la regia di Enzo Iacchetti. Come nasce il vostro sodalizio artistico? <\/strong><\/p>\n<p><em>Enzo \u00e8 venuto a vedermi a teatro a Milano e poi a fine serata mi ha detto: &#8220;Le tue\u00a0 canzoni sono straordinarie ma lato regia dobbiamo fare qualcosa di meglio&#8221;. Cos\u00ec adesso stiamo lavorando insieme, sul palco porteremo anche dei piccoli monologhi, sar\u00e0 una cosa molto bella.<\/em><\/p>\n<p><strong>Oltre 50 anni di carriera, come sei riuscito a tenere insieme successo e libert\u00e0 musicale?<\/strong><\/p>\n<p><em>Sono riuscito ad essere coerente quasi sempre,\u00a0 libero di fare la musica che volevo. Tutto sommato la mia \u00e8 stata una carriera regolare, consona alle mie esigenze e alla mia dignit\u00e0.<\/em><\/p>\n<p><strong>Per rimanere fedele a te stesso testo hai anche deciso di fondare un&#8217;etichetta discografica&#8230;<\/strong><\/p>\n<p><em>E&#8217; chiaro che andare contro i grandi poteri \u00e8 stata una follia ma ho pensato che fosse la cosa giusta. Quando si apre un&#8217;etichetta e l&#8217;unico artista sei tu non \u00e8 che puoi fare tanti soldi. E&#8217; stata una scelta di libert\u00e0, per poter decidere come e quando uscire con i dischi e quali fare, soprattutto.<\/em><\/p>\n<p><strong>A febbraio ti esibirai a Montecatini, qual \u00e8 il ricordo pi\u00f9 bello legato alla Toscana?<\/strong><\/p>\n<p><em>Sono legatissimo a Prato perch\u00e9 per tanti anni una o due volte la settimana andavo a trovare un mio amico nella sua tenuta per imparare ad andare a cavallo. Cos\u00ec quando parlo di Toscana mi vengono in mente quei giorni, i cavalli, le bistecche che mangiavo (ride, n.d.r), le canzoni che cantavo.\u00a0Prato mi \u00e8 rimasta nel cuore.<\/em><\/p>\n<p><strong>La tua voce \u00e8 un graffio, il tuo stile \u00e8 essenziale. Oggi l&#8217;essenzialit\u00e0, secondo te, \u00e8 un valore da ritrovare e da riscoprire anche nel mondo della musica?<\/strong><\/p>\n<p><em>Sta diventando quasi tutta apparenza. Prima era importante trovare un bel pezzo, una grande canzone.\u00a0 Adesso il primo passo \u00e8 pensare ad un bel look, un bel personaggio. Poi solo dopo si trova la canzone e questo non mi fa impazzire. Inizierei a fare un po&#8217; di marcia indietro, a far s\u00ec che la musica torni ad essere musica, non solo spettacolo. Sarebbe bello togliere un po&#8217; di paillettes, lustrini, luci e ricominciare a scrivere canzoni che rimangono.<\/em><\/p>\n<p><strong>Nel 1973 partecipi al festival di Sanremo con Vado via. La canzone si classifica ultima, ma come sempre a Sanremo \u00e8 quasi una fortuna arrivare ai ultimi, no?<\/strong><\/p>\n<p><span class=\"citazione\"> Mi chiamarono per fare il provino di &#8220;Vado via&#8221;, un pezzo che per\u00f2 non era per me ma per Mia Martini <\/span><\/p>\n<p><em>Pensa che avevo 27 anni e avevo deciso di smettere. Avevo detto basta con la musica nei night e nelle balere, quelle cose non mi interessavano. Preferivo continuare suonando per divertimento a casa, con gli amici. E proprio mentre stavo pensando a tutto questo mi chiamarono per fare il provino di &#8220;Vado via&#8221;, un pezzo che per\u00f2 non era per me ma per Mia Martini. L&#8217;autore mi aveva contattato perch\u00e9 mi conosceva e mi chiese: &#8220;Canteresti questa canzone? \u00a0Devo presentarla a Mim\u00ec, che deve fare Sanremo&#8221;. Poi lei decise di non partecipare e tocc\u00f2 a me salire sul palco: 9 milioni di dischi in un anno e mezzo.<\/em><\/p>\n<p><strong>Invece dal Sanremo di Carlo Conti cosa ti aspetti?<\/strong><\/p>\n<p><em>Carlo ha sempre fatto dei bei Sanremo, sempre molto equilibrato, ha sempre scelto canzoni che erano canzoni. Spero che sia cos\u00ec anche questa volta.<\/em><\/p>\n<p><strong>Dei giovani, delle nuove leve della musica italiana, chi ti piace? <\/strong><strong>C&#8217;\u00e8 qualcuno?<\/strong><\/p>\n<p><span class=\"citazione\"> <em>Gabbani ha avuto sempre molta fantasia, scrive dei pezzi straordinari, delle canzoni vere <\/em><\/span><\/p>\n<p><em>Gabbani. Ha avuto sempre molta fantasia, scrive dei pezzi straordinari, delle canzoni vere. Oltre a lui non mi viene in mente nessuno, ho anche un po&#8217; un rifiuto, le canzoni oggi hanno lo stesso tempo, lo stesso ritmo. \u00c8 un peccato perch\u00e9 tecnicamente i giovani sono tutti molto bravi, cantano bene, sono le canzoni per\u00f2 che non mi piacciono pi\u00f9.<\/em><\/p>\n<p><strong>Oltre alla musica cosa c&#8217;\u00e8 all&#8217;orizzonte?<\/strong><\/p>\n<p><em>Pensa che ho fatto anche un film\u00a0 come protagonista, che credo uscir\u00e0 il 1\u00b0 di gennaio, una produzione indipendente, tutti i ragazzi giovani che sono usciti dall&#8217;Accademia. L&#8217;unico vecchietto ero io e mi sono divertito in maniera incredibile. E&#8217; stata un&#8217;esperienza fantastica.<\/em><\/p>\n<p><strong>Riguardo alle grandi passioni della tua vita, da una parte c&#8217;\u00e8 la musica e dall&#8217;altro c&#8217;\u00e8 la pesca. C<\/strong><strong>osa ti hanno insegnato entrambe?<\/strong><\/p>\n<p><span class=\"citazione\"> La pesca invece mi regala riflessioni, silenzio, quella natura che stiamo perdendo l&#8217;abitudine di ascoltare <\/span><\/p>\n<p><em> La musica mi ha fatto vedere il mondo. Prima facevo l&#8217;idraulico e probabilmente l&#8217;avrei continuato a fare per tutta la vita. Un lavoro che amavo, che mi piaceva tantissimo ma \u00e8 stata la musica a darmi tutto. La pesca invece mi regala riflessioni, silenzio, quella natura che stiamo perdendo l&#8217;abitudine di ascoltare. Quando pesco sento la pace, il rumore del fiume. Sono sensazioni incredibili.<\/em><\/p>\n<p><strong>Prendendo a prestito il tuo primo successo, appunto &#8220;Vado via&#8221;. Da<\/strong><strong> cosa ti allontaneresti oggi, cosa non ti piace?<\/strong><\/p>\n<p><em>Ci sono tante cose che non mi piacciono, per esempio un certo modo di fare politica, per partito preso, per dei tornaconti ma quasi mai per il popolo.\u00a0 Andrei via dalla violenza che ci sta sovrastando in un modo incredibile. Scapperei da tante cose, sopratutto dalla brutta musica.<\/em><\/p>\n<p><strong>E invece, tre cose da salvare nel mondo di oggi?<\/strong><\/p>\n<p><em>I giovani, la pesca, i fiumi.\u00a0 Insomma, ci sono ancora cose belle da salvare nel mondo,\u00a0 per fortuna. Salverei la buona musica, Bollani, Ray Charles.<\/em><\/p>\n<p><strong>&#8220;Regalami un sorriso&#8221; \u00e8 uno dei tuoi pezzi pi\u00f9 amati. <\/strong><strong>Ecco, cosa riesce a regalarti oggi un sorriso?<\/strong><\/p>\n<p><em>Il sorriso \u00e8 una roba fantastica, \u00e8 la prima porta per diventare amici o per far scattare un&#8217;empatia che poi ti fa star bene con una persona. E&#8217; un passaporto, perch\u00e9 se vai in giro per il mondo magari\u00a0 puoi non conoscere bene le lingue ma basta comunque un sorriso per aprire tutte le porte.<\/em><\/p>\n<p>La dignit\u00e0, l&#8217;indipendenza, l&#8217;autenticit\u00e0: <strong>Drupi<\/strong> non solo ha scritto una parte di storia della <strong>musica italiana<\/strong> ma l&#8217;ha fatto rimanendo fedele a se stesso, all&#8217;etica, a quei valori che da Pavia l&#8217;hanno portato sui pi\u00f9 <strong>grandi palcoscenici<\/strong> di tutto il mondo. E poi c&#8217;\u00e8 il <strong>rispetto<\/strong>, quello che sente di dovere a questo mestiere, quello di chi compone e canta mettendo al centro le canzoni, quelle che &#8220;rimangono&#8221;. In fondo il vero successo di un pezzo non \u00e8 quello del momento, magari &#8220;drogato&#8221; dal sistema, ma quello del lungo periodo consacrato dal rendere una bella canzone un &#8220;pezzo eterno&#8221;. E lui ci \u00e8 riuscito.<\/p>\n<p>&nbsp;<\/p>\n","protected":false},"excerpt":{"rendered":"<p>&#8220;Vado via? Avrebbe dovuto cantarla Mia Martini a Sanremo, invece poi tocc\u00f2 a me. Chi mi piace dei giovani? Gabbani&#8221;. Una lunga chiacchierata con Drupi che parla a 360 gradi degli inizi, la musica, il sistema contemporaneo che mette al centro il personaggio e non i pezzi. Su Sanremo per\u00f2 non ha dubbi: &#8220;Carlo Conti ha sempre scelto canzoni che erano canzoni. Spero che sia cos\u00ec anche questa volta&#8221;<\/p>\n","protected":false},"author":513,"featured_media":368031,"comment_status":"open","ping_status":"open","sticky":false,"template":"","format":"standard","meta":{"_acf_changed":false,"footnotes":""},"categories":[14],"tags":[3967,216,166],"class_list":["post-360611","post","type-post","status-publish","format-standard","has-post-thumbnail","hentry","category-musica","tag-cantanti","tag-concerti","tag-personaggi"],"acf":[],"yoast_head":"<!-- This site is optimized with the Yoast SEO Premium plugin v24.2 (Yoast SEO v25.6) - https:\/\/yoast.com\/wordpress\/plugins\/seo\/ -->\n<title>Drupi, 50 anni di successi. La musica? Oggi solo apparenza - intoscana<\/title>\n<meta name=\"description\" content=\"L&#039;intervista a Drupi, il cantautore che si racconta a tutto tondo: gli inizi, Mia Martini, il Sanremo di Carlo Conti e il tour 2025.\" \/>\n<meta name=\"robots\" content=\"index, follow, max-snippet:-1, max-image-preview:large, max-video-preview:-1\" \/>\n<link rel=\"canonical\" href=\"https:\/\/www.intoscana.it\/it\/drupi-in-concerto-al-verdi-di-montecatini-la-musica-oggi-sta-diventando-apparenza\/\" \/>\n<meta property=\"og:locale\" content=\"it_IT\" \/>\n<meta property=\"og:type\" content=\"article\" \/>\n<meta property=\"og:title\" content=\"Drupi in concerto al Verdi di Montecatini. La musica oggi? Sta diventando apparenza\" \/>\n<meta property=\"og:description\" content=\"L&#039;intervista a Drupi, il cantautore che si racconta a tutto tondo: gli inizi, Mia Martini, il Sanremo di Carlo Conti e il tour 2025.\" \/>\n<meta property=\"og:url\" content=\"https:\/\/www.intoscana.it\/it\/drupi-in-concerto-al-verdi-di-montecatini-la-musica-oggi-sta-diventando-apparenza\/\" \/>\n<meta property=\"og:site_name\" content=\"intoscana\" \/>\n<meta property=\"article:publisher\" content=\"https:\/\/www.facebook.com\/intoscana.it\" \/>\n<meta property=\"article:published_time\" content=\"2024-12-11T16:02:36+00:00\" \/>\n<meta property=\"og:image\" content=\"https:\/\/www.intoscana.it\/wp-content\/uploads\/DRUPI-1.jpg\" \/>\n\t<meta property=\"og:image:width\" content=\"980\" \/>\n\t<meta property=\"og:image:height\" content=\"653\" \/>\n\t<meta property=\"og:image:type\" content=\"image\/jpeg\" \/>\n<meta name=\"author\" content=\"Simona Bellocci\" \/>\n<meta name=\"twitter:card\" content=\"summary_large_image\" \/>\n<meta name=\"twitter:creator\" content=\"@intoscana\" \/>\n<meta name=\"twitter:site\" content=\"@intoscana\" \/>\n<meta name=\"twitter:label1\" content=\"Written by\" \/>\n\t<meta name=\"twitter:data1\" content=\"Simona Bellocci\" \/>\n\t<meta name=\"twitter:label2\" content=\"Est. reading time\" \/>\n\t<meta name=\"twitter:data2\" content=\"7 minuti\" \/>\n<script type=\"application\/ld+json\" class=\"yoast-schema-graph\">{\"@context\":\"https:\/\/schema.org\",\"@graph\":[{\"@type\":\"WebPage\",\"@id\":\"https:\/\/www.intoscana.it\/it\/drupi-in-concerto-al-verdi-di-montecatini-la-musica-oggi-sta-diventando-apparenza\/\",\"url\":\"https:\/\/www.intoscana.it\/it\/drupi-in-concerto-al-verdi-di-montecatini-la-musica-oggi-sta-diventando-apparenza\/\",\"name\":\"Drupi, 50 anni di successi. La musica? Oggi solo apparenza - intoscana\",\"isPartOf\":{\"@id\":\"https:\/\/www.intoscana.it\/it\/#website\"},\"primaryImageOfPage\":{\"@id\":\"https:\/\/www.intoscana.it\/it\/drupi-in-concerto-al-verdi-di-montecatini-la-musica-oggi-sta-diventando-apparenza\/#primaryimage\"},\"image\":{\"@id\":\"https:\/\/www.intoscana.it\/it\/drupi-in-concerto-al-verdi-di-montecatini-la-musica-oggi-sta-diventando-apparenza\/#primaryimage\"},\"thumbnailUrl\":\"https:\/\/www.intoscana.it\/wp-content\/uploads\/DRUPI-1.jpg\",\"datePublished\":\"2024-12-11T16:02:36+00:00\",\"author\":{\"@id\":\"https:\/\/www.intoscana.it\/it\/#\/schema\/person\/43a95334a6f068317e0b7acba24f9e87\"},\"description\":\"L'intervista a Drupi, il cantautore che si racconta a tutto tondo: gli inizi, Mia Martini, il Sanremo di Carlo Conti e il tour 2025.\",\"breadcrumb\":{\"@id\":\"https:\/\/www.intoscana.it\/it\/drupi-in-concerto-al-verdi-di-montecatini-la-musica-oggi-sta-diventando-apparenza\/#breadcrumb\"},\"inLanguage\":\"it-IT\",\"potentialAction\":[{\"@type\":\"ReadAction\",\"target\":[\"https:\/\/www.intoscana.it\/it\/drupi-in-concerto-al-verdi-di-montecatini-la-musica-oggi-sta-diventando-apparenza\/\"]}]},{\"@type\":\"ImageObject\",\"inLanguage\":\"it-IT\",\"@id\":\"https:\/\/www.intoscana.it\/it\/drupi-in-concerto-al-verdi-di-montecatini-la-musica-oggi-sta-diventando-apparenza\/#primaryimage\",\"url\":\"https:\/\/www.intoscana.it\/wp-content\/uploads\/DRUPI-1.jpg\",\"contentUrl\":\"https:\/\/www.intoscana.it\/wp-content\/uploads\/DRUPI-1.jpg\",\"width\":980,\"height\":653},{\"@type\":\"BreadcrumbList\",\"@id\":\"https:\/\/www.intoscana.it\/it\/drupi-in-concerto-al-verdi-di-montecatini-la-musica-oggi-sta-diventando-apparenza\/#breadcrumb\",\"itemListElement\":[{\"@type\":\"ListItem\",\"position\":1,\"name\":\"Home\",\"item\":\"https:\/\/www.intoscana.it\/it\/\"},{\"@type\":\"ListItem\",\"position\":2,\"name\":\"Drupi in concerto al Verdi di Montecatini. La musica oggi? Sta diventando apparenza\"}]},{\"@type\":\"WebSite\",\"@id\":\"https:\/\/www.intoscana.it\/it\/#website\",\"url\":\"https:\/\/www.intoscana.it\/it\/\",\"name\":\"intoscana\",\"description\":\"\",\"potentialAction\":[{\"@type\":\"SearchAction\",\"target\":{\"@type\":\"EntryPoint\",\"urlTemplate\":\"https:\/\/www.intoscana.it\/it\/?s={search_term_string}\"},\"query-input\":{\"@type\":\"PropertyValueSpecification\",\"valueRequired\":true,\"valueName\":\"search_term_string\"}}],\"inLanguage\":\"it-IT\"},{\"@type\":\"Person\",\"@id\":\"https:\/\/www.intoscana.it\/it\/#\/schema\/person\/43a95334a6f068317e0b7acba24f9e87\",\"name\":\"Simona Bellocci\",\"url\":\"https:\/\/www.intoscana.it\/it\/author\/simona-bellocci\/\"}]}<\/script>\n<!-- \/ Yoast SEO Premium plugin. -->","yoast_head_json":{"title":"Drupi, 50 anni di successi. La musica? Oggi solo apparenza - intoscana","description":"L'intervista a Drupi, il cantautore che si racconta a tutto tondo: gli inizi, Mia Martini, il Sanremo di Carlo Conti e il tour 2025.","robots":{"index":"index","follow":"follow","max-snippet":"max-snippet:-1","max-image-preview":"max-image-preview:large","max-video-preview":"max-video-preview:-1"},"canonical":"https:\/\/www.intoscana.it\/it\/drupi-in-concerto-al-verdi-di-montecatini-la-musica-oggi-sta-diventando-apparenza\/","og_locale":"it_IT","og_type":"article","og_title":"Drupi in concerto al Verdi di Montecatini. La musica oggi? Sta diventando apparenza","og_description":"L'intervista a Drupi, il cantautore che si racconta a tutto tondo: gli inizi, Mia Martini, il Sanremo di Carlo Conti e il tour 2025.","og_url":"https:\/\/www.intoscana.it\/it\/drupi-in-concerto-al-verdi-di-montecatini-la-musica-oggi-sta-diventando-apparenza\/","og_site_name":"intoscana","article_publisher":"https:\/\/www.facebook.com\/intoscana.it","article_published_time":"2024-12-11T16:02:36+00:00","og_image":[{"width":980,"height":653,"url":"https:\/\/www.intoscana.it\/wp-content\/uploads\/DRUPI-1.jpg","type":"image\/jpeg"}],"author":"Simona Bellocci","twitter_card":"summary_large_image","twitter_creator":"@intoscana","twitter_site":"@intoscana","twitter_misc":{"Written by":"Simona Bellocci","Est. reading time":"7 minuti"},"schema":{"@context":"https:\/\/schema.org","@graph":[{"@type":"WebPage","@id":"https:\/\/www.intoscana.it\/it\/drupi-in-concerto-al-verdi-di-montecatini-la-musica-oggi-sta-diventando-apparenza\/","url":"https:\/\/www.intoscana.it\/it\/drupi-in-concerto-al-verdi-di-montecatini-la-musica-oggi-sta-diventando-apparenza\/","name":"Drupi, 50 anni di successi. La musica? Oggi solo apparenza - intoscana","isPartOf":{"@id":"https:\/\/www.intoscana.it\/it\/#website"},"primaryImageOfPage":{"@id":"https:\/\/www.intoscana.it\/it\/drupi-in-concerto-al-verdi-di-montecatini-la-musica-oggi-sta-diventando-apparenza\/#primaryimage"},"image":{"@id":"https:\/\/www.intoscana.it\/it\/drupi-in-concerto-al-verdi-di-montecatini-la-musica-oggi-sta-diventando-apparenza\/#primaryimage"},"thumbnailUrl":"https:\/\/www.intoscana.it\/wp-content\/uploads\/DRUPI-1.jpg","datePublished":"2024-12-11T16:02:36+00:00","author":{"@id":"https:\/\/www.intoscana.it\/it\/#\/schema\/person\/43a95334a6f068317e0b7acba24f9e87"},"description":"L'intervista a Drupi, il cantautore che si racconta a tutto tondo: gli inizi, Mia Martini, il Sanremo di Carlo Conti e il tour 2025.","breadcrumb":{"@id":"https:\/\/www.intoscana.it\/it\/drupi-in-concerto-al-verdi-di-montecatini-la-musica-oggi-sta-diventando-apparenza\/#breadcrumb"},"inLanguage":"it-IT","potentialAction":[{"@type":"ReadAction","target":["https:\/\/www.intoscana.it\/it\/drupi-in-concerto-al-verdi-di-montecatini-la-musica-oggi-sta-diventando-apparenza\/"]}]},{"@type":"ImageObject","inLanguage":"it-IT","@id":"https:\/\/www.intoscana.it\/it\/drupi-in-concerto-al-verdi-di-montecatini-la-musica-oggi-sta-diventando-apparenza\/#primaryimage","url":"https:\/\/www.intoscana.it\/wp-content\/uploads\/DRUPI-1.jpg","contentUrl":"https:\/\/www.intoscana.it\/wp-content\/uploads\/DRUPI-1.jpg","width":980,"height":653},{"@type":"BreadcrumbList","@id":"https:\/\/www.intoscana.it\/it\/drupi-in-concerto-al-verdi-di-montecatini-la-musica-oggi-sta-diventando-apparenza\/#breadcrumb","itemListElement":[{"@type":"ListItem","position":1,"name":"Home","item":"https:\/\/www.intoscana.it\/it\/"},{"@type":"ListItem","position":2,"name":"Drupi in concerto al Verdi di Montecatini. La musica oggi? Sta diventando apparenza"}]},{"@type":"WebSite","@id":"https:\/\/www.intoscana.it\/it\/#website","url":"https:\/\/www.intoscana.it\/it\/","name":"intoscana","description":"","potentialAction":[{"@type":"SearchAction","target":{"@type":"EntryPoint","urlTemplate":"https:\/\/www.intoscana.it\/it\/?s={search_term_string}"},"query-input":{"@type":"PropertyValueSpecification","valueRequired":true,"valueName":"search_term_string"}}],"inLanguage":"it-IT"},{"@type":"Person","@id":"https:\/\/www.intoscana.it\/it\/#\/schema\/person\/43a95334a6f068317e0b7acba24f9e87","name":"Simona Bellocci","url":"https:\/\/www.intoscana.it\/it\/author\/simona-bellocci\/"}]}},"_links":{"self":[{"href":"https:\/\/www.intoscana.it\/it\/wp-json\/wp\/v2\/posts\/360611","targetHints":{"allow":["GET"]}}],"collection":[{"href":"https:\/\/www.intoscana.it\/it\/wp-json\/wp\/v2\/posts"}],"about":[{"href":"https:\/\/www.intoscana.it\/it\/wp-json\/wp\/v2\/types\/post"}],"author":[{"embeddable":true,"href":"https:\/\/www.intoscana.it\/it\/wp-json\/wp\/v2\/users\/513"}],"replies":[{"embeddable":true,"href":"https:\/\/www.intoscana.it\/it\/wp-json\/wp\/v2\/comments?post=360611"}],"version-history":[{"count":23,"href":"https:\/\/www.intoscana.it\/it\/wp-json\/wp\/v2\/posts\/360611\/revisions"}],"predecessor-version":[{"id":368043,"href":"https:\/\/www.intoscana.it\/it\/wp-json\/wp\/v2\/posts\/360611\/revisions\/368043"}],"wp:featuredmedia":[{"embeddable":true,"href":"https:\/\/www.intoscana.it\/it\/wp-json\/wp\/v2\/media\/368031"}],"wp:attachment":[{"href":"https:\/\/www.intoscana.it\/it\/wp-json\/wp\/v2\/media?parent=360611"}],"wp:term":[{"taxonomy":"category","embeddable":true,"href":"https:\/\/www.intoscana.it\/it\/wp-json\/wp\/v2\/categories?post=360611"},{"taxonomy":"post_tag","embeddable":true,"href":"https:\/\/www.intoscana.it\/it\/wp-json\/wp\/v2\/tags?post=360611"}],"curies":[{"name":"wp","href":"https:\/\/api.w.org\/{rel}","templated":true}]}}