{"id":360653,"date":"2024-10-16T10:54:30","date_gmt":"2024-10-16T08:54:30","guid":{"rendered":"https:\/\/www.intoscana.it\/it\/?p=360653"},"modified":"2024-10-18T09:49:34","modified_gmt":"2024-10-18T07:49:34","slug":"allazienda-nerogiardini-il-premio-moda-di-fismo-confesercenti-2024-per-il-made-in-italy","status":"publish","type":"post","link":"https:\/\/www.intoscana.it\/it\/allazienda-nerogiardini-il-premio-moda-di-fismo-confesercenti-2024-per-il-made-in-italy\/","title":{"rendered":"All&#8217;azienda NeroGiardini il Premio Moda di Fismo Confesercenti 2024 per il Made in Italy"},"content":{"rendered":"<p><strong>Fismo Confesercenti,<\/strong> dopo uno stop causato dalla pandemia, ha scelto di tornare a conferire il \u201c<strong>Premio Moda\u201d<\/strong>, creato per i brand pi\u00f9 rappresentativi del <strong>Made in Italy<\/strong>.<\/p>\n<p>La scelta, in questa nona edizione, \u00e8 caduta su <strong>NeroGiardini,<\/strong>\u00a0 marchio di calzature e accessori fondato nel 1975 da <strong>Enrico Bracalente a Montegranaro, nelle Marche.<\/strong><\/p>\n<p>Il brand \u00e8 conosciuto ed apprezzato in tutto il mondo, con <strong>oltre 2.000 persone che lavorano nell\u2019intero indotto e 10.000 paia di scarpe prodotte al giorno.<\/strong> Una decisione frutto della volont\u00e0 di riconoscere anche la grande storia umana, visionaria e professionale di <strong>Enrico Bracalente, ideatore del marchio.<\/strong><\/p>\n<p>L\u2019evento di premiazione si \u00e8 tenuto presso il <strong>Palagio di Parte Guelfa a Firenze<\/strong>. In questa occasione <strong>Enrico Bracalente<\/strong>, Amministratore Unico B.A.G Spa NeroGiardini, dopo aver portato la sua esperienza d\u2019impresa e raccontato i cambiamenti del mercato e del settore in questi ultimi anni, ha ricevuto il Premio Moda 2024.<\/p>\n<p><em>&#8220;Ringrazio Fismo e Confesercenti per aver organizzato in Toscana, a Firenze, l\u2019edizione 2024 del Premio Moda<\/em> \u2013 <strong>ha commentato Leonardo Marras, assessore a Economia e Turismo della Regione Toscana<\/strong> \u2013<em> e faccio i miei complimenti a NeroGiardini per averlo meritatamente ricevuto. Scegliere di mantenere la produzione in Italia pu\u00f2 sembrare una decisione controcorrente, ma \u00e8 segno di grande coraggio e lungimiranza, perch\u00e9 significa puntare sulla qualit\u00e0 del prodotto e delle lavorazioni&#8221;.<\/em><\/p>\n<p><strong>Benny Campobasso presidente della Fismo<\/strong> ha dichiarato: \u201c<em>Con i nostri negozi abbiamo contribuito e contribuiamo, tutti i giorni, a fare grande il Made in Italy. Anche per questo abbiamo scelto di riconoscere, con questo Premio, il ruolo fondamentale che svolgono i protagonisti della moda italiana, sia a livello nazionale che internazionale. Siamo molto felici di attribuire a Bracalente e alla sua NeroGiardini il Premio Moda Fismo Confesercenti 2024, espressione di quell\u2019eccellenza, creativit\u00e0 e capacit\u00e0 imprenditoriale che ha fatto grande il nostro Paese nel mondo\u201d.<\/em><\/p>\n<p><em>&#8220;Questa prima edizione del Premio Moda a Firenze &#8211;<\/em> <strong>ha detto Nico Gronchi, Presidente di Confesercenti Toscana<\/strong> &#8211; <em>\u00e8 l\u2019occasione per lanciare la Giornata Nazionale della Filiera della Moda. In una citt\u00e0, Firenze, che \u00e8 l\u2019epicentro della moda, vorremmo che il 16 ottobre diventasse la giornata della moda e della sua filiera. E in questa citt\u00e0 siamo lieti di assegnare il Premio Moda Confesercenti a un\u2019impresa storica, che interpreta al meglio lo stile e il saper fare italiano e ha scelto di non delocalizzare la produzione, ma di restare in Italia, contribuendo fattivamente all\u2019occupazione e all&#8217;economia del Paese. Una realt\u00e0 unica anche per la lungimiranza di riconoscere alla rete di vendita la centralit\u00e0 del ruolo che svolge nel successo del suo marchio. Grazie a NeroGiardini per rendere, con il suo lavoro, la sua creativit\u00e0, la voglia di puntare sempre all\u2019eccellenza, ancor pi\u00f9 grande la tradizione calzaturiera italiana\u201d.<\/em><\/p>\n<figure id=\"post-360657 media-360657\" class=\"align-none\"><img decoding=\"async\" src=\"https:\/\/www.intoscana.it\/wp-content\/uploads\/NeroGiardini.png\" alt=\"\" \/><\/figure>\n<div class=\"titleimg\"><\/div>\n","protected":false},"excerpt":{"rendered":"<p>Fismo Confesercenti ha scelto di tornare a conferire il \u201cPremio Moda\u201d, che \u00e8 pensato per i brand pi\u00f9 iconici del settore, tra i pi\u00f9 rappresentativi del Made in Italy a NeroGiardini<\/p>\n","protected":false},"author":525,"featured_media":360702,"comment_status":"open","ping_status":"open","sticky":false,"template":"","format":"standard","meta":{"_acf_changed":false,"footnotes":""},"categories":[9],"tags":[189],"class_list":["post-360653","post","type-post","status-publish","format-standard","has-post-thumbnail","hentry","category-made-in-toscana","tag-moda"],"acf":[],"yoast_head":"<!-- This site is optimized with the Yoast SEO Premium plugin v24.2 (Yoast SEO v25.6) - https:\/\/yoast.com\/wordpress\/plugins\/seo\/ -->\n<title>All&#039;azienda NeroGiardini il Premio Moda di Fismo Confesercenti 2024 per il Made in Italy - intoscana<\/title>\n<meta name=\"robots\" content=\"index, follow, max-snippet:-1, max-image-preview:large, max-video-preview:-1\" \/>\n<link rel=\"canonical\" href=\"https:\/\/www.intoscana.it\/it\/allazienda-nerogiardini-il-premio-moda-di-fismo-confesercenti-2024-per-il-made-in-italy\/\" \/>\n<meta property=\"og:locale\" content=\"it_IT\" \/>\n<meta property=\"og:type\" content=\"article\" \/>\n<meta property=\"og:title\" content=\"All&#039;azienda NeroGiardini il Premio Moda di Fismo Confesercenti 2024 per il Made in Italy\" \/>\n<meta property=\"og:description\" content=\"Fismo Confesercenti ha scelto di tornare a conferire il \u201cPremio Moda\u201d, che \u00e8 pensato per i brand pi\u00f9 iconici del settore, tra i pi\u00f9 rappresentativi del Made in Italy a NeroGiardini\" \/>\n<meta property=\"og:url\" content=\"https:\/\/www.intoscana.it\/it\/allazienda-nerogiardini-il-premio-moda-di-fismo-confesercenti-2024-per-il-made-in-italy\/\" \/>\n<meta property=\"og:site_name\" content=\"intoscana\" \/>\n<meta property=\"article:publisher\" content=\"https:\/\/www.facebook.com\/intoscana.it\" \/>\n<meta property=\"article:published_time\" content=\"2024-10-16T08:54:30+00:00\" \/>\n<meta property=\"article:modified_time\" content=\"2024-10-18T07:49:34+00:00\" \/>\n<meta property=\"og:image\" content=\"https:\/\/www.intoscana.it\/wp-content\/uploads\/DSC00069-scaled.jpeg\" \/>\n\t<meta property=\"og:image:width\" content=\"2048\" \/>\n\t<meta property=\"og:image:height\" content=\"1365\" \/>\n\t<meta property=\"og:image:type\" content=\"image\/jpeg\" \/>\n<meta name=\"author\" content=\"Redazione\" \/>\n<meta name=\"twitter:card\" content=\"summary_large_image\" \/>\n<meta name=\"twitter:creator\" content=\"@intoscana\" \/>\n<meta name=\"twitter:site\" content=\"@intoscana\" \/>\n<meta name=\"twitter:label1\" content=\"Written by\" \/>\n\t<meta name=\"twitter:data1\" content=\"Redazione\" \/>\n\t<meta name=\"twitter:label2\" content=\"Est. reading time\" \/>\n\t<meta name=\"twitter:data2\" content=\"3 minuti\" \/>\n<script type=\"application\/ld+json\" class=\"yoast-schema-graph\">{\"@context\":\"https:\/\/schema.org\",\"@graph\":[{\"@type\":\"WebPage\",\"@id\":\"https:\/\/www.intoscana.it\/it\/allazienda-nerogiardini-il-premio-moda-di-fismo-confesercenti-2024-per-il-made-in-italy\/\",\"url\":\"https:\/\/www.intoscana.it\/it\/allazienda-nerogiardini-il-premio-moda-di-fismo-confesercenti-2024-per-il-made-in-italy\/\",\"name\":\"All'azienda NeroGiardini il Premio Moda di Fismo Confesercenti 2024 per il Made in Italy - intoscana\",\"isPartOf\":{\"@id\":\"https:\/\/www.intoscana.it\/it\/#website\"},\"primaryImageOfPage\":{\"@id\":\"https:\/\/www.intoscana.it\/it\/allazienda-nerogiardini-il-premio-moda-di-fismo-confesercenti-2024-per-il-made-in-italy\/#primaryimage\"},\"image\":{\"@id\":\"https:\/\/www.intoscana.it\/it\/allazienda-nerogiardini-il-premio-moda-di-fismo-confesercenti-2024-per-il-made-in-italy\/#primaryimage\"},\"thumbnailUrl\":\"https:\/\/www.intoscana.it\/wp-content\/uploads\/DSC00069-scaled.jpeg\",\"datePublished\":\"2024-10-16T08:54:30+00:00\",\"dateModified\":\"2024-10-18T07:49:34+00:00\",\"author\":{\"@id\":\"https:\/\/www.intoscana.it\/it\/#\/schema\/person\/9223810753230f20bd670fdd322661f8\"},\"breadcrumb\":{\"@id\":\"https:\/\/www.intoscana.it\/it\/allazienda-nerogiardini-il-premio-moda-di-fismo-confesercenti-2024-per-il-made-in-italy\/#breadcrumb\"},\"inLanguage\":\"it-IT\",\"potentialAction\":[{\"@type\":\"ReadAction\",\"target\":[\"https:\/\/www.intoscana.it\/it\/allazienda-nerogiardini-il-premio-moda-di-fismo-confesercenti-2024-per-il-made-in-italy\/\"]}]},{\"@type\":\"ImageObject\",\"inLanguage\":\"it-IT\",\"@id\":\"https:\/\/www.intoscana.it\/it\/allazienda-nerogiardini-il-premio-moda-di-fismo-confesercenti-2024-per-il-made-in-italy\/#primaryimage\",\"url\":\"https:\/\/www.intoscana.it\/wp-content\/uploads\/DSC00069-scaled.jpeg\",\"contentUrl\":\"https:\/\/www.intoscana.it\/wp-content\/uploads\/DSC00069-scaled.jpeg\",\"width\":2048,\"height\":1365},{\"@type\":\"BreadcrumbList\",\"@id\":\"https:\/\/www.intoscana.it\/it\/allazienda-nerogiardini-il-premio-moda-di-fismo-confesercenti-2024-per-il-made-in-italy\/#breadcrumb\",\"itemListElement\":[{\"@type\":\"ListItem\",\"position\":1,\"name\":\"Home\",\"item\":\"https:\/\/www.intoscana.it\/it\/\"},{\"@type\":\"ListItem\",\"position\":2,\"name\":\"All&#8217;azienda NeroGiardini il Premio Moda di Fismo Confesercenti 2024 per il Made in Italy\"}]},{\"@type\":\"WebSite\",\"@id\":\"https:\/\/www.intoscana.it\/it\/#website\",\"url\":\"https:\/\/www.intoscana.it\/it\/\",\"name\":\"intoscana\",\"description\":\"\",\"potentialAction\":[{\"@type\":\"SearchAction\",\"target\":{\"@type\":\"EntryPoint\",\"urlTemplate\":\"https:\/\/www.intoscana.it\/it\/?s={search_term_string}\"},\"query-input\":{\"@type\":\"PropertyValueSpecification\",\"valueRequired\":true,\"valueName\":\"search_term_string\"}}],\"inLanguage\":\"it-IT\"},{\"@type\":\"Person\",\"@id\":\"https:\/\/www.intoscana.it\/it\/#\/schema\/person\/9223810753230f20bd670fdd322661f8\",\"name\":\"Redazione\",\"url\":\"https:\/\/www.intoscana.it\/it\/author\/redazione\/\"}]}<\/script>\n<!-- \/ Yoast SEO Premium plugin. -->","yoast_head_json":{"title":"All'azienda NeroGiardini il Premio Moda di Fismo Confesercenti 2024 per il Made in Italy - intoscana","robots":{"index":"index","follow":"follow","max-snippet":"max-snippet:-1","max-image-preview":"max-image-preview:large","max-video-preview":"max-video-preview:-1"},"canonical":"https:\/\/www.intoscana.it\/it\/allazienda-nerogiardini-il-premio-moda-di-fismo-confesercenti-2024-per-il-made-in-italy\/","og_locale":"it_IT","og_type":"article","og_title":"All'azienda NeroGiardini il Premio Moda di Fismo Confesercenti 2024 per il Made in Italy","og_description":"Fismo Confesercenti ha scelto di tornare a conferire il \u201cPremio Moda\u201d, che \u00e8 pensato per i brand pi\u00f9 iconici del settore, tra i pi\u00f9 rappresentativi del Made in Italy a NeroGiardini","og_url":"https:\/\/www.intoscana.it\/it\/allazienda-nerogiardini-il-premio-moda-di-fismo-confesercenti-2024-per-il-made-in-italy\/","og_site_name":"intoscana","article_publisher":"https:\/\/www.facebook.com\/intoscana.it","article_published_time":"2024-10-16T08:54:30+00:00","article_modified_time":"2024-10-18T07:49:34+00:00","og_image":[{"width":2048,"height":1365,"url":"https:\/\/www.intoscana.it\/wp-content\/uploads\/DSC00069-scaled.jpeg","type":"image\/jpeg"}],"author":"Redazione","twitter_card":"summary_large_image","twitter_creator":"@intoscana","twitter_site":"@intoscana","twitter_misc":{"Written by":"Redazione","Est. reading time":"3 minuti"},"schema":{"@context":"https:\/\/schema.org","@graph":[{"@type":"WebPage","@id":"https:\/\/www.intoscana.it\/it\/allazienda-nerogiardini-il-premio-moda-di-fismo-confesercenti-2024-per-il-made-in-italy\/","url":"https:\/\/www.intoscana.it\/it\/allazienda-nerogiardini-il-premio-moda-di-fismo-confesercenti-2024-per-il-made-in-italy\/","name":"All'azienda NeroGiardini il Premio Moda di Fismo Confesercenti 2024 per il Made in Italy - intoscana","isPartOf":{"@id":"https:\/\/www.intoscana.it\/it\/#website"},"primaryImageOfPage":{"@id":"https:\/\/www.intoscana.it\/it\/allazienda-nerogiardini-il-premio-moda-di-fismo-confesercenti-2024-per-il-made-in-italy\/#primaryimage"},"image":{"@id":"https:\/\/www.intoscana.it\/it\/allazienda-nerogiardini-il-premio-moda-di-fismo-confesercenti-2024-per-il-made-in-italy\/#primaryimage"},"thumbnailUrl":"https:\/\/www.intoscana.it\/wp-content\/uploads\/DSC00069-scaled.jpeg","datePublished":"2024-10-16T08:54:30+00:00","dateModified":"2024-10-18T07:49:34+00:00","author":{"@id":"https:\/\/www.intoscana.it\/it\/#\/schema\/person\/9223810753230f20bd670fdd322661f8"},"breadcrumb":{"@id":"https:\/\/www.intoscana.it\/it\/allazienda-nerogiardini-il-premio-moda-di-fismo-confesercenti-2024-per-il-made-in-italy\/#breadcrumb"},"inLanguage":"it-IT","potentialAction":[{"@type":"ReadAction","target":["https:\/\/www.intoscana.it\/it\/allazienda-nerogiardini-il-premio-moda-di-fismo-confesercenti-2024-per-il-made-in-italy\/"]}]},{"@type":"ImageObject","inLanguage":"it-IT","@id":"https:\/\/www.intoscana.it\/it\/allazienda-nerogiardini-il-premio-moda-di-fismo-confesercenti-2024-per-il-made-in-italy\/#primaryimage","url":"https:\/\/www.intoscana.it\/wp-content\/uploads\/DSC00069-scaled.jpeg","contentUrl":"https:\/\/www.intoscana.it\/wp-content\/uploads\/DSC00069-scaled.jpeg","width":2048,"height":1365},{"@type":"BreadcrumbList","@id":"https:\/\/www.intoscana.it\/it\/allazienda-nerogiardini-il-premio-moda-di-fismo-confesercenti-2024-per-il-made-in-italy\/#breadcrumb","itemListElement":[{"@type":"ListItem","position":1,"name":"Home","item":"https:\/\/www.intoscana.it\/it\/"},{"@type":"ListItem","position":2,"name":"All&#8217;azienda NeroGiardini il Premio Moda di Fismo Confesercenti 2024 per il Made in Italy"}]},{"@type":"WebSite","@id":"https:\/\/www.intoscana.it\/it\/#website","url":"https:\/\/www.intoscana.it\/it\/","name":"intoscana","description":"","potentialAction":[{"@type":"SearchAction","target":{"@type":"EntryPoint","urlTemplate":"https:\/\/www.intoscana.it\/it\/?s={search_term_string}"},"query-input":{"@type":"PropertyValueSpecification","valueRequired":true,"valueName":"search_term_string"}}],"inLanguage":"it-IT"},{"@type":"Person","@id":"https:\/\/www.intoscana.it\/it\/#\/schema\/person\/9223810753230f20bd670fdd322661f8","name":"Redazione","url":"https:\/\/www.intoscana.it\/it\/author\/redazione\/"}]}},"_links":{"self":[{"href":"https:\/\/www.intoscana.it\/it\/wp-json\/wp\/v2\/posts\/360653","targetHints":{"allow":["GET"]}}],"collection":[{"href":"https:\/\/www.intoscana.it\/it\/wp-json\/wp\/v2\/posts"}],"about":[{"href":"https:\/\/www.intoscana.it\/it\/wp-json\/wp\/v2\/types\/post"}],"author":[{"embeddable":true,"href":"https:\/\/www.intoscana.it\/it\/wp-json\/wp\/v2\/users\/525"}],"replies":[{"embeddable":true,"href":"https:\/\/www.intoscana.it\/it\/wp-json\/wp\/v2\/comments?post=360653"}],"version-history":[{"count":4,"href":"https:\/\/www.intoscana.it\/it\/wp-json\/wp\/v2\/posts\/360653\/revisions"}],"predecessor-version":[{"id":360704,"href":"https:\/\/www.intoscana.it\/it\/wp-json\/wp\/v2\/posts\/360653\/revisions\/360704"}],"wp:featuredmedia":[{"embeddable":true,"href":"https:\/\/www.intoscana.it\/it\/wp-json\/wp\/v2\/media\/360702"}],"wp:attachment":[{"href":"https:\/\/www.intoscana.it\/it\/wp-json\/wp\/v2\/media?parent=360653"}],"wp:term":[{"taxonomy":"category","embeddable":true,"href":"https:\/\/www.intoscana.it\/it\/wp-json\/wp\/v2\/categories?post=360653"},{"taxonomy":"post_tag","embeddable":true,"href":"https:\/\/www.intoscana.it\/it\/wp-json\/wp\/v2\/tags?post=360653"}],"curies":[{"name":"wp","href":"https:\/\/api.w.org\/{rel}","templated":true}]}}