{"id":360803,"date":"2024-10-17T11:10:31","date_gmt":"2024-10-17T09:10:31","guid":{"rendered":"https:\/\/www.intoscana.it\/it\/?p=360803"},"modified":"2024-10-17T11:25:28","modified_gmt":"2024-10-17T09:25:28","slug":"a-siena-costellazioni-un-percorso-inedito-tra-i-capolavori-dellarte-italiana-tra-il-1915-e-il-1960","status":"publish","type":"post","link":"https:\/\/www.intoscana.it\/it\/a-siena-costellazioni-un-percorso-inedito-tra-i-capolavori-dellarte-italiana-tra-il-1915-e-il-1960\/","title":{"rendered":"A Siena &#8220;Costellazioni&#8221; un percorso inedito tra i capolavori dell&#8217;arte italiana tra il 1915 e il 1960"},"content":{"rendered":"<p>Al <strong>Santa Maria della Scala di Siena<\/strong> <strong>dal 17 ottobre al 30 marzo 2025<\/strong> arriva un percorso inedito tra i <strong>capolavori dell\u2019arte italiana del Novecento.<\/strong><\/p>\n<p>Centoventi opere raccontano mezzo secolo d\u2019arte italiana nella mostra <strong><em>\u201cCostellazioni. Arte italiana 1915-1960 dalle Collezioni Monte dei Paschi di Siena e Cesare Brandi\u201d<\/em><\/strong>, a cura del Professor Luca Quattrocchi, Ordinario di Storia dell\u2019Arte Contemporanea dell\u2019Universit\u00e0 degli Studi di Siena.<\/p>\n<p><strong>\u00c8 un viaggio in nove sezioni<\/strong> che si svolge in un periodo compreso<strong> tra gli anni della Grande Guerra e i primi anni Sessanta<\/strong>: da \u201cNovecento\u201d al D\u00e9co, dagli \u201cItaliens de Paris\u201d all\u2019arte di propaganda fascista, dalla Scuola Romana al realismo, all\u2019astrattismo e all\u2019informale.<\/p>\n<p>Due collezioni d\u2019arte contemporanea<strong> si aprono al pubblico per la prima volta.<\/strong><\/p>\n<p>Dai caveau della <strong>Banca Monte dei Paschi di Siena<\/strong> e dalla pregiata<strong> raccolta di Cesare Brandi,<\/strong> arrivano al Santa Maria della Scala le opere di grandi artisti:<strong> Carr\u00e0, Guttuso, Sironi, Donghi, De Pisis, Burri, Severini, Campigli, Morandi, Rosai, Viani, Levi, Mafai, Manz\u00f9, Marini, Afro, Scialoja, Turcato<\/strong> e tanti altri.<\/p>\n<p>Le due collezioni conservano <strong>autentici capolavori: molte opere vengono presentate qui per la prima volta<\/strong> al pubblico, in un serrato dialogo che distilla le esperienze artistiche italiane nel secolo breve.<\/p>\n<p><strong>Nicoletta Fabio, Sindaca di Siena ha dichiarato<\/strong>:<em> \u201cLa mostra testimonia come possano tradursi in azione concreta a favore della citt\u00e0 i propositi di collaborazione fra istituzioni che il Comune raccoglie, promuove e accompagna, con la volont\u00e0 di valorizzare le diverse espressioni della cultura senese, un\u2019impareggiabile ricchezza le cui indubbie potenzialit\u00e0 in parte ancora inespresse meritano di essere attuate, attualizzate e messe a sistema. Ai senesi, agli studiosi, agli appassionati, ai viaggiatori curiosi, si offre cos\u00ec l\u2019occasione di godere il fascino e il pregio di opere d\u2019arte per molti sconosciute, che in larga parte escono dai depositi e si presentano al grande pubblico, in qualche caso per la prima volta, in un luogo deputato alla bellezza, all\u2019accoglienza, al dialogo ininterrotto tra passato, presente e futuro\u201d.<\/em><\/p>\n<p><em>\u201cNell\u2019allestimento di Costellazioni<\/em> \u2013<strong> precisa il curatore Luca Quattrocchi<\/strong>&#8211; <em>si \u00e8 privilegiata un\u2019ottica orizzontale nell\u2019accostare la produzione locale e le opere di artisti riconosciuti a livello nazionale, non in una acritica paratassi ma nella convinzione che la produzione artistica di un periodo storico non \u00e8 comprensibile (e quindi correttamente valutabile) attraverso il solo studio delle eccellenze e delle emergenze, ma attraverso le connessioni che tali emergenze intrattengono con le altre figure, secondarie o persino minori. La mostra Costellazioni propone &#8211; <\/em><strong>conclude il curatore <\/strong><em>&#8211; una mappa che si dispiega su mezzo secolo d\u2019arte italiana in cui le stelle di maggiore luminosit\u00e0, da riconoscere sia nei principali centri di produzione sia negli artisti pi\u00f9 insigni, sono viste come parte, appunto, di pi\u00f9 vaste e complesse costellazioni\u201d.<\/em><\/p>\n<div class=\"titleimg\">\n<figure id=\"post-360827 media-360827\" class=\"align-none\"><img decoding=\"async\" src=\"https:\/\/www.intoscana.it\/wp-content\/uploads\/Viani-Lorenzo-Viareggio-1882-Ostia-1936-Le-Apuane-olio-su-tavola-inv-5048333-_LEN5087-scaled.jpg\" alt=\"\" \/><\/figure>\n<div class=\"titleimg\"><em>Viani Lorenzo Viareggio 1882 Ostia 1936 Le Apuane olio su tavola<\/em><\/div>\n<\/div>\n<h3>La mostra<\/h3>\n<p>La prima sezione,<strong> Intorno alla Grande Guerra,<\/strong> riunisce opere degli anni Dieci a opere di poco successive che commemorano la prima Guerra Mondiale e le sue conseguenze: domina la sezione il monumentale dipinto di Pascucci Il ritorno dell\u2019eroe (1926) che, esposto alla Casa del Fascio di Siena e subito acquistato dal Monte dei Paschi, come specifica il curatore \u201cda un lato chiude la stagione del naturalismo di stampo ottocentesco, e dall\u2019altro testimonia la crescente pervasivit\u00e0 del fascismo nelle istituzioni\u201d.<\/p>\n<p>Nella seconda sezione,<strong> Anni Venti: ritorni all\u2019ordine tra Novecento e D\u00e9co<\/strong>, il recupero della tradizione incoraggiato dal regime \u00e8 declinato secondo il \u201cNovecento\u201d promosso da Margherita Sarfatti, secondo le atmosfere del \u201crealismo magico\u201d di ascendenza metafisica, ma anche in un classicismo aggiornato da sintetismi di gusto D\u00e9co.<\/p>\n<p>All\u2019eterogeneo gruppo degli <strong>Italiens de Paris<\/strong> \u00e8 dedicata, invece, la terza sezione: Tozzi, Severini, De Pisis, interpretano come sottolinea Quattrocchi \u201cciascuno a suo modo la volont\u00e0 di coniugare italianit\u00e0 e cosmopolitismo in mitologie contemporanee, riscuotendo grande attenzione critica nella capitale francese tra fine anni Venti e anni Trenta\u201d.<\/p>\n<p>La quarta sezione,<strong> Gli anni Trenta e primi Quaranta: tra accademie e arcaismi,<\/strong> propone una esemplificazione delle posizioni nell\u2019<strong>Italia fascista,<\/strong> da quelle pi\u00f9 aderenti al \u2018novecentismo\u2019 ufficiale, con anche declinazioni neosecentesche, alla pi\u00f9 originale linea arcaicizzante, sollecitata dagli esempi dell\u2019arte etrusca, egizia, romanica.<\/p>\n<p>La quinta sezione riguarda l\u2019<strong>Arte per il regime<\/strong>: opere di aperta celebrazione della dittatura fascista, tra propaganda e mitizzazione del Duce e delle sue \u2018conquiste\u2019, dalle citt\u00e0 di nuova fondazione alle guerre coloniali e alla proclamazione dell\u2019Impero.<\/p>\n<p>Al paesaggio \u00e8 dedicata la sesta sezione: <strong>Il paesaggio negli anni Trenta e Quaranta tra rappresentazione e metafora,<\/strong> dove a una pi\u00f9 tradizionale e fedele raffigurazione di matrice ottocentesca, che tuttavia si accende in alcune vedute di accenti quasi visionari, si affiancano paesaggi-stati d\u2019animo di straniante estrazione mentale fino al casto e intenso lirismo di quelli di Morandi.<\/p>\n<p>La settima sezione attraversa <strong>La linea espressiva tra anni Trenta e Quaranta<\/strong>, dall\u2019antinovecentismo alle sue prosecuzioni nell\u2019immediato dopoguerra: in apertura uno degli ultimi capolavori di Viani (Le Apuane, 1933 ca), cui si affianca un raro esempio surrealista e un nutrito gruppo di opere riconducibili alla Scuola Romana e alla sua figurazione pi\u00f9 o meno espressionisticamente accentuata e insorgente (Levi, Guttuso, Afro, Fazzini, Scialoja, Sadun, Mafai).<\/p>\n<p>In continuit\u00e0 con la precedente, l\u2019ottava sezione,<strong> Figurazioni e realismi del dopoguerra<\/strong>, si apre con le Macerie espressioniste di Bozzolini, per documentare poi la persistenza nell\u2019Italia liberata del dato oggettivo variamente declinato, la tendenza neorealista e, a fine anni Cinquanta, il realismo esistenziale di Guttuso e Vespignani.<\/p>\n<p>Infine, la nona sezione,<strong> Dissoluzione e autonomia della forma: verso l\u2019astrazione<\/strong>, segue il percorso di alcuni autori gi\u00e0 presenti in precedenti sezioni verso approdi astratti e informali, cui si aggiungono Burri e Leoncillo, per concludersi con il trionfo della materia-colore in Sadun e Turcato all\u2019inizio degli anni Sessanta.<\/p>\n<figure id=\"post-360829 media-360829\" class=\"align-none\"><img decoding=\"async\" src=\"https:\/\/www.intoscana.it\/wp-content\/uploads\/Leonetta-Cecchi-Pieraccini-Poggibonsi-1882-Roma-1977-Interno-inv-5055054-_LEN5378-scaled.jpg\" alt=\"\" \/><\/figure>\n<div class=\"titleimg\"><em>Leonetta Cecchi Pieraccini Poggibonsi 1882 \u2013 Roma 1977\u00a0<\/em><\/div>\n<p>&nbsp;<\/p>\n<p>&nbsp;<\/p>\n<p>&nbsp;<\/p>\n","protected":false},"excerpt":{"rendered":"<p>Al Santa Maria della Scala di Siena due collezioni d\u2019arte contemporanea si aprono al pubblico per la prima volta: la collezione del Monte dei Paschi di Siena e quella di Cesare Brandi<\/p>\n","protected":false},"author":525,"featured_media":360805,"comment_status":"open","ping_status":"open","sticky":false,"template":"","format":"standard","meta":{"_acf_changed":false,"footnotes":""},"categories":[493],"tags":[222,246,164],"class_list":["post-360803","post","type-post","status-publish","format-standard","has-post-thumbnail","hentry","category-cultura","tag-mostre","tag-santa-maria-della-scala","tag-siena"],"acf":[],"yoast_head":"<!-- This site is optimized with the Yoast SEO Premium plugin v24.2 (Yoast SEO v25.6) - https:\/\/yoast.com\/wordpress\/plugins\/seo\/ -->\n<title>A Siena &quot;Costellazioni&quot; un percorso inedito tra i capolavori dell&#039;arte italiana tra il 1915 e il 1960 - intoscana<\/title>\n<meta name=\"description\" content=\"Al Santa Maria della Scala di Siena due collezioni d\u2019arte contemporanea si aprono al pubblico per la prima volta\" \/>\n<meta name=\"robots\" content=\"index, follow, max-snippet:-1, max-image-preview:large, max-video-preview:-1\" \/>\n<link rel=\"canonical\" href=\"https:\/\/www.intoscana.it\/it\/a-siena-costellazioni-un-percorso-inedito-tra-i-capolavori-dellarte-italiana-tra-il-1915-e-il-1960\/\" \/>\n<meta property=\"og:locale\" content=\"it_IT\" \/>\n<meta property=\"og:type\" content=\"article\" \/>\n<meta property=\"og:title\" content=\"A Siena &quot;Costellazioni&quot; un percorso inedito tra i capolavori dell&#039;arte italiana tra il 1915 e il 1960\" \/>\n<meta property=\"og:description\" content=\"Al Santa Maria della Scala di Siena due collezioni d\u2019arte contemporanea si aprono al pubblico per la prima volta\" \/>\n<meta property=\"og:url\" content=\"https:\/\/www.intoscana.it\/it\/a-siena-costellazioni-un-percorso-inedito-tra-i-capolavori-dellarte-italiana-tra-il-1915-e-il-1960\/\" \/>\n<meta property=\"og:site_name\" content=\"intoscana\" \/>\n<meta property=\"article:publisher\" content=\"https:\/\/www.facebook.com\/intoscana.it\" \/>\n<meta property=\"article:published_time\" content=\"2024-10-17T09:10:31+00:00\" \/>\n<meta property=\"article:modified_time\" content=\"2024-10-17T09:25:28+00:00\" \/>\n<meta property=\"og:image\" content=\"https:\/\/www.intoscana.it\/wp-content\/uploads\/costellazioni-arte-dalle-collezioni-bmps-e-cesare-brandi.webp\" \/>\n\t<meta property=\"og:image:width\" content=\"1040\" \/>\n\t<meta property=\"og:image:height\" content=\"585\" \/>\n\t<meta property=\"og:image:type\" content=\"image\/webp\" \/>\n<meta name=\"author\" content=\"Redazione\" \/>\n<meta name=\"twitter:card\" content=\"summary_large_image\" \/>\n<meta name=\"twitter:creator\" content=\"@intoscana\" \/>\n<meta name=\"twitter:site\" content=\"@intoscana\" \/>\n<meta name=\"twitter:label1\" content=\"Written by\" \/>\n\t<meta name=\"twitter:data1\" content=\"Redazione\" \/>\n\t<meta name=\"twitter:label2\" content=\"Est. reading time\" \/>\n\t<meta name=\"twitter:data2\" content=\"6 minuti\" \/>\n<script type=\"application\/ld+json\" class=\"yoast-schema-graph\">{\"@context\":\"https:\/\/schema.org\",\"@graph\":[{\"@type\":\"WebPage\",\"@id\":\"https:\/\/www.intoscana.it\/it\/a-siena-costellazioni-un-percorso-inedito-tra-i-capolavori-dellarte-italiana-tra-il-1915-e-il-1960\/\",\"url\":\"https:\/\/www.intoscana.it\/it\/a-siena-costellazioni-un-percorso-inedito-tra-i-capolavori-dellarte-italiana-tra-il-1915-e-il-1960\/\",\"name\":\"A Siena \\\"Costellazioni\\\" un percorso inedito tra i capolavori dell'arte italiana tra il 1915 e il 1960 - intoscana\",\"isPartOf\":{\"@id\":\"https:\/\/www.intoscana.it\/it\/#website\"},\"primaryImageOfPage\":{\"@id\":\"https:\/\/www.intoscana.it\/it\/a-siena-costellazioni-un-percorso-inedito-tra-i-capolavori-dellarte-italiana-tra-il-1915-e-il-1960\/#primaryimage\"},\"image\":{\"@id\":\"https:\/\/www.intoscana.it\/it\/a-siena-costellazioni-un-percorso-inedito-tra-i-capolavori-dellarte-italiana-tra-il-1915-e-il-1960\/#primaryimage\"},\"thumbnailUrl\":\"https:\/\/www.intoscana.it\/wp-content\/uploads\/costellazioni-arte-dalle-collezioni-bmps-e-cesare-brandi.webp\",\"datePublished\":\"2024-10-17T09:10:31+00:00\",\"dateModified\":\"2024-10-17T09:25:28+00:00\",\"author\":{\"@id\":\"https:\/\/www.intoscana.it\/it\/#\/schema\/person\/9223810753230f20bd670fdd322661f8\"},\"description\":\"Al Santa Maria della Scala di Siena due collezioni d\u2019arte contemporanea si aprono al pubblico per la prima volta\",\"breadcrumb\":{\"@id\":\"https:\/\/www.intoscana.it\/it\/a-siena-costellazioni-un-percorso-inedito-tra-i-capolavori-dellarte-italiana-tra-il-1915-e-il-1960\/#breadcrumb\"},\"inLanguage\":\"it-IT\",\"potentialAction\":[{\"@type\":\"ReadAction\",\"target\":[\"https:\/\/www.intoscana.it\/it\/a-siena-costellazioni-un-percorso-inedito-tra-i-capolavori-dellarte-italiana-tra-il-1915-e-il-1960\/\"]}]},{\"@type\":\"ImageObject\",\"inLanguage\":\"it-IT\",\"@id\":\"https:\/\/www.intoscana.it\/it\/a-siena-costellazioni-un-percorso-inedito-tra-i-capolavori-dellarte-italiana-tra-il-1915-e-il-1960\/#primaryimage\",\"url\":\"https:\/\/www.intoscana.it\/wp-content\/uploads\/costellazioni-arte-dalle-collezioni-bmps-e-cesare-brandi.webp\",\"contentUrl\":\"https:\/\/www.intoscana.it\/wp-content\/uploads\/costellazioni-arte-dalle-collezioni-bmps-e-cesare-brandi.webp\",\"width\":1040,\"height\":585},{\"@type\":\"BreadcrumbList\",\"@id\":\"https:\/\/www.intoscana.it\/it\/a-siena-costellazioni-un-percorso-inedito-tra-i-capolavori-dellarte-italiana-tra-il-1915-e-il-1960\/#breadcrumb\",\"itemListElement\":[{\"@type\":\"ListItem\",\"position\":1,\"name\":\"Home\",\"item\":\"https:\/\/www.intoscana.it\/it\/\"},{\"@type\":\"ListItem\",\"position\":2,\"name\":\"A Siena &#8220;Costellazioni&#8221; un percorso inedito tra i capolavori dell&#8217;arte italiana tra il 1915 e il 1960\"}]},{\"@type\":\"WebSite\",\"@id\":\"https:\/\/www.intoscana.it\/it\/#website\",\"url\":\"https:\/\/www.intoscana.it\/it\/\",\"name\":\"intoscana\",\"description\":\"\",\"potentialAction\":[{\"@type\":\"SearchAction\",\"target\":{\"@type\":\"EntryPoint\",\"urlTemplate\":\"https:\/\/www.intoscana.it\/it\/?s={search_term_string}\"},\"query-input\":{\"@type\":\"PropertyValueSpecification\",\"valueRequired\":true,\"valueName\":\"search_term_string\"}}],\"inLanguage\":\"it-IT\"},{\"@type\":\"Person\",\"@id\":\"https:\/\/www.intoscana.it\/it\/#\/schema\/person\/9223810753230f20bd670fdd322661f8\",\"name\":\"Redazione\",\"url\":\"https:\/\/www.intoscana.it\/it\/author\/redazione\/\"}]}<\/script>\n<!-- \/ Yoast SEO Premium plugin. -->","yoast_head_json":{"title":"A Siena \"Costellazioni\" un percorso inedito tra i capolavori dell'arte italiana tra il 1915 e il 1960 - intoscana","description":"Al Santa Maria della Scala di Siena due collezioni d\u2019arte contemporanea si aprono al pubblico per la prima volta","robots":{"index":"index","follow":"follow","max-snippet":"max-snippet:-1","max-image-preview":"max-image-preview:large","max-video-preview":"max-video-preview:-1"},"canonical":"https:\/\/www.intoscana.it\/it\/a-siena-costellazioni-un-percorso-inedito-tra-i-capolavori-dellarte-italiana-tra-il-1915-e-il-1960\/","og_locale":"it_IT","og_type":"article","og_title":"A Siena \"Costellazioni\" un percorso inedito tra i capolavori dell'arte italiana tra il 1915 e il 1960","og_description":"Al Santa Maria della Scala di Siena due collezioni d\u2019arte contemporanea si aprono al pubblico per la prima volta","og_url":"https:\/\/www.intoscana.it\/it\/a-siena-costellazioni-un-percorso-inedito-tra-i-capolavori-dellarte-italiana-tra-il-1915-e-il-1960\/","og_site_name":"intoscana","article_publisher":"https:\/\/www.facebook.com\/intoscana.it","article_published_time":"2024-10-17T09:10:31+00:00","article_modified_time":"2024-10-17T09:25:28+00:00","og_image":[{"width":1040,"height":585,"url":"https:\/\/www.intoscana.it\/wp-content\/uploads\/costellazioni-arte-dalle-collezioni-bmps-e-cesare-brandi.webp","type":"image\/webp"}],"author":"Redazione","twitter_card":"summary_large_image","twitter_creator":"@intoscana","twitter_site":"@intoscana","twitter_misc":{"Written by":"Redazione","Est. reading time":"6 minuti"},"schema":{"@context":"https:\/\/schema.org","@graph":[{"@type":"WebPage","@id":"https:\/\/www.intoscana.it\/it\/a-siena-costellazioni-un-percorso-inedito-tra-i-capolavori-dellarte-italiana-tra-il-1915-e-il-1960\/","url":"https:\/\/www.intoscana.it\/it\/a-siena-costellazioni-un-percorso-inedito-tra-i-capolavori-dellarte-italiana-tra-il-1915-e-il-1960\/","name":"A Siena \"Costellazioni\" un percorso inedito tra i capolavori dell'arte italiana tra il 1915 e il 1960 - intoscana","isPartOf":{"@id":"https:\/\/www.intoscana.it\/it\/#website"},"primaryImageOfPage":{"@id":"https:\/\/www.intoscana.it\/it\/a-siena-costellazioni-un-percorso-inedito-tra-i-capolavori-dellarte-italiana-tra-il-1915-e-il-1960\/#primaryimage"},"image":{"@id":"https:\/\/www.intoscana.it\/it\/a-siena-costellazioni-un-percorso-inedito-tra-i-capolavori-dellarte-italiana-tra-il-1915-e-il-1960\/#primaryimage"},"thumbnailUrl":"https:\/\/www.intoscana.it\/wp-content\/uploads\/costellazioni-arte-dalle-collezioni-bmps-e-cesare-brandi.webp","datePublished":"2024-10-17T09:10:31+00:00","dateModified":"2024-10-17T09:25:28+00:00","author":{"@id":"https:\/\/www.intoscana.it\/it\/#\/schema\/person\/9223810753230f20bd670fdd322661f8"},"description":"Al Santa Maria della Scala di Siena due collezioni d\u2019arte contemporanea si aprono al pubblico per la prima volta","breadcrumb":{"@id":"https:\/\/www.intoscana.it\/it\/a-siena-costellazioni-un-percorso-inedito-tra-i-capolavori-dellarte-italiana-tra-il-1915-e-il-1960\/#breadcrumb"},"inLanguage":"it-IT","potentialAction":[{"@type":"ReadAction","target":["https:\/\/www.intoscana.it\/it\/a-siena-costellazioni-un-percorso-inedito-tra-i-capolavori-dellarte-italiana-tra-il-1915-e-il-1960\/"]}]},{"@type":"ImageObject","inLanguage":"it-IT","@id":"https:\/\/www.intoscana.it\/it\/a-siena-costellazioni-un-percorso-inedito-tra-i-capolavori-dellarte-italiana-tra-il-1915-e-il-1960\/#primaryimage","url":"https:\/\/www.intoscana.it\/wp-content\/uploads\/costellazioni-arte-dalle-collezioni-bmps-e-cesare-brandi.webp","contentUrl":"https:\/\/www.intoscana.it\/wp-content\/uploads\/costellazioni-arte-dalle-collezioni-bmps-e-cesare-brandi.webp","width":1040,"height":585},{"@type":"BreadcrumbList","@id":"https:\/\/www.intoscana.it\/it\/a-siena-costellazioni-un-percorso-inedito-tra-i-capolavori-dellarte-italiana-tra-il-1915-e-il-1960\/#breadcrumb","itemListElement":[{"@type":"ListItem","position":1,"name":"Home","item":"https:\/\/www.intoscana.it\/it\/"},{"@type":"ListItem","position":2,"name":"A Siena &#8220;Costellazioni&#8221; un percorso inedito tra i capolavori dell&#8217;arte italiana tra il 1915 e il 1960"}]},{"@type":"WebSite","@id":"https:\/\/www.intoscana.it\/it\/#website","url":"https:\/\/www.intoscana.it\/it\/","name":"intoscana","description":"","potentialAction":[{"@type":"SearchAction","target":{"@type":"EntryPoint","urlTemplate":"https:\/\/www.intoscana.it\/it\/?s={search_term_string}"},"query-input":{"@type":"PropertyValueSpecification","valueRequired":true,"valueName":"search_term_string"}}],"inLanguage":"it-IT"},{"@type":"Person","@id":"https:\/\/www.intoscana.it\/it\/#\/schema\/person\/9223810753230f20bd670fdd322661f8","name":"Redazione","url":"https:\/\/www.intoscana.it\/it\/author\/redazione\/"}]}},"_links":{"self":[{"href":"https:\/\/www.intoscana.it\/it\/wp-json\/wp\/v2\/posts\/360803","targetHints":{"allow":["GET"]}}],"collection":[{"href":"https:\/\/www.intoscana.it\/it\/wp-json\/wp\/v2\/posts"}],"about":[{"href":"https:\/\/www.intoscana.it\/it\/wp-json\/wp\/v2\/types\/post"}],"author":[{"embeddable":true,"href":"https:\/\/www.intoscana.it\/it\/wp-json\/wp\/v2\/users\/525"}],"replies":[{"embeddable":true,"href":"https:\/\/www.intoscana.it\/it\/wp-json\/wp\/v2\/comments?post=360803"}],"version-history":[{"count":9,"href":"https:\/\/www.intoscana.it\/it\/wp-json\/wp\/v2\/posts\/360803\/revisions"}],"predecessor-version":[{"id":360847,"href":"https:\/\/www.intoscana.it\/it\/wp-json\/wp\/v2\/posts\/360803\/revisions\/360847"}],"wp:featuredmedia":[{"embeddable":true,"href":"https:\/\/www.intoscana.it\/it\/wp-json\/wp\/v2\/media\/360805"}],"wp:attachment":[{"href":"https:\/\/www.intoscana.it\/it\/wp-json\/wp\/v2\/media?parent=360803"}],"wp:term":[{"taxonomy":"category","embeddable":true,"href":"https:\/\/www.intoscana.it\/it\/wp-json\/wp\/v2\/categories?post=360803"},{"taxonomy":"post_tag","embeddable":true,"href":"https:\/\/www.intoscana.it\/it\/wp-json\/wp\/v2\/tags?post=360803"}],"curies":[{"name":"wp","href":"https:\/\/api.w.org\/{rel}","templated":true}]}}