{"id":360861,"date":"2024-10-17T12:29:53","date_gmt":"2024-10-17T10:29:53","guid":{"rendered":"https:\/\/www.intoscana.it\/it\/?p=360861"},"modified":"2024-10-17T14:14:04","modified_gmt":"2024-10-17T12:14:04","slug":"e-vittoria-guazzini-latleta-dellanno-per-lunione-nazionale-veterani-dello-sport","status":"publish","type":"post","link":"https:\/\/www.intoscana.it\/it\/e-vittoria-guazzini-latleta-dellanno-per-lunione-nazionale-veterani-dello-sport\/","title":{"rendered":"\u00c8 Vittoria Guazzini l&#8217;atleta dell&#8217;anno per l&#8217;Unione Nazionale Veterani dello Sport"},"content":{"rendered":"<p>Marted\u00ec 22 ottobre a Villa Alberti a <strong>Signa<\/strong> si terr\u00e0 la <strong>sesta edizione<\/strong> del premio per l&#8217;atleta dell&#8217;anno promosso dall&#8217;<strong>Unione Nazionale Veterani dello Sport<\/strong>, iniziativa che nasce per premiare e ricordare gesta sportive di atleti, ex atleti e dirigenti del territorio della<strong> Citt\u00e0 metropolitana di Firenze<\/strong>.<\/p>\n<p class=\"p1\">Il premio come miglior atleta per il 2023 andr\u00e0 a <strong>Vittoria Guazzini<\/strong>, ciclista di Poggio a Caiano, cresciuta sportivamente parlando sulle strade di Signa e dintorni e che in questo 2024 si \u00e8 laureata <strong>campionessa olimpica<\/strong> in coppia con Chiara Consonni nel madison femminile sulla pista di Parigi. Guazzini, a soli 24 anni, ha gi\u00e0 una bacheca ricca di importanti risultati sia da junior che da professionista. \u00c8 campionessa italiana a cronometro ed europea nell&#8217;inseguimento a squadra.<\/p>\n<p class=\"p1\">Per le altre categorie riceveranno il premio di atleta nazionale emergente due giovanissime della danza <strong>Viola Laci<\/strong>, vincitrice della Supercoppa Italiana e campionessa mondiale di salsa, bachata, merengue e <strong>Gaia Spinelli<\/strong> vincitrice della Supercoppa Italiana e campionessa mondiale di salsa, bachata, merengue, entrambe della scuola di danza <strong>Asd Just Dance di Lastra a Signa<\/strong> diretta da Jacopo Montalbano.<\/p>\n<p class=\"p1\">Il premio alla societ\u00e0 del territorio andr\u00e0 alla <strong>Polisportiva La Lanterna<\/strong> vincitrice al suo primo anno di attivit\u00e0 del campionato di terza categoria, della coppa provincia e della coppa Toscana di calcio.<\/p>\n<p class=\"p1\">Il premio Sport e Solidariet\u00e0 per il messaggio: &#8220;<em>integrazione \u00e8 emozionare, riproporre lo sport nella ricerca di attenzioni<\/em>&#8221; \u00e8 stato assegnato alla <strong>A.S.D. Shin Do Kan<\/strong>, di Lastra a Signa che svolge una intensa attivit\u00e0 nel campo delle arti marziali e dell&#8217;integrazione.<\/p>\n<p class=\"p1\">Per la categoria<strong> Veterani dello sport,<\/strong> il premio al veterano sportivo delle Signe intitolato alla &#8220;memoria di Libero Sarchielli&#8221;, benemerito dello sport e storico dirigente signese, va per l&#8217;impegno, la passione e l&#8217;amore per lo sport profuso a favore del territorio, rispettivamente a Roberto Alessi (Ciclismo), Paolo Moretti (Baseball), Andrea Nepi (Pallavolo), Stefano Nistri (Judo), Alessio Nunziat (Calcio).<\/p>\n<p class=\"p1\">Il Premio Nazionale <strong>Ambasciatori sport U.N.V.S. 2024<\/strong> viene assegnato Valpedo Becagli, dirigente sportivo Boxe e ad Antonio Mannori, giornalista sportivo specializzato nel ciclismo.<\/p>\n<p>&#8220;<em>Siamo contenti, premiamo i campioni del territorio<\/em>&#8220;, ha commentato Gianni Taccetti presidente del comitato del premio e delegato Coni Firenze. Per il sindaco di Signa Giampiero Fossi sar\u00e0 &#8220;<em>un&#8217;edizione memorabile di questo premio, un momento alto di sport, socialit\u00e0, incontro. Guazzini \u00e8 di Poggio a Caiano ma ha frequentato le scuole a Signa<\/em>&#8220;. Emanuele Caporaso, sindaco di Lastra a Signa, ha evidenziato che &#8220;<em>quando si parla di sport si parla sempre di un tema importante<\/em>&#8220;.<\/p>\n","protected":false},"excerpt":{"rendered":"<p>La premiazione degli atleti della Citt\u00e0 Metropolitana di Firenze che si sono distinti per risultati, ma non solo, si terr\u00e0 il prossimo 22 ottobre a Signa<\/p>\n","protected":false},"author":507,"featured_media":360863,"comment_status":"open","ping_status":"open","sticky":false,"template":"","format":"standard","meta":{"_acf_changed":false,"footnotes":""},"categories":[4],"tags":[6468,159,6789],"class_list":["post-360861","post","type-post","status-publish","format-standard","has-post-thumbnail","hentry","category-storie","tag-signa","tag-sport","tag-vittoria-guazzini"],"acf":[],"yoast_head":"<!-- This site is optimized with the Yoast SEO Premium plugin v24.2 (Yoast SEO v25.6) - https:\/\/yoast.com\/wordpress\/plugins\/seo\/ -->\n<title>\u00c8 Vittoria Guazzini l&#039;atleta dell&#039;anno per l&#039;Unione Nazionale Veterani dello Sport - intoscana<\/title>\n<meta name=\"robots\" content=\"index, follow, max-snippet:-1, max-image-preview:large, max-video-preview:-1\" \/>\n<link rel=\"canonical\" href=\"https:\/\/www.intoscana.it\/it\/e-vittoria-guazzini-latleta-dellanno-per-lunione-nazionale-veterani-dello-sport\/\" \/>\n<meta property=\"og:locale\" content=\"it_IT\" \/>\n<meta property=\"og:type\" content=\"article\" \/>\n<meta property=\"og:title\" content=\"\u00c8 Vittoria Guazzini l&#039;atleta dell&#039;anno per l&#039;Unione Nazionale Veterani dello Sport\" \/>\n<meta property=\"og:description\" content=\"La premiazione degli atleti della Citt\u00e0 Metropolitana di Firenze che si sono distinti per risultati, ma non solo, si terr\u00e0 il prossimo 22 ottobre a Signa\" \/>\n<meta property=\"og:url\" content=\"https:\/\/www.intoscana.it\/it\/e-vittoria-guazzini-latleta-dellanno-per-lunione-nazionale-veterani-dello-sport\/\" \/>\n<meta property=\"og:site_name\" content=\"intoscana\" \/>\n<meta property=\"article:publisher\" content=\"https:\/\/www.facebook.com\/intoscana.it\" \/>\n<meta property=\"article:published_time\" content=\"2024-10-17T10:29:53+00:00\" \/>\n<meta property=\"article:modified_time\" content=\"2024-10-17T12:14:04+00:00\" \/>\n<meta property=\"og:image\" content=\"https:\/\/www.intoscana.it\/wp-content\/uploads\/guazzini-e1729161082355.jpg\" \/>\n\t<meta property=\"og:image:width\" content=\"1080\" \/>\n\t<meta property=\"og:image:height\" content=\"1057\" \/>\n\t<meta property=\"og:image:type\" content=\"image\/jpeg\" \/>\n<meta name=\"author\" content=\"Chiara Bianchini\" \/>\n<meta name=\"twitter:card\" content=\"summary_large_image\" \/>\n<meta name=\"twitter:creator\" content=\"@intoscana\" \/>\n<meta name=\"twitter:site\" content=\"@intoscana\" \/>\n<meta name=\"twitter:label1\" content=\"Written by\" \/>\n\t<meta name=\"twitter:data1\" content=\"Chiara Bianchini\" \/>\n\t<meta name=\"twitter:label2\" content=\"Est. reading time\" \/>\n\t<meta name=\"twitter:data2\" content=\"3 minuti\" \/>\n<script type=\"application\/ld+json\" class=\"yoast-schema-graph\">{\"@context\":\"https:\/\/schema.org\",\"@graph\":[{\"@type\":\"WebPage\",\"@id\":\"https:\/\/www.intoscana.it\/it\/e-vittoria-guazzini-latleta-dellanno-per-lunione-nazionale-veterani-dello-sport\/\",\"url\":\"https:\/\/www.intoscana.it\/it\/e-vittoria-guazzini-latleta-dellanno-per-lunione-nazionale-veterani-dello-sport\/\",\"name\":\"\u00c8 Vittoria Guazzini l'atleta dell'anno per l'Unione Nazionale Veterani dello Sport - intoscana\",\"isPartOf\":{\"@id\":\"https:\/\/www.intoscana.it\/it\/#website\"},\"primaryImageOfPage\":{\"@id\":\"https:\/\/www.intoscana.it\/it\/e-vittoria-guazzini-latleta-dellanno-per-lunione-nazionale-veterani-dello-sport\/#primaryimage\"},\"image\":{\"@id\":\"https:\/\/www.intoscana.it\/it\/e-vittoria-guazzini-latleta-dellanno-per-lunione-nazionale-veterani-dello-sport\/#primaryimage\"},\"thumbnailUrl\":\"https:\/\/www.intoscana.it\/wp-content\/uploads\/guazzini-e1729161082355.jpg\",\"datePublished\":\"2024-10-17T10:29:53+00:00\",\"dateModified\":\"2024-10-17T12:14:04+00:00\",\"author\":{\"@id\":\"https:\/\/www.intoscana.it\/it\/#\/schema\/person\/010af92117f50561886339ad5b873a41\"},\"breadcrumb\":{\"@id\":\"https:\/\/www.intoscana.it\/it\/e-vittoria-guazzini-latleta-dellanno-per-lunione-nazionale-veterani-dello-sport\/#breadcrumb\"},\"inLanguage\":\"it-IT\",\"potentialAction\":[{\"@type\":\"ReadAction\",\"target\":[\"https:\/\/www.intoscana.it\/it\/e-vittoria-guazzini-latleta-dellanno-per-lunione-nazionale-veterani-dello-sport\/\"]}]},{\"@type\":\"ImageObject\",\"inLanguage\":\"it-IT\",\"@id\":\"https:\/\/www.intoscana.it\/it\/e-vittoria-guazzini-latleta-dellanno-per-lunione-nazionale-veterani-dello-sport\/#primaryimage\",\"url\":\"https:\/\/www.intoscana.it\/wp-content\/uploads\/guazzini-e1729161082355.jpg\",\"contentUrl\":\"https:\/\/www.intoscana.it\/wp-content\/uploads\/guazzini-e1729161082355.jpg\",\"width\":1080,\"height\":1057},{\"@type\":\"BreadcrumbList\",\"@id\":\"https:\/\/www.intoscana.it\/it\/e-vittoria-guazzini-latleta-dellanno-per-lunione-nazionale-veterani-dello-sport\/#breadcrumb\",\"itemListElement\":[{\"@type\":\"ListItem\",\"position\":1,\"name\":\"Home\",\"item\":\"https:\/\/www.intoscana.it\/it\/\"},{\"@type\":\"ListItem\",\"position\":2,\"name\":\"\u00c8 Vittoria Guazzini l&#8217;atleta dell&#8217;anno per l&#8217;Unione Nazionale Veterani dello Sport\"}]},{\"@type\":\"WebSite\",\"@id\":\"https:\/\/www.intoscana.it\/it\/#website\",\"url\":\"https:\/\/www.intoscana.it\/it\/\",\"name\":\"intoscana\",\"description\":\"\",\"potentialAction\":[{\"@type\":\"SearchAction\",\"target\":{\"@type\":\"EntryPoint\",\"urlTemplate\":\"https:\/\/www.intoscana.it\/it\/?s={search_term_string}\"},\"query-input\":{\"@type\":\"PropertyValueSpecification\",\"valueRequired\":true,\"valueName\":\"search_term_string\"}}],\"inLanguage\":\"it-IT\"},{\"@type\":\"Person\",\"@id\":\"https:\/\/www.intoscana.it\/it\/#\/schema\/person\/010af92117f50561886339ad5b873a41\",\"name\":\"Chiara Bianchini\",\"sameAs\":[\"c.bianchini@fst.it\"],\"url\":\"https:\/\/www.intoscana.it\/it\/author\/chiara-bianchini\/\"}]}<\/script>\n<!-- \/ Yoast SEO Premium plugin. -->","yoast_head_json":{"title":"\u00c8 Vittoria Guazzini l'atleta dell'anno per l'Unione Nazionale Veterani dello Sport - intoscana","robots":{"index":"index","follow":"follow","max-snippet":"max-snippet:-1","max-image-preview":"max-image-preview:large","max-video-preview":"max-video-preview:-1"},"canonical":"https:\/\/www.intoscana.it\/it\/e-vittoria-guazzini-latleta-dellanno-per-lunione-nazionale-veterani-dello-sport\/","og_locale":"it_IT","og_type":"article","og_title":"\u00c8 Vittoria Guazzini l'atleta dell'anno per l'Unione Nazionale Veterani dello Sport","og_description":"La premiazione degli atleti della Citt\u00e0 Metropolitana di Firenze che si sono distinti per risultati, ma non solo, si terr\u00e0 il prossimo 22 ottobre a Signa","og_url":"https:\/\/www.intoscana.it\/it\/e-vittoria-guazzini-latleta-dellanno-per-lunione-nazionale-veterani-dello-sport\/","og_site_name":"intoscana","article_publisher":"https:\/\/www.facebook.com\/intoscana.it","article_published_time":"2024-10-17T10:29:53+00:00","article_modified_time":"2024-10-17T12:14:04+00:00","og_image":[{"width":1080,"height":1057,"url":"https:\/\/www.intoscana.it\/wp-content\/uploads\/guazzini-e1729161082355.jpg","type":"image\/jpeg"}],"author":"Chiara Bianchini","twitter_card":"summary_large_image","twitter_creator":"@intoscana","twitter_site":"@intoscana","twitter_misc":{"Written by":"Chiara Bianchini","Est. reading time":"3 minuti"},"schema":{"@context":"https:\/\/schema.org","@graph":[{"@type":"WebPage","@id":"https:\/\/www.intoscana.it\/it\/e-vittoria-guazzini-latleta-dellanno-per-lunione-nazionale-veterani-dello-sport\/","url":"https:\/\/www.intoscana.it\/it\/e-vittoria-guazzini-latleta-dellanno-per-lunione-nazionale-veterani-dello-sport\/","name":"\u00c8 Vittoria Guazzini l'atleta dell'anno per l'Unione Nazionale Veterani dello Sport - intoscana","isPartOf":{"@id":"https:\/\/www.intoscana.it\/it\/#website"},"primaryImageOfPage":{"@id":"https:\/\/www.intoscana.it\/it\/e-vittoria-guazzini-latleta-dellanno-per-lunione-nazionale-veterani-dello-sport\/#primaryimage"},"image":{"@id":"https:\/\/www.intoscana.it\/it\/e-vittoria-guazzini-latleta-dellanno-per-lunione-nazionale-veterani-dello-sport\/#primaryimage"},"thumbnailUrl":"https:\/\/www.intoscana.it\/wp-content\/uploads\/guazzini-e1729161082355.jpg","datePublished":"2024-10-17T10:29:53+00:00","dateModified":"2024-10-17T12:14:04+00:00","author":{"@id":"https:\/\/www.intoscana.it\/it\/#\/schema\/person\/010af92117f50561886339ad5b873a41"},"breadcrumb":{"@id":"https:\/\/www.intoscana.it\/it\/e-vittoria-guazzini-latleta-dellanno-per-lunione-nazionale-veterani-dello-sport\/#breadcrumb"},"inLanguage":"it-IT","potentialAction":[{"@type":"ReadAction","target":["https:\/\/www.intoscana.it\/it\/e-vittoria-guazzini-latleta-dellanno-per-lunione-nazionale-veterani-dello-sport\/"]}]},{"@type":"ImageObject","inLanguage":"it-IT","@id":"https:\/\/www.intoscana.it\/it\/e-vittoria-guazzini-latleta-dellanno-per-lunione-nazionale-veterani-dello-sport\/#primaryimage","url":"https:\/\/www.intoscana.it\/wp-content\/uploads\/guazzini-e1729161082355.jpg","contentUrl":"https:\/\/www.intoscana.it\/wp-content\/uploads\/guazzini-e1729161082355.jpg","width":1080,"height":1057},{"@type":"BreadcrumbList","@id":"https:\/\/www.intoscana.it\/it\/e-vittoria-guazzini-latleta-dellanno-per-lunione-nazionale-veterani-dello-sport\/#breadcrumb","itemListElement":[{"@type":"ListItem","position":1,"name":"Home","item":"https:\/\/www.intoscana.it\/it\/"},{"@type":"ListItem","position":2,"name":"\u00c8 Vittoria Guazzini l&#8217;atleta dell&#8217;anno per l&#8217;Unione Nazionale Veterani dello Sport"}]},{"@type":"WebSite","@id":"https:\/\/www.intoscana.it\/it\/#website","url":"https:\/\/www.intoscana.it\/it\/","name":"intoscana","description":"","potentialAction":[{"@type":"SearchAction","target":{"@type":"EntryPoint","urlTemplate":"https:\/\/www.intoscana.it\/it\/?s={search_term_string}"},"query-input":{"@type":"PropertyValueSpecification","valueRequired":true,"valueName":"search_term_string"}}],"inLanguage":"it-IT"},{"@type":"Person","@id":"https:\/\/www.intoscana.it\/it\/#\/schema\/person\/010af92117f50561886339ad5b873a41","name":"Chiara Bianchini","sameAs":["c.bianchini@fst.it"],"url":"https:\/\/www.intoscana.it\/it\/author\/chiara-bianchini\/"}]}},"_links":{"self":[{"href":"https:\/\/www.intoscana.it\/it\/wp-json\/wp\/v2\/posts\/360861","targetHints":{"allow":["GET"]}}],"collection":[{"href":"https:\/\/www.intoscana.it\/it\/wp-json\/wp\/v2\/posts"}],"about":[{"href":"https:\/\/www.intoscana.it\/it\/wp-json\/wp\/v2\/types\/post"}],"author":[{"embeddable":true,"href":"https:\/\/www.intoscana.it\/it\/wp-json\/wp\/v2\/users\/507"}],"replies":[{"embeddable":true,"href":"https:\/\/www.intoscana.it\/it\/wp-json\/wp\/v2\/comments?post=360861"}],"version-history":[{"count":3,"href":"https:\/\/www.intoscana.it\/it\/wp-json\/wp\/v2\/posts\/360861\/revisions"}],"predecessor-version":[{"id":360890,"href":"https:\/\/www.intoscana.it\/it\/wp-json\/wp\/v2\/posts\/360861\/revisions\/360890"}],"wp:featuredmedia":[{"embeddable":true,"href":"https:\/\/www.intoscana.it\/it\/wp-json\/wp\/v2\/media\/360863"}],"wp:attachment":[{"href":"https:\/\/www.intoscana.it\/it\/wp-json\/wp\/v2\/media?parent=360861"}],"wp:term":[{"taxonomy":"category","embeddable":true,"href":"https:\/\/www.intoscana.it\/it\/wp-json\/wp\/v2\/categories?post=360861"},{"taxonomy":"post_tag","embeddable":true,"href":"https:\/\/www.intoscana.it\/it\/wp-json\/wp\/v2\/tags?post=360861"}],"curies":[{"name":"wp","href":"https:\/\/api.w.org\/{rel}","templated":true}]}}